{"id":261024,"date":"2025-05-06T14:30:00","date_gmt":"2025-05-06T17:30:00","guid":{"rendered":"https:\/\/www.gaveanews.com\/?p=261024"},"modified":"2025-05-06T14:11:53","modified_gmt":"2025-05-06T17:11:53","slug":"rizek-reprova-nome-para-a-selecao-brasileira-nao-empolga","status":"publish","type":"post","link":"https:\/\/www.gaveanews.com\/index.php\/2025\/05\/06\/rizek-reprova-nome-para-a-selecao-brasileira-nao-empolga\/","title":{"rendered":"Rizek reprova nome para a Sele\u00e7\u00e3o Brasileira: \u201cN\u00e3o empolga\u201d"},"content":{"rendered":"\n<p>Enquanto a Confedera\u00e7\u00e3o Brasileira de Futebol (CBF) ainda n\u00e3o define o pr\u00f3ximo t\u00e9cnico da sele\u00e7\u00e3o, o nome de Abel Ferreira segue como uma das possibilidades ventiladas nos bastidores. Contudo, a ideia de ver o atual treinador do Palmeiras \u00e0 frente do escrete canarinho divide opini\u00f5es, inclusive entre nomes influentes da imprensa esportiva.<\/p>\n\n\n\n<p>Andr\u00e9 Rizek, apresentador do SporTV, demonstrou ressalvas quanto \u00e0 escolha de Abel. Segundo ele, a cr\u00edtica n\u00e3o est\u00e1 relacionada \u00e0 nacionalidade do treinador, tampouco \u00e0 sua capacidade t\u00e9cnica, que considera indiscut\u00edvel. A preocupa\u00e7\u00e3o, segundo o jornalista, \u00e9 com o perfil exigido para o comando da sele\u00e7\u00e3o brasileira, que envolve tamb\u00e9m uma fun\u00e7\u00e3o representativa diante do mundo do futebol.<\/p>\n\n\n\n<figure class=\"wp-block-image size-full\"><img loading=\"lazy\" decoding=\"async\" width=\"984\" height=\"677\" src=\"http:\/\/www.gaveanews.com\/wp-content\/uploads\/rib2564.avif\" alt=\"\" class=\"wp-image-142773\"\/><figcaption class=\"wp-element-caption\">Abel Ferreira em Palmeiras x Athletico \u2014 Foto: Marcos Ribolli\n\n<\/figcaption><\/figure>\n\n\n\n<p>\u201cN\u00e3o \u00e9 por ele ser estrangeiro, n\u00e3o \u00e9 pela compet\u00eancia, at\u00e9 porque ela \u00e9 inquestion\u00e1vel, mas esse cargo de t\u00e9cnico da sele\u00e7\u00e3o brasileira voc\u00ea exerce tamb\u00e9m a fun\u00e7\u00e3o de embaixador do futebol brasileiro pelo mundo\u201d, declarou Rizek, em tom cr\u00edtico.<\/p>\n\n\n\n<p>O jornalista ainda fez uma compara\u00e7\u00e3o direta com Dunga, ex-volante da sele\u00e7\u00e3o que assumiu o cargo de t\u00e9cnico em duas passagens distintas. Conforme Rizek, embora o trabalho de Dunga tenha sido competitivo, sua postura diante da imprensa foi um dos motivos para sua sa\u00edda. \u201cO Dunga, por exemplo, foi um bom t\u00e9cnico de sele\u00e7\u00e3o brasileira e um p\u00e9ssimo embaixador\u201d, afirmou, ao relacionar essa caracter\u00edstica ao estilo de Abel Ferreira.<\/p>\n\n\n\n<p>Em contrapartida, Edmilson, campe\u00e3o do mundo em 2002, avalia que Abel seria uma escolha positiva. Durante entrevista \u00e0 Caz\u00e9TV, o ex-jogador elogiou a capacidade de gest\u00e3o e o conhecimento do futebol brasileiro demonstrado pelo portugu\u00eas desde sua chegada ao Palmeiras. \u201cAssumiu o Palmeiras com pouca experi\u00eancia, fez jogadores normais jogarem [bem]\u201d, destacou, apontando que o treinador j\u00e1 conhece a din\u00e2mica da imprensa nacional.<\/p>\n\n\n\n<p>A CBF, entretanto, mant\u00e9m Carlo Ancelotti como principal op\u00e7\u00e3o para o cargo. Desde a sa\u00edda de Tite, o t\u00e9cnico do Real Madrid \u00e9 o nome mais desejado pela entidade. O presidente Ednaldo Rodrigues j\u00e1 havia tentado contrat\u00e1-lo anteriormente e, segundo informa\u00e7\u00f5es recentes da imprensa internacional, voltou a entrar em contato com o italiano por meio de um emiss\u00e1rio.<\/p>\n\n\n\n<p>Ali\u00e1s, rumores divulgados na \u00faltima segunda-feira sugeriram que Ancelotti estaria em processo de rescis\u00e3o com o clube espanhol, o que abriria caminho para um acerto com a sele\u00e7\u00e3o. Apesar disso, a indefini\u00e7\u00e3o permanece, e o cen\u00e1rio segue sem confirma\u00e7\u00e3o oficial por parte da CBF ou do treinador.<\/p>\n","protected":false},"excerpt":{"rendered":"<p>Enquanto a Confedera\u00e7\u00e3o Brasileira de Futebol (CBF) ainda n\u00e3o define o pr\u00f3ximo t\u00e9cnico da sele\u00e7\u00e3o, o nome de Abel Ferreira segue como uma das possibilidades ventiladas nos bastidores. Contudo, a ideia de ver o atual treinador do Palmeiras \u00e0 frente do escrete canarinho divide opini\u00f5es, inclusive entre nomes influentes da imprensa esportiva. Andr\u00e9 Rizek, apresentador [&hellip;]<\/p>\n","protected":false},"author":33,"featured_media":101875,"comment_status":"open","ping_status":"closed","sticky":false,"template":"","format":"standard","meta":{"footnotes":""},"categories":[478,150],"tags":[],"class_list":["post-261024","post","type-post","status-publish","format-standard","has-post-thumbnail","hentry","category-brasil","category-palmeiras"],"yoast_head":"<!-- This site is optimized with the Yoast SEO Premium plugin v24.2 (Yoast SEO v26.9) - https:\/\/yoast.com\/product\/yoast-seo-premium-wordpress\/ -->\n<title>Rizek reprova nome para a Sele\u00e7\u00e3o Brasileira: \u201cN\u00e3o empolga\u201d<\/title>\n<meta name=\"robots\" content=\"index, follow, max-snippet:-1, max-image-preview:large, max-video-preview:-1\" \/>\n<link rel=\"canonical\" href=\"https:\/\/www.gaveanews.com\/index.php\/2025\/05\/06\/rizek-reprova-nome-para-a-selecao-brasileira-nao-empolga\/\" \/>\n<meta property=\"og:locale\" content=\"pt_BR\" \/>\n<meta property=\"og:type\" content=\"article\" \/>\n<meta property=\"og:title\" content=\"Rizek reprova nome para a Sele\u00e7\u00e3o Brasileira: \u201cN\u00e3o empolga\u201d\" \/>\n<meta property=\"og:description\" content=\"Enquanto a Confedera\u00e7\u00e3o Brasileira de Futebol (CBF) ainda n\u00e3o define o pr\u00f3ximo t\u00e9cnico da sele\u00e7\u00e3o, o nome de Abel Ferreira segue como uma das possibilidades ventiladas nos bastidores. Contudo, a ideia de ver o atual treinador do Palmeiras \u00e0 frente do escrete canarinho divide opini\u00f5es, inclusive entre nomes influentes da imprensa esportiva. Andr\u00e9 Rizek, apresentador [&hellip;]\" \/>\n<meta property=\"og:url\" content=\"https:\/\/www.gaveanews.com\/index.php\/2025\/05\/06\/rizek-reprova-nome-para-a-selecao-brasileira-nao-empolga\/\" \/>\n<meta property=\"og:site_name\" content=\"G\u00e1vea News\" \/>\n<meta property=\"article:publisher\" content=\"https:\/\/facebook.com\/gaveaNews\/\" \/>\n<meta property=\"article:published_time\" content=\"2025-05-06T17:30:00+00:00\" \/>\n<meta property=\"og:image\" content=\"https:\/\/www.gaveanews.com\/wp-content\/uploads\/Andre-Rizek-durante-um-programa-do-SporTV.webp\" \/>\n\t<meta property=\"og:image:width\" content=\"795\" \/>\n\t<meta property=\"og:image:height\" content=\"448\" \/>\n\t<meta property=\"og:image:type\" content=\"image\/jpeg\" \/>\n<meta name=\"author\" content=\"Brenda Cezillo\" \/>\n<meta name=\"twitter:card\" content=\"summary_large_image\" \/>\n<meta name=\"twitter:label1\" content=\"Escrito por\" \/>\n\t<meta name=\"twitter:data1\" content=\"Brenda Cezillo\" \/>\n\t<meta name=\"twitter:label2\" content=\"Est. tempo de leitura\" \/>\n\t<meta name=\"twitter:data2\" content=\"3 minutos\" \/>\n<script type=\"application\/ld+json\" class=\"yoast-schema-graph\">{\"@context\":\"https:\/\/schema.org\",\"@graph\":[{\"@type\":\"NewsArticle\",\"@id\":\"https:\/\/www.gaveanews.com\/index.php\/2025\/05\/06\/rizek-reprova-nome-para-a-selecao-brasileira-nao-empolga\/#article\",\"isPartOf\":{\"@id\":\"https:\/\/www.gaveanews.com\/index.php\/2025\/05\/06\/rizek-reprova-nome-para-a-selecao-brasileira-nao-empolga\/\"},\"author\":{\"name\":\"Brenda Cezillo\",\"@id\":\"https:\/\/www.gaveanews.com\/#\/schema\/person\/c79759ca337c40791ae8d08e2923d403\"},\"headline\":\"Rizek reprova nome para a Sele\u00e7\u00e3o Brasileira: \u201cN\u00e3o empolga\u201d\",\"datePublished\":\"2025-05-06T17:30:00+00:00\",\"mainEntityOfPage\":{\"@id\":\"https:\/\/www.gaveanews.com\/index.php\/2025\/05\/06\/rizek-reprova-nome-para-a-selecao-brasileira-nao-empolga\/\"},\"wordCount\":446,\"commentCount\":0,\"image\":{\"@id\":\"https:\/\/www.gaveanews.com\/index.php\/2025\/05\/06\/rizek-reprova-nome-para-a-selecao-brasileira-nao-empolga\/#primaryimage\"},\"thumbnailUrl\":\"https:\/\/www.gaveanews.com\/wp-content\/uploads\/Andre-Rizek-durante-um-programa-do-SporTV.webp\",\"articleSection\":[\"Brasil\",\"Palmeiras\"],\"inLanguage\":\"pt-BR\",\"potentialAction\":[{\"@type\":\"CommentAction\",\"name\":\"Comment\",\"target\":[\"https:\/\/www.gaveanews.com\/index.php\/2025\/05\/06\/rizek-reprova-nome-para-a-selecao-brasileira-nao-empolga\/#respond\"]}],\"copyrightYear\":\"2025\",\"copyrightHolder\":{\"@id\":\"https:\/\/www.gaveanews.com\/#organization\"}},{\"@type\":\"WebPage\",\"@id\":\"https:\/\/www.gaveanews.com\/index.php\/2025\/05\/06\/rizek-reprova-nome-para-a-selecao-brasileira-nao-empolga\/\",\"url\":\"https:\/\/www.gaveanews.com\/index.php\/2025\/05\/06\/rizek-reprova-nome-para-a-selecao-brasileira-nao-empolga\/\",\"name\":\"Rizek reprova nome para a Sele\u00e7\u00e3o Brasileira: \u201cN\u00e3o empolga\u201d\",\"isPartOf\":{\"@id\":\"https:\/\/www.gaveanews.com\/#website\"},\"primaryImageOfPage\":{\"@id\":\"https:\/\/www.gaveanews.com\/index.php\/2025\/05\/06\/rizek-reprova-nome-para-a-selecao-brasileira-nao-empolga\/#primaryimage\"},\"image\":{\"@id\":\"https:\/\/www.gaveanews.com\/index.php\/2025\/05\/06\/rizek-reprova-nome-para-a-selecao-brasileira-nao-empolga\/#primaryimage\"},\"thumbnailUrl\":\"https:\/\/www.gaveanews.com\/wp-content\/uploads\/Andre-Rizek-durante-um-programa-do-SporTV.webp\",\"datePublished\":\"2025-05-06T17:30:00+00:00\",\"author\":{\"@id\":\"https:\/\/www.gaveanews.com\/#\/schema\/person\/c79759ca337c40791ae8d08e2923d403\"},\"breadcrumb\":{\"@id\":\"https:\/\/www.gaveanews.com\/index.php\/2025\/05\/06\/rizek-reprova-nome-para-a-selecao-brasileira-nao-empolga\/#breadcrumb\"},\"inLanguage\":\"pt-BR\",\"potentialAction\":[{\"@type\":\"ReadAction\",\"target\":[\"https:\/\/www.gaveanews.com\/index.php\/2025\/05\/06\/rizek-reprova-nome-para-a-selecao-brasileira-nao-empolga\/\"]}]},{\"@type\":\"ImageObject\",\"inLanguage\":\"pt-BR\",\"@id\":\"https:\/\/www.gaveanews.com\/index.php\/2025\/05\/06\/rizek-reprova-nome-para-a-selecao-brasileira-nao-empolga\/#primaryimage\",\"url\":\"https:\/\/www.gaveanews.com\/wp-content\/uploads\/Andre-Rizek-durante-um-programa-do-SporTV.webp\",\"contentUrl\":\"https:\/\/www.gaveanews.com\/wp-content\/uploads\/Andre-Rizek-durante-um-programa-do-SporTV.webp\",\"width\":795,\"height\":448,\"caption\":\"Andr\u00e9 Rizek durante um programa do SporTV (Foto: Reprodu\u00e7\u00e3o\/SporTV)\"},{\"@type\":\"BreadcrumbList\",\"@id\":\"https:\/\/www.gaveanews.com\/index.php\/2025\/05\/06\/rizek-reprova-nome-para-a-selecao-brasileira-nao-empolga\/#breadcrumb\",\"itemListElement\":[{\"@type\":\"ListItem\",\"position\":1,\"name\":\"Home\",\"item\":\"https:\/\/www.gaveanews.com\/\"},{\"@type\":\"ListItem\",\"position\":2,\"name\":\"Rizek reprova nome para a Sele\u00e7\u00e3o Brasileira: \u201cN\u00e3o empolga\u201d\"}]},{\"@type\":\"WebSite\",\"@id\":\"https:\/\/www.gaveanews.com\/#website\",\"url\":\"https:\/\/www.gaveanews.com\/\",\"name\":\"G\u00e1vea News\",\"description\":\"Veja todas as not\u00edcias sobre o Flamengo: Contrata\u00e7\u00f5es, categorias de base, resultados das partidas, tabela de classifica\u00e7\u00e3o, pr\u00f3ximos jogos!\",\"potentialAction\":[{\"@type\":\"SearchAction\",\"target\":{\"@type\":\"EntryPoint\",\"urlTemplate\":\"https:\/\/www.gaveanews.com\/?s={search_term_string}\"},\"query-input\":{\"@type\":\"PropertyValueSpecification\",\"valueRequired\":true,\"valueName\":\"search_term_string\"}}],\"inLanguage\":\"pt-BR\"},{\"@type\":\"Person\",\"@id\":\"https:\/\/www.gaveanews.com\/#\/schema\/person\/c79759ca337c40791ae8d08e2923d403\",\"name\":\"Brenda Cezillo\",\"image\":{\"@type\":\"ImageObject\",\"inLanguage\":\"pt-BR\",\"@id\":\"https:\/\/www.gaveanews.com\/#\/schema\/person\/image\/\",\"url\":\"https:\/\/secure.gravatar.com\/avatar\/1738d75cee7317f9c29ae61dd67620c5883d80a92e42a6fff88ae5d527af217a?s=96&d=mm&r=g\",\"contentUrl\":\"https:\/\/secure.gravatar.com\/avatar\/1738d75cee7317f9c29ae61dd67620c5883d80a92e42a6fff88ae5d527af217a?s=96&d=mm&r=g\",\"caption\":\"Brenda Cezillo\"}}]}<\/script>\n<!-- \/ Yoast SEO Premium plugin. -->","yoast_head_json":{"title":"Rizek reprova nome para a Sele\u00e7\u00e3o Brasileira: \u201cN\u00e3o empolga\u201d","robots":{"index":"index","follow":"follow","max-snippet":"max-snippet:-1","max-image-preview":"max-image-preview:large","max-video-preview":"max-video-preview:-1"},"canonical":"https:\/\/www.gaveanews.com\/index.php\/2025\/05\/06\/rizek-reprova-nome-para-a-selecao-brasileira-nao-empolga\/","og_locale":"pt_BR","og_type":"article","og_title":"Rizek reprova nome para a Sele\u00e7\u00e3o Brasileira: \u201cN\u00e3o empolga\u201d","og_description":"Enquanto a Confedera\u00e7\u00e3o Brasileira de Futebol (CBF) ainda n\u00e3o define o pr\u00f3ximo t\u00e9cnico da sele\u00e7\u00e3o, o nome de Abel Ferreira segue como uma das possibilidades ventiladas nos bastidores. Contudo, a ideia de ver o atual treinador do Palmeiras \u00e0 frente do escrete canarinho divide opini\u00f5es, inclusive entre nomes influentes da imprensa esportiva. Andr\u00e9 Rizek, apresentador [&hellip;]","og_url":"https:\/\/www.gaveanews.com\/index.php\/2025\/05\/06\/rizek-reprova-nome-para-a-selecao-brasileira-nao-empolga\/","og_site_name":"G\u00e1vea News","article_publisher":"https:\/\/facebook.com\/gaveaNews\/","article_published_time":"2025-05-06T17:30:00+00:00","og_image":[{"width":795,"height":448,"url":"https:\/\/www.gaveanews.com\/wp-content\/uploads\/Andre-Rizek-durante-um-programa-do-SporTV.webp","type":"image\/jpeg"}],"author":"Brenda Cezillo","twitter_card":"summary_large_image","twitter_misc":{"Escrito por":"Brenda Cezillo","Est. tempo de leitura":"3 minutos"},"schema":{"@context":"https:\/\/schema.org","@graph":[{"@type":"NewsArticle","@id":"https:\/\/www.gaveanews.com\/index.php\/2025\/05\/06\/rizek-reprova-nome-para-a-selecao-brasileira-nao-empolga\/#article","isPartOf":{"@id":"https:\/\/www.gaveanews.com\/index.php\/2025\/05\/06\/rizek-reprova-nome-para-a-selecao-brasileira-nao-empolga\/"},"author":{"name":"Brenda Cezillo","@id":"https:\/\/www.gaveanews.com\/#\/schema\/person\/c79759ca337c40791ae8d08e2923d403"},"headline":"Rizek reprova nome para a Sele\u00e7\u00e3o Brasileira: \u201cN\u00e3o empolga\u201d","datePublished":"2025-05-06T17:30:00+00:00","mainEntityOfPage":{"@id":"https:\/\/www.gaveanews.com\/index.php\/2025\/05\/06\/rizek-reprova-nome-para-a-selecao-brasileira-nao-empolga\/"},"wordCount":446,"commentCount":0,"image":{"@id":"https:\/\/www.gaveanews.com\/index.php\/2025\/05\/06\/rizek-reprova-nome-para-a-selecao-brasileira-nao-empolga\/#primaryimage"},"thumbnailUrl":"https:\/\/www.gaveanews.com\/wp-content\/uploads\/Andre-Rizek-durante-um-programa-do-SporTV.webp","articleSection":["Brasil","Palmeiras"],"inLanguage":"pt-BR","potentialAction":[{"@type":"CommentAction","name":"Comment","target":["https:\/\/www.gaveanews.com\/index.php\/2025\/05\/06\/rizek-reprova-nome-para-a-selecao-brasileira-nao-empolga\/#respond"]}],"copyrightYear":"2025","copyrightHolder":{"@id":"https:\/\/www.gaveanews.com\/#organization"}},{"@type":"WebPage","@id":"https:\/\/www.gaveanews.com\/index.php\/2025\/05\/06\/rizek-reprova-nome-para-a-selecao-brasileira-nao-empolga\/","url":"https:\/\/www.gaveanews.com\/index.php\/2025\/05\/06\/rizek-reprova-nome-para-a-selecao-brasileira-nao-empolga\/","name":"Rizek reprova nome para a Sele\u00e7\u00e3o Brasileira: \u201cN\u00e3o empolga\u201d","isPartOf":{"@id":"https:\/\/www.gaveanews.com\/#website"},"primaryImageOfPage":{"@id":"https:\/\/www.gaveanews.com\/index.php\/2025\/05\/06\/rizek-reprova-nome-para-a-selecao-brasileira-nao-empolga\/#primaryimage"},"image":{"@id":"https:\/\/www.gaveanews.com\/index.php\/2025\/05\/06\/rizek-reprova-nome-para-a-selecao-brasileira-nao-empolga\/#primaryimage"},"thumbnailUrl":"https:\/\/www.gaveanews.com\/wp-content\/uploads\/Andre-Rizek-durante-um-programa-do-SporTV.webp","datePublished":"2025-05-06T17:30:00+00:00","author":{"@id":"https:\/\/www.gaveanews.com\/#\/schema\/person\/c79759ca337c40791ae8d08e2923d403"},"breadcrumb":{"@id":"https:\/\/www.gaveanews.com\/index.php\/2025\/05\/06\/rizek-reprova-nome-para-a-selecao-brasileira-nao-empolga\/#breadcrumb"},"inLanguage":"pt-BR","potentialAction":[{"@type":"ReadAction","target":["https:\/\/www.gaveanews.com\/index.php\/2025\/05\/06\/rizek-reprova-nome-para-a-selecao-brasileira-nao-empolga\/"]}]},{"@type":"ImageObject","inLanguage":"pt-BR","@id":"https:\/\/www.gaveanews.com\/index.php\/2025\/05\/06\/rizek-reprova-nome-para-a-selecao-brasileira-nao-empolga\/#primaryimage","url":"https:\/\/www.gaveanews.com\/wp-content\/uploads\/Andre-Rizek-durante-um-programa-do-SporTV.webp","contentUrl":"https:\/\/www.gaveanews.com\/wp-content\/uploads\/Andre-Rizek-durante-um-programa-do-SporTV.webp","width":795,"height":448,"caption":"Andr\u00e9 Rizek durante um programa do SporTV (Foto: Reprodu\u00e7\u00e3o\/SporTV)"},{"@type":"BreadcrumbList","@id":"https:\/\/www.gaveanews.com\/index.php\/2025\/05\/06\/rizek-reprova-nome-para-a-selecao-brasileira-nao-empolga\/#breadcrumb","itemListElement":[{"@type":"ListItem","position":1,"name":"Home","item":"https:\/\/www.gaveanews.com\/"},{"@type":"ListItem","position":2,"name":"Rizek reprova nome para a Sele\u00e7\u00e3o Brasileira: \u201cN\u00e3o empolga\u201d"}]},{"@type":"WebSite","@id":"https:\/\/www.gaveanews.com\/#website","url":"https:\/\/www.gaveanews.com\/","name":"G\u00e1vea News","description":"Veja todas as not\u00edcias sobre o Flamengo: Contrata\u00e7\u00f5es, categorias de base, resultados das partidas, tabela de classifica\u00e7\u00e3o, pr\u00f3ximos jogos!","potentialAction":[{"@type":"SearchAction","target":{"@type":"EntryPoint","urlTemplate":"https:\/\/www.gaveanews.com\/?s={search_term_string}"},"query-input":{"@type":"PropertyValueSpecification","valueRequired":true,"valueName":"search_term_string"}}],"inLanguage":"pt-BR"},{"@type":"Person","@id":"https:\/\/www.gaveanews.com\/#\/schema\/person\/c79759ca337c40791ae8d08e2923d403","name":"Brenda Cezillo","image":{"@type":"ImageObject","inLanguage":"pt-BR","@id":"https:\/\/www.gaveanews.com\/#\/schema\/person\/image\/","url":"https:\/\/secure.gravatar.com\/avatar\/1738d75cee7317f9c29ae61dd67620c5883d80a92e42a6fff88ae5d527af217a?s=96&d=mm&r=g","contentUrl":"https:\/\/secure.gravatar.com\/avatar\/1738d75cee7317f9c29ae61dd67620c5883d80a92e42a6fff88ae5d527af217a?s=96&d=mm&r=g","caption":"Brenda Cezillo"}}]}},"_links":{"self":[{"href":"https:\/\/www.gaveanews.com\/index.php\/wp-json\/wp\/v2\/posts\/261024","targetHints":{"allow":["GET"]}}],"collection":[{"href":"https:\/\/www.gaveanews.com\/index.php\/wp-json\/wp\/v2\/posts"}],"about":[{"href":"https:\/\/www.gaveanews.com\/index.php\/wp-json\/wp\/v2\/types\/post"}],"author":[{"embeddable":true,"href":"https:\/\/www.gaveanews.com\/index.php\/wp-json\/wp\/v2\/users\/33"}],"replies":[{"embeddable":true,"href":"https:\/\/www.gaveanews.com\/index.php\/wp-json\/wp\/v2\/comments?post=261024"}],"version-history":[{"count":1,"href":"https:\/\/www.gaveanews.com\/index.php\/wp-json\/wp\/v2\/posts\/261024\/revisions"}],"predecessor-version":[{"id":261027,"href":"https:\/\/www.gaveanews.com\/index.php\/wp-json\/wp\/v2\/posts\/261024\/revisions\/261027"}],"wp:featuredmedia":[{"embeddable":true,"href":"https:\/\/www.gaveanews.com\/index.php\/wp-json\/wp\/v2\/media\/101875"}],"wp:attachment":[{"href":"https:\/\/www.gaveanews.com\/index.php\/wp-json\/wp\/v2\/media?parent=261024"}],"wp:term":[{"taxonomy":"category","embeddable":true,"href":"https:\/\/www.gaveanews.com\/index.php\/wp-json\/wp\/v2\/categories?post=261024"},{"taxonomy":"post_tag","embeddable":true,"href":"https:\/\/www.gaveanews.com\/index.php\/wp-json\/wp\/v2\/tags?post=261024"}],"curies":[{"name":"wp","href":"https:\/\/api.w.org\/{rel}","templated":true}]}}