{"id":261028,"date":"2025-05-06T14:40:00","date_gmt":"2025-05-06T17:40:00","guid":{"rendered":"https:\/\/www.gaveanews.com\/?p=261028"},"modified":"2025-05-06T14:15:13","modified_gmt":"2025-05-06T17:15:13","slug":"a-declaracao-de-felipe-melo-direcionada-a-torcida-do-cruzeiro","status":"publish","type":"post","link":"https:\/\/www.gaveanews.com\/index.php\/2025\/05\/06\/a-declaracao-de-felipe-melo-direcionada-a-torcida-do-cruzeiro\/","title":{"rendered":"A declara\u00e7\u00e3o de Felipe Melo direcionada a torcida do Cruzeiro"},"content":{"rendered":"\n<p>A vit\u00f3ria do Cruzeiro sobre o Flamengo, no domingo (4 de maio), no Mineir\u00e3o, foi marcada n\u00e3o apenas pelo resultado expressivo, mas tamb\u00e9m pela atua\u00e7\u00e3o da torcida celeste. O apoio vindo das arquibancadas foi t\u00e3o intenso que rendeu elogios de Felipe Melo, ex-jogador e atual comentarista do Sportv.<\/p>\n\n\n\n<p>Durante sua participa\u00e7\u00e3o no programa <em>Fechamento SporTV<\/em>, o ex-volante destacou a import\u00e2ncia da presen\u00e7a da torcida cruzeirense em momentos decisivos. \u201cO Mineir\u00e3o lotado faz uma diferen\u00e7a enorme. A atmosfera maravilhosa da torcida do Cruzeiro. Tem que se destacar isso\u201d, afirmou Felipe Melo, que defendeu o clube mineiro entre 2003 e 2004.<\/p>\n\n\n\n<figure class=\"wp-block-image size-large\"><img loading=\"lazy\" decoding=\"async\" width=\"1024\" height=\"683\" src=\"http:\/\/www.gaveanews.com\/wp-content\/uploads\/Bandeira-do-Cruzeiro-1024x683.webp\" alt=\"Bandeira do Cruzeiro\" class=\"wp-image-175601\" srcset=\"https:\/\/www.gaveanews.com\/wp-content\/uploads\/Bandeira-do-Cruzeiro-1024x683.webp 1024w, https:\/\/www.gaveanews.com\/wp-content\/uploads\/Bandeira-do-Cruzeiro-300x200.webp 300w, https:\/\/www.gaveanews.com\/wp-content\/uploads\/Bandeira-do-Cruzeiro-768x512.webp 768w, https:\/\/www.gaveanews.com\/wp-content\/uploads\/Bandeira-do-Cruzeiro-630x420.webp 630w, https:\/\/www.gaveanews.com\/wp-content\/uploads\/Bandeira-do-Cruzeiro-640x427.webp 640w, https:\/\/www.gaveanews.com\/wp-content\/uploads\/Bandeira-do-Cruzeiro-681x454.webp 681w, https:\/\/www.gaveanews.com\/wp-content\/uploads\/Bandeira-do-Cruzeiro-100x67.webp 100w, https:\/\/www.gaveanews.com\/wp-content\/uploads\/Bandeira-do-Cruzeiro.webp 1062w\" sizes=\"auto, (max-width: 1024px) 100vw, 1024px\" \/><figcaption class=\"wp-element-caption\">Bandeira do Cruzeiro (Foto: Reprodu\u00e7\u00e3o\/Cruzeiro)<\/figcaption><\/figure>\n\n\n\n<p>A partida contou com 52.792 torcedores presentes, sendo o segundo maior p\u00fablico registrado no Campeonato Brasileiro de 2025 at\u00e9 aqui. A renda total da partida foi de R$ 3.079.743,00. Conforme apontado pelo comentarista, esse ambiente criado no est\u00e1dio teve influ\u00eancia direta no desempenho do time diante de um advers\u00e1rio considerado um dos mais fortes da competi\u00e7\u00e3o.<\/p>\n\n\n\n<p>O resultado levou o Cruzeiro \u00e0 quarta coloca\u00e7\u00e3o da tabela, com 13 pontos conquistados ap\u00f3s sete rodadas, tr\u00eas a menos que o l\u00edder Palmeiras. O desempenho mostra evolu\u00e7\u00e3o sob o comando de Leonardo Jardim, que tem buscado consolidar um padr\u00e3o de jogo competitivo.<\/p>\n\n\n\n<p>Antes de retornar ao Campeonato Brasileiro, o Cruzeiro tem compromisso internacional pela Copa Sul-Americana. A equipe enfrenta o Mushuc Runa, no Equador, na quarta-feira (7 de maio), \u00e0s 21h30 (hor\u00e1rio de Bras\u00edlia), em duelo que pode ser crucial para o planejamento da equipe na competi\u00e7\u00e3o continental.<\/p>\n\n\n\n<p>Posteriormente, pela oitava rodada do Brasileir\u00e3o, o clube celeste viajar\u00e1 at\u00e9 o Recife para enfrentar o Sport, no domingo (11 de maio), \u00e0s 16h (hor\u00e1rio de Bras\u00edlia), na Ilha do Retiro. A sequ\u00eancia ser\u00e1 decisiva para as pretens\u00f5es da equipe nas duas frentes em que est\u00e1 envolvida.<\/p>\n\n\n\n<p>A atua\u00e7\u00e3o da torcida cruzeirense refor\u00e7a, afinal, a relev\u00e2ncia do fator casa no futebol brasileiro. Em meio a uma temporada equilibrada, a sintonia entre arquibancada e campo pode ser um diferencial determinante em partidas decisivas.<\/p>\n","protected":false},"excerpt":{"rendered":"<p>A vit\u00f3ria do Cruzeiro sobre o Flamengo, no domingo (4 de maio), no Mineir\u00e3o, foi marcada n\u00e3o apenas pelo resultado expressivo, mas tamb\u00e9m pela atua\u00e7\u00e3o da torcida celeste. O apoio vindo das arquibancadas foi t\u00e3o intenso que rendeu elogios de Felipe Melo, ex-jogador e atual comentarista do Sportv. Durante sua participa\u00e7\u00e3o no programa Fechamento SporTV, [&hellip;]<\/p>\n","protected":false},"author":33,"featured_media":244418,"comment_status":"open","ping_status":"closed","sticky":false,"template":"","format":"standard","meta":{"footnotes":""},"categories":[143],"tags":[],"class_list":["post-261028","post","type-post","status-publish","format-standard","has-post-thumbnail","hentry","category-cruzeiro"],"yoast_head":"<!-- This site is optimized with the Yoast SEO Premium plugin v24.2 (Yoast SEO v26.9) - https:\/\/yoast.com\/product\/yoast-seo-premium-wordpress\/ -->\n<title>A declara\u00e7\u00e3o de Felipe Melo direcionada a torcida do Cruzeiro<\/title>\n<meta name=\"robots\" content=\"index, follow, max-snippet:-1, max-image-preview:large, max-video-preview:-1\" \/>\n<link rel=\"canonical\" href=\"https:\/\/www.gaveanews.com\/index.php\/2025\/05\/06\/a-declaracao-de-felipe-melo-direcionada-a-torcida-do-cruzeiro\/\" \/>\n<meta property=\"og:locale\" content=\"pt_BR\" \/>\n<meta property=\"og:type\" content=\"article\" \/>\n<meta property=\"og:title\" content=\"A declara\u00e7\u00e3o de Felipe Melo direcionada a torcida do Cruzeiro\" \/>\n<meta property=\"og:description\" content=\"A vit\u00f3ria do Cruzeiro sobre o Flamengo, no domingo (4 de maio), no Mineir\u00e3o, foi marcada n\u00e3o apenas pelo resultado expressivo, mas tamb\u00e9m pela atua\u00e7\u00e3o da torcida celeste. O apoio vindo das arquibancadas foi t\u00e3o intenso que rendeu elogios de Felipe Melo, ex-jogador e atual comentarista do Sportv. Durante sua participa\u00e7\u00e3o no programa Fechamento SporTV, [&hellip;]\" \/>\n<meta property=\"og:url\" content=\"https:\/\/www.gaveanews.com\/index.php\/2025\/05\/06\/a-declaracao-de-felipe-melo-direcionada-a-torcida-do-cruzeiro\/\" \/>\n<meta property=\"og:site_name\" content=\"G\u00e1vea News\" \/>\n<meta property=\"article:publisher\" content=\"https:\/\/facebook.com\/gaveaNews\/\" \/>\n<meta property=\"article:published_time\" content=\"2025-05-06T17:40:00+00:00\" \/>\n<meta property=\"og:image\" content=\"https:\/\/www.gaveanews.com\/wp-content\/uploads\/Felipe-Melo-comentarista-da-Rede-Globo.webp\" \/>\n\t<meta property=\"og:image:width\" content=\"900\" \/>\n\t<meta property=\"og:image:height\" content=\"600\" \/>\n\t<meta property=\"og:image:type\" content=\"image\/jpeg\" \/>\n<meta name=\"author\" content=\"Brenda Cezillo\" \/>\n<meta name=\"twitter:card\" content=\"summary_large_image\" \/>\n<meta name=\"twitter:label1\" content=\"Escrito por\" \/>\n\t<meta name=\"twitter:data1\" content=\"Brenda Cezillo\" \/>\n\t<meta name=\"twitter:label2\" content=\"Est. tempo de leitura\" \/>\n\t<meta name=\"twitter:data2\" content=\"3 minutos\" \/>\n<script type=\"application\/ld+json\" class=\"yoast-schema-graph\">{\"@context\":\"https:\/\/schema.org\",\"@graph\":[{\"@type\":\"NewsArticle\",\"@id\":\"https:\/\/www.gaveanews.com\/index.php\/2025\/05\/06\/a-declaracao-de-felipe-melo-direcionada-a-torcida-do-cruzeiro\/#article\",\"isPartOf\":{\"@id\":\"https:\/\/www.gaveanews.com\/index.php\/2025\/05\/06\/a-declaracao-de-felipe-melo-direcionada-a-torcida-do-cruzeiro\/\"},\"author\":{\"name\":\"Brenda Cezillo\",\"@id\":\"https:\/\/www.gaveanews.com\/#\/schema\/person\/c79759ca337c40791ae8d08e2923d403\"},\"headline\":\"A declara\u00e7\u00e3o de Felipe Melo direcionada a torcida do Cruzeiro\",\"datePublished\":\"2025-05-06T17:40:00+00:00\",\"mainEntityOfPage\":{\"@id\":\"https:\/\/www.gaveanews.com\/index.php\/2025\/05\/06\/a-declaracao-de-felipe-melo-direcionada-a-torcida-do-cruzeiro\/\"},\"wordCount\":367,\"commentCount\":0,\"image\":{\"@id\":\"https:\/\/www.gaveanews.com\/index.php\/2025\/05\/06\/a-declaracao-de-felipe-melo-direcionada-a-torcida-do-cruzeiro\/#primaryimage\"},\"thumbnailUrl\":\"https:\/\/www.gaveanews.com\/wp-content\/uploads\/Felipe-Melo-comentarista-da-Rede-Globo.webp\",\"articleSection\":[\"Cruzeiro\"],\"inLanguage\":\"pt-BR\",\"potentialAction\":[{\"@type\":\"CommentAction\",\"name\":\"Comment\",\"target\":[\"https:\/\/www.gaveanews.com\/index.php\/2025\/05\/06\/a-declaracao-de-felipe-melo-direcionada-a-torcida-do-cruzeiro\/#respond\"]}],\"copyrightYear\":\"2025\",\"copyrightHolder\":{\"@id\":\"https:\/\/www.gaveanews.com\/#organization\"}},{\"@type\":\"WebPage\",\"@id\":\"https:\/\/www.gaveanews.com\/index.php\/2025\/05\/06\/a-declaracao-de-felipe-melo-direcionada-a-torcida-do-cruzeiro\/\",\"url\":\"https:\/\/www.gaveanews.com\/index.php\/2025\/05\/06\/a-declaracao-de-felipe-melo-direcionada-a-torcida-do-cruzeiro\/\",\"name\":\"A declara\u00e7\u00e3o de Felipe Melo direcionada a torcida do Cruzeiro\",\"isPartOf\":{\"@id\":\"https:\/\/www.gaveanews.com\/#website\"},\"primaryImageOfPage\":{\"@id\":\"https:\/\/www.gaveanews.com\/index.php\/2025\/05\/06\/a-declaracao-de-felipe-melo-direcionada-a-torcida-do-cruzeiro\/#primaryimage\"},\"image\":{\"@id\":\"https:\/\/www.gaveanews.com\/index.php\/2025\/05\/06\/a-declaracao-de-felipe-melo-direcionada-a-torcida-do-cruzeiro\/#primaryimage\"},\"thumbnailUrl\":\"https:\/\/www.gaveanews.com\/wp-content\/uploads\/Felipe-Melo-comentarista-da-Rede-Globo.webp\",\"datePublished\":\"2025-05-06T17:40:00+00:00\",\"author\":{\"@id\":\"https:\/\/www.gaveanews.com\/#\/schema\/person\/c79759ca337c40791ae8d08e2923d403\"},\"breadcrumb\":{\"@id\":\"https:\/\/www.gaveanews.com\/index.php\/2025\/05\/06\/a-declaracao-de-felipe-melo-direcionada-a-torcida-do-cruzeiro\/#breadcrumb\"},\"inLanguage\":\"pt-BR\",\"potentialAction\":[{\"@type\":\"ReadAction\",\"target\":[\"https:\/\/www.gaveanews.com\/index.php\/2025\/05\/06\/a-declaracao-de-felipe-melo-direcionada-a-torcida-do-cruzeiro\/\"]}]},{\"@type\":\"ImageObject\",\"inLanguage\":\"pt-BR\",\"@id\":\"https:\/\/www.gaveanews.com\/index.php\/2025\/05\/06\/a-declaracao-de-felipe-melo-direcionada-a-torcida-do-cruzeiro\/#primaryimage\",\"url\":\"https:\/\/www.gaveanews.com\/wp-content\/uploads\/Felipe-Melo-comentarista-da-Rede-Globo.webp\",\"contentUrl\":\"https:\/\/www.gaveanews.com\/wp-content\/uploads\/Felipe-Melo-comentarista-da-Rede-Globo.webp\",\"width\":900,\"height\":600,\"caption\":\"Felipe Melo, comentarista da Rede Globo (Foto: Marcelo de Jesus)\"},{\"@type\":\"BreadcrumbList\",\"@id\":\"https:\/\/www.gaveanews.com\/index.php\/2025\/05\/06\/a-declaracao-de-felipe-melo-direcionada-a-torcida-do-cruzeiro\/#breadcrumb\",\"itemListElement\":[{\"@type\":\"ListItem\",\"position\":1,\"name\":\"Home\",\"item\":\"https:\/\/www.gaveanews.com\/\"},{\"@type\":\"ListItem\",\"position\":2,\"name\":\"A declara\u00e7\u00e3o de Felipe Melo direcionada a torcida do Cruzeiro\"}]},{\"@type\":\"WebSite\",\"@id\":\"https:\/\/www.gaveanews.com\/#website\",\"url\":\"https:\/\/www.gaveanews.com\/\",\"name\":\"G\u00e1vea News\",\"description\":\"Veja todas as not\u00edcias sobre o Flamengo: Contrata\u00e7\u00f5es, categorias de base, resultados das partidas, tabela de classifica\u00e7\u00e3o, pr\u00f3ximos jogos!\",\"potentialAction\":[{\"@type\":\"SearchAction\",\"target\":{\"@type\":\"EntryPoint\",\"urlTemplate\":\"https:\/\/www.gaveanews.com\/?s={search_term_string}\"},\"query-input\":{\"@type\":\"PropertyValueSpecification\",\"valueRequired\":true,\"valueName\":\"search_term_string\"}}],\"inLanguage\":\"pt-BR\"},{\"@type\":\"Person\",\"@id\":\"https:\/\/www.gaveanews.com\/#\/schema\/person\/c79759ca337c40791ae8d08e2923d403\",\"name\":\"Brenda Cezillo\",\"image\":{\"@type\":\"ImageObject\",\"inLanguage\":\"pt-BR\",\"@id\":\"https:\/\/www.gaveanews.com\/#\/schema\/person\/image\/\",\"url\":\"https:\/\/secure.gravatar.com\/avatar\/1738d75cee7317f9c29ae61dd67620c5883d80a92e42a6fff88ae5d527af217a?s=96&d=mm&r=g\",\"contentUrl\":\"https:\/\/secure.gravatar.com\/avatar\/1738d75cee7317f9c29ae61dd67620c5883d80a92e42a6fff88ae5d527af217a?s=96&d=mm&r=g\",\"caption\":\"Brenda Cezillo\"}}]}<\/script>\n<!-- \/ Yoast SEO Premium plugin. -->","yoast_head_json":{"title":"A declara\u00e7\u00e3o de Felipe Melo direcionada a torcida do Cruzeiro","robots":{"index":"index","follow":"follow","max-snippet":"max-snippet:-1","max-image-preview":"max-image-preview:large","max-video-preview":"max-video-preview:-1"},"canonical":"https:\/\/www.gaveanews.com\/index.php\/2025\/05\/06\/a-declaracao-de-felipe-melo-direcionada-a-torcida-do-cruzeiro\/","og_locale":"pt_BR","og_type":"article","og_title":"A declara\u00e7\u00e3o de Felipe Melo direcionada a torcida do Cruzeiro","og_description":"A vit\u00f3ria do Cruzeiro sobre o Flamengo, no domingo (4 de maio), no Mineir\u00e3o, foi marcada n\u00e3o apenas pelo resultado expressivo, mas tamb\u00e9m pela atua\u00e7\u00e3o da torcida celeste. O apoio vindo das arquibancadas foi t\u00e3o intenso que rendeu elogios de Felipe Melo, ex-jogador e atual comentarista do Sportv. Durante sua participa\u00e7\u00e3o no programa Fechamento SporTV, [&hellip;]","og_url":"https:\/\/www.gaveanews.com\/index.php\/2025\/05\/06\/a-declaracao-de-felipe-melo-direcionada-a-torcida-do-cruzeiro\/","og_site_name":"G\u00e1vea News","article_publisher":"https:\/\/facebook.com\/gaveaNews\/","article_published_time":"2025-05-06T17:40:00+00:00","og_image":[{"width":900,"height":600,"url":"https:\/\/www.gaveanews.com\/wp-content\/uploads\/Felipe-Melo-comentarista-da-Rede-Globo.webp","type":"image\/jpeg"}],"author":"Brenda Cezillo","twitter_card":"summary_large_image","twitter_misc":{"Escrito por":"Brenda Cezillo","Est. tempo de leitura":"3 minutos"},"schema":{"@context":"https:\/\/schema.org","@graph":[{"@type":"NewsArticle","@id":"https:\/\/www.gaveanews.com\/index.php\/2025\/05\/06\/a-declaracao-de-felipe-melo-direcionada-a-torcida-do-cruzeiro\/#article","isPartOf":{"@id":"https:\/\/www.gaveanews.com\/index.php\/2025\/05\/06\/a-declaracao-de-felipe-melo-direcionada-a-torcida-do-cruzeiro\/"},"author":{"name":"Brenda Cezillo","@id":"https:\/\/www.gaveanews.com\/#\/schema\/person\/c79759ca337c40791ae8d08e2923d403"},"headline":"A declara\u00e7\u00e3o de Felipe Melo direcionada a torcida do Cruzeiro","datePublished":"2025-05-06T17:40:00+00:00","mainEntityOfPage":{"@id":"https:\/\/www.gaveanews.com\/index.php\/2025\/05\/06\/a-declaracao-de-felipe-melo-direcionada-a-torcida-do-cruzeiro\/"},"wordCount":367,"commentCount":0,"image":{"@id":"https:\/\/www.gaveanews.com\/index.php\/2025\/05\/06\/a-declaracao-de-felipe-melo-direcionada-a-torcida-do-cruzeiro\/#primaryimage"},"thumbnailUrl":"https:\/\/www.gaveanews.com\/wp-content\/uploads\/Felipe-Melo-comentarista-da-Rede-Globo.webp","articleSection":["Cruzeiro"],"inLanguage":"pt-BR","potentialAction":[{"@type":"CommentAction","name":"Comment","target":["https:\/\/www.gaveanews.com\/index.php\/2025\/05\/06\/a-declaracao-de-felipe-melo-direcionada-a-torcida-do-cruzeiro\/#respond"]}],"copyrightYear":"2025","copyrightHolder":{"@id":"https:\/\/www.gaveanews.com\/#organization"}},{"@type":"WebPage","@id":"https:\/\/www.gaveanews.com\/index.php\/2025\/05\/06\/a-declaracao-de-felipe-melo-direcionada-a-torcida-do-cruzeiro\/","url":"https:\/\/www.gaveanews.com\/index.php\/2025\/05\/06\/a-declaracao-de-felipe-melo-direcionada-a-torcida-do-cruzeiro\/","name":"A declara\u00e7\u00e3o de Felipe Melo direcionada a torcida do Cruzeiro","isPartOf":{"@id":"https:\/\/www.gaveanews.com\/#website"},"primaryImageOfPage":{"@id":"https:\/\/www.gaveanews.com\/index.php\/2025\/05\/06\/a-declaracao-de-felipe-melo-direcionada-a-torcida-do-cruzeiro\/#primaryimage"},"image":{"@id":"https:\/\/www.gaveanews.com\/index.php\/2025\/05\/06\/a-declaracao-de-felipe-melo-direcionada-a-torcida-do-cruzeiro\/#primaryimage"},"thumbnailUrl":"https:\/\/www.gaveanews.com\/wp-content\/uploads\/Felipe-Melo-comentarista-da-Rede-Globo.webp","datePublished":"2025-05-06T17:40:00+00:00","author":{"@id":"https:\/\/www.gaveanews.com\/#\/schema\/person\/c79759ca337c40791ae8d08e2923d403"},"breadcrumb":{"@id":"https:\/\/www.gaveanews.com\/index.php\/2025\/05\/06\/a-declaracao-de-felipe-melo-direcionada-a-torcida-do-cruzeiro\/#breadcrumb"},"inLanguage":"pt-BR","potentialAction":[{"@type":"ReadAction","target":["https:\/\/www.gaveanews.com\/index.php\/2025\/05\/06\/a-declaracao-de-felipe-melo-direcionada-a-torcida-do-cruzeiro\/"]}]},{"@type":"ImageObject","inLanguage":"pt-BR","@id":"https:\/\/www.gaveanews.com\/index.php\/2025\/05\/06\/a-declaracao-de-felipe-melo-direcionada-a-torcida-do-cruzeiro\/#primaryimage","url":"https:\/\/www.gaveanews.com\/wp-content\/uploads\/Felipe-Melo-comentarista-da-Rede-Globo.webp","contentUrl":"https:\/\/www.gaveanews.com\/wp-content\/uploads\/Felipe-Melo-comentarista-da-Rede-Globo.webp","width":900,"height":600,"caption":"Felipe Melo, comentarista da Rede Globo (Foto: Marcelo de Jesus)"},{"@type":"BreadcrumbList","@id":"https:\/\/www.gaveanews.com\/index.php\/2025\/05\/06\/a-declaracao-de-felipe-melo-direcionada-a-torcida-do-cruzeiro\/#breadcrumb","itemListElement":[{"@type":"ListItem","position":1,"name":"Home","item":"https:\/\/www.gaveanews.com\/"},{"@type":"ListItem","position":2,"name":"A declara\u00e7\u00e3o de Felipe Melo direcionada a torcida do Cruzeiro"}]},{"@type":"WebSite","@id":"https:\/\/www.gaveanews.com\/#website","url":"https:\/\/www.gaveanews.com\/","name":"G\u00e1vea News","description":"Veja todas as not\u00edcias sobre o Flamengo: Contrata\u00e7\u00f5es, categorias de base, resultados das partidas, tabela de classifica\u00e7\u00e3o, pr\u00f3ximos jogos!","potentialAction":[{"@type":"SearchAction","target":{"@type":"EntryPoint","urlTemplate":"https:\/\/www.gaveanews.com\/?s={search_term_string}"},"query-input":{"@type":"PropertyValueSpecification","valueRequired":true,"valueName":"search_term_string"}}],"inLanguage":"pt-BR"},{"@type":"Person","@id":"https:\/\/www.gaveanews.com\/#\/schema\/person\/c79759ca337c40791ae8d08e2923d403","name":"Brenda Cezillo","image":{"@type":"ImageObject","inLanguage":"pt-BR","@id":"https:\/\/www.gaveanews.com\/#\/schema\/person\/image\/","url":"https:\/\/secure.gravatar.com\/avatar\/1738d75cee7317f9c29ae61dd67620c5883d80a92e42a6fff88ae5d527af217a?s=96&d=mm&r=g","contentUrl":"https:\/\/secure.gravatar.com\/avatar\/1738d75cee7317f9c29ae61dd67620c5883d80a92e42a6fff88ae5d527af217a?s=96&d=mm&r=g","caption":"Brenda Cezillo"}}]}},"_links":{"self":[{"href":"https:\/\/www.gaveanews.com\/index.php\/wp-json\/wp\/v2\/posts\/261028","targetHints":{"allow":["GET"]}}],"collection":[{"href":"https:\/\/www.gaveanews.com\/index.php\/wp-json\/wp\/v2\/posts"}],"about":[{"href":"https:\/\/www.gaveanews.com\/index.php\/wp-json\/wp\/v2\/types\/post"}],"author":[{"embeddable":true,"href":"https:\/\/www.gaveanews.com\/index.php\/wp-json\/wp\/v2\/users\/33"}],"replies":[{"embeddable":true,"href":"https:\/\/www.gaveanews.com\/index.php\/wp-json\/wp\/v2\/comments?post=261028"}],"version-history":[{"count":1,"href":"https:\/\/www.gaveanews.com\/index.php\/wp-json\/wp\/v2\/posts\/261028\/revisions"}],"predecessor-version":[{"id":261031,"href":"https:\/\/www.gaveanews.com\/index.php\/wp-json\/wp\/v2\/posts\/261028\/revisions\/261031"}],"wp:featuredmedia":[{"embeddable":true,"href":"https:\/\/www.gaveanews.com\/index.php\/wp-json\/wp\/v2\/media\/244418"}],"wp:attachment":[{"href":"https:\/\/www.gaveanews.com\/index.php\/wp-json\/wp\/v2\/media?parent=261028"}],"wp:term":[{"taxonomy":"category","embeddable":true,"href":"https:\/\/www.gaveanews.com\/index.php\/wp-json\/wp\/v2\/categories?post=261028"},{"taxonomy":"post_tag","embeddable":true,"href":"https:\/\/www.gaveanews.com\/index.php\/wp-json\/wp\/v2\/tags?post=261028"}],"curies":[{"name":"wp","href":"https:\/\/api.w.org\/{rel}","templated":true}]}}