{"id":261048,"date":"2025-05-06T15:10:00","date_gmt":"2025-05-06T18:10:00","guid":{"rendered":"https:\/\/www.gaveanews.com\/?p=261048"},"modified":"2025-05-06T15:01:50","modified_gmt":"2025-05-06T18:01:50","slug":"a-declaracao-de-dudu-direcionada-ao-atletico-mg","status":"publish","type":"post","link":"https:\/\/www.gaveanews.com\/index.php\/2025\/05\/06\/a-declaracao-de-dudu-direcionada-ao-atletico-mg\/","title":{"rendered":"A declara\u00e7\u00e3o de Dudu direcionada ao Atl\u00e9tico-MG"},"content":{"rendered":"\n<p>Ap\u00f3s uma conturbada sa\u00edda do Cruzeiro, o atacante Dudu foi anunciado oficialmente pelo Atl\u00e9tico-MG e j\u00e1 chegou mandando o recado. Em entrevista \u00e0 Itatiaia Esporte, o jogador foi direto ao falar sobre o que espera de sua nova trajet\u00f3ria no clube mineiro.<\/p>\n\n\n\n<h2 class=\"wp-block-heading\" id=\"h-sempre-fui-jogador-de-raca\">&#8220;Sempre fui jogador de ra\u00e7a&#8221;<\/h2>\n\n\n\n<p>&#8220;Eu vou chegar no Atl\u00e9tico-MG respeitando os meus companheiros, mas vou batalhar para ser titular. A minha vida toda praticamente foi jogando de titular. O Galo pode esperar um Dudu que sempre vai dar a vida pelo clube e pelos companheiros dentro de campo, sempre vai respeitar a camisa. Sempre foi assim. Dudu sempre foi um jogador de ra\u00e7a, que n\u00e3o gosta de perder&#8221;, disse o atacante, evidenciando sua postura competitiva.<\/p>\n\n\n\n<blockquote class=\"twitter-tweet\"><p lang=\"pt\" dir=\"ltr\">&quot;Eu vou chegar no Atl\u00e9tico-MG respeitando os meus companheiros, mas vou batalhar para ser titular. A minha vida toda praticamente foi jogando de titular. O Galo pode esperar um Dudu que sempre vai dar a vida pelo clube e pelos companheiros dentro de campo, sempre vai respeitar a\u2026 <a href=\"https:\/\/t.co\/qJMictx3xh\">pic.twitter.com\/qJMictx3xh<\/a><\/p>&mdash; Planeta do Futebol \ud83c\udf0e (@futebol_info) <a href=\"https:\/\/twitter.com\/futebol_info\/status\/1919735206434451932?ref_src=twsrc%5Etfw\">May 6, 2025<\/a><\/blockquote> <script async src=\"https:\/\/platform.twitter.com\/widgets.js\" charset=\"utf-8\"><\/script>\n\n\n\n<h2 class=\"wp-block-heading\" id=\"h-de-saida-polemica-a-recepcao-calorosa-no-galo\">De sa\u00edda pol\u00eamica \u00e0 recep\u00e7\u00e3o calorosa no Galo<\/h2>\n\n\n\n<p>Dudu deixou o Cruzeiro ap\u00f3s atritos com a comiss\u00e3o t\u00e9cnica e, principalmente, com o treinador Leonardo Jardim. Isso porque foi barrado do time titular e acabou se indispondo publicamente, o que culminou em seu afastamento. Com isso, a rela\u00e7\u00e3o azedou de vez, e o contrato foi rescindido na \u00faltima sexta-feira.<\/p>\n\n\n\n<h2 class=\"wp-block-heading\" id=\"h-contrato-fechado-e-estreia-prevista\">Contrato fechado e estreia prevista<\/h2>\n\n\n\n<p>Vale destacar que o contrato com o Atl\u00e9tico-MG vai at\u00e9 o fim de 2027. A diretoria atleticana, inclusive, fez quest\u00e3o de assegurar a perman\u00eancia do jogador por tr\u00eas anos, mesmo com o atleta aceitando reduzir o sal\u00e1rio.&nbsp;<\/p>\n\n\n\n<p>Sendo assim, Dudu s\u00f3 poder\u00e1 estrear a partir da reabertura da janela de transfer\u00eancias, no dia 2 de junho. A previs\u00e3o \u00e9 de que atue pela primeira vez no dia 12 do mesmo m\u00eas, diante do Internacional, em Belo Horizonte.<\/p>\n\n\n\n<h2 class=\"wp-block-heading\" id=\"h-apoio-interno-e-boa-relacao-com-cuca-facilitaram-acerto\">Apoio interno e boa rela\u00e7\u00e3o com Cuca facilitaram acerto<\/h2>\n\n\n\n<p>Dessa maneira, o acerto com o Atl\u00e9tico-MG foi costurado com cautela. A comiss\u00e3o t\u00e9cnica acompanhou de perto a situa\u00e7\u00e3o do atacante no Cruzeiro, consultou atletas do elenco e recebeu sinal verde antes de oficializar o neg\u00f3cio.&nbsp;<\/p>\n\n\n\n<p>Al\u00e9m disso, a boa rela\u00e7\u00e3o entre Dudu e Cuca, com quem trabalhou no Palmeiras, pesou na decis\u00e3o.<\/p>\n\n\n\n<h2 class=\"wp-block-heading\" id=\"h-expectativa-alta-para-um-novo-comeco\">Expectativa alta para um novo come\u00e7o<\/h2>\n\n\n\n<p>A torcida atleticana pode esperar um jogador motivado, disposto a deixar para tr\u00e1s os problemas recentes e focar em dar orgulho ao novo clube. Cabe ressaltar que Dudu j\u00e1 declarou nas redes sociais seu entusiasmo com o novo desafio.<\/p>\n","protected":false},"excerpt":{"rendered":"<p>Ap\u00f3s uma conturbada sa\u00edda do Cruzeiro, o atacante Dudu foi anunciado oficialmente pelo Atl\u00e9tico-MG e j\u00e1 chegou mandando o recado. Em entrevista \u00e0 Itatiaia Esporte, o jogador foi direto ao falar sobre o que espera de sua nova trajet\u00f3ria no clube mineiro. &#8220;Sempre fui jogador de ra\u00e7a&#8221; &#8220;Eu vou chegar no Atl\u00e9tico-MG respeitando os meus [&hellip;]<\/p>\n","protected":false},"author":24,"featured_media":255348,"comment_status":"open","ping_status":"closed","sticky":false,"template":"","format":"standard","meta":{"footnotes":""},"categories":[136],"tags":[],"class_list":["post-261048","post","type-post","status-publish","format-standard","has-post-thumbnail","hentry","category-atletico-mg"],"yoast_head":"<!-- This site is optimized with the Yoast SEO Premium plugin v24.2 (Yoast SEO v26.9) - https:\/\/yoast.com\/product\/yoast-seo-premium-wordpress\/ -->\n<title>A declara\u00e7\u00e3o de Dudu direcionada ao Atl\u00e9tico-MG<\/title>\n<meta name=\"robots\" content=\"index, follow, max-snippet:-1, max-image-preview:large, max-video-preview:-1\" \/>\n<link rel=\"canonical\" href=\"https:\/\/www.gaveanews.com\/index.php\/2025\/05\/06\/a-declaracao-de-dudu-direcionada-ao-atletico-mg\/\" \/>\n<meta property=\"og:locale\" content=\"pt_BR\" \/>\n<meta property=\"og:type\" content=\"article\" \/>\n<meta property=\"og:title\" content=\"A declara\u00e7\u00e3o de Dudu direcionada ao Atl\u00e9tico-MG\" \/>\n<meta property=\"og:description\" content=\"Ap\u00f3s uma conturbada sa\u00edda do Cruzeiro, o atacante Dudu foi anunciado oficialmente pelo Atl\u00e9tico-MG e j\u00e1 chegou mandando o recado. Em entrevista \u00e0 Itatiaia Esporte, o jogador foi direto ao falar sobre o que espera de sua nova trajet\u00f3ria no clube mineiro. &#8220;Sempre fui jogador de ra\u00e7a&#8221; &#8220;Eu vou chegar no Atl\u00e9tico-MG respeitando os meus [&hellip;]\" \/>\n<meta property=\"og:url\" content=\"https:\/\/www.gaveanews.com\/index.php\/2025\/05\/06\/a-declaracao-de-dudu-direcionada-ao-atletico-mg\/\" \/>\n<meta property=\"og:site_name\" content=\"G\u00e1vea News\" \/>\n<meta property=\"article:publisher\" content=\"https:\/\/facebook.com\/gaveaNews\/\" \/>\n<meta property=\"article:published_time\" content=\"2025-05-06T18:10:00+00:00\" \/>\n<meta property=\"og:image\" content=\"https:\/\/www.gaveanews.com\/wp-content\/uploads\/Dudu-e-Gabigol-em-treino-do-Cruzeiro-na-Toca-da-Raposa.webp\" \/>\n\t<meta property=\"og:image:width\" content=\"1200\" \/>\n\t<meta property=\"og:image:height\" content=\"800\" \/>\n\t<meta property=\"og:image:type\" content=\"image\/png\" \/>\n<meta name=\"author\" content=\"Leandro Cardoso\" \/>\n<meta name=\"twitter:card\" content=\"summary_large_image\" \/>\n<meta name=\"twitter:label1\" content=\"Escrito por\" \/>\n\t<meta name=\"twitter:data1\" content=\"Leandro Cardoso\" \/>\n\t<meta name=\"twitter:label2\" content=\"Est. tempo de leitura\" \/>\n\t<meta name=\"twitter:data2\" content=\"3 minutos\" \/>\n<script type=\"application\/ld+json\" class=\"yoast-schema-graph\">{\"@context\":\"https:\/\/schema.org\",\"@graph\":[{\"@type\":\"NewsArticle\",\"@id\":\"https:\/\/www.gaveanews.com\/index.php\/2025\/05\/06\/a-declaracao-de-dudu-direcionada-ao-atletico-mg\/#article\",\"isPartOf\":{\"@id\":\"https:\/\/www.gaveanews.com\/index.php\/2025\/05\/06\/a-declaracao-de-dudu-direcionada-ao-atletico-mg\/\"},\"author\":{\"name\":\"Leandro Cardoso\",\"@id\":\"https:\/\/www.gaveanews.com\/#\/schema\/person\/2424ec6409bc3f068411fc5e4e9b6168\"},\"headline\":\"A declara\u00e7\u00e3o de Dudu direcionada ao Atl\u00e9tico-MG\",\"datePublished\":\"2025-05-06T18:10:00+00:00\",\"mainEntityOfPage\":{\"@id\":\"https:\/\/www.gaveanews.com\/index.php\/2025\/05\/06\/a-declaracao-de-dudu-direcionada-ao-atletico-mg\/\"},\"wordCount\":466,\"commentCount\":0,\"image\":{\"@id\":\"https:\/\/www.gaveanews.com\/index.php\/2025\/05\/06\/a-declaracao-de-dudu-direcionada-ao-atletico-mg\/#primaryimage\"},\"thumbnailUrl\":\"https:\/\/www.gaveanews.com\/wp-content\/uploads\/Dudu-e-Gabigol-em-treino-do-Cruzeiro-na-Toca-da-Raposa.webp\",\"articleSection\":[\"Atl\u00e9tico-MG\"],\"inLanguage\":\"pt-BR\",\"potentialAction\":[{\"@type\":\"CommentAction\",\"name\":\"Comment\",\"target\":[\"https:\/\/www.gaveanews.com\/index.php\/2025\/05\/06\/a-declaracao-de-dudu-direcionada-ao-atletico-mg\/#respond\"]}],\"copyrightYear\":\"2025\",\"copyrightHolder\":{\"@id\":\"https:\/\/www.gaveanews.com\/#organization\"}},{\"@type\":\"WebPage\",\"@id\":\"https:\/\/www.gaveanews.com\/index.php\/2025\/05\/06\/a-declaracao-de-dudu-direcionada-ao-atletico-mg\/\",\"url\":\"https:\/\/www.gaveanews.com\/index.php\/2025\/05\/06\/a-declaracao-de-dudu-direcionada-ao-atletico-mg\/\",\"name\":\"A declara\u00e7\u00e3o de Dudu direcionada ao Atl\u00e9tico-MG\",\"isPartOf\":{\"@id\":\"https:\/\/www.gaveanews.com\/#website\"},\"primaryImageOfPage\":{\"@id\":\"https:\/\/www.gaveanews.com\/index.php\/2025\/05\/06\/a-declaracao-de-dudu-direcionada-ao-atletico-mg\/#primaryimage\"},\"image\":{\"@id\":\"https:\/\/www.gaveanews.com\/index.php\/2025\/05\/06\/a-declaracao-de-dudu-direcionada-ao-atletico-mg\/#primaryimage\"},\"thumbnailUrl\":\"https:\/\/www.gaveanews.com\/wp-content\/uploads\/Dudu-e-Gabigol-em-treino-do-Cruzeiro-na-Toca-da-Raposa.webp\",\"datePublished\":\"2025-05-06T18:10:00+00:00\",\"author\":{\"@id\":\"https:\/\/www.gaveanews.com\/#\/schema\/person\/2424ec6409bc3f068411fc5e4e9b6168\"},\"breadcrumb\":{\"@id\":\"https:\/\/www.gaveanews.com\/index.php\/2025\/05\/06\/a-declaracao-de-dudu-direcionada-ao-atletico-mg\/#breadcrumb\"},\"inLanguage\":\"pt-BR\",\"potentialAction\":[{\"@type\":\"ReadAction\",\"target\":[\"https:\/\/www.gaveanews.com\/index.php\/2025\/05\/06\/a-declaracao-de-dudu-direcionada-ao-atletico-mg\/\"]}]},{\"@type\":\"ImageObject\",\"inLanguage\":\"pt-BR\",\"@id\":\"https:\/\/www.gaveanews.com\/index.php\/2025\/05\/06\/a-declaracao-de-dudu-direcionada-ao-atletico-mg\/#primaryimage\",\"url\":\"https:\/\/www.gaveanews.com\/wp-content\/uploads\/Dudu-e-Gabigol-em-treino-do-Cruzeiro-na-Toca-da-Raposa.webp\",\"contentUrl\":\"https:\/\/www.gaveanews.com\/wp-content\/uploads\/Dudu-e-Gabigol-em-treino-do-Cruzeiro-na-Toca-da-Raposa.webp\",\"width\":1200,\"height\":800,\"caption\":\"Dudu e Gabigol em treino do Cruzeiro na Toca da Raposa - Foto: Gustavo Aleixo\/CEC\"},{\"@type\":\"BreadcrumbList\",\"@id\":\"https:\/\/www.gaveanews.com\/index.php\/2025\/05\/06\/a-declaracao-de-dudu-direcionada-ao-atletico-mg\/#breadcrumb\",\"itemListElement\":[{\"@type\":\"ListItem\",\"position\":1,\"name\":\"Home\",\"item\":\"https:\/\/www.gaveanews.com\/\"},{\"@type\":\"ListItem\",\"position\":2,\"name\":\"A declara\u00e7\u00e3o de Dudu direcionada ao Atl\u00e9tico-MG\"}]},{\"@type\":\"WebSite\",\"@id\":\"https:\/\/www.gaveanews.com\/#website\",\"url\":\"https:\/\/www.gaveanews.com\/\",\"name\":\"G\u00e1vea News\",\"description\":\"Veja todas as not\u00edcias sobre o Flamengo: Contrata\u00e7\u00f5es, categorias de base, resultados das partidas, tabela de classifica\u00e7\u00e3o, pr\u00f3ximos jogos!\",\"potentialAction\":[{\"@type\":\"SearchAction\",\"target\":{\"@type\":\"EntryPoint\",\"urlTemplate\":\"https:\/\/www.gaveanews.com\/?s={search_term_string}\"},\"query-input\":{\"@type\":\"PropertyValueSpecification\",\"valueRequired\":true,\"valueName\":\"search_term_string\"}}],\"inLanguage\":\"pt-BR\"},{\"@type\":\"Person\",\"@id\":\"https:\/\/www.gaveanews.com\/#\/schema\/person\/2424ec6409bc3f068411fc5e4e9b6168\",\"name\":\"Leandro Cardoso\",\"image\":{\"@type\":\"ImageObject\",\"inLanguage\":\"pt-BR\",\"@id\":\"https:\/\/www.gaveanews.com\/#\/schema\/person\/image\/\",\"url\":\"https:\/\/secure.gravatar.com\/avatar\/8ca179f9b55eefe9f376f5493ef25475bfa59fbc28ce937f6076ce20e523098f?s=96&d=mm&r=g\",\"contentUrl\":\"https:\/\/secure.gravatar.com\/avatar\/8ca179f9b55eefe9f376f5493ef25475bfa59fbc28ce937f6076ce20e523098f?s=96&d=mm&r=g\",\"caption\":\"Leandro Cardoso\"}}]}<\/script>\n<!-- \/ Yoast SEO Premium plugin. -->","yoast_head_json":{"title":"A declara\u00e7\u00e3o de Dudu direcionada ao Atl\u00e9tico-MG","robots":{"index":"index","follow":"follow","max-snippet":"max-snippet:-1","max-image-preview":"max-image-preview:large","max-video-preview":"max-video-preview:-1"},"canonical":"https:\/\/www.gaveanews.com\/index.php\/2025\/05\/06\/a-declaracao-de-dudu-direcionada-ao-atletico-mg\/","og_locale":"pt_BR","og_type":"article","og_title":"A declara\u00e7\u00e3o de Dudu direcionada ao Atl\u00e9tico-MG","og_description":"Ap\u00f3s uma conturbada sa\u00edda do Cruzeiro, o atacante Dudu foi anunciado oficialmente pelo Atl\u00e9tico-MG e j\u00e1 chegou mandando o recado. Em entrevista \u00e0 Itatiaia Esporte, o jogador foi direto ao falar sobre o que espera de sua nova trajet\u00f3ria no clube mineiro. &#8220;Sempre fui jogador de ra\u00e7a&#8221; &#8220;Eu vou chegar no Atl\u00e9tico-MG respeitando os meus [&hellip;]","og_url":"https:\/\/www.gaveanews.com\/index.php\/2025\/05\/06\/a-declaracao-de-dudu-direcionada-ao-atletico-mg\/","og_site_name":"G\u00e1vea News","article_publisher":"https:\/\/facebook.com\/gaveaNews\/","article_published_time":"2025-05-06T18:10:00+00:00","og_image":[{"width":1200,"height":800,"url":"https:\/\/www.gaveanews.com\/wp-content\/uploads\/Dudu-e-Gabigol-em-treino-do-Cruzeiro-na-Toca-da-Raposa.webp","type":"image\/png"}],"author":"Leandro Cardoso","twitter_card":"summary_large_image","twitter_misc":{"Escrito por":"Leandro Cardoso","Est. tempo de leitura":"3 minutos"},"schema":{"@context":"https:\/\/schema.org","@graph":[{"@type":"NewsArticle","@id":"https:\/\/www.gaveanews.com\/index.php\/2025\/05\/06\/a-declaracao-de-dudu-direcionada-ao-atletico-mg\/#article","isPartOf":{"@id":"https:\/\/www.gaveanews.com\/index.php\/2025\/05\/06\/a-declaracao-de-dudu-direcionada-ao-atletico-mg\/"},"author":{"name":"Leandro Cardoso","@id":"https:\/\/www.gaveanews.com\/#\/schema\/person\/2424ec6409bc3f068411fc5e4e9b6168"},"headline":"A declara\u00e7\u00e3o de Dudu direcionada ao Atl\u00e9tico-MG","datePublished":"2025-05-06T18:10:00+00:00","mainEntityOfPage":{"@id":"https:\/\/www.gaveanews.com\/index.php\/2025\/05\/06\/a-declaracao-de-dudu-direcionada-ao-atletico-mg\/"},"wordCount":466,"commentCount":0,"image":{"@id":"https:\/\/www.gaveanews.com\/index.php\/2025\/05\/06\/a-declaracao-de-dudu-direcionada-ao-atletico-mg\/#primaryimage"},"thumbnailUrl":"https:\/\/www.gaveanews.com\/wp-content\/uploads\/Dudu-e-Gabigol-em-treino-do-Cruzeiro-na-Toca-da-Raposa.webp","articleSection":["Atl\u00e9tico-MG"],"inLanguage":"pt-BR","potentialAction":[{"@type":"CommentAction","name":"Comment","target":["https:\/\/www.gaveanews.com\/index.php\/2025\/05\/06\/a-declaracao-de-dudu-direcionada-ao-atletico-mg\/#respond"]}],"copyrightYear":"2025","copyrightHolder":{"@id":"https:\/\/www.gaveanews.com\/#organization"}},{"@type":"WebPage","@id":"https:\/\/www.gaveanews.com\/index.php\/2025\/05\/06\/a-declaracao-de-dudu-direcionada-ao-atletico-mg\/","url":"https:\/\/www.gaveanews.com\/index.php\/2025\/05\/06\/a-declaracao-de-dudu-direcionada-ao-atletico-mg\/","name":"A declara\u00e7\u00e3o de Dudu direcionada ao Atl\u00e9tico-MG","isPartOf":{"@id":"https:\/\/www.gaveanews.com\/#website"},"primaryImageOfPage":{"@id":"https:\/\/www.gaveanews.com\/index.php\/2025\/05\/06\/a-declaracao-de-dudu-direcionada-ao-atletico-mg\/#primaryimage"},"image":{"@id":"https:\/\/www.gaveanews.com\/index.php\/2025\/05\/06\/a-declaracao-de-dudu-direcionada-ao-atletico-mg\/#primaryimage"},"thumbnailUrl":"https:\/\/www.gaveanews.com\/wp-content\/uploads\/Dudu-e-Gabigol-em-treino-do-Cruzeiro-na-Toca-da-Raposa.webp","datePublished":"2025-05-06T18:10:00+00:00","author":{"@id":"https:\/\/www.gaveanews.com\/#\/schema\/person\/2424ec6409bc3f068411fc5e4e9b6168"},"breadcrumb":{"@id":"https:\/\/www.gaveanews.com\/index.php\/2025\/05\/06\/a-declaracao-de-dudu-direcionada-ao-atletico-mg\/#breadcrumb"},"inLanguage":"pt-BR","potentialAction":[{"@type":"ReadAction","target":["https:\/\/www.gaveanews.com\/index.php\/2025\/05\/06\/a-declaracao-de-dudu-direcionada-ao-atletico-mg\/"]}]},{"@type":"ImageObject","inLanguage":"pt-BR","@id":"https:\/\/www.gaveanews.com\/index.php\/2025\/05\/06\/a-declaracao-de-dudu-direcionada-ao-atletico-mg\/#primaryimage","url":"https:\/\/www.gaveanews.com\/wp-content\/uploads\/Dudu-e-Gabigol-em-treino-do-Cruzeiro-na-Toca-da-Raposa.webp","contentUrl":"https:\/\/www.gaveanews.com\/wp-content\/uploads\/Dudu-e-Gabigol-em-treino-do-Cruzeiro-na-Toca-da-Raposa.webp","width":1200,"height":800,"caption":"Dudu e Gabigol em treino do Cruzeiro na Toca da Raposa - Foto: Gustavo Aleixo\/CEC"},{"@type":"BreadcrumbList","@id":"https:\/\/www.gaveanews.com\/index.php\/2025\/05\/06\/a-declaracao-de-dudu-direcionada-ao-atletico-mg\/#breadcrumb","itemListElement":[{"@type":"ListItem","position":1,"name":"Home","item":"https:\/\/www.gaveanews.com\/"},{"@type":"ListItem","position":2,"name":"A declara\u00e7\u00e3o de Dudu direcionada ao Atl\u00e9tico-MG"}]},{"@type":"WebSite","@id":"https:\/\/www.gaveanews.com\/#website","url":"https:\/\/www.gaveanews.com\/","name":"G\u00e1vea News","description":"Veja todas as not\u00edcias sobre o Flamengo: Contrata\u00e7\u00f5es, categorias de base, resultados das partidas, tabela de classifica\u00e7\u00e3o, pr\u00f3ximos jogos!","potentialAction":[{"@type":"SearchAction","target":{"@type":"EntryPoint","urlTemplate":"https:\/\/www.gaveanews.com\/?s={search_term_string}"},"query-input":{"@type":"PropertyValueSpecification","valueRequired":true,"valueName":"search_term_string"}}],"inLanguage":"pt-BR"},{"@type":"Person","@id":"https:\/\/www.gaveanews.com\/#\/schema\/person\/2424ec6409bc3f068411fc5e4e9b6168","name":"Leandro Cardoso","image":{"@type":"ImageObject","inLanguage":"pt-BR","@id":"https:\/\/www.gaveanews.com\/#\/schema\/person\/image\/","url":"https:\/\/secure.gravatar.com\/avatar\/8ca179f9b55eefe9f376f5493ef25475bfa59fbc28ce937f6076ce20e523098f?s=96&d=mm&r=g","contentUrl":"https:\/\/secure.gravatar.com\/avatar\/8ca179f9b55eefe9f376f5493ef25475bfa59fbc28ce937f6076ce20e523098f?s=96&d=mm&r=g","caption":"Leandro Cardoso"}}]}},"_links":{"self":[{"href":"https:\/\/www.gaveanews.com\/index.php\/wp-json\/wp\/v2\/posts\/261048","targetHints":{"allow":["GET"]}}],"collection":[{"href":"https:\/\/www.gaveanews.com\/index.php\/wp-json\/wp\/v2\/posts"}],"about":[{"href":"https:\/\/www.gaveanews.com\/index.php\/wp-json\/wp\/v2\/types\/post"}],"author":[{"embeddable":true,"href":"https:\/\/www.gaveanews.com\/index.php\/wp-json\/wp\/v2\/users\/24"}],"replies":[{"embeddable":true,"href":"https:\/\/www.gaveanews.com\/index.php\/wp-json\/wp\/v2\/comments?post=261048"}],"version-history":[{"count":2,"href":"https:\/\/www.gaveanews.com\/index.php\/wp-json\/wp\/v2\/posts\/261048\/revisions"}],"predecessor-version":[{"id":261050,"href":"https:\/\/www.gaveanews.com\/index.php\/wp-json\/wp\/v2\/posts\/261048\/revisions\/261050"}],"wp:featuredmedia":[{"embeddable":true,"href":"https:\/\/www.gaveanews.com\/index.php\/wp-json\/wp\/v2\/media\/255348"}],"wp:attachment":[{"href":"https:\/\/www.gaveanews.com\/index.php\/wp-json\/wp\/v2\/media?parent=261048"}],"wp:term":[{"taxonomy":"category","embeddable":true,"href":"https:\/\/www.gaveanews.com\/index.php\/wp-json\/wp\/v2\/categories?post=261048"},{"taxonomy":"post_tag","embeddable":true,"href":"https:\/\/www.gaveanews.com\/index.php\/wp-json\/wp\/v2\/tags?post=261048"}],"curies":[{"name":"wp","href":"https:\/\/api.w.org\/{rel}","templated":true}]}}