{"id":261055,"date":"2025-05-06T15:25:00","date_gmt":"2025-05-06T18:25:00","guid":{"rendered":"https:\/\/www.gaveanews.com\/?p=261055"},"modified":"2025-05-06T15:22:23","modified_gmt":"2025-05-06T18:22:23","slug":"cedric-soares-rafael-alisson-ferreira-marcos-antonio-andre-silva-alan-franco-enzo-diaz-lucas-ferreira-ruan-matheus-alves-a-escalacao-do-sao-paulo-escolhida-por-luis-zubeldia-para-enfrentar","status":"publish","type":"post","link":"https:\/\/www.gaveanews.com\/index.php\/2025\/05\/06\/cedric-soares-rafael-alisson-ferreira-marcos-antonio-andre-silva-alan-franco-enzo-diaz-lucas-ferreira-ruan-matheus-alves-a-escalacao-do-sao-paulo-escolhida-por-luis-zubeldia-para-enfrentar\/","title":{"rendered":"C\u00e9dric Soares, Rafael, Alisson, Ferreira, Marcos Ant\u00f4nio, Andr\u00e9 Silva, Alan Franco, Enzo D\u00edaz, Lucas Ferreira, Ruan, Matheus Alves: a escala\u00e7\u00e3o do S\u00e3o Paulo escolhida por Luis Zubeld\u00eda para enfrentar o Alianza Lima"},"content":{"rendered":"\n<p>O t\u00e9cnico Luis Zubeld\u00eda j\u00e1 escolheu os 11 jogadores que v\u00e3o a campo nesta ter\u00e7a-feira (6), \u00e0s 19h (de Bras\u00edlia), diante do Alianza Lima, no Peru. O S\u00e3o Paulo quer encaminhar a vaga nas oitavas de final da Conmebol Libertadores, e a escala\u00e7\u00e3o anunciada mostra a seriedade com que o clube encara esse desafio.<\/p>\n\n\n\n<h2 class=\"wp-block-heading\" id=\"h-sao-paulo-aposta-na-forca-do-elenco-titular\">S\u00e3o Paulo aposta na for\u00e7a do elenco titular<\/h2>\n\n\n\n<p>Com sete pontos somados e a lideran\u00e7a do Grupo D, o S\u00e3o Paulo vai com for\u00e7a quase m\u00e1xima ao est\u00e1dio Alejandro Villanueva.&nbsp;<\/p>\n\n\n\n<p>A prov\u00e1vel escala\u00e7\u00e3o \u00e9: Rafael; C\u00e9dric Soares (Ferraresi), Ruan (Arboleda), Alan Franco e Enzo D\u00edaz; Marcos Ant\u00f4nio e Alisson; Matheus Alves; Lucas Ferreira (Lucas Moura), Andr\u00e9 Silva e Ferreira.<\/p>\n\n\n\n<p>Vale destacar que Arboleda, recuperado de uma sobrecarga muscular, e Pablo Maia, que passou por cirurgia no tornozelo, voltam a estar \u00e0 disposi\u00e7\u00e3o, embora devam come\u00e7ar no banco. Al\u00e9m disso, Lucas Moura, mais experiente, pode ser op\u00e7\u00e3o para o decorrer da partida.<\/p>\n\n\n\n<h2 class=\"wp-block-heading\" id=\"h-desfalques-importantes-ainda-preocupam\">Desfalques importantes ainda preocupam<\/h2>\n\n\n\n<p>A comiss\u00e3o t\u00e9cnica opta por cautela com alguns atletas. Oscar, por exemplo, segue em transi\u00e7\u00e3o f\u00edsica e ficou no Brasil, assim como Luiz Gustavo, Henrique, Calleri e Igor Vin\u00edcius, todos entregues ao departamento m\u00e9dico. Cabe ressaltar que s\u00e3o jogadores de peso, e suas aus\u00eancias impactam diretamente o planejamento de Zubeld\u00eda.<\/p>\n\n\n\n<p>Isso porque, apesar da boa campanha at\u00e9 aqui, o t\u00e9cnico argentino n\u00e3o pode contar com todo o elenco, o que exige adapta\u00e7\u00f5es pontuais e rodagem do grupo. Dessa maneira, manter o equil\u00edbrio entre desempenho e preserva\u00e7\u00e3o f\u00edsica \u00e9 o desafio principal.<\/p>\n\n\n\n<h2 class=\"wp-block-heading\" id=\"h-adversario-pressionado-e-clima-tenso-em-lima\">Advers\u00e1rio pressionado e clima tenso em Lima<\/h2>\n\n\n\n<p>O Alianza Lima, terceiro colocado com quatro pontos, vem de derrota no campeonato peruano e n\u00e3o ter\u00e1 Ceppelini, suspenso por ato de xenofobia. Sendo assim, o clima no est\u00e1dio promete ser hostil para os brasileiros, que devem se impor tecnicamente.<\/p>\n\n\n\n<p>Com isso, o S\u00e3o Paulo precisa manter a concentra\u00e7\u00e3o e explorar as fragilidades do advers\u00e1rio para sair com os tr\u00eas pontos. Desse jeito, garante tranquilidade para a sequ\u00eancia da fase de grupos e fortalece a confian\u00e7a no trabalho de Zubeld\u00eda.<\/p>\n\n\n\n<p>Portanto, a noite em Lima pode ser decisiva para os rumos do Tricolor na Libertadores.<\/p>\n","protected":false},"excerpt":{"rendered":"<p>O t\u00e9cnico Luis Zubeld\u00eda j\u00e1 escolheu os 11 jogadores que v\u00e3o a campo nesta ter\u00e7a-feira (6), \u00e0s 19h (de Bras\u00edlia), diante do Alianza Lima, no Peru. O S\u00e3o Paulo quer encaminhar a vaga nas oitavas de final da Conmebol Libertadores, e a escala\u00e7\u00e3o anunciada mostra a seriedade com que o clube encara esse desafio. S\u00e3o [&hellip;]<\/p>\n","protected":false},"author":24,"featured_media":155699,"comment_status":"open","ping_status":"closed","sticky":false,"template":"","format":"standard","meta":{"footnotes":""},"categories":[151],"tags":[],"class_list":["post-261055","post","type-post","status-publish","format-standard","has-post-thumbnail","hentry","category-sao-paulo"],"yoast_head":"<!-- This site is optimized with the Yoast SEO Premium plugin v24.2 (Yoast SEO v26.9) - https:\/\/yoast.com\/product\/yoast-seo-premium-wordpress\/ -->\n<title>C\u00e9dric Soares, Rafael, Alisson, Ferreira, Marcos Ant\u00f4nio, Andr\u00e9 Silva, Alan Franco, Enzo D\u00edaz, Lucas Ferreira, Ruan, Matheus Alves: a escala\u00e7\u00e3o do S\u00e3o Paulo escolhida por Luis Zubeld\u00eda para enfrentar o Alianza Lima<\/title>\n<meta name=\"robots\" content=\"index, follow, max-snippet:-1, max-image-preview:large, max-video-preview:-1\" \/>\n<link rel=\"canonical\" href=\"https:\/\/www.gaveanews.com\/index.php\/2025\/05\/06\/cedric-soares-rafael-alisson-ferreira-marcos-antonio-andre-silva-alan-franco-enzo-diaz-lucas-ferreira-ruan-matheus-alves-a-escalacao-do-sao-paulo-escolhida-por-luis-zubeldia-para-enfrentar\/\" \/>\n<meta property=\"og:locale\" content=\"pt_BR\" \/>\n<meta property=\"og:type\" content=\"article\" \/>\n<meta property=\"og:title\" content=\"C\u00e9dric Soares, Rafael, Alisson, Ferreira, Marcos Ant\u00f4nio, Andr\u00e9 Silva, Alan Franco, Enzo D\u00edaz, Lucas Ferreira, Ruan, Matheus Alves: a escala\u00e7\u00e3o do S\u00e3o Paulo escolhida por Luis Zubeld\u00eda para enfrentar o Alianza Lima\" \/>\n<meta property=\"og:description\" content=\"O t\u00e9cnico Luis Zubeld\u00eda j\u00e1 escolheu os 11 jogadores que v\u00e3o a campo nesta ter\u00e7a-feira (6), \u00e0s 19h (de Bras\u00edlia), diante do Alianza Lima, no Peru. O S\u00e3o Paulo quer encaminhar a vaga nas oitavas de final da Conmebol Libertadores, e a escala\u00e7\u00e3o anunciada mostra a seriedade com que o clube encara esse desafio. S\u00e3o [&hellip;]\" \/>\n<meta property=\"og:url\" content=\"https:\/\/www.gaveanews.com\/index.php\/2025\/05\/06\/cedric-soares-rafael-alisson-ferreira-marcos-antonio-andre-silva-alan-franco-enzo-diaz-lucas-ferreira-ruan-matheus-alves-a-escalacao-do-sao-paulo-escolhida-por-luis-zubeldia-para-enfrentar\/\" \/>\n<meta property=\"og:site_name\" content=\"G\u00e1vea News\" \/>\n<meta property=\"article:publisher\" content=\"https:\/\/facebook.com\/gaveaNews\/\" \/>\n<meta property=\"article:published_time\" content=\"2025-05-06T18:25:00+00:00\" \/>\n<meta property=\"og:image\" content=\"https:\/\/www.gaveanews.com\/wp-content\/uploads\/Luis-Francisco-Zubeldia-treinador-do-Sao-Paulo-durante-partida-da-Copa-do-Brasil-2024.webp\" \/>\n\t<meta property=\"og:image:width\" content=\"1333\" \/>\n\t<meta property=\"og:image:height\" content=\"889\" \/>\n\t<meta property=\"og:image:type\" content=\"image\/webp\" \/>\n<meta name=\"author\" content=\"Leandro Cardoso\" \/>\n<meta name=\"twitter:card\" content=\"summary_large_image\" \/>\n<meta name=\"twitter:label1\" content=\"Escrito por\" \/>\n\t<meta name=\"twitter:data1\" content=\"Leandro Cardoso\" \/>\n\t<meta name=\"twitter:label2\" content=\"Est. tempo de leitura\" \/>\n\t<meta name=\"twitter:data2\" content=\"3 minutos\" \/>\n<script type=\"application\/ld+json\" class=\"yoast-schema-graph\">{\"@context\":\"https:\/\/schema.org\",\"@graph\":[{\"@type\":\"NewsArticle\",\"@id\":\"https:\/\/www.gaveanews.com\/index.php\/2025\/05\/06\/cedric-soares-rafael-alisson-ferreira-marcos-antonio-andre-silva-alan-franco-enzo-diaz-lucas-ferreira-ruan-matheus-alves-a-escalacao-do-sao-paulo-escolhida-por-luis-zubeldia-para-enfrentar\/#article\",\"isPartOf\":{\"@id\":\"https:\/\/www.gaveanews.com\/index.php\/2025\/05\/06\/cedric-soares-rafael-alisson-ferreira-marcos-antonio-andre-silva-alan-franco-enzo-diaz-lucas-ferreira-ruan-matheus-alves-a-escalacao-do-sao-paulo-escolhida-por-luis-zubeldia-para-enfrentar\/\"},\"author\":{\"name\":\"Leandro Cardoso\",\"@id\":\"https:\/\/www.gaveanews.com\/#\/schema\/person\/2424ec6409bc3f068411fc5e4e9b6168\"},\"headline\":\"C\u00e9dric Soares, Rafael, Alisson, Ferreira, Marcos Ant\u00f4nio, Andr\u00e9 Silva, Alan Franco, Enzo D\u00edaz, Lucas Ferreira, Ruan, Matheus Alves: a escala\u00e7\u00e3o do S\u00e3o Paulo escolhida por Luis Zubeld\u00eda para enfrentar o Alianza Lima\",\"datePublished\":\"2025-05-06T18:25:00+00:00\",\"mainEntityOfPage\":{\"@id\":\"https:\/\/www.gaveanews.com\/index.php\/2025\/05\/06\/cedric-soares-rafael-alisson-ferreira-marcos-antonio-andre-silva-alan-franco-enzo-diaz-lucas-ferreira-ruan-matheus-alves-a-escalacao-do-sao-paulo-escolhida-por-luis-zubeldia-para-enfrentar\/\"},\"wordCount\":434,\"commentCount\":0,\"image\":{\"@id\":\"https:\/\/www.gaveanews.com\/index.php\/2025\/05\/06\/cedric-soares-rafael-alisson-ferreira-marcos-antonio-andre-silva-alan-franco-enzo-diaz-lucas-ferreira-ruan-matheus-alves-a-escalacao-do-sao-paulo-escolhida-por-luis-zubeldia-para-enfrentar\/#primaryimage\"},\"thumbnailUrl\":\"https:\/\/www.gaveanews.com\/wp-content\/uploads\/Luis-Francisco-Zubeldia-treinador-do-Sao-Paulo-durante-partida-da-Copa-do-Brasil-2024.webp\",\"articleSection\":[\"S\u00e3o Paulo\"],\"inLanguage\":\"pt-BR\",\"potentialAction\":[{\"@type\":\"CommentAction\",\"name\":\"Comment\",\"target\":[\"https:\/\/www.gaveanews.com\/index.php\/2025\/05\/06\/cedric-soares-rafael-alisson-ferreira-marcos-antonio-andre-silva-alan-franco-enzo-diaz-lucas-ferreira-ruan-matheus-alves-a-escalacao-do-sao-paulo-escolhida-por-luis-zubeldia-para-enfrentar\/#respond\"]}],\"copyrightYear\":\"2025\",\"copyrightHolder\":{\"@id\":\"https:\/\/www.gaveanews.com\/#organization\"}},{\"@type\":\"WebPage\",\"@id\":\"https:\/\/www.gaveanews.com\/index.php\/2025\/05\/06\/cedric-soares-rafael-alisson-ferreira-marcos-antonio-andre-silva-alan-franco-enzo-diaz-lucas-ferreira-ruan-matheus-alves-a-escalacao-do-sao-paulo-escolhida-por-luis-zubeldia-para-enfrentar\/\",\"url\":\"https:\/\/www.gaveanews.com\/index.php\/2025\/05\/06\/cedric-soares-rafael-alisson-ferreira-marcos-antonio-andre-silva-alan-franco-enzo-diaz-lucas-ferreira-ruan-matheus-alves-a-escalacao-do-sao-paulo-escolhida-por-luis-zubeldia-para-enfrentar\/\",\"name\":\"C\u00e9dric Soares, Rafael, Alisson, Ferreira, Marcos Ant\u00f4nio, Andr\u00e9 Silva, Alan Franco, Enzo D\u00edaz, Lucas Ferreira, Ruan, Matheus Alves: a escala\u00e7\u00e3o do S\u00e3o Paulo escolhida por Luis Zubeld\u00eda para enfrentar o Alianza Lima\",\"isPartOf\":{\"@id\":\"https:\/\/www.gaveanews.com\/#website\"},\"primaryImageOfPage\":{\"@id\":\"https:\/\/www.gaveanews.com\/index.php\/2025\/05\/06\/cedric-soares-rafael-alisson-ferreira-marcos-antonio-andre-silva-alan-franco-enzo-diaz-lucas-ferreira-ruan-matheus-alves-a-escalacao-do-sao-paulo-escolhida-por-luis-zubeldia-para-enfrentar\/#primaryimage\"},\"image\":{\"@id\":\"https:\/\/www.gaveanews.com\/index.php\/2025\/05\/06\/cedric-soares-rafael-alisson-ferreira-marcos-antonio-andre-silva-alan-franco-enzo-diaz-lucas-ferreira-ruan-matheus-alves-a-escalacao-do-sao-paulo-escolhida-por-luis-zubeldia-para-enfrentar\/#primaryimage\"},\"thumbnailUrl\":\"https:\/\/www.gaveanews.com\/wp-content\/uploads\/Luis-Francisco-Zubeldia-treinador-do-Sao-Paulo-durante-partida-da-Copa-do-Brasil-2024.webp\",\"datePublished\":\"2025-05-06T18:25:00+00:00\",\"author\":{\"@id\":\"https:\/\/www.gaveanews.com\/#\/schema\/person\/2424ec6409bc3f068411fc5e4e9b6168\"},\"breadcrumb\":{\"@id\":\"https:\/\/www.gaveanews.com\/index.php\/2025\/05\/06\/cedric-soares-rafael-alisson-ferreira-marcos-antonio-andre-silva-alan-franco-enzo-diaz-lucas-ferreira-ruan-matheus-alves-a-escalacao-do-sao-paulo-escolhida-por-luis-zubeldia-para-enfrentar\/#breadcrumb\"},\"inLanguage\":\"pt-BR\",\"potentialAction\":[{\"@type\":\"ReadAction\",\"target\":[\"https:\/\/www.gaveanews.com\/index.php\/2025\/05\/06\/cedric-soares-rafael-alisson-ferreira-marcos-antonio-andre-silva-alan-franco-enzo-diaz-lucas-ferreira-ruan-matheus-alves-a-escalacao-do-sao-paulo-escolhida-por-luis-zubeldia-para-enfrentar\/\"]}]},{\"@type\":\"ImageObject\",\"inLanguage\":\"pt-BR\",\"@id\":\"https:\/\/www.gaveanews.com\/index.php\/2025\/05\/06\/cedric-soares-rafael-alisson-ferreira-marcos-antonio-andre-silva-alan-franco-enzo-diaz-lucas-ferreira-ruan-matheus-alves-a-escalacao-do-sao-paulo-escolhida-por-luis-zubeldia-para-enfrentar\/#primaryimage\",\"url\":\"https:\/\/www.gaveanews.com\/wp-content\/uploads\/Luis-Francisco-Zubeldia-treinador-do-Sao-Paulo-durante-partida-da-Copa-do-Brasil-2024.webp\",\"contentUrl\":\"https:\/\/www.gaveanews.com\/wp-content\/uploads\/Luis-Francisco-Zubeldia-treinador-do-Sao-Paulo-durante-partida-da-Copa-do-Brasil-2024.webp\",\"width\":1333,\"height\":889,\"caption\":\"Luis Francisco Zubeld\u00eda, treinador do S\u00e3o Paulo durante partida da Copa do Brasil 2024 (Foto: Rubens Chiri e Paulo Pinto\/S\u00e3o Paulo)\"},{\"@type\":\"BreadcrumbList\",\"@id\":\"https:\/\/www.gaveanews.com\/index.php\/2025\/05\/06\/cedric-soares-rafael-alisson-ferreira-marcos-antonio-andre-silva-alan-franco-enzo-diaz-lucas-ferreira-ruan-matheus-alves-a-escalacao-do-sao-paulo-escolhida-por-luis-zubeldia-para-enfrentar\/#breadcrumb\",\"itemListElement\":[{\"@type\":\"ListItem\",\"position\":1,\"name\":\"Home\",\"item\":\"https:\/\/www.gaveanews.com\/\"},{\"@type\":\"ListItem\",\"position\":2,\"name\":\"C\u00e9dric Soares, Rafael, Alisson, Ferreira, Marcos Ant\u00f4nio, Andr\u00e9 Silva, Alan Franco, Enzo D\u00edaz, Lucas Ferreira, Ruan, Matheus Alves: a escala\u00e7\u00e3o do S\u00e3o Paulo escolhida por Luis Zubeld\u00eda para enfrentar o Alianza Lima\"}]},{\"@type\":\"WebSite\",\"@id\":\"https:\/\/www.gaveanews.com\/#website\",\"url\":\"https:\/\/www.gaveanews.com\/\",\"name\":\"G\u00e1vea News\",\"description\":\"Veja todas as not\u00edcias sobre o Flamengo: Contrata\u00e7\u00f5es, categorias de base, resultados das partidas, tabela de classifica\u00e7\u00e3o, pr\u00f3ximos jogos!\",\"potentialAction\":[{\"@type\":\"SearchAction\",\"target\":{\"@type\":\"EntryPoint\",\"urlTemplate\":\"https:\/\/www.gaveanews.com\/?s={search_term_string}\"},\"query-input\":{\"@type\":\"PropertyValueSpecification\",\"valueRequired\":true,\"valueName\":\"search_term_string\"}}],\"inLanguage\":\"pt-BR\"},{\"@type\":\"Person\",\"@id\":\"https:\/\/www.gaveanews.com\/#\/schema\/person\/2424ec6409bc3f068411fc5e4e9b6168\",\"name\":\"Leandro Cardoso\",\"image\":{\"@type\":\"ImageObject\",\"inLanguage\":\"pt-BR\",\"@id\":\"https:\/\/www.gaveanews.com\/#\/schema\/person\/image\/\",\"url\":\"https:\/\/secure.gravatar.com\/avatar\/8ca179f9b55eefe9f376f5493ef25475bfa59fbc28ce937f6076ce20e523098f?s=96&d=mm&r=g\",\"contentUrl\":\"https:\/\/secure.gravatar.com\/avatar\/8ca179f9b55eefe9f376f5493ef25475bfa59fbc28ce937f6076ce20e523098f?s=96&d=mm&r=g\",\"caption\":\"Leandro Cardoso\"}}]}<\/script>\n<!-- \/ Yoast SEO Premium plugin. -->","yoast_head_json":{"title":"C\u00e9dric Soares, Rafael, Alisson, Ferreira, Marcos Ant\u00f4nio, Andr\u00e9 Silva, Alan Franco, Enzo D\u00edaz, Lucas Ferreira, Ruan, Matheus Alves: a escala\u00e7\u00e3o do S\u00e3o Paulo escolhida por Luis Zubeld\u00eda para enfrentar o Alianza Lima","robots":{"index":"index","follow":"follow","max-snippet":"max-snippet:-1","max-image-preview":"max-image-preview:large","max-video-preview":"max-video-preview:-1"},"canonical":"https:\/\/www.gaveanews.com\/index.php\/2025\/05\/06\/cedric-soares-rafael-alisson-ferreira-marcos-antonio-andre-silva-alan-franco-enzo-diaz-lucas-ferreira-ruan-matheus-alves-a-escalacao-do-sao-paulo-escolhida-por-luis-zubeldia-para-enfrentar\/","og_locale":"pt_BR","og_type":"article","og_title":"C\u00e9dric Soares, Rafael, Alisson, Ferreira, Marcos Ant\u00f4nio, Andr\u00e9 Silva, Alan Franco, Enzo D\u00edaz, Lucas Ferreira, Ruan, Matheus Alves: a escala\u00e7\u00e3o do S\u00e3o Paulo escolhida por Luis Zubeld\u00eda para enfrentar o Alianza Lima","og_description":"O t\u00e9cnico Luis Zubeld\u00eda j\u00e1 escolheu os 11 jogadores que v\u00e3o a campo nesta ter\u00e7a-feira (6), \u00e0s 19h (de Bras\u00edlia), diante do Alianza Lima, no Peru. O S\u00e3o Paulo quer encaminhar a vaga nas oitavas de final da Conmebol Libertadores, e a escala\u00e7\u00e3o anunciada mostra a seriedade com que o clube encara esse desafio. S\u00e3o [&hellip;]","og_url":"https:\/\/www.gaveanews.com\/index.php\/2025\/05\/06\/cedric-soares-rafael-alisson-ferreira-marcos-antonio-andre-silva-alan-franco-enzo-diaz-lucas-ferreira-ruan-matheus-alves-a-escalacao-do-sao-paulo-escolhida-por-luis-zubeldia-para-enfrentar\/","og_site_name":"G\u00e1vea News","article_publisher":"https:\/\/facebook.com\/gaveaNews\/","article_published_time":"2025-05-06T18:25:00+00:00","og_image":[{"width":1333,"height":889,"url":"https:\/\/www.gaveanews.com\/wp-content\/uploads\/Luis-Francisco-Zubeldia-treinador-do-Sao-Paulo-durante-partida-da-Copa-do-Brasil-2024.webp","type":"image\/webp"}],"author":"Leandro Cardoso","twitter_card":"summary_large_image","twitter_misc":{"Escrito por":"Leandro Cardoso","Est. tempo de leitura":"3 minutos"},"schema":{"@context":"https:\/\/schema.org","@graph":[{"@type":"NewsArticle","@id":"https:\/\/www.gaveanews.com\/index.php\/2025\/05\/06\/cedric-soares-rafael-alisson-ferreira-marcos-antonio-andre-silva-alan-franco-enzo-diaz-lucas-ferreira-ruan-matheus-alves-a-escalacao-do-sao-paulo-escolhida-por-luis-zubeldia-para-enfrentar\/#article","isPartOf":{"@id":"https:\/\/www.gaveanews.com\/index.php\/2025\/05\/06\/cedric-soares-rafael-alisson-ferreira-marcos-antonio-andre-silva-alan-franco-enzo-diaz-lucas-ferreira-ruan-matheus-alves-a-escalacao-do-sao-paulo-escolhida-por-luis-zubeldia-para-enfrentar\/"},"author":{"name":"Leandro Cardoso","@id":"https:\/\/www.gaveanews.com\/#\/schema\/person\/2424ec6409bc3f068411fc5e4e9b6168"},"headline":"C\u00e9dric Soares, Rafael, Alisson, Ferreira, Marcos Ant\u00f4nio, Andr\u00e9 Silva, Alan Franco, Enzo D\u00edaz, Lucas Ferreira, Ruan, Matheus Alves: a escala\u00e7\u00e3o do S\u00e3o Paulo escolhida por Luis Zubeld\u00eda para enfrentar o Alianza Lima","datePublished":"2025-05-06T18:25:00+00:00","mainEntityOfPage":{"@id":"https:\/\/www.gaveanews.com\/index.php\/2025\/05\/06\/cedric-soares-rafael-alisson-ferreira-marcos-antonio-andre-silva-alan-franco-enzo-diaz-lucas-ferreira-ruan-matheus-alves-a-escalacao-do-sao-paulo-escolhida-por-luis-zubeldia-para-enfrentar\/"},"wordCount":434,"commentCount":0,"image":{"@id":"https:\/\/www.gaveanews.com\/index.php\/2025\/05\/06\/cedric-soares-rafael-alisson-ferreira-marcos-antonio-andre-silva-alan-franco-enzo-diaz-lucas-ferreira-ruan-matheus-alves-a-escalacao-do-sao-paulo-escolhida-por-luis-zubeldia-para-enfrentar\/#primaryimage"},"thumbnailUrl":"https:\/\/www.gaveanews.com\/wp-content\/uploads\/Luis-Francisco-Zubeldia-treinador-do-Sao-Paulo-durante-partida-da-Copa-do-Brasil-2024.webp","articleSection":["S\u00e3o Paulo"],"inLanguage":"pt-BR","potentialAction":[{"@type":"CommentAction","name":"Comment","target":["https:\/\/www.gaveanews.com\/index.php\/2025\/05\/06\/cedric-soares-rafael-alisson-ferreira-marcos-antonio-andre-silva-alan-franco-enzo-diaz-lucas-ferreira-ruan-matheus-alves-a-escalacao-do-sao-paulo-escolhida-por-luis-zubeldia-para-enfrentar\/#respond"]}],"copyrightYear":"2025","copyrightHolder":{"@id":"https:\/\/www.gaveanews.com\/#organization"}},{"@type":"WebPage","@id":"https:\/\/www.gaveanews.com\/index.php\/2025\/05\/06\/cedric-soares-rafael-alisson-ferreira-marcos-antonio-andre-silva-alan-franco-enzo-diaz-lucas-ferreira-ruan-matheus-alves-a-escalacao-do-sao-paulo-escolhida-por-luis-zubeldia-para-enfrentar\/","url":"https:\/\/www.gaveanews.com\/index.php\/2025\/05\/06\/cedric-soares-rafael-alisson-ferreira-marcos-antonio-andre-silva-alan-franco-enzo-diaz-lucas-ferreira-ruan-matheus-alves-a-escalacao-do-sao-paulo-escolhida-por-luis-zubeldia-para-enfrentar\/","name":"C\u00e9dric Soares, Rafael, Alisson, Ferreira, Marcos Ant\u00f4nio, Andr\u00e9 Silva, Alan Franco, Enzo D\u00edaz, Lucas Ferreira, Ruan, Matheus Alves: a escala\u00e7\u00e3o do S\u00e3o Paulo escolhida por Luis Zubeld\u00eda para enfrentar o Alianza Lima","isPartOf":{"@id":"https:\/\/www.gaveanews.com\/#website"},"primaryImageOfPage":{"@id":"https:\/\/www.gaveanews.com\/index.php\/2025\/05\/06\/cedric-soares-rafael-alisson-ferreira-marcos-antonio-andre-silva-alan-franco-enzo-diaz-lucas-ferreira-ruan-matheus-alves-a-escalacao-do-sao-paulo-escolhida-por-luis-zubeldia-para-enfrentar\/#primaryimage"},"image":{"@id":"https:\/\/www.gaveanews.com\/index.php\/2025\/05\/06\/cedric-soares-rafael-alisson-ferreira-marcos-antonio-andre-silva-alan-franco-enzo-diaz-lucas-ferreira-ruan-matheus-alves-a-escalacao-do-sao-paulo-escolhida-por-luis-zubeldia-para-enfrentar\/#primaryimage"},"thumbnailUrl":"https:\/\/www.gaveanews.com\/wp-content\/uploads\/Luis-Francisco-Zubeldia-treinador-do-Sao-Paulo-durante-partida-da-Copa-do-Brasil-2024.webp","datePublished":"2025-05-06T18:25:00+00:00","author":{"@id":"https:\/\/www.gaveanews.com\/#\/schema\/person\/2424ec6409bc3f068411fc5e4e9b6168"},"breadcrumb":{"@id":"https:\/\/www.gaveanews.com\/index.php\/2025\/05\/06\/cedric-soares-rafael-alisson-ferreira-marcos-antonio-andre-silva-alan-franco-enzo-diaz-lucas-ferreira-ruan-matheus-alves-a-escalacao-do-sao-paulo-escolhida-por-luis-zubeldia-para-enfrentar\/#breadcrumb"},"inLanguage":"pt-BR","potentialAction":[{"@type":"ReadAction","target":["https:\/\/www.gaveanews.com\/index.php\/2025\/05\/06\/cedric-soares-rafael-alisson-ferreira-marcos-antonio-andre-silva-alan-franco-enzo-diaz-lucas-ferreira-ruan-matheus-alves-a-escalacao-do-sao-paulo-escolhida-por-luis-zubeldia-para-enfrentar\/"]}]},{"@type":"ImageObject","inLanguage":"pt-BR","@id":"https:\/\/www.gaveanews.com\/index.php\/2025\/05\/06\/cedric-soares-rafael-alisson-ferreira-marcos-antonio-andre-silva-alan-franco-enzo-diaz-lucas-ferreira-ruan-matheus-alves-a-escalacao-do-sao-paulo-escolhida-por-luis-zubeldia-para-enfrentar\/#primaryimage","url":"https:\/\/www.gaveanews.com\/wp-content\/uploads\/Luis-Francisco-Zubeldia-treinador-do-Sao-Paulo-durante-partida-da-Copa-do-Brasil-2024.webp","contentUrl":"https:\/\/www.gaveanews.com\/wp-content\/uploads\/Luis-Francisco-Zubeldia-treinador-do-Sao-Paulo-durante-partida-da-Copa-do-Brasil-2024.webp","width":1333,"height":889,"caption":"Luis Francisco Zubeld\u00eda, treinador do S\u00e3o Paulo durante partida da Copa do Brasil 2024 (Foto: Rubens Chiri e Paulo Pinto\/S\u00e3o Paulo)"},{"@type":"BreadcrumbList","@id":"https:\/\/www.gaveanews.com\/index.php\/2025\/05\/06\/cedric-soares-rafael-alisson-ferreira-marcos-antonio-andre-silva-alan-franco-enzo-diaz-lucas-ferreira-ruan-matheus-alves-a-escalacao-do-sao-paulo-escolhida-por-luis-zubeldia-para-enfrentar\/#breadcrumb","itemListElement":[{"@type":"ListItem","position":1,"name":"Home","item":"https:\/\/www.gaveanews.com\/"},{"@type":"ListItem","position":2,"name":"C\u00e9dric Soares, Rafael, Alisson, Ferreira, Marcos Ant\u00f4nio, Andr\u00e9 Silva, Alan Franco, Enzo D\u00edaz, Lucas Ferreira, Ruan, Matheus Alves: a escala\u00e7\u00e3o do S\u00e3o Paulo escolhida por Luis Zubeld\u00eda para enfrentar o Alianza Lima"}]},{"@type":"WebSite","@id":"https:\/\/www.gaveanews.com\/#website","url":"https:\/\/www.gaveanews.com\/","name":"G\u00e1vea News","description":"Veja todas as not\u00edcias sobre o Flamengo: Contrata\u00e7\u00f5es, categorias de base, resultados das partidas, tabela de classifica\u00e7\u00e3o, pr\u00f3ximos jogos!","potentialAction":[{"@type":"SearchAction","target":{"@type":"EntryPoint","urlTemplate":"https:\/\/www.gaveanews.com\/?s={search_term_string}"},"query-input":{"@type":"PropertyValueSpecification","valueRequired":true,"valueName":"search_term_string"}}],"inLanguage":"pt-BR"},{"@type":"Person","@id":"https:\/\/www.gaveanews.com\/#\/schema\/person\/2424ec6409bc3f068411fc5e4e9b6168","name":"Leandro Cardoso","image":{"@type":"ImageObject","inLanguage":"pt-BR","@id":"https:\/\/www.gaveanews.com\/#\/schema\/person\/image\/","url":"https:\/\/secure.gravatar.com\/avatar\/8ca179f9b55eefe9f376f5493ef25475bfa59fbc28ce937f6076ce20e523098f?s=96&d=mm&r=g","contentUrl":"https:\/\/secure.gravatar.com\/avatar\/8ca179f9b55eefe9f376f5493ef25475bfa59fbc28ce937f6076ce20e523098f?s=96&d=mm&r=g","caption":"Leandro Cardoso"}}]}},"_links":{"self":[{"href":"https:\/\/www.gaveanews.com\/index.php\/wp-json\/wp\/v2\/posts\/261055","targetHints":{"allow":["GET"]}}],"collection":[{"href":"https:\/\/www.gaveanews.com\/index.php\/wp-json\/wp\/v2\/posts"}],"about":[{"href":"https:\/\/www.gaveanews.com\/index.php\/wp-json\/wp\/v2\/types\/post"}],"author":[{"embeddable":true,"href":"https:\/\/www.gaveanews.com\/index.php\/wp-json\/wp\/v2\/users\/24"}],"replies":[{"embeddable":true,"href":"https:\/\/www.gaveanews.com\/index.php\/wp-json\/wp\/v2\/comments?post=261055"}],"version-history":[{"count":1,"href":"https:\/\/www.gaveanews.com\/index.php\/wp-json\/wp\/v2\/posts\/261055\/revisions"}],"predecessor-version":[{"id":261056,"href":"https:\/\/www.gaveanews.com\/index.php\/wp-json\/wp\/v2\/posts\/261055\/revisions\/261056"}],"wp:featuredmedia":[{"embeddable":true,"href":"https:\/\/www.gaveanews.com\/index.php\/wp-json\/wp\/v2\/media\/155699"}],"wp:attachment":[{"href":"https:\/\/www.gaveanews.com\/index.php\/wp-json\/wp\/v2\/media?parent=261055"}],"wp:term":[{"taxonomy":"category","embeddable":true,"href":"https:\/\/www.gaveanews.com\/index.php\/wp-json\/wp\/v2\/categories?post=261055"},{"taxonomy":"post_tag","embeddable":true,"href":"https:\/\/www.gaveanews.com\/index.php\/wp-json\/wp\/v2\/tags?post=261055"}],"curies":[{"name":"wp","href":"https:\/\/api.w.org\/{rel}","templated":true}]}}