{"id":261058,"date":"2025-05-06T15:45:00","date_gmt":"2025-05-06T18:45:00","guid":{"rendered":"https:\/\/www.gaveanews.com\/?p=261058"},"modified":"2025-05-06T15:43:40","modified_gmt":"2025-05-06T18:43:40","slug":"sao-paulo-de-zubeldia-pode-atingir-marca-historica-na-libertadores","status":"publish","type":"post","link":"https:\/\/www.gaveanews.com\/index.php\/2025\/05\/06\/sao-paulo-de-zubeldia-pode-atingir-marca-historica-na-libertadores\/","title":{"rendered":"S\u00e3o Paulo de Zubeld\u00eda pode atingir marca hist\u00f3rica na Libertadores"},"content":{"rendered":"\n<p>O S\u00e3o Paulo entra em campo nesta ter\u00e7a-feira (06), \u00e0s 19h (de Bras\u00edlia), com a possibilidade de alcan\u00e7ar um feito in\u00e9dito em sua trajet\u00f3ria na Copa Libertadores. Caso supere o Alianza Lima, no est\u00e1dio Alejandro Villanueva, no Peru, o clube registrar\u00e1 tr\u00eas vit\u00f3rias consecutivas fora de casa na fase de grupos da competi\u00e7\u00e3o continental. At\u00e9 hoje, isso nunca aconteceu com o Tricolor em uma mesma edi\u00e7\u00e3o.<\/p>\n\n\n\n<p>Atualmente, a equipe comandada por Luis Zubeld\u00eda lidera o Grupo D com sete pontos conquistados em tr\u00eas partidas. Superou o Cobresal e o Libertad como visitante e empatou em casa contra o pr\u00f3prio Alianza. Um novo triunfo n\u00e3o assegura matematicamente a vaga nas oitavas, mas deixaria o time em posi\u00e7\u00e3o confort\u00e1vel para a sequ\u00eancia da fase de grupos, com dez pontos somados.<\/p>\n\n\n\n<p>Para esta partida, o t\u00e9cnico argentino poder\u00e1 contar novamente com Arboleda e Pablo Maia. O zagueiro, que lida com recorrentes sobrecargas musculares, est\u00e1 recuperado e deve iniciar no banco. O volante, por sua vez, retorna ap\u00f3s per\u00edodo de transi\u00e7\u00e3o f\u00edsica em virtude de uma cirurgia no tornozelo direito. J\u00e1 o meio-campista Oscar permanece em recupera\u00e7\u00e3o e sequer viajou com a delega\u00e7\u00e3o.<\/p>\n\n\n\n<p>Zubeld\u00eda, que tem aproveitamento expressivo \u00e0 frente do time na Libertadores, soma 11 partidas de invencibilidade no torneio continental \u2014 seis vit\u00f3rias e cinco empates. Na atual edi\u00e7\u00e3o, foram dois triunfos e um empate. Embora a s\u00e9rie positiva represente consist\u00eancia, o pr\u00f3prio elenco reconhece a necessidade de transformar boas atua\u00e7\u00f5es em mais resultados. <\/p>\n\n\n\n<p>\u201cPrecisamos pontuar mais, temos de vencer\u201d, afirmou Lucas Moura ap\u00f3s o empate com o Fortaleza no Campeonato Brasileiro.<\/p>\n\n\n\n<h2 class=\"wp-block-heading\" id=\"h-planejamento-do-sao-paulo\">Planejamento do S\u00e3o Paulo<\/h2>\n\n\n\n<p>A prepara\u00e7\u00e3o em Lima foi detalhadamente planejada. Diferente dos jogos anteriores, em que a equipe chegou \u00e0 cidade da partida na v\u00e9spera, desta vez o clube desembarcou no domingo (04), dois dias antes do duelo. A log\u00edstica visou proporcionar mais tempo de adapta\u00e7\u00e3o ao elenco, especialmente em fun\u00e7\u00e3o do desgaste com a longa viagem.<\/p>\n\n\n\n<p>No treino de segunda-feira (05), o t\u00e9cnico realizou trabalhos t\u00e1ticos com o elenco completo. Foram ensaiadas jogadas de bola parada e simula\u00e7\u00f5es de jogo em campo reduzido. A forma\u00e7\u00e3o prov\u00e1vel do Tricolor para enfrentar os peruanos tem: <strong>Rafael; C\u00e9dric Soares (ou Ferraresi), Ruan (ou Arboleda), Alan Franco e Enzo D\u00edaz; Marcos Ant\u00f4nio e Alisson; Matheus Alves; Lucas Ferreira, Andr\u00e9 Silva e Ferreira<\/strong>.<\/p>\n\n\n\n<p>Do outro lado, o Alianza Lima busca repetir o desempenho que teve no Morumbis, quando arrancou empate ap\u00f3s estar perdendo por dois gols de diferen\u00e7a. Apesar disso, a equipe do t\u00e9cnico N\u00e9stor Gorosito vem de derrota no Campeonato Peruano e ainda lida com a aus\u00eancia do uruguaio Pablo Cepellini, suspenso pela Conmebol por quatro meses por ato discriminat\u00f3rio. <\/p>\n\n\n\n<p>Paolo Guerrero e Hern\u00e1n Barcos, experientes atacantes com passagem pelo futebol brasileiro, foram relacionados e s\u00e3o as principais apostas ofensivas dos donos da casa.<\/p>\n\n\n\n<p><\/p>\n","protected":false},"excerpt":{"rendered":"<p>O S\u00e3o Paulo entra em campo nesta ter\u00e7a-feira (06), \u00e0s 19h (de Bras\u00edlia), com a possibilidade de alcan\u00e7ar um feito in\u00e9dito em sua trajet\u00f3ria na Copa Libertadores. Caso supere o Alianza Lima, no est\u00e1dio Alejandro Villanueva, no Peru, o clube registrar\u00e1 tr\u00eas vit\u00f3rias consecutivas fora de casa na fase de grupos da competi\u00e7\u00e3o continental. At\u00e9 [&hellip;]<\/p>\n","protected":false},"author":30,"featured_media":155699,"comment_status":"open","ping_status":"closed","sticky":false,"template":"","format":"standard","meta":{"footnotes":""},"categories":[151],"tags":[],"class_list":["post-261058","post","type-post","status-publish","format-standard","has-post-thumbnail","hentry","category-sao-paulo"],"yoast_head":"<!-- This site is optimized with the Yoast SEO Premium plugin v24.2 (Yoast SEO v26.9) - https:\/\/yoast.com\/product\/yoast-seo-premium-wordpress\/ -->\n<title>S\u00e3o Paulo de Zubeld\u00eda pode atingir marca hist\u00f3rica na Libertadores<\/title>\n<meta name=\"robots\" content=\"index, follow, max-snippet:-1, max-image-preview:large, max-video-preview:-1\" \/>\n<link rel=\"canonical\" href=\"https:\/\/www.gaveanews.com\/index.php\/2025\/05\/06\/sao-paulo-de-zubeldia-pode-atingir-marca-historica-na-libertadores\/\" \/>\n<meta property=\"og:locale\" content=\"pt_BR\" \/>\n<meta property=\"og:type\" content=\"article\" \/>\n<meta property=\"og:title\" content=\"S\u00e3o Paulo de Zubeld\u00eda pode atingir marca hist\u00f3rica na Libertadores\" \/>\n<meta property=\"og:description\" content=\"O S\u00e3o Paulo entra em campo nesta ter\u00e7a-feira (06), \u00e0s 19h (de Bras\u00edlia), com a possibilidade de alcan\u00e7ar um feito in\u00e9dito em sua trajet\u00f3ria na Copa Libertadores. Caso supere o Alianza Lima, no est\u00e1dio Alejandro Villanueva, no Peru, o clube registrar\u00e1 tr\u00eas vit\u00f3rias consecutivas fora de casa na fase de grupos da competi\u00e7\u00e3o continental. At\u00e9 [&hellip;]\" \/>\n<meta property=\"og:url\" content=\"https:\/\/www.gaveanews.com\/index.php\/2025\/05\/06\/sao-paulo-de-zubeldia-pode-atingir-marca-historica-na-libertadores\/\" \/>\n<meta property=\"og:site_name\" content=\"G\u00e1vea News\" \/>\n<meta property=\"article:publisher\" content=\"https:\/\/facebook.com\/gaveaNews\/\" \/>\n<meta property=\"article:published_time\" content=\"2025-05-06T18:45:00+00:00\" \/>\n<meta property=\"og:image\" content=\"https:\/\/www.gaveanews.com\/wp-content\/uploads\/Luis-Francisco-Zubeldia-treinador-do-Sao-Paulo-durante-partida-da-Copa-do-Brasil-2024.webp\" \/>\n\t<meta property=\"og:image:width\" content=\"1333\" \/>\n\t<meta property=\"og:image:height\" content=\"889\" \/>\n\t<meta property=\"og:image:type\" content=\"image\/webp\" \/>\n<meta name=\"author\" content=\"Ana Teixeira\" \/>\n<meta name=\"twitter:card\" content=\"summary_large_image\" \/>\n<meta name=\"twitter:label1\" content=\"Escrito por\" \/>\n\t<meta name=\"twitter:data1\" content=\"Ana Teixeira\" \/>\n\t<meta name=\"twitter:label2\" content=\"Est. tempo de leitura\" \/>\n\t<meta name=\"twitter:data2\" content=\"3 minutos\" \/>\n<script type=\"application\/ld+json\" class=\"yoast-schema-graph\">{\"@context\":\"https:\/\/schema.org\",\"@graph\":[{\"@type\":\"NewsArticle\",\"@id\":\"https:\/\/www.gaveanews.com\/index.php\/2025\/05\/06\/sao-paulo-de-zubeldia-pode-atingir-marca-historica-na-libertadores\/#article\",\"isPartOf\":{\"@id\":\"https:\/\/www.gaveanews.com\/index.php\/2025\/05\/06\/sao-paulo-de-zubeldia-pode-atingir-marca-historica-na-libertadores\/\"},\"author\":{\"name\":\"Ana Teixeira\",\"@id\":\"https:\/\/www.gaveanews.com\/#\/schema\/person\/3b19f7288b0ce20372991275e4f2e6c2\"},\"headline\":\"S\u00e3o Paulo de Zubeld\u00eda pode atingir marca hist\u00f3rica na Libertadores\",\"datePublished\":\"2025-05-06T18:45:00+00:00\",\"mainEntityOfPage\":{\"@id\":\"https:\/\/www.gaveanews.com\/index.php\/2025\/05\/06\/sao-paulo-de-zubeldia-pode-atingir-marca-historica-na-libertadores\/\"},\"wordCount\":523,\"commentCount\":0,\"image\":{\"@id\":\"https:\/\/www.gaveanews.com\/index.php\/2025\/05\/06\/sao-paulo-de-zubeldia-pode-atingir-marca-historica-na-libertadores\/#primaryimage\"},\"thumbnailUrl\":\"https:\/\/www.gaveanews.com\/wp-content\/uploads\/Luis-Francisco-Zubeldia-treinador-do-Sao-Paulo-durante-partida-da-Copa-do-Brasil-2024.webp\",\"articleSection\":[\"S\u00e3o Paulo\"],\"inLanguage\":\"pt-BR\",\"potentialAction\":[{\"@type\":\"CommentAction\",\"name\":\"Comment\",\"target\":[\"https:\/\/www.gaveanews.com\/index.php\/2025\/05\/06\/sao-paulo-de-zubeldia-pode-atingir-marca-historica-na-libertadores\/#respond\"]}],\"copyrightYear\":\"2025\",\"copyrightHolder\":{\"@id\":\"https:\/\/www.gaveanews.com\/#organization\"}},{\"@type\":\"WebPage\",\"@id\":\"https:\/\/www.gaveanews.com\/index.php\/2025\/05\/06\/sao-paulo-de-zubeldia-pode-atingir-marca-historica-na-libertadores\/\",\"url\":\"https:\/\/www.gaveanews.com\/index.php\/2025\/05\/06\/sao-paulo-de-zubeldia-pode-atingir-marca-historica-na-libertadores\/\",\"name\":\"S\u00e3o Paulo de Zubeld\u00eda pode atingir marca hist\u00f3rica na Libertadores\",\"isPartOf\":{\"@id\":\"https:\/\/www.gaveanews.com\/#website\"},\"primaryImageOfPage\":{\"@id\":\"https:\/\/www.gaveanews.com\/index.php\/2025\/05\/06\/sao-paulo-de-zubeldia-pode-atingir-marca-historica-na-libertadores\/#primaryimage\"},\"image\":{\"@id\":\"https:\/\/www.gaveanews.com\/index.php\/2025\/05\/06\/sao-paulo-de-zubeldia-pode-atingir-marca-historica-na-libertadores\/#primaryimage\"},\"thumbnailUrl\":\"https:\/\/www.gaveanews.com\/wp-content\/uploads\/Luis-Francisco-Zubeldia-treinador-do-Sao-Paulo-durante-partida-da-Copa-do-Brasil-2024.webp\",\"datePublished\":\"2025-05-06T18:45:00+00:00\",\"author\":{\"@id\":\"https:\/\/www.gaveanews.com\/#\/schema\/person\/3b19f7288b0ce20372991275e4f2e6c2\"},\"breadcrumb\":{\"@id\":\"https:\/\/www.gaveanews.com\/index.php\/2025\/05\/06\/sao-paulo-de-zubeldia-pode-atingir-marca-historica-na-libertadores\/#breadcrumb\"},\"inLanguage\":\"pt-BR\",\"potentialAction\":[{\"@type\":\"ReadAction\",\"target\":[\"https:\/\/www.gaveanews.com\/index.php\/2025\/05\/06\/sao-paulo-de-zubeldia-pode-atingir-marca-historica-na-libertadores\/\"]}]},{\"@type\":\"ImageObject\",\"inLanguage\":\"pt-BR\",\"@id\":\"https:\/\/www.gaveanews.com\/index.php\/2025\/05\/06\/sao-paulo-de-zubeldia-pode-atingir-marca-historica-na-libertadores\/#primaryimage\",\"url\":\"https:\/\/www.gaveanews.com\/wp-content\/uploads\/Luis-Francisco-Zubeldia-treinador-do-Sao-Paulo-durante-partida-da-Copa-do-Brasil-2024.webp\",\"contentUrl\":\"https:\/\/www.gaveanews.com\/wp-content\/uploads\/Luis-Francisco-Zubeldia-treinador-do-Sao-Paulo-durante-partida-da-Copa-do-Brasil-2024.webp\",\"width\":1333,\"height\":889,\"caption\":\"Luis Francisco Zubeld\u00eda, treinador do S\u00e3o Paulo durante partida da Copa do Brasil 2024 (Foto: Rubens Chiri e Paulo Pinto\/S\u00e3o Paulo)\"},{\"@type\":\"BreadcrumbList\",\"@id\":\"https:\/\/www.gaveanews.com\/index.php\/2025\/05\/06\/sao-paulo-de-zubeldia-pode-atingir-marca-historica-na-libertadores\/#breadcrumb\",\"itemListElement\":[{\"@type\":\"ListItem\",\"position\":1,\"name\":\"Home\",\"item\":\"https:\/\/www.gaveanews.com\/\"},{\"@type\":\"ListItem\",\"position\":2,\"name\":\"S\u00e3o Paulo de Zubeld\u00eda pode atingir marca hist\u00f3rica na Libertadores\"}]},{\"@type\":\"WebSite\",\"@id\":\"https:\/\/www.gaveanews.com\/#website\",\"url\":\"https:\/\/www.gaveanews.com\/\",\"name\":\"G\u00e1vea News\",\"description\":\"Veja todas as not\u00edcias sobre o Flamengo: Contrata\u00e7\u00f5es, categorias de base, resultados das partidas, tabela de classifica\u00e7\u00e3o, pr\u00f3ximos jogos!\",\"potentialAction\":[{\"@type\":\"SearchAction\",\"target\":{\"@type\":\"EntryPoint\",\"urlTemplate\":\"https:\/\/www.gaveanews.com\/?s={search_term_string}\"},\"query-input\":{\"@type\":\"PropertyValueSpecification\",\"valueRequired\":true,\"valueName\":\"search_term_string\"}}],\"inLanguage\":\"pt-BR\"},{\"@type\":\"Person\",\"@id\":\"https:\/\/www.gaveanews.com\/#\/schema\/person\/3b19f7288b0ce20372991275e4f2e6c2\",\"name\":\"Ana Teixeira\",\"image\":{\"@type\":\"ImageObject\",\"inLanguage\":\"pt-BR\",\"@id\":\"https:\/\/www.gaveanews.com\/#\/schema\/person\/image\/\",\"url\":\"https:\/\/secure.gravatar.com\/avatar\/0a73f5a5258f3fed37fc2fa641892f3f7a4748456d4d4792f9bc550e6c19e06c?s=96&d=mm&r=g\",\"contentUrl\":\"https:\/\/secure.gravatar.com\/avatar\/0a73f5a5258f3fed37fc2fa641892f3f7a4748456d4d4792f9bc550e6c19e06c?s=96&d=mm&r=g\",\"caption\":\"Ana Teixeira\"}}]}<\/script>\n<!-- \/ Yoast SEO Premium plugin. -->","yoast_head_json":{"title":"S\u00e3o Paulo de Zubeld\u00eda pode atingir marca hist\u00f3rica na Libertadores","robots":{"index":"index","follow":"follow","max-snippet":"max-snippet:-1","max-image-preview":"max-image-preview:large","max-video-preview":"max-video-preview:-1"},"canonical":"https:\/\/www.gaveanews.com\/index.php\/2025\/05\/06\/sao-paulo-de-zubeldia-pode-atingir-marca-historica-na-libertadores\/","og_locale":"pt_BR","og_type":"article","og_title":"S\u00e3o Paulo de Zubeld\u00eda pode atingir marca hist\u00f3rica na Libertadores","og_description":"O S\u00e3o Paulo entra em campo nesta ter\u00e7a-feira (06), \u00e0s 19h (de Bras\u00edlia), com a possibilidade de alcan\u00e7ar um feito in\u00e9dito em sua trajet\u00f3ria na Copa Libertadores. Caso supere o Alianza Lima, no est\u00e1dio Alejandro Villanueva, no Peru, o clube registrar\u00e1 tr\u00eas vit\u00f3rias consecutivas fora de casa na fase de grupos da competi\u00e7\u00e3o continental. At\u00e9 [&hellip;]","og_url":"https:\/\/www.gaveanews.com\/index.php\/2025\/05\/06\/sao-paulo-de-zubeldia-pode-atingir-marca-historica-na-libertadores\/","og_site_name":"G\u00e1vea News","article_publisher":"https:\/\/facebook.com\/gaveaNews\/","article_published_time":"2025-05-06T18:45:00+00:00","og_image":[{"width":1333,"height":889,"url":"https:\/\/www.gaveanews.com\/wp-content\/uploads\/Luis-Francisco-Zubeldia-treinador-do-Sao-Paulo-durante-partida-da-Copa-do-Brasil-2024.webp","type":"image\/webp"}],"author":"Ana Teixeira","twitter_card":"summary_large_image","twitter_misc":{"Escrito por":"Ana Teixeira","Est. tempo de leitura":"3 minutos"},"schema":{"@context":"https:\/\/schema.org","@graph":[{"@type":"NewsArticle","@id":"https:\/\/www.gaveanews.com\/index.php\/2025\/05\/06\/sao-paulo-de-zubeldia-pode-atingir-marca-historica-na-libertadores\/#article","isPartOf":{"@id":"https:\/\/www.gaveanews.com\/index.php\/2025\/05\/06\/sao-paulo-de-zubeldia-pode-atingir-marca-historica-na-libertadores\/"},"author":{"name":"Ana Teixeira","@id":"https:\/\/www.gaveanews.com\/#\/schema\/person\/3b19f7288b0ce20372991275e4f2e6c2"},"headline":"S\u00e3o Paulo de Zubeld\u00eda pode atingir marca hist\u00f3rica na Libertadores","datePublished":"2025-05-06T18:45:00+00:00","mainEntityOfPage":{"@id":"https:\/\/www.gaveanews.com\/index.php\/2025\/05\/06\/sao-paulo-de-zubeldia-pode-atingir-marca-historica-na-libertadores\/"},"wordCount":523,"commentCount":0,"image":{"@id":"https:\/\/www.gaveanews.com\/index.php\/2025\/05\/06\/sao-paulo-de-zubeldia-pode-atingir-marca-historica-na-libertadores\/#primaryimage"},"thumbnailUrl":"https:\/\/www.gaveanews.com\/wp-content\/uploads\/Luis-Francisco-Zubeldia-treinador-do-Sao-Paulo-durante-partida-da-Copa-do-Brasil-2024.webp","articleSection":["S\u00e3o Paulo"],"inLanguage":"pt-BR","potentialAction":[{"@type":"CommentAction","name":"Comment","target":["https:\/\/www.gaveanews.com\/index.php\/2025\/05\/06\/sao-paulo-de-zubeldia-pode-atingir-marca-historica-na-libertadores\/#respond"]}],"copyrightYear":"2025","copyrightHolder":{"@id":"https:\/\/www.gaveanews.com\/#organization"}},{"@type":"WebPage","@id":"https:\/\/www.gaveanews.com\/index.php\/2025\/05\/06\/sao-paulo-de-zubeldia-pode-atingir-marca-historica-na-libertadores\/","url":"https:\/\/www.gaveanews.com\/index.php\/2025\/05\/06\/sao-paulo-de-zubeldia-pode-atingir-marca-historica-na-libertadores\/","name":"S\u00e3o Paulo de Zubeld\u00eda pode atingir marca hist\u00f3rica na Libertadores","isPartOf":{"@id":"https:\/\/www.gaveanews.com\/#website"},"primaryImageOfPage":{"@id":"https:\/\/www.gaveanews.com\/index.php\/2025\/05\/06\/sao-paulo-de-zubeldia-pode-atingir-marca-historica-na-libertadores\/#primaryimage"},"image":{"@id":"https:\/\/www.gaveanews.com\/index.php\/2025\/05\/06\/sao-paulo-de-zubeldia-pode-atingir-marca-historica-na-libertadores\/#primaryimage"},"thumbnailUrl":"https:\/\/www.gaveanews.com\/wp-content\/uploads\/Luis-Francisco-Zubeldia-treinador-do-Sao-Paulo-durante-partida-da-Copa-do-Brasil-2024.webp","datePublished":"2025-05-06T18:45:00+00:00","author":{"@id":"https:\/\/www.gaveanews.com\/#\/schema\/person\/3b19f7288b0ce20372991275e4f2e6c2"},"breadcrumb":{"@id":"https:\/\/www.gaveanews.com\/index.php\/2025\/05\/06\/sao-paulo-de-zubeldia-pode-atingir-marca-historica-na-libertadores\/#breadcrumb"},"inLanguage":"pt-BR","potentialAction":[{"@type":"ReadAction","target":["https:\/\/www.gaveanews.com\/index.php\/2025\/05\/06\/sao-paulo-de-zubeldia-pode-atingir-marca-historica-na-libertadores\/"]}]},{"@type":"ImageObject","inLanguage":"pt-BR","@id":"https:\/\/www.gaveanews.com\/index.php\/2025\/05\/06\/sao-paulo-de-zubeldia-pode-atingir-marca-historica-na-libertadores\/#primaryimage","url":"https:\/\/www.gaveanews.com\/wp-content\/uploads\/Luis-Francisco-Zubeldia-treinador-do-Sao-Paulo-durante-partida-da-Copa-do-Brasil-2024.webp","contentUrl":"https:\/\/www.gaveanews.com\/wp-content\/uploads\/Luis-Francisco-Zubeldia-treinador-do-Sao-Paulo-durante-partida-da-Copa-do-Brasil-2024.webp","width":1333,"height":889,"caption":"Luis Francisco Zubeld\u00eda, treinador do S\u00e3o Paulo durante partida da Copa do Brasil 2024 (Foto: Rubens Chiri e Paulo Pinto\/S\u00e3o Paulo)"},{"@type":"BreadcrumbList","@id":"https:\/\/www.gaveanews.com\/index.php\/2025\/05\/06\/sao-paulo-de-zubeldia-pode-atingir-marca-historica-na-libertadores\/#breadcrumb","itemListElement":[{"@type":"ListItem","position":1,"name":"Home","item":"https:\/\/www.gaveanews.com\/"},{"@type":"ListItem","position":2,"name":"S\u00e3o Paulo de Zubeld\u00eda pode atingir marca hist\u00f3rica na Libertadores"}]},{"@type":"WebSite","@id":"https:\/\/www.gaveanews.com\/#website","url":"https:\/\/www.gaveanews.com\/","name":"G\u00e1vea News","description":"Veja todas as not\u00edcias sobre o Flamengo: Contrata\u00e7\u00f5es, categorias de base, resultados das partidas, tabela de classifica\u00e7\u00e3o, pr\u00f3ximos jogos!","potentialAction":[{"@type":"SearchAction","target":{"@type":"EntryPoint","urlTemplate":"https:\/\/www.gaveanews.com\/?s={search_term_string}"},"query-input":{"@type":"PropertyValueSpecification","valueRequired":true,"valueName":"search_term_string"}}],"inLanguage":"pt-BR"},{"@type":"Person","@id":"https:\/\/www.gaveanews.com\/#\/schema\/person\/3b19f7288b0ce20372991275e4f2e6c2","name":"Ana Teixeira","image":{"@type":"ImageObject","inLanguage":"pt-BR","@id":"https:\/\/www.gaveanews.com\/#\/schema\/person\/image\/","url":"https:\/\/secure.gravatar.com\/avatar\/0a73f5a5258f3fed37fc2fa641892f3f7a4748456d4d4792f9bc550e6c19e06c?s=96&d=mm&r=g","contentUrl":"https:\/\/secure.gravatar.com\/avatar\/0a73f5a5258f3fed37fc2fa641892f3f7a4748456d4d4792f9bc550e6c19e06c?s=96&d=mm&r=g","caption":"Ana Teixeira"}}]}},"_links":{"self":[{"href":"https:\/\/www.gaveanews.com\/index.php\/wp-json\/wp\/v2\/posts\/261058","targetHints":{"allow":["GET"]}}],"collection":[{"href":"https:\/\/www.gaveanews.com\/index.php\/wp-json\/wp\/v2\/posts"}],"about":[{"href":"https:\/\/www.gaveanews.com\/index.php\/wp-json\/wp\/v2\/types\/post"}],"author":[{"embeddable":true,"href":"https:\/\/www.gaveanews.com\/index.php\/wp-json\/wp\/v2\/users\/30"}],"replies":[{"embeddable":true,"href":"https:\/\/www.gaveanews.com\/index.php\/wp-json\/wp\/v2\/comments?post=261058"}],"version-history":[{"count":1,"href":"https:\/\/www.gaveanews.com\/index.php\/wp-json\/wp\/v2\/posts\/261058\/revisions"}],"predecessor-version":[{"id":261067,"href":"https:\/\/www.gaveanews.com\/index.php\/wp-json\/wp\/v2\/posts\/261058\/revisions\/261067"}],"wp:featuredmedia":[{"embeddable":true,"href":"https:\/\/www.gaveanews.com\/index.php\/wp-json\/wp\/v2\/media\/155699"}],"wp:attachment":[{"href":"https:\/\/www.gaveanews.com\/index.php\/wp-json\/wp\/v2\/media?parent=261058"}],"wp:term":[{"taxonomy":"category","embeddable":true,"href":"https:\/\/www.gaveanews.com\/index.php\/wp-json\/wp\/v2\/categories?post=261058"},{"taxonomy":"post_tag","embeddable":true,"href":"https:\/\/www.gaveanews.com\/index.php\/wp-json\/wp\/v2\/tags?post=261058"}],"curies":[{"name":"wp","href":"https:\/\/api.w.org\/{rel}","templated":true}]}}