{"id":261059,"date":"2025-05-06T15:50:00","date_gmt":"2025-05-06T18:50:00","guid":{"rendered":"https:\/\/www.gaveanews.com\/?p=261059"},"modified":"2025-05-06T15:43:49","modified_gmt":"2025-05-06T18:43:49","slug":"stf-e-acionado-em-caso-de-ednaldo-rodrigues-presidente-da-cbf","status":"publish","type":"post","link":"https:\/\/www.gaveanews.com\/index.php\/2025\/05\/06\/stf-e-acionado-em-caso-de-ednaldo-rodrigues-presidente-da-cbf\/","title":{"rendered":"STF \u00e9 acionado em caso de Ednaldo Rodrigues, presidente da CBF"},"content":{"rendered":"\n<p>O comando de Ednaldo Rodrigues \u00e0 frente da Confedera\u00e7\u00e3o Brasileira de Futebol volta a ser alvo de contesta\u00e7\u00e3o jur\u00eddica no Supremo Tribunal Federal (STF), ap\u00f3s revela\u00e7\u00f5es que colocam em d\u00favida a legitimidade de um acordo firmado em janeiro de 2024 &#8211; o qual havia assegurado sua continuidade no cargo. Uma nova per\u00edcia questiona a autenticidade de uma das assinaturas presentes no documento, reacendendo o debate em torno da validade da sua gest\u00e3o.<\/p>\n\n\n\n<p>A pe\u00e7a central dessa nova ofensiva \u00e9 uma suposta falsifica\u00e7\u00e3o da assinatura do ex-presidente interino da CBF, Coronel Ant\u00f4nio Carlos Nunes. O laudo t\u00e9cnico produzido pela perita Jacqueline Tirotti concluiu que as assinaturas atribu\u00eddas a Nunes no acordo judicial exibem diverg\u00eancias substanciais em rela\u00e7\u00e3o ao padr\u00e3o gr\u00e1fico do ex-dirigente. O documento pericial tamb\u00e9m apontou falhas como a aus\u00eancia de rubricas e a n\u00e3o fixa\u00e7\u00e3o das folhas, o que facilitaria eventuais altera\u00e7\u00f5es no conte\u00fado original.<\/p>\n\n\n\n<p>Essa an\u00e1lise foi anexada a uma peti\u00e7\u00e3o protocolada pela deputada federal Daniela do Waguinho (Uni\u00e3o Brasil-RJ), que solicita ao STF o afastamento imediato de Ednaldo. No texto, a parlamentar afirma: <\/p>\n\n\n\n<p>\u201cPugna-se para que (&#8230;) seja determinado o afastamento imediato do Sr. Ednaldo Rodrigues do cargo de Presidente da CBF, tendo em vista as evid\u00eancias suficientes que apontam a ocorr\u00eancia de simula\u00e7\u00e3o no \u00e2mbito do referido acordo e as graves den\u00fancias de gest\u00e3o temer\u00e1ria\u201d.<\/p>\n\n\n\n<h2 class=\"wp-block-heading\" id=\"h-saude-de-nunes\">Sa\u00fade de Nunes<\/h2>\n\n\n\n<p>A deputada ainda fundamenta seu pedido em quest\u00f5es relacionadas \u00e0 sa\u00fade de Nunes. Segundo consta no laudo do neurocirurgi\u00e3o Jorge Pagura, que cuida do ex-dirigente desde 2018, ele apresenta d\u00e9ficit cognitivo, agravado por uma cirurgia considerada agressiva realizada em 2023. <\/p>\n\n\n\n<p>\u201cA referida indica\u00e7\u00e3o de que houve v\u00edcio de consentimento na assinatura do documento pode ser notada pelo fato de que (&#8230;) j\u00e1 existia laudo m\u00e9dico apontando que o Sr. Ant\u00f4nio Carlos Nunes de Lima n\u00e3o detinha as condi\u00e7\u00f5es f\u00edsicas e cognitivas para expor seu aceite a qualquer condi\u00e7\u00e3o que lhe fosse apresentada\u201d, argumenta a peti\u00e7\u00e3o.<\/p>\n\n\n\n<p>Esse cen\u00e1rio tamb\u00e9m provocou rea\u00e7\u00f5es em outras esferas. O vereador Marcos Dias Ferreira (Podemos-RJ), que encomendou o laudo, j\u00e1 acionou o Minist\u00e9rio P\u00fablico do Rio de Janeiro, solicitando abertura de investiga\u00e7\u00e3o sobre a autenticidade da assinatura. Em Bras\u00edlia, o deputado Sargento Gon\u00e7alves (PL-RN) apresentou requerimento para convocar Ednaldo a depor na Comiss\u00e3o de Esporte da C\u00e2mara.<\/p>\n\n\n\n<p>A controv\u00e9rsia remonta ao acordo firmado em 24 de janeiro deste ano, assinado por nomes de peso como Fernando Sarney, Gustavo Feij\u00f3, Castellar Guimar\u00e3es Neto, Rog\u00e9rio Caboclo e a Federa\u00e7\u00e3o Mineira de Futebol. O texto encerrava lit\u00edgios sobre a legalidade das assembleias que elegeram Ednaldo em 2022 e dava fim a disputas judiciais em diversas inst\u00e2ncias. A assinatura do Coronel Nunes, todavia, se tornou o foco da nova crise.<\/p>\n\n\n\n<p>Daniela do Waguinho, que j\u00e1 ocupou o cargo de ministra do Turismo no governo Lula, requer n\u00e3o apenas o afastamento de Ednaldo, mas tamb\u00e9m a revis\u00e3o da decis\u00e3o do STF que validou judicialmente o acordo. Essa decis\u00e3o foi proferida pelo ministro Gilmar Mendes em janeiro de 2024. O julgamento da liminar, inclusive, est\u00e1 agendado para o pr\u00f3ximo dia 28 de maio.<\/p>\n\n\n\n<h2 class=\"wp-block-heading\" id=\"h-nota-oficial-da-cbf\">Nota oficial da CBF<\/h2>\n\n\n\n<p>&#8220;A Confedera\u00e7\u00e3o Brasileira de Futebol (CBF) reitera seu compromisso com a transpar\u00eancia, a legalidade e a boa-f\u00e9 em todas as suas a\u00e7\u00f5es e decis\u00f5es institucionais.<\/p>\n\n\n\n<p>Diante das recentes not\u00edcias veiculadas na imprensa sobre suposto v\u00edcio de vontade em assinatura constante do acordo homologado pelo Supremo Tribunal Federal (STF), que reconheceu a legitimidade da elei\u00e7\u00e3o do presidente Ednaldo Rodrigues, a CBF esclarece que ainda n\u00e3o teve acesso formal ao referido laudo pericial, supostamente asssinado por perito particular, que est\u00e1 sendo utilizado de forma midi\u00e1tica e precipitada, em verdadeira espetaculariza\u00e7\u00e3o que atende a interesses nada republicanos e aparentemente questionado por terceiros absolutamente estranhos ao processo.<\/p>\n\n\n\n<p>A CBF enfatiza que todos os atos relacionados ao acordo mencionado foram conduzidos dentro da legalidade e com a participa\u00e7\u00e3o de representantes devidamente legitimados. O processo foi leg\u00edtimo e teve acordo homologado.<\/p>\n\n\n\n<p>\u00c9 absolutamente inverdade que esse processo tenha sido reaberto a pedido de uma parlamentar.<\/p>\n\n\n\n<p>A CBF confia plenamente na Justi\u00e7a brasileira e permanece \u00e0 disposi\u00e7\u00e3o das autoridades competentes para esclarecer quaisquer d\u00favidas que eventualmente surjam. A entidade segue focada em sua miss\u00e3o de promover o futebol brasileiro com seriedade, profissionalismo e respeito \u00e0s institui\u00e7\u00f5es e com absoluta tranquilidade de que todos os princ\u00edpios de boa gest\u00e3o e de probidade s\u00e3o diuturnamente respeitados&#8221;.<\/p>\n","protected":false},"excerpt":{"rendered":"<p>O comando de Ednaldo Rodrigues \u00e0 frente da Confedera\u00e7\u00e3o Brasileira de Futebol volta a ser alvo de contesta\u00e7\u00e3o jur\u00eddica no Supremo Tribunal Federal (STF), ap\u00f3s revela\u00e7\u00f5es que colocam em d\u00favida a legitimidade de um acordo firmado em janeiro de 2024 &#8211; o qual havia assegurado sua continuidade no cargo. Uma nova per\u00edcia questiona a autenticidade [&hellip;]<\/p>\n","protected":false},"author":30,"featured_media":114931,"comment_status":"open","ping_status":"closed","sticky":false,"template":"","format":"standard","meta":{"footnotes":""},"categories":[478,477],"tags":[],"class_list":["post-261059","post","type-post","status-publish","format-standard","has-post-thumbnail","hentry","category-brasil","category-selecoes"],"yoast_head":"<!-- This site is optimized with the Yoast SEO Premium plugin v24.2 (Yoast SEO v26.9) - https:\/\/yoast.com\/product\/yoast-seo-premium-wordpress\/ -->\n<title>STF \u00e9 acionado em caso de Ednaldo Rodrigues, presidente da CBF<\/title>\n<meta name=\"robots\" content=\"index, follow, max-snippet:-1, max-image-preview:large, max-video-preview:-1\" \/>\n<link rel=\"canonical\" href=\"https:\/\/www.gaveanews.com\/index.php\/2025\/05\/06\/stf-e-acionado-em-caso-de-ednaldo-rodrigues-presidente-da-cbf\/\" \/>\n<meta property=\"og:locale\" content=\"pt_BR\" \/>\n<meta property=\"og:type\" content=\"article\" \/>\n<meta property=\"og:title\" content=\"STF \u00e9 acionado em caso de Ednaldo Rodrigues, presidente da CBF\" \/>\n<meta property=\"og:description\" content=\"O comando de Ednaldo Rodrigues \u00e0 frente da Confedera\u00e7\u00e3o Brasileira de Futebol volta a ser alvo de contesta\u00e7\u00e3o jur\u00eddica no Supremo Tribunal Federal (STF), ap\u00f3s revela\u00e7\u00f5es que colocam em d\u00favida a legitimidade de um acordo firmado em janeiro de 2024 &#8211; o qual havia assegurado sua continuidade no cargo. Uma nova per\u00edcia questiona a autenticidade [&hellip;]\" \/>\n<meta property=\"og:url\" content=\"https:\/\/www.gaveanews.com\/index.php\/2025\/05\/06\/stf-e-acionado-em-caso-de-ednaldo-rodrigues-presidente-da-cbf\/\" \/>\n<meta property=\"og:site_name\" content=\"G\u00e1vea News\" \/>\n<meta property=\"article:publisher\" content=\"https:\/\/facebook.com\/gaveaNews\/\" \/>\n<meta property=\"article:published_time\" content=\"2025-05-06T18:50:00+00:00\" \/>\n<meta property=\"og:image\" content=\"https:\/\/www.gaveanews.com\/wp-content\/uploads\/1_ednaldo_rodrigues_cbf_selecao_brasileira__2_-23258960.webp\" \/>\n\t<meta property=\"og:image:width\" content=\"818\" \/>\n\t<meta property=\"og:image:height\" content=\"459\" \/>\n\t<meta property=\"og:image:type\" content=\"image\/jpeg\" \/>\n<meta name=\"author\" content=\"Ana Teixeira\" \/>\n<meta name=\"twitter:card\" content=\"summary_large_image\" \/>\n<meta name=\"twitter:label1\" content=\"Escrito por\" \/>\n\t<meta name=\"twitter:data1\" content=\"Ana Teixeira\" \/>\n\t<meta name=\"twitter:label2\" content=\"Est. tempo de leitura\" \/>\n\t<meta name=\"twitter:data2\" content=\"5 minutos\" \/>\n<script type=\"application\/ld+json\" class=\"yoast-schema-graph\">{\"@context\":\"https:\/\/schema.org\",\"@graph\":[{\"@type\":\"NewsArticle\",\"@id\":\"https:\/\/www.gaveanews.com\/index.php\/2025\/05\/06\/stf-e-acionado-em-caso-de-ednaldo-rodrigues-presidente-da-cbf\/#article\",\"isPartOf\":{\"@id\":\"https:\/\/www.gaveanews.com\/index.php\/2025\/05\/06\/stf-e-acionado-em-caso-de-ednaldo-rodrigues-presidente-da-cbf\/\"},\"author\":{\"name\":\"Ana Teixeira\",\"@id\":\"https:\/\/www.gaveanews.com\/#\/schema\/person\/3b19f7288b0ce20372991275e4f2e6c2\"},\"headline\":\"STF \u00e9 acionado em caso de Ednaldo Rodrigues, presidente da CBF\",\"datePublished\":\"2025-05-06T18:50:00+00:00\",\"mainEntityOfPage\":{\"@id\":\"https:\/\/www.gaveanews.com\/index.php\/2025\/05\/06\/stf-e-acionado-em-caso-de-ednaldo-rodrigues-presidente-da-cbf\/\"},\"wordCount\":798,\"commentCount\":0,\"image\":{\"@id\":\"https:\/\/www.gaveanews.com\/index.php\/2025\/05\/06\/stf-e-acionado-em-caso-de-ednaldo-rodrigues-presidente-da-cbf\/#primaryimage\"},\"thumbnailUrl\":\"https:\/\/www.gaveanews.com\/wp-content\/uploads\/1_ednaldo_rodrigues_cbf_selecao_brasileira__2_-23258960.webp\",\"articleSection\":[\"Brasil\",\"Sele\u00e7\u00f5es\"],\"inLanguage\":\"pt-BR\",\"potentialAction\":[{\"@type\":\"CommentAction\",\"name\":\"Comment\",\"target\":[\"https:\/\/www.gaveanews.com\/index.php\/2025\/05\/06\/stf-e-acionado-em-caso-de-ednaldo-rodrigues-presidente-da-cbf\/#respond\"]}],\"copyrightYear\":\"2025\",\"copyrightHolder\":{\"@id\":\"https:\/\/www.gaveanews.com\/#organization\"}},{\"@type\":\"WebPage\",\"@id\":\"https:\/\/www.gaveanews.com\/index.php\/2025\/05\/06\/stf-e-acionado-em-caso-de-ednaldo-rodrigues-presidente-da-cbf\/\",\"url\":\"https:\/\/www.gaveanews.com\/index.php\/2025\/05\/06\/stf-e-acionado-em-caso-de-ednaldo-rodrigues-presidente-da-cbf\/\",\"name\":\"STF \u00e9 acionado em caso de Ednaldo Rodrigues, presidente da CBF\",\"isPartOf\":{\"@id\":\"https:\/\/www.gaveanews.com\/#website\"},\"primaryImageOfPage\":{\"@id\":\"https:\/\/www.gaveanews.com\/index.php\/2025\/05\/06\/stf-e-acionado-em-caso-de-ednaldo-rodrigues-presidente-da-cbf\/#primaryimage\"},\"image\":{\"@id\":\"https:\/\/www.gaveanews.com\/index.php\/2025\/05\/06\/stf-e-acionado-em-caso-de-ednaldo-rodrigues-presidente-da-cbf\/#primaryimage\"},\"thumbnailUrl\":\"https:\/\/www.gaveanews.com\/wp-content\/uploads\/1_ednaldo_rodrigues_cbf_selecao_brasileira__2_-23258960.webp\",\"datePublished\":\"2025-05-06T18:50:00+00:00\",\"author\":{\"@id\":\"https:\/\/www.gaveanews.com\/#\/schema\/person\/3b19f7288b0ce20372991275e4f2e6c2\"},\"breadcrumb\":{\"@id\":\"https:\/\/www.gaveanews.com\/index.php\/2025\/05\/06\/stf-e-acionado-em-caso-de-ednaldo-rodrigues-presidente-da-cbf\/#breadcrumb\"},\"inLanguage\":\"pt-BR\",\"potentialAction\":[{\"@type\":\"ReadAction\",\"target\":[\"https:\/\/www.gaveanews.com\/index.php\/2025\/05\/06\/stf-e-acionado-em-caso-de-ednaldo-rodrigues-presidente-da-cbf\/\"]}]},{\"@type\":\"ImageObject\",\"inLanguage\":\"pt-BR\",\"@id\":\"https:\/\/www.gaveanews.com\/index.php\/2025\/05\/06\/stf-e-acionado-em-caso-de-ednaldo-rodrigues-presidente-da-cbf\/#primaryimage\",\"url\":\"https:\/\/www.gaveanews.com\/wp-content\/uploads\/1_ednaldo_rodrigues_cbf_selecao_brasileira__2_-23258960.webp\",\"contentUrl\":\"https:\/\/www.gaveanews.com\/wp-content\/uploads\/1_ednaldo_rodrigues_cbf_selecao_brasileira__2_-23258960.webp\",\"width\":818,\"height\":459,\"caption\":\"Ednaldo Rodrigues, presidente da CBF, em entrevista coletiva da sele\u00e7\u00e3o brasileira feminina (Foto: Thais Magalh\u00e3es\/CBF)\"},{\"@type\":\"BreadcrumbList\",\"@id\":\"https:\/\/www.gaveanews.com\/index.php\/2025\/05\/06\/stf-e-acionado-em-caso-de-ednaldo-rodrigues-presidente-da-cbf\/#breadcrumb\",\"itemListElement\":[{\"@type\":\"ListItem\",\"position\":1,\"name\":\"Home\",\"item\":\"https:\/\/www.gaveanews.com\/\"},{\"@type\":\"ListItem\",\"position\":2,\"name\":\"STF \u00e9 acionado em caso de Ednaldo Rodrigues, presidente da CBF\"}]},{\"@type\":\"WebSite\",\"@id\":\"https:\/\/www.gaveanews.com\/#website\",\"url\":\"https:\/\/www.gaveanews.com\/\",\"name\":\"G\u00e1vea News\",\"description\":\"Veja todas as not\u00edcias sobre o Flamengo: Contrata\u00e7\u00f5es, categorias de base, resultados das partidas, tabela de classifica\u00e7\u00e3o, pr\u00f3ximos jogos!\",\"potentialAction\":[{\"@type\":\"SearchAction\",\"target\":{\"@type\":\"EntryPoint\",\"urlTemplate\":\"https:\/\/www.gaveanews.com\/?s={search_term_string}\"},\"query-input\":{\"@type\":\"PropertyValueSpecification\",\"valueRequired\":true,\"valueName\":\"search_term_string\"}}],\"inLanguage\":\"pt-BR\"},{\"@type\":\"Person\",\"@id\":\"https:\/\/www.gaveanews.com\/#\/schema\/person\/3b19f7288b0ce20372991275e4f2e6c2\",\"name\":\"Ana Teixeira\",\"image\":{\"@type\":\"ImageObject\",\"inLanguage\":\"pt-BR\",\"@id\":\"https:\/\/www.gaveanews.com\/#\/schema\/person\/image\/\",\"url\":\"https:\/\/secure.gravatar.com\/avatar\/0a73f5a5258f3fed37fc2fa641892f3f7a4748456d4d4792f9bc550e6c19e06c?s=96&d=mm&r=g\",\"contentUrl\":\"https:\/\/secure.gravatar.com\/avatar\/0a73f5a5258f3fed37fc2fa641892f3f7a4748456d4d4792f9bc550e6c19e06c?s=96&d=mm&r=g\",\"caption\":\"Ana Teixeira\"}}]}<\/script>\n<!-- \/ Yoast SEO Premium plugin. -->","yoast_head_json":{"title":"STF \u00e9 acionado em caso de Ednaldo Rodrigues, presidente da CBF","robots":{"index":"index","follow":"follow","max-snippet":"max-snippet:-1","max-image-preview":"max-image-preview:large","max-video-preview":"max-video-preview:-1"},"canonical":"https:\/\/www.gaveanews.com\/index.php\/2025\/05\/06\/stf-e-acionado-em-caso-de-ednaldo-rodrigues-presidente-da-cbf\/","og_locale":"pt_BR","og_type":"article","og_title":"STF \u00e9 acionado em caso de Ednaldo Rodrigues, presidente da CBF","og_description":"O comando de Ednaldo Rodrigues \u00e0 frente da Confedera\u00e7\u00e3o Brasileira de Futebol volta a ser alvo de contesta\u00e7\u00e3o jur\u00eddica no Supremo Tribunal Federal (STF), ap\u00f3s revela\u00e7\u00f5es que colocam em d\u00favida a legitimidade de um acordo firmado em janeiro de 2024 &#8211; o qual havia assegurado sua continuidade no cargo. Uma nova per\u00edcia questiona a autenticidade [&hellip;]","og_url":"https:\/\/www.gaveanews.com\/index.php\/2025\/05\/06\/stf-e-acionado-em-caso-de-ednaldo-rodrigues-presidente-da-cbf\/","og_site_name":"G\u00e1vea News","article_publisher":"https:\/\/facebook.com\/gaveaNews\/","article_published_time":"2025-05-06T18:50:00+00:00","og_image":[{"width":818,"height":459,"url":"https:\/\/www.gaveanews.com\/wp-content\/uploads\/1_ednaldo_rodrigues_cbf_selecao_brasileira__2_-23258960.webp","type":"image\/jpeg"}],"author":"Ana Teixeira","twitter_card":"summary_large_image","twitter_misc":{"Escrito por":"Ana Teixeira","Est. tempo de leitura":"5 minutos"},"schema":{"@context":"https:\/\/schema.org","@graph":[{"@type":"NewsArticle","@id":"https:\/\/www.gaveanews.com\/index.php\/2025\/05\/06\/stf-e-acionado-em-caso-de-ednaldo-rodrigues-presidente-da-cbf\/#article","isPartOf":{"@id":"https:\/\/www.gaveanews.com\/index.php\/2025\/05\/06\/stf-e-acionado-em-caso-de-ednaldo-rodrigues-presidente-da-cbf\/"},"author":{"name":"Ana Teixeira","@id":"https:\/\/www.gaveanews.com\/#\/schema\/person\/3b19f7288b0ce20372991275e4f2e6c2"},"headline":"STF \u00e9 acionado em caso de Ednaldo Rodrigues, presidente da CBF","datePublished":"2025-05-06T18:50:00+00:00","mainEntityOfPage":{"@id":"https:\/\/www.gaveanews.com\/index.php\/2025\/05\/06\/stf-e-acionado-em-caso-de-ednaldo-rodrigues-presidente-da-cbf\/"},"wordCount":798,"commentCount":0,"image":{"@id":"https:\/\/www.gaveanews.com\/index.php\/2025\/05\/06\/stf-e-acionado-em-caso-de-ednaldo-rodrigues-presidente-da-cbf\/#primaryimage"},"thumbnailUrl":"https:\/\/www.gaveanews.com\/wp-content\/uploads\/1_ednaldo_rodrigues_cbf_selecao_brasileira__2_-23258960.webp","articleSection":["Brasil","Sele\u00e7\u00f5es"],"inLanguage":"pt-BR","potentialAction":[{"@type":"CommentAction","name":"Comment","target":["https:\/\/www.gaveanews.com\/index.php\/2025\/05\/06\/stf-e-acionado-em-caso-de-ednaldo-rodrigues-presidente-da-cbf\/#respond"]}],"copyrightYear":"2025","copyrightHolder":{"@id":"https:\/\/www.gaveanews.com\/#organization"}},{"@type":"WebPage","@id":"https:\/\/www.gaveanews.com\/index.php\/2025\/05\/06\/stf-e-acionado-em-caso-de-ednaldo-rodrigues-presidente-da-cbf\/","url":"https:\/\/www.gaveanews.com\/index.php\/2025\/05\/06\/stf-e-acionado-em-caso-de-ednaldo-rodrigues-presidente-da-cbf\/","name":"STF \u00e9 acionado em caso de Ednaldo Rodrigues, presidente da CBF","isPartOf":{"@id":"https:\/\/www.gaveanews.com\/#website"},"primaryImageOfPage":{"@id":"https:\/\/www.gaveanews.com\/index.php\/2025\/05\/06\/stf-e-acionado-em-caso-de-ednaldo-rodrigues-presidente-da-cbf\/#primaryimage"},"image":{"@id":"https:\/\/www.gaveanews.com\/index.php\/2025\/05\/06\/stf-e-acionado-em-caso-de-ednaldo-rodrigues-presidente-da-cbf\/#primaryimage"},"thumbnailUrl":"https:\/\/www.gaveanews.com\/wp-content\/uploads\/1_ednaldo_rodrigues_cbf_selecao_brasileira__2_-23258960.webp","datePublished":"2025-05-06T18:50:00+00:00","author":{"@id":"https:\/\/www.gaveanews.com\/#\/schema\/person\/3b19f7288b0ce20372991275e4f2e6c2"},"breadcrumb":{"@id":"https:\/\/www.gaveanews.com\/index.php\/2025\/05\/06\/stf-e-acionado-em-caso-de-ednaldo-rodrigues-presidente-da-cbf\/#breadcrumb"},"inLanguage":"pt-BR","potentialAction":[{"@type":"ReadAction","target":["https:\/\/www.gaveanews.com\/index.php\/2025\/05\/06\/stf-e-acionado-em-caso-de-ednaldo-rodrigues-presidente-da-cbf\/"]}]},{"@type":"ImageObject","inLanguage":"pt-BR","@id":"https:\/\/www.gaveanews.com\/index.php\/2025\/05\/06\/stf-e-acionado-em-caso-de-ednaldo-rodrigues-presidente-da-cbf\/#primaryimage","url":"https:\/\/www.gaveanews.com\/wp-content\/uploads\/1_ednaldo_rodrigues_cbf_selecao_brasileira__2_-23258960.webp","contentUrl":"https:\/\/www.gaveanews.com\/wp-content\/uploads\/1_ednaldo_rodrigues_cbf_selecao_brasileira__2_-23258960.webp","width":818,"height":459,"caption":"Ednaldo Rodrigues, presidente da CBF, em entrevista coletiva da sele\u00e7\u00e3o brasileira feminina (Foto: Thais Magalh\u00e3es\/CBF)"},{"@type":"BreadcrumbList","@id":"https:\/\/www.gaveanews.com\/index.php\/2025\/05\/06\/stf-e-acionado-em-caso-de-ednaldo-rodrigues-presidente-da-cbf\/#breadcrumb","itemListElement":[{"@type":"ListItem","position":1,"name":"Home","item":"https:\/\/www.gaveanews.com\/"},{"@type":"ListItem","position":2,"name":"STF \u00e9 acionado em caso de Ednaldo Rodrigues, presidente da CBF"}]},{"@type":"WebSite","@id":"https:\/\/www.gaveanews.com\/#website","url":"https:\/\/www.gaveanews.com\/","name":"G\u00e1vea News","description":"Veja todas as not\u00edcias sobre o Flamengo: Contrata\u00e7\u00f5es, categorias de base, resultados das partidas, tabela de classifica\u00e7\u00e3o, pr\u00f3ximos jogos!","potentialAction":[{"@type":"SearchAction","target":{"@type":"EntryPoint","urlTemplate":"https:\/\/www.gaveanews.com\/?s={search_term_string}"},"query-input":{"@type":"PropertyValueSpecification","valueRequired":true,"valueName":"search_term_string"}}],"inLanguage":"pt-BR"},{"@type":"Person","@id":"https:\/\/www.gaveanews.com\/#\/schema\/person\/3b19f7288b0ce20372991275e4f2e6c2","name":"Ana Teixeira","image":{"@type":"ImageObject","inLanguage":"pt-BR","@id":"https:\/\/www.gaveanews.com\/#\/schema\/person\/image\/","url":"https:\/\/secure.gravatar.com\/avatar\/0a73f5a5258f3fed37fc2fa641892f3f7a4748456d4d4792f9bc550e6c19e06c?s=96&d=mm&r=g","contentUrl":"https:\/\/secure.gravatar.com\/avatar\/0a73f5a5258f3fed37fc2fa641892f3f7a4748456d4d4792f9bc550e6c19e06c?s=96&d=mm&r=g","caption":"Ana Teixeira"}}]}},"_links":{"self":[{"href":"https:\/\/www.gaveanews.com\/index.php\/wp-json\/wp\/v2\/posts\/261059","targetHints":{"allow":["GET"]}}],"collection":[{"href":"https:\/\/www.gaveanews.com\/index.php\/wp-json\/wp\/v2\/posts"}],"about":[{"href":"https:\/\/www.gaveanews.com\/index.php\/wp-json\/wp\/v2\/types\/post"}],"author":[{"embeddable":true,"href":"https:\/\/www.gaveanews.com\/index.php\/wp-json\/wp\/v2\/users\/30"}],"replies":[{"embeddable":true,"href":"https:\/\/www.gaveanews.com\/index.php\/wp-json\/wp\/v2\/comments?post=261059"}],"version-history":[{"count":1,"href":"https:\/\/www.gaveanews.com\/index.php\/wp-json\/wp\/v2\/posts\/261059\/revisions"}],"predecessor-version":[{"id":261068,"href":"https:\/\/www.gaveanews.com\/index.php\/wp-json\/wp\/v2\/posts\/261059\/revisions\/261068"}],"wp:featuredmedia":[{"embeddable":true,"href":"https:\/\/www.gaveanews.com\/index.php\/wp-json\/wp\/v2\/media\/114931"}],"wp:attachment":[{"href":"https:\/\/www.gaveanews.com\/index.php\/wp-json\/wp\/v2\/media?parent=261059"}],"wp:term":[{"taxonomy":"category","embeddable":true,"href":"https:\/\/www.gaveanews.com\/index.php\/wp-json\/wp\/v2\/categories?post=261059"},{"taxonomy":"post_tag","embeddable":true,"href":"https:\/\/www.gaveanews.com\/index.php\/wp-json\/wp\/v2\/tags?post=261059"}],"curies":[{"name":"wp","href":"https:\/\/api.w.org\/{rel}","templated":true}]}}