{"id":261060,"date":"2025-05-06T15:30:00","date_gmt":"2025-05-06T18:30:00","guid":{"rendered":"https:\/\/www.gaveanews.com\/?p=261060"},"modified":"2025-05-06T15:43:22","modified_gmt":"2025-05-06T18:43:22","slug":"dudu-faz-publicacao-direcionada-ao-atletico-mg","status":"publish","type":"post","link":"https:\/\/www.gaveanews.com\/index.php\/2025\/05\/06\/dudu-faz-publicacao-direcionada-ao-atletico-mg\/","title":{"rendered":"Dudu faz publica\u00e7\u00e3o direcionada ao Atl\u00e9tico-MG"},"content":{"rendered":"\n<p>A confirma\u00e7\u00e3o do atacante Dudu como novo refor\u00e7o do Atl\u00e9tico-MG movimentou as redes sociais na manh\u00e3 desta ter\u00e7a-feira (06). O jogador publicou uma mensagem direcionada diretamente aos torcedores atleticanos com uma frase que sintetizou sua empolga\u00e7\u00e3o: <strong>&#8220;GALOOOOO! Voc\u00eas escolhem (o n\u00famero da camisa), Massa!&#8221;<\/strong>. <\/p>\n\n\n\n<p>Ali\u00e1s, a manifesta\u00e7\u00e3o p\u00fablica de Dudu marcou sua primeira intera\u00e7\u00e3o direta com os torcedores do Atl\u00e9tico desde a sa\u00edda conturbada do Cruzeiro. A escolha das palavras na publica\u00e7\u00e3o \u2014 destacando a alcunha \u201cMassa\u201d, utilizada para se referir \u00e0 torcida atleticana \u2014 evidencia a tentativa do atleta de iniciar essa nova fase em clima positivo. <\/p>\n\n\n\n<p>O clube, inclusive, lan\u00e7ou uma enquete para que os torcedores escolham o n\u00famero da camisa que o atacante vestir\u00e1, promovendo ainda mais a participa\u00e7\u00e3o popular nesse an\u00fancio.<\/p>\n\n\n\n<figure class=\"wp-block-image size-full\"><img loading=\"lazy\" decoding=\"async\" width=\"411\" height=\"721\" src=\"https:\/\/www.gaveanews.com\/wp-content\/uploads\/image.webp\" alt=\"\" class=\"wp-image-261061\" srcset=\"https:\/\/www.gaveanews.com\/wp-content\/uploads\/image.webp 411w, https:\/\/www.gaveanews.com\/wp-content\/uploads\/image-171x300.webp 171w, https:\/\/www.gaveanews.com\/wp-content\/uploads\/image-239x420.webp 239w, https:\/\/www.gaveanews.com\/wp-content\/uploads\/image-100x175.webp 100w\" sizes=\"auto, (max-width: 411px) 100vw, 411px\" \/><\/figure>\n\n\n\n<h3 class=\"wp-block-heading\" id=\"h-saida-do-cruzeiro-divergencias-internas-e-clima-de-ruptura\">Sa\u00edda do Cruzeiro: diverg\u00eancias internas e clima de ruptura<\/h3>\n\n\n\n<p>Anteriormente \u00e0 oficializa\u00e7\u00e3o do acordo com o Atl\u00e9tico, Dudu j\u00e1 vinha sendo alvo de rumores e pol\u00eamicas envolvendo sua perman\u00eancia no Cruzeiro. Em entrevista concedida \u00e0 R\u00e1dio Itatiaia, o atacante negou ter solicitado a demiss\u00e3o do t\u00e9cnico Leonardo Jardim, um dos pontos mais sens\u00edveis na sua passagem recente pela equipe celeste. <\/p>\n\n\n\n<p>&#8220;\u00c9 uma grande mentira. Tenho grandes rela\u00e7\u00f5es, com grandes treinadores que fui treinado&#8221;, declarou.<\/p>\n\n\n\n<p>Conforme relatado, Dudu garantiu que sua rela\u00e7\u00e3o com os dirigentes Pedro Louren\u00e7o e Alexandre Mattos n\u00e3o foi afetada negativamente. &#8220;Sou um cara que n\u00e3o levo m\u00e1goa de ningu\u00e9m no cora\u00e7\u00e3o&#8221;, comentou, sinalizando um rompimento sem ressentimentos com a diretoria.<\/p>\n\n\n\n<p>Todavia, apesar de afirmar tranquilidade no desligamento, o jogador refor\u00e7ou que deseja focar inteiramente no futebol daqui para frente. &#8220;Vou chegar respeitando os meus companheiros, mas vou batalhar para ser titular. A minha vida toda praticamente eu fui titular&#8221;, afirmou. <\/p>\n\n\n\n<h3 class=\"wp-block-heading\" id=\"h-expectativas-no-galo-e-promessa-de-entrega\">Expectativas no Galo e promessa de entrega<\/h3>\n\n\n\n<p>Mesmo sem confirmar oficialmente o v\u00ednculo com o Atl\u00e9tico-MG no momento da entrevista, Dudu indicou que j\u00e1 pensa em sua atua\u00e7\u00e3o pelo novo clube. &#8220;O Galo pode esperar um Dudu que sempre vai dar a vida pelo clube, sempre vai dar a vida pelos meus companheiros dentro de campo, sempre vai respeitar a camisa&#8221;, prometeu. <\/p>\n\n\n\n<p>Enquanto isso, o Atl\u00e9tico-MG j\u00e1 promove movimenta\u00e7\u00f5es de boas-vindas ao jogador. Al\u00e9m da enquete sobre o n\u00famero da camisa, h\u00e1 expectativa de que a apresenta\u00e7\u00e3o oficial ocorra nos pr\u00f3ximos dias. A estreia do atacante, contudo, ainda depende de quest\u00f5es burocr\u00e1ticas relacionadas \u00e0 janela de transfer\u00eancias do meio do ano.<\/p>\n\n\n\n<h3 class=\"wp-block-heading\" id=\"h-clima-de-euforia-entre-torcida-e-clube\">Clima de euforia entre torcida e clube<\/h3>\n\n\n\n<p>Atualmente, o Atl\u00e9tico vive um momento de fortalecimento institucional e esportivo. O clube vem investindo em refor\u00e7os e estrutura, com a Arena MRV consolidando-se como casa do Galo e espa\u00e7o estrat\u00e9gico para treinamentos e jogos. A chegada de um nome conhecido como Dudu integra esse planejamento e agrega n\u00e3o apenas em termos t\u00e9cnicos, mas tamb\u00e9m em visibilidade e engajamento da torcida.<\/p>\n\n\n\n<p><\/p>\n","protected":false},"excerpt":{"rendered":"<p>A confirma\u00e7\u00e3o do atacante Dudu como novo refor\u00e7o do Atl\u00e9tico-MG movimentou as redes sociais na manh\u00e3 desta ter\u00e7a-feira (06). O jogador publicou uma mensagem direcionada diretamente aos torcedores atleticanos com uma frase que sintetizou sua empolga\u00e7\u00e3o: &#8220;GALOOOOO! Voc\u00eas escolhem (o n\u00famero da camisa), Massa!&#8221;. Ali\u00e1s, a manifesta\u00e7\u00e3o p\u00fablica de Dudu marcou sua primeira intera\u00e7\u00e3o direta [&hellip;]<\/p>\n","protected":false},"author":30,"featured_media":260860,"comment_status":"open","ping_status":"closed","sticky":false,"template":"","format":"standard","meta":{"footnotes":""},"categories":[136],"tags":[],"class_list":["post-261060","post","type-post","status-publish","format-standard","has-post-thumbnail","hentry","category-atletico-mg"],"yoast_head":"<!-- This site is optimized with the Yoast SEO Premium plugin v24.2 (Yoast SEO v26.9) - https:\/\/yoast.com\/product\/yoast-seo-premium-wordpress\/ -->\n<title>Dudu faz publica\u00e7\u00e3o direcionada ao Atl\u00e9tico-MG<\/title>\n<meta name=\"robots\" content=\"index, follow, max-snippet:-1, max-image-preview:large, max-video-preview:-1\" \/>\n<link rel=\"canonical\" href=\"https:\/\/www.gaveanews.com\/index.php\/2025\/05\/06\/dudu-faz-publicacao-direcionada-ao-atletico-mg\/\" \/>\n<meta property=\"og:locale\" content=\"pt_BR\" \/>\n<meta property=\"og:type\" content=\"article\" \/>\n<meta property=\"og:title\" content=\"Dudu faz publica\u00e7\u00e3o direcionada ao Atl\u00e9tico-MG\" \/>\n<meta property=\"og:description\" content=\"A confirma\u00e7\u00e3o do atacante Dudu como novo refor\u00e7o do Atl\u00e9tico-MG movimentou as redes sociais na manh\u00e3 desta ter\u00e7a-feira (06). O jogador publicou uma mensagem direcionada diretamente aos torcedores atleticanos com uma frase que sintetizou sua empolga\u00e7\u00e3o: &#8220;GALOOOOO! Voc\u00eas escolhem (o n\u00famero da camisa), Massa!&#8221;. Ali\u00e1s, a manifesta\u00e7\u00e3o p\u00fablica de Dudu marcou sua primeira intera\u00e7\u00e3o direta [&hellip;]\" \/>\n<meta property=\"og:url\" content=\"https:\/\/www.gaveanews.com\/index.php\/2025\/05\/06\/dudu-faz-publicacao-direcionada-ao-atletico-mg\/\" \/>\n<meta property=\"og:site_name\" content=\"G\u00e1vea News\" \/>\n<meta property=\"article:publisher\" content=\"https:\/\/facebook.com\/gaveaNews\/\" \/>\n<meta property=\"article:published_time\" content=\"2025-05-06T18:30:00+00:00\" \/>\n<meta property=\"article:modified_time\" content=\"2025-05-06T18:43:22+00:00\" \/>\n<meta property=\"og:image\" content=\"http:\/\/www.gaveanews.com\/wp-content\/uploads\/Atletico-MG.webp\" \/>\n\t<meta property=\"og:image:width\" content=\"1200\" \/>\n\t<meta property=\"og:image:height\" content=\"900\" \/>\n\t<meta property=\"og:image:type\" content=\"image\/webp\" \/>\n<meta name=\"author\" content=\"Ana Teixeira\" \/>\n<meta name=\"twitter:card\" content=\"summary_large_image\" \/>\n<meta name=\"twitter:label1\" content=\"Escrito por\" \/>\n\t<meta name=\"twitter:data1\" content=\"Ana Teixeira\" \/>\n\t<meta name=\"twitter:label2\" content=\"Est. tempo de leitura\" \/>\n\t<meta name=\"twitter:data2\" content=\"3 minutos\" \/>\n<script type=\"application\/ld+json\" class=\"yoast-schema-graph\">{\"@context\":\"https:\/\/schema.org\",\"@graph\":[{\"@type\":\"NewsArticle\",\"@id\":\"https:\/\/www.gaveanews.com\/index.php\/2025\/05\/06\/dudu-faz-publicacao-direcionada-ao-atletico-mg\/#article\",\"isPartOf\":{\"@id\":\"https:\/\/www.gaveanews.com\/index.php\/2025\/05\/06\/dudu-faz-publicacao-direcionada-ao-atletico-mg\/\"},\"author\":{\"name\":\"Ana Teixeira\",\"@id\":\"https:\/\/www.gaveanews.com\/#\/schema\/person\/3b19f7288b0ce20372991275e4f2e6c2\"},\"headline\":\"Dudu faz publica\u00e7\u00e3o direcionada ao Atl\u00e9tico-MG\",\"datePublished\":\"2025-05-06T18:30:00+00:00\",\"dateModified\":\"2025-05-06T18:43:22+00:00\",\"mainEntityOfPage\":{\"@id\":\"https:\/\/www.gaveanews.com\/index.php\/2025\/05\/06\/dudu-faz-publicacao-direcionada-ao-atletico-mg\/\"},\"wordCount\":513,\"commentCount\":0,\"image\":{\"@id\":\"https:\/\/www.gaveanews.com\/index.php\/2025\/05\/06\/dudu-faz-publicacao-direcionada-ao-atletico-mg\/#primaryimage\"},\"thumbnailUrl\":\"https:\/\/www.gaveanews.com\/wp-content\/uploads\/Atletico-MG.webp\",\"articleSection\":[\"Atl\u00e9tico-MG\"],\"inLanguage\":\"pt-BR\",\"potentialAction\":[{\"@type\":\"CommentAction\",\"name\":\"Comment\",\"target\":[\"https:\/\/www.gaveanews.com\/index.php\/2025\/05\/06\/dudu-faz-publicacao-direcionada-ao-atletico-mg\/#respond\"]}],\"copyrightYear\":\"2025\",\"copyrightHolder\":{\"@id\":\"https:\/\/www.gaveanews.com\/#organization\"}},{\"@type\":\"WebPage\",\"@id\":\"https:\/\/www.gaveanews.com\/index.php\/2025\/05\/06\/dudu-faz-publicacao-direcionada-ao-atletico-mg\/\",\"url\":\"https:\/\/www.gaveanews.com\/index.php\/2025\/05\/06\/dudu-faz-publicacao-direcionada-ao-atletico-mg\/\",\"name\":\"Dudu faz publica\u00e7\u00e3o direcionada ao Atl\u00e9tico-MG\",\"isPartOf\":{\"@id\":\"https:\/\/www.gaveanews.com\/#website\"},\"primaryImageOfPage\":{\"@id\":\"https:\/\/www.gaveanews.com\/index.php\/2025\/05\/06\/dudu-faz-publicacao-direcionada-ao-atletico-mg\/#primaryimage\"},\"image\":{\"@id\":\"https:\/\/www.gaveanews.com\/index.php\/2025\/05\/06\/dudu-faz-publicacao-direcionada-ao-atletico-mg\/#primaryimage\"},\"thumbnailUrl\":\"https:\/\/www.gaveanews.com\/wp-content\/uploads\/Atletico-MG.webp\",\"datePublished\":\"2025-05-06T18:30:00+00:00\",\"dateModified\":\"2025-05-06T18:43:22+00:00\",\"author\":{\"@id\":\"https:\/\/www.gaveanews.com\/#\/schema\/person\/3b19f7288b0ce20372991275e4f2e6c2\"},\"breadcrumb\":{\"@id\":\"https:\/\/www.gaveanews.com\/index.php\/2025\/05\/06\/dudu-faz-publicacao-direcionada-ao-atletico-mg\/#breadcrumb\"},\"inLanguage\":\"pt-BR\",\"potentialAction\":[{\"@type\":\"ReadAction\",\"target\":[\"https:\/\/www.gaveanews.com\/index.php\/2025\/05\/06\/dudu-faz-publicacao-direcionada-ao-atletico-mg\/\"]}]},{\"@type\":\"ImageObject\",\"inLanguage\":\"pt-BR\",\"@id\":\"https:\/\/www.gaveanews.com\/index.php\/2025\/05\/06\/dudu-faz-publicacao-direcionada-ao-atletico-mg\/#primaryimage\",\"url\":\"https:\/\/www.gaveanews.com\/wp-content\/uploads\/Atletico-MG.webp\",\"contentUrl\":\"https:\/\/www.gaveanews.com\/wp-content\/uploads\/Atletico-MG.webp\",\"width\":1200,\"height\":900,\"caption\":\"Atl\u00e9tico-MG (Foto: Divulga\u00e7\u00e3o\/Atl\u00e9tico)\"},{\"@type\":\"BreadcrumbList\",\"@id\":\"https:\/\/www.gaveanews.com\/index.php\/2025\/05\/06\/dudu-faz-publicacao-direcionada-ao-atletico-mg\/#breadcrumb\",\"itemListElement\":[{\"@type\":\"ListItem\",\"position\":1,\"name\":\"Home\",\"item\":\"https:\/\/www.gaveanews.com\/\"},{\"@type\":\"ListItem\",\"position\":2,\"name\":\"Dudu faz publica\u00e7\u00e3o direcionada ao Atl\u00e9tico-MG\"}]},{\"@type\":\"WebSite\",\"@id\":\"https:\/\/www.gaveanews.com\/#website\",\"url\":\"https:\/\/www.gaveanews.com\/\",\"name\":\"G\u00e1vea News\",\"description\":\"Veja todas as not\u00edcias sobre o Flamengo: Contrata\u00e7\u00f5es, categorias de base, resultados das partidas, tabela de classifica\u00e7\u00e3o, pr\u00f3ximos jogos!\",\"potentialAction\":[{\"@type\":\"SearchAction\",\"target\":{\"@type\":\"EntryPoint\",\"urlTemplate\":\"https:\/\/www.gaveanews.com\/?s={search_term_string}\"},\"query-input\":{\"@type\":\"PropertyValueSpecification\",\"valueRequired\":true,\"valueName\":\"search_term_string\"}}],\"inLanguage\":\"pt-BR\"},{\"@type\":\"Person\",\"@id\":\"https:\/\/www.gaveanews.com\/#\/schema\/person\/3b19f7288b0ce20372991275e4f2e6c2\",\"name\":\"Ana Teixeira\",\"image\":{\"@type\":\"ImageObject\",\"inLanguage\":\"pt-BR\",\"@id\":\"https:\/\/www.gaveanews.com\/#\/schema\/person\/image\/\",\"url\":\"https:\/\/secure.gravatar.com\/avatar\/0a73f5a5258f3fed37fc2fa641892f3f7a4748456d4d4792f9bc550e6c19e06c?s=96&d=mm&r=g\",\"contentUrl\":\"https:\/\/secure.gravatar.com\/avatar\/0a73f5a5258f3fed37fc2fa641892f3f7a4748456d4d4792f9bc550e6c19e06c?s=96&d=mm&r=g\",\"caption\":\"Ana Teixeira\"}}]}<\/script>\n<!-- \/ Yoast SEO Premium plugin. -->","yoast_head_json":{"title":"Dudu faz publica\u00e7\u00e3o direcionada ao Atl\u00e9tico-MG","robots":{"index":"index","follow":"follow","max-snippet":"max-snippet:-1","max-image-preview":"max-image-preview:large","max-video-preview":"max-video-preview:-1"},"canonical":"https:\/\/www.gaveanews.com\/index.php\/2025\/05\/06\/dudu-faz-publicacao-direcionada-ao-atletico-mg\/","og_locale":"pt_BR","og_type":"article","og_title":"Dudu faz publica\u00e7\u00e3o direcionada ao Atl\u00e9tico-MG","og_description":"A confirma\u00e7\u00e3o do atacante Dudu como novo refor\u00e7o do Atl\u00e9tico-MG movimentou as redes sociais na manh\u00e3 desta ter\u00e7a-feira (06). O jogador publicou uma mensagem direcionada diretamente aos torcedores atleticanos com uma frase que sintetizou sua empolga\u00e7\u00e3o: &#8220;GALOOOOO! Voc\u00eas escolhem (o n\u00famero da camisa), Massa!&#8221;. Ali\u00e1s, a manifesta\u00e7\u00e3o p\u00fablica de Dudu marcou sua primeira intera\u00e7\u00e3o direta [&hellip;]","og_url":"https:\/\/www.gaveanews.com\/index.php\/2025\/05\/06\/dudu-faz-publicacao-direcionada-ao-atletico-mg\/","og_site_name":"G\u00e1vea News","article_publisher":"https:\/\/facebook.com\/gaveaNews\/","article_published_time":"2025-05-06T18:30:00+00:00","article_modified_time":"2025-05-06T18:43:22+00:00","og_image":[{"width":1200,"height":900,"url":"http:\/\/www.gaveanews.com\/wp-content\/uploads\/Atletico-MG.webp","type":"image\/webp"}],"author":"Ana Teixeira","twitter_card":"summary_large_image","twitter_misc":{"Escrito por":"Ana Teixeira","Est. tempo de leitura":"3 minutos"},"schema":{"@context":"https:\/\/schema.org","@graph":[{"@type":"NewsArticle","@id":"https:\/\/www.gaveanews.com\/index.php\/2025\/05\/06\/dudu-faz-publicacao-direcionada-ao-atletico-mg\/#article","isPartOf":{"@id":"https:\/\/www.gaveanews.com\/index.php\/2025\/05\/06\/dudu-faz-publicacao-direcionada-ao-atletico-mg\/"},"author":{"name":"Ana Teixeira","@id":"https:\/\/www.gaveanews.com\/#\/schema\/person\/3b19f7288b0ce20372991275e4f2e6c2"},"headline":"Dudu faz publica\u00e7\u00e3o direcionada ao Atl\u00e9tico-MG","datePublished":"2025-05-06T18:30:00+00:00","dateModified":"2025-05-06T18:43:22+00:00","mainEntityOfPage":{"@id":"https:\/\/www.gaveanews.com\/index.php\/2025\/05\/06\/dudu-faz-publicacao-direcionada-ao-atletico-mg\/"},"wordCount":513,"commentCount":0,"image":{"@id":"https:\/\/www.gaveanews.com\/index.php\/2025\/05\/06\/dudu-faz-publicacao-direcionada-ao-atletico-mg\/#primaryimage"},"thumbnailUrl":"https:\/\/www.gaveanews.com\/wp-content\/uploads\/Atletico-MG.webp","articleSection":["Atl\u00e9tico-MG"],"inLanguage":"pt-BR","potentialAction":[{"@type":"CommentAction","name":"Comment","target":["https:\/\/www.gaveanews.com\/index.php\/2025\/05\/06\/dudu-faz-publicacao-direcionada-ao-atletico-mg\/#respond"]}],"copyrightYear":"2025","copyrightHolder":{"@id":"https:\/\/www.gaveanews.com\/#organization"}},{"@type":"WebPage","@id":"https:\/\/www.gaveanews.com\/index.php\/2025\/05\/06\/dudu-faz-publicacao-direcionada-ao-atletico-mg\/","url":"https:\/\/www.gaveanews.com\/index.php\/2025\/05\/06\/dudu-faz-publicacao-direcionada-ao-atletico-mg\/","name":"Dudu faz publica\u00e7\u00e3o direcionada ao Atl\u00e9tico-MG","isPartOf":{"@id":"https:\/\/www.gaveanews.com\/#website"},"primaryImageOfPage":{"@id":"https:\/\/www.gaveanews.com\/index.php\/2025\/05\/06\/dudu-faz-publicacao-direcionada-ao-atletico-mg\/#primaryimage"},"image":{"@id":"https:\/\/www.gaveanews.com\/index.php\/2025\/05\/06\/dudu-faz-publicacao-direcionada-ao-atletico-mg\/#primaryimage"},"thumbnailUrl":"https:\/\/www.gaveanews.com\/wp-content\/uploads\/Atletico-MG.webp","datePublished":"2025-05-06T18:30:00+00:00","dateModified":"2025-05-06T18:43:22+00:00","author":{"@id":"https:\/\/www.gaveanews.com\/#\/schema\/person\/3b19f7288b0ce20372991275e4f2e6c2"},"breadcrumb":{"@id":"https:\/\/www.gaveanews.com\/index.php\/2025\/05\/06\/dudu-faz-publicacao-direcionada-ao-atletico-mg\/#breadcrumb"},"inLanguage":"pt-BR","potentialAction":[{"@type":"ReadAction","target":["https:\/\/www.gaveanews.com\/index.php\/2025\/05\/06\/dudu-faz-publicacao-direcionada-ao-atletico-mg\/"]}]},{"@type":"ImageObject","inLanguage":"pt-BR","@id":"https:\/\/www.gaveanews.com\/index.php\/2025\/05\/06\/dudu-faz-publicacao-direcionada-ao-atletico-mg\/#primaryimage","url":"https:\/\/www.gaveanews.com\/wp-content\/uploads\/Atletico-MG.webp","contentUrl":"https:\/\/www.gaveanews.com\/wp-content\/uploads\/Atletico-MG.webp","width":1200,"height":900,"caption":"Atl\u00e9tico-MG (Foto: Divulga\u00e7\u00e3o\/Atl\u00e9tico)"},{"@type":"BreadcrumbList","@id":"https:\/\/www.gaveanews.com\/index.php\/2025\/05\/06\/dudu-faz-publicacao-direcionada-ao-atletico-mg\/#breadcrumb","itemListElement":[{"@type":"ListItem","position":1,"name":"Home","item":"https:\/\/www.gaveanews.com\/"},{"@type":"ListItem","position":2,"name":"Dudu faz publica\u00e7\u00e3o direcionada ao Atl\u00e9tico-MG"}]},{"@type":"WebSite","@id":"https:\/\/www.gaveanews.com\/#website","url":"https:\/\/www.gaveanews.com\/","name":"G\u00e1vea News","description":"Veja todas as not\u00edcias sobre o Flamengo: Contrata\u00e7\u00f5es, categorias de base, resultados das partidas, tabela de classifica\u00e7\u00e3o, pr\u00f3ximos jogos!","potentialAction":[{"@type":"SearchAction","target":{"@type":"EntryPoint","urlTemplate":"https:\/\/www.gaveanews.com\/?s={search_term_string}"},"query-input":{"@type":"PropertyValueSpecification","valueRequired":true,"valueName":"search_term_string"}}],"inLanguage":"pt-BR"},{"@type":"Person","@id":"https:\/\/www.gaveanews.com\/#\/schema\/person\/3b19f7288b0ce20372991275e4f2e6c2","name":"Ana Teixeira","image":{"@type":"ImageObject","inLanguage":"pt-BR","@id":"https:\/\/www.gaveanews.com\/#\/schema\/person\/image\/","url":"https:\/\/secure.gravatar.com\/avatar\/0a73f5a5258f3fed37fc2fa641892f3f7a4748456d4d4792f9bc550e6c19e06c?s=96&d=mm&r=g","contentUrl":"https:\/\/secure.gravatar.com\/avatar\/0a73f5a5258f3fed37fc2fa641892f3f7a4748456d4d4792f9bc550e6c19e06c?s=96&d=mm&r=g","caption":"Ana Teixeira"}}]}},"_links":{"self":[{"href":"https:\/\/www.gaveanews.com\/index.php\/wp-json\/wp\/v2\/posts\/261060","targetHints":{"allow":["GET"]}}],"collection":[{"href":"https:\/\/www.gaveanews.com\/index.php\/wp-json\/wp\/v2\/posts"}],"about":[{"href":"https:\/\/www.gaveanews.com\/index.php\/wp-json\/wp\/v2\/types\/post"}],"author":[{"embeddable":true,"href":"https:\/\/www.gaveanews.com\/index.php\/wp-json\/wp\/v2\/users\/30"}],"replies":[{"embeddable":true,"href":"https:\/\/www.gaveanews.com\/index.php\/wp-json\/wp\/v2\/comments?post=261060"}],"version-history":[{"count":1,"href":"https:\/\/www.gaveanews.com\/index.php\/wp-json\/wp\/v2\/posts\/261060\/revisions"}],"predecessor-version":[{"id":261065,"href":"https:\/\/www.gaveanews.com\/index.php\/wp-json\/wp\/v2\/posts\/261060\/revisions\/261065"}],"wp:featuredmedia":[{"embeddable":true,"href":"https:\/\/www.gaveanews.com\/index.php\/wp-json\/wp\/v2\/media\/260860"}],"wp:attachment":[{"href":"https:\/\/www.gaveanews.com\/index.php\/wp-json\/wp\/v2\/media?parent=261060"}],"wp:term":[{"taxonomy":"category","embeddable":true,"href":"https:\/\/www.gaveanews.com\/index.php\/wp-json\/wp\/v2\/categories?post=261060"},{"taxonomy":"post_tag","embeddable":true,"href":"https:\/\/www.gaveanews.com\/index.php\/wp-json\/wp\/v2\/tags?post=261060"}],"curies":[{"name":"wp","href":"https:\/\/api.w.org\/{rel}","templated":true}]}}