{"id":261246,"date":"2025-05-07T14:20:48","date_gmt":"2025-05-07T17:20:48","guid":{"rendered":"https:\/\/www.gaveanews.com\/?p=261246"},"modified":"2025-05-07T13:54:11","modified_gmt":"2025-05-07T16:54:11","slug":"flavio-prado-tira-time-da-briga-pelo-brasileirao-e-dispara-ja-foi","status":"publish","type":"post","link":"https:\/\/www.gaveanews.com\/index.php\/2025\/05\/07\/flavio-prado-tira-time-da-briga-pelo-brasileirao-e-dispara-ja-foi\/","title":{"rendered":"Fl\u00e1vio Prado tira time da briga pelo Brasileir\u00e3o e dispara: &#8220;J\u00e1 foi&#8221;"},"content":{"rendered":"\n<p>Atual campe\u00e3o, o Botafogo n\u00e3o conseguir\u00e1 ser bi. Pelo menos \u00e9 o que acredita Fl\u00e1vio Prado, comentarista da Jovem Pan. No programa Bate Pronto, o jornalista afirmou que o Glorioso ficou pelo caminho e n\u00e3o tem mais condi\u00e7\u00f5es de brigar pelo t\u00edtulo com Palmeiras e Flamengo.<\/p>\n\n\n\n<p>\u201cBotafogo\u00a0ficou muito pelo caminho. Est\u00e1 muito dif\u00edcil. L\u00f3gico que estamos na s\u00e9tima rodada, mas eu vou muito na linha do Guardiola: nas oito primeiras rodadas se decide os blocos de disputa. N\u00e3o d\u00e1 mais, j\u00e1 foi\u201d, antecipou no programa \u201cBate-Pronto\u201d, da Jovem Pan.<\/p>\n\n\n\n<p>Com somente oito pontos em sete rodadas, o Botafogo ocupa a 12\u00aa coloca\u00e7\u00e3o. S\u00e3o duas vit\u00f3rias, dois empates e tr\u00eas derrotas. O Glorioso tem oito pontos a menos que o l\u00edder Palmeiras. Para Fl\u00e1vio Prado, o Brasileir\u00e3o 2025 n\u00e3o ter\u00e1 um &#8220;terceiro elemento&#8221; e vai ser apenas disputado pelo Verd\u00e3o e pelo Flamengo.<\/p>\n\n\n\n<p>\u201cEu acho que n\u00e3o tem um terceiro elemento. A gente tem sempre procurado falar de Flamengo e Palmeiras. E a\u00ed a gente fica ca\u00e7ando um terceiro elemento, j\u00e1 teve o Atl\u00e9tico-MG, no ano passado o Botafogo, mas para por a\u00ed\u201d, disse ele.<\/p>\n\n\n\n<p>\u201cDessa vez n\u00e3o tem um terceiro elemento, eles v\u00e3o ficar brigando at\u00e9 o fim. Em rela\u00e7\u00e3o ao t\u00edtulo, o bloco est\u00e1 bem definido. Acho que s\u00f3 esses dois v\u00e3o brigar pelo t\u00edtulo\u201d, completou Fl\u00e1vio Prado.<\/p>\n\n\n\n<p>Ao t\u00e9rmino da s\u00e9tima rodada, a tabela do Brasileir\u00e3o tem o Palmeiras na lideran\u00e7a com 16 pontos e ele vem seguido do Red Bull Bragantino, que tem a mesma pontua\u00e7\u00e3o. O Flamengo aparece em terceiro com 14. Fechando o G-4 tem o Cruzeiro, com 13, mesma pontua\u00e7\u00e3o do Fluminense, em quinto.<\/p>\n\n\n\n<p>No meio de semana, os times viram a aten\u00e7\u00e3o para mais uma rodada da fase de grupos da Libertadores. O Palmeiras viaja para o Paraguai para enfrentar o Cerro Porte\u00f1o. O Flamengo, por sua vez, tem jogo importante na Argentina, contra o Central C\u00f3rdoba.<\/p>\n","protected":false},"excerpt":{"rendered":"<p>Atual campe\u00e3o, o Botafogo n\u00e3o conseguir\u00e1 ser bi. Pelo menos \u00e9 o que acredita Fl\u00e1vio Prado, comentarista da Jovem Pan. No programa Bate Pronto, o jornalista afirmou que o Glorioso ficou pelo caminho e n\u00e3o tem mais condi\u00e7\u00f5es de brigar pelo t\u00edtulo com Palmeiras e Flamengo. \u201cBotafogo\u00a0ficou muito pelo caminho. Est\u00e1 muito dif\u00edcil. L\u00f3gico que [&hellip;]<\/p>\n","protected":false},"author":32,"featured_media":102292,"comment_status":"open","ping_status":"closed","sticky":false,"template":"","format":"standard","meta":{"footnotes":""},"categories":[138],"tags":[],"class_list":["post-261246","post","type-post","status-publish","format-standard","has-post-thumbnail","hentry","category-botafogo"],"yoast_head":"<!-- This site is optimized with the Yoast SEO Premium plugin v24.2 (Yoast SEO v26.9) - https:\/\/yoast.com\/product\/yoast-seo-premium-wordpress\/ -->\n<title>Fl\u00e1vio Prado tira time da briga pelo Brasileir\u00e3o e dispara: &quot;J\u00e1 foi&quot;<\/title>\n<meta name=\"robots\" content=\"index, follow, max-snippet:-1, max-image-preview:large, max-video-preview:-1\" \/>\n<link rel=\"canonical\" href=\"https:\/\/www.gaveanews.com\/index.php\/2025\/05\/07\/flavio-prado-tira-time-da-briga-pelo-brasileirao-e-dispara-ja-foi\/\" \/>\n<meta property=\"og:locale\" content=\"pt_BR\" \/>\n<meta property=\"og:type\" content=\"article\" \/>\n<meta property=\"og:title\" content=\"Fl\u00e1vio Prado tira time da briga pelo Brasileir\u00e3o e dispara: &quot;J\u00e1 foi&quot;\" \/>\n<meta property=\"og:description\" content=\"Atual campe\u00e3o, o Botafogo n\u00e3o conseguir\u00e1 ser bi. Pelo menos \u00e9 o que acredita Fl\u00e1vio Prado, comentarista da Jovem Pan. No programa Bate Pronto, o jornalista afirmou que o Glorioso ficou pelo caminho e n\u00e3o tem mais condi\u00e7\u00f5es de brigar pelo t\u00edtulo com Palmeiras e Flamengo. \u201cBotafogo\u00a0ficou muito pelo caminho. Est\u00e1 muito dif\u00edcil. L\u00f3gico que [&hellip;]\" \/>\n<meta property=\"og:url\" content=\"https:\/\/www.gaveanews.com\/index.php\/2025\/05\/07\/flavio-prado-tira-time-da-briga-pelo-brasileirao-e-dispara-ja-foi\/\" \/>\n<meta property=\"og:site_name\" content=\"G\u00e1vea News\" \/>\n<meta property=\"article:publisher\" content=\"https:\/\/facebook.com\/gaveaNews\/\" \/>\n<meta property=\"article:published_time\" content=\"2025-05-07T17:20:48+00:00\" \/>\n<meta property=\"og:image\" content=\"https:\/\/www.gaveanews.com\/wp-content\/uploads\/Flavio-Prado.webp\" \/>\n\t<meta property=\"og:image:width\" content=\"999\" \/>\n\t<meta property=\"og:image:height\" content=\"548\" \/>\n\t<meta property=\"og:image:type\" content=\"image\/png\" \/>\n<meta name=\"author\" content=\"Matheus Leal\" \/>\n<meta name=\"twitter:card\" content=\"summary_large_image\" \/>\n<meta name=\"twitter:label1\" content=\"Escrito por\" \/>\n\t<meta name=\"twitter:data1\" content=\"Matheus Leal\" \/>\n\t<meta name=\"twitter:label2\" content=\"Est. tempo de leitura\" \/>\n\t<meta name=\"twitter:data2\" content=\"2 minutos\" \/>\n<script type=\"application\/ld+json\" class=\"yoast-schema-graph\">{\"@context\":\"https:\/\/schema.org\",\"@graph\":[{\"@type\":\"NewsArticle\",\"@id\":\"https:\/\/www.gaveanews.com\/index.php\/2025\/05\/07\/flavio-prado-tira-time-da-briga-pelo-brasileirao-e-dispara-ja-foi\/#article\",\"isPartOf\":{\"@id\":\"https:\/\/www.gaveanews.com\/index.php\/2025\/05\/07\/flavio-prado-tira-time-da-briga-pelo-brasileirao-e-dispara-ja-foi\/\"},\"author\":{\"name\":\"Matheus Leal\",\"@id\":\"https:\/\/www.gaveanews.com\/#\/schema\/person\/49ac99b6823a2b8d5087a6ce3aaaa128\"},\"headline\":\"Fl\u00e1vio Prado tira time da briga pelo Brasileir\u00e3o e dispara: &#8220;J\u00e1 foi&#8221;\",\"datePublished\":\"2025-05-07T17:20:48+00:00\",\"mainEntityOfPage\":{\"@id\":\"https:\/\/www.gaveanews.com\/index.php\/2025\/05\/07\/flavio-prado-tira-time-da-briga-pelo-brasileirao-e-dispara-ja-foi\/\"},\"wordCount\":361,\"commentCount\":0,\"image\":{\"@id\":\"https:\/\/www.gaveanews.com\/index.php\/2025\/05\/07\/flavio-prado-tira-time-da-briga-pelo-brasileirao-e-dispara-ja-foi\/#primaryimage\"},\"thumbnailUrl\":\"https:\/\/www.gaveanews.com\/wp-content\/uploads\/Flavio-Prado.webp\",\"articleSection\":[\"Botafogo\"],\"inLanguage\":\"pt-BR\",\"potentialAction\":[{\"@type\":\"CommentAction\",\"name\":\"Comment\",\"target\":[\"https:\/\/www.gaveanews.com\/index.php\/2025\/05\/07\/flavio-prado-tira-time-da-briga-pelo-brasileirao-e-dispara-ja-foi\/#respond\"]}],\"copyrightYear\":\"2025\",\"copyrightHolder\":{\"@id\":\"https:\/\/www.gaveanews.com\/#organization\"}},{\"@type\":\"WebPage\",\"@id\":\"https:\/\/www.gaveanews.com\/index.php\/2025\/05\/07\/flavio-prado-tira-time-da-briga-pelo-brasileirao-e-dispara-ja-foi\/\",\"url\":\"https:\/\/www.gaveanews.com\/index.php\/2025\/05\/07\/flavio-prado-tira-time-da-briga-pelo-brasileirao-e-dispara-ja-foi\/\",\"name\":\"Fl\u00e1vio Prado tira time da briga pelo Brasileir\u00e3o e dispara: \\\"J\u00e1 foi\\\"\",\"isPartOf\":{\"@id\":\"https:\/\/www.gaveanews.com\/#website\"},\"primaryImageOfPage\":{\"@id\":\"https:\/\/www.gaveanews.com\/index.php\/2025\/05\/07\/flavio-prado-tira-time-da-briga-pelo-brasileirao-e-dispara-ja-foi\/#primaryimage\"},\"image\":{\"@id\":\"https:\/\/www.gaveanews.com\/index.php\/2025\/05\/07\/flavio-prado-tira-time-da-briga-pelo-brasileirao-e-dispara-ja-foi\/#primaryimage\"},\"thumbnailUrl\":\"https:\/\/www.gaveanews.com\/wp-content\/uploads\/Flavio-Prado.webp\",\"datePublished\":\"2025-05-07T17:20:48+00:00\",\"author\":{\"@id\":\"https:\/\/www.gaveanews.com\/#\/schema\/person\/49ac99b6823a2b8d5087a6ce3aaaa128\"},\"breadcrumb\":{\"@id\":\"https:\/\/www.gaveanews.com\/index.php\/2025\/05\/07\/flavio-prado-tira-time-da-briga-pelo-brasileirao-e-dispara-ja-foi\/#breadcrumb\"},\"inLanguage\":\"pt-BR\",\"potentialAction\":[{\"@type\":\"ReadAction\",\"target\":[\"https:\/\/www.gaveanews.com\/index.php\/2025\/05\/07\/flavio-prado-tira-time-da-briga-pelo-brasileirao-e-dispara-ja-foi\/\"]}]},{\"@type\":\"ImageObject\",\"inLanguage\":\"pt-BR\",\"@id\":\"https:\/\/www.gaveanews.com\/index.php\/2025\/05\/07\/flavio-prado-tira-time-da-briga-pelo-brasileirao-e-dispara-ja-foi\/#primaryimage\",\"url\":\"https:\/\/www.gaveanews.com\/wp-content\/uploads\/Flavio-Prado.webp\",\"contentUrl\":\"https:\/\/www.gaveanews.com\/wp-content\/uploads\/Flavio-Prado.webp\",\"width\":999,\"height\":548,\"caption\":\"Flavio Prado - Foto: Reprodu\u00e7\u00e3o\"},{\"@type\":\"BreadcrumbList\",\"@id\":\"https:\/\/www.gaveanews.com\/index.php\/2025\/05\/07\/flavio-prado-tira-time-da-briga-pelo-brasileirao-e-dispara-ja-foi\/#breadcrumb\",\"itemListElement\":[{\"@type\":\"ListItem\",\"position\":1,\"name\":\"Home\",\"item\":\"https:\/\/www.gaveanews.com\/\"},{\"@type\":\"ListItem\",\"position\":2,\"name\":\"Fl\u00e1vio Prado tira time da briga pelo Brasileir\u00e3o e dispara: &#8220;J\u00e1 foi&#8221;\"}]},{\"@type\":\"WebSite\",\"@id\":\"https:\/\/www.gaveanews.com\/#website\",\"url\":\"https:\/\/www.gaveanews.com\/\",\"name\":\"G\u00e1vea News\",\"description\":\"Veja todas as not\u00edcias sobre o Flamengo: Contrata\u00e7\u00f5es, categorias de base, resultados das partidas, tabela de classifica\u00e7\u00e3o, pr\u00f3ximos jogos!\",\"potentialAction\":[{\"@type\":\"SearchAction\",\"target\":{\"@type\":\"EntryPoint\",\"urlTemplate\":\"https:\/\/www.gaveanews.com\/?s={search_term_string}\"},\"query-input\":{\"@type\":\"PropertyValueSpecification\",\"valueRequired\":true,\"valueName\":\"search_term_string\"}}],\"inLanguage\":\"pt-BR\"},{\"@type\":\"Person\",\"@id\":\"https:\/\/www.gaveanews.com\/#\/schema\/person\/49ac99b6823a2b8d5087a6ce3aaaa128\",\"name\":\"Matheus Leal\",\"image\":{\"@type\":\"ImageObject\",\"inLanguage\":\"pt-BR\",\"@id\":\"https:\/\/www.gaveanews.com\/#\/schema\/person\/image\/\",\"url\":\"https:\/\/secure.gravatar.com\/avatar\/21c52300d1234416f9c886f6dadd7452d8b035ac505314a51e4f56731e90c481?s=96&d=mm&r=g\",\"contentUrl\":\"https:\/\/secure.gravatar.com\/avatar\/21c52300d1234416f9c886f6dadd7452d8b035ac505314a51e4f56731e90c481?s=96&d=mm&r=g\",\"caption\":\"Matheus Leal\"}}]}<\/script>\n<!-- \/ Yoast SEO Premium plugin. -->","yoast_head_json":{"title":"Fl\u00e1vio Prado tira time da briga pelo Brasileir\u00e3o e dispara: \"J\u00e1 foi\"","robots":{"index":"index","follow":"follow","max-snippet":"max-snippet:-1","max-image-preview":"max-image-preview:large","max-video-preview":"max-video-preview:-1"},"canonical":"https:\/\/www.gaveanews.com\/index.php\/2025\/05\/07\/flavio-prado-tira-time-da-briga-pelo-brasileirao-e-dispara-ja-foi\/","og_locale":"pt_BR","og_type":"article","og_title":"Fl\u00e1vio Prado tira time da briga pelo Brasileir\u00e3o e dispara: \"J\u00e1 foi\"","og_description":"Atual campe\u00e3o, o Botafogo n\u00e3o conseguir\u00e1 ser bi. Pelo menos \u00e9 o que acredita Fl\u00e1vio Prado, comentarista da Jovem Pan. No programa Bate Pronto, o jornalista afirmou que o Glorioso ficou pelo caminho e n\u00e3o tem mais condi\u00e7\u00f5es de brigar pelo t\u00edtulo com Palmeiras e Flamengo. \u201cBotafogo\u00a0ficou muito pelo caminho. Est\u00e1 muito dif\u00edcil. L\u00f3gico que [&hellip;]","og_url":"https:\/\/www.gaveanews.com\/index.php\/2025\/05\/07\/flavio-prado-tira-time-da-briga-pelo-brasileirao-e-dispara-ja-foi\/","og_site_name":"G\u00e1vea News","article_publisher":"https:\/\/facebook.com\/gaveaNews\/","article_published_time":"2025-05-07T17:20:48+00:00","og_image":[{"width":999,"height":548,"url":"https:\/\/www.gaveanews.com\/wp-content\/uploads\/Flavio-Prado.webp","type":"image\/png"}],"author":"Matheus Leal","twitter_card":"summary_large_image","twitter_misc":{"Escrito por":"Matheus Leal","Est. tempo de leitura":"2 minutos"},"schema":{"@context":"https:\/\/schema.org","@graph":[{"@type":"NewsArticle","@id":"https:\/\/www.gaveanews.com\/index.php\/2025\/05\/07\/flavio-prado-tira-time-da-briga-pelo-brasileirao-e-dispara-ja-foi\/#article","isPartOf":{"@id":"https:\/\/www.gaveanews.com\/index.php\/2025\/05\/07\/flavio-prado-tira-time-da-briga-pelo-brasileirao-e-dispara-ja-foi\/"},"author":{"name":"Matheus Leal","@id":"https:\/\/www.gaveanews.com\/#\/schema\/person\/49ac99b6823a2b8d5087a6ce3aaaa128"},"headline":"Fl\u00e1vio Prado tira time da briga pelo Brasileir\u00e3o e dispara: &#8220;J\u00e1 foi&#8221;","datePublished":"2025-05-07T17:20:48+00:00","mainEntityOfPage":{"@id":"https:\/\/www.gaveanews.com\/index.php\/2025\/05\/07\/flavio-prado-tira-time-da-briga-pelo-brasileirao-e-dispara-ja-foi\/"},"wordCount":361,"commentCount":0,"image":{"@id":"https:\/\/www.gaveanews.com\/index.php\/2025\/05\/07\/flavio-prado-tira-time-da-briga-pelo-brasileirao-e-dispara-ja-foi\/#primaryimage"},"thumbnailUrl":"https:\/\/www.gaveanews.com\/wp-content\/uploads\/Flavio-Prado.webp","articleSection":["Botafogo"],"inLanguage":"pt-BR","potentialAction":[{"@type":"CommentAction","name":"Comment","target":["https:\/\/www.gaveanews.com\/index.php\/2025\/05\/07\/flavio-prado-tira-time-da-briga-pelo-brasileirao-e-dispara-ja-foi\/#respond"]}],"copyrightYear":"2025","copyrightHolder":{"@id":"https:\/\/www.gaveanews.com\/#organization"}},{"@type":"WebPage","@id":"https:\/\/www.gaveanews.com\/index.php\/2025\/05\/07\/flavio-prado-tira-time-da-briga-pelo-brasileirao-e-dispara-ja-foi\/","url":"https:\/\/www.gaveanews.com\/index.php\/2025\/05\/07\/flavio-prado-tira-time-da-briga-pelo-brasileirao-e-dispara-ja-foi\/","name":"Fl\u00e1vio Prado tira time da briga pelo Brasileir\u00e3o e dispara: \"J\u00e1 foi\"","isPartOf":{"@id":"https:\/\/www.gaveanews.com\/#website"},"primaryImageOfPage":{"@id":"https:\/\/www.gaveanews.com\/index.php\/2025\/05\/07\/flavio-prado-tira-time-da-briga-pelo-brasileirao-e-dispara-ja-foi\/#primaryimage"},"image":{"@id":"https:\/\/www.gaveanews.com\/index.php\/2025\/05\/07\/flavio-prado-tira-time-da-briga-pelo-brasileirao-e-dispara-ja-foi\/#primaryimage"},"thumbnailUrl":"https:\/\/www.gaveanews.com\/wp-content\/uploads\/Flavio-Prado.webp","datePublished":"2025-05-07T17:20:48+00:00","author":{"@id":"https:\/\/www.gaveanews.com\/#\/schema\/person\/49ac99b6823a2b8d5087a6ce3aaaa128"},"breadcrumb":{"@id":"https:\/\/www.gaveanews.com\/index.php\/2025\/05\/07\/flavio-prado-tira-time-da-briga-pelo-brasileirao-e-dispara-ja-foi\/#breadcrumb"},"inLanguage":"pt-BR","potentialAction":[{"@type":"ReadAction","target":["https:\/\/www.gaveanews.com\/index.php\/2025\/05\/07\/flavio-prado-tira-time-da-briga-pelo-brasileirao-e-dispara-ja-foi\/"]}]},{"@type":"ImageObject","inLanguage":"pt-BR","@id":"https:\/\/www.gaveanews.com\/index.php\/2025\/05\/07\/flavio-prado-tira-time-da-briga-pelo-brasileirao-e-dispara-ja-foi\/#primaryimage","url":"https:\/\/www.gaveanews.com\/wp-content\/uploads\/Flavio-Prado.webp","contentUrl":"https:\/\/www.gaveanews.com\/wp-content\/uploads\/Flavio-Prado.webp","width":999,"height":548,"caption":"Flavio Prado - Foto: Reprodu\u00e7\u00e3o"},{"@type":"BreadcrumbList","@id":"https:\/\/www.gaveanews.com\/index.php\/2025\/05\/07\/flavio-prado-tira-time-da-briga-pelo-brasileirao-e-dispara-ja-foi\/#breadcrumb","itemListElement":[{"@type":"ListItem","position":1,"name":"Home","item":"https:\/\/www.gaveanews.com\/"},{"@type":"ListItem","position":2,"name":"Fl\u00e1vio Prado tira time da briga pelo Brasileir\u00e3o e dispara: &#8220;J\u00e1 foi&#8221;"}]},{"@type":"WebSite","@id":"https:\/\/www.gaveanews.com\/#website","url":"https:\/\/www.gaveanews.com\/","name":"G\u00e1vea News","description":"Veja todas as not\u00edcias sobre o Flamengo: Contrata\u00e7\u00f5es, categorias de base, resultados das partidas, tabela de classifica\u00e7\u00e3o, pr\u00f3ximos jogos!","potentialAction":[{"@type":"SearchAction","target":{"@type":"EntryPoint","urlTemplate":"https:\/\/www.gaveanews.com\/?s={search_term_string}"},"query-input":{"@type":"PropertyValueSpecification","valueRequired":true,"valueName":"search_term_string"}}],"inLanguage":"pt-BR"},{"@type":"Person","@id":"https:\/\/www.gaveanews.com\/#\/schema\/person\/49ac99b6823a2b8d5087a6ce3aaaa128","name":"Matheus Leal","image":{"@type":"ImageObject","inLanguage":"pt-BR","@id":"https:\/\/www.gaveanews.com\/#\/schema\/person\/image\/","url":"https:\/\/secure.gravatar.com\/avatar\/21c52300d1234416f9c886f6dadd7452d8b035ac505314a51e4f56731e90c481?s=96&d=mm&r=g","contentUrl":"https:\/\/secure.gravatar.com\/avatar\/21c52300d1234416f9c886f6dadd7452d8b035ac505314a51e4f56731e90c481?s=96&d=mm&r=g","caption":"Matheus Leal"}}]}},"_links":{"self":[{"href":"https:\/\/www.gaveanews.com\/index.php\/wp-json\/wp\/v2\/posts\/261246","targetHints":{"allow":["GET"]}}],"collection":[{"href":"https:\/\/www.gaveanews.com\/index.php\/wp-json\/wp\/v2\/posts"}],"about":[{"href":"https:\/\/www.gaveanews.com\/index.php\/wp-json\/wp\/v2\/types\/post"}],"author":[{"embeddable":true,"href":"https:\/\/www.gaveanews.com\/index.php\/wp-json\/wp\/v2\/users\/32"}],"replies":[{"embeddable":true,"href":"https:\/\/www.gaveanews.com\/index.php\/wp-json\/wp\/v2\/comments?post=261246"}],"version-history":[{"count":1,"href":"https:\/\/www.gaveanews.com\/index.php\/wp-json\/wp\/v2\/posts\/261246\/revisions"}],"predecessor-version":[{"id":261263,"href":"https:\/\/www.gaveanews.com\/index.php\/wp-json\/wp\/v2\/posts\/261246\/revisions\/261263"}],"wp:featuredmedia":[{"embeddable":true,"href":"https:\/\/www.gaveanews.com\/index.php\/wp-json\/wp\/v2\/media\/102292"}],"wp:attachment":[{"href":"https:\/\/www.gaveanews.com\/index.php\/wp-json\/wp\/v2\/media?parent=261246"}],"wp:term":[{"taxonomy":"category","embeddable":true,"href":"https:\/\/www.gaveanews.com\/index.php\/wp-json\/wp\/v2\/categories?post=261246"},{"taxonomy":"post_tag","embeddable":true,"href":"https:\/\/www.gaveanews.com\/index.php\/wp-json\/wp\/v2\/tags?post=261246"}],"curies":[{"name":"wp","href":"https:\/\/api.w.org\/{rel}","templated":true}]}}