{"id":261270,"date":"2025-05-06T23:10:00","date_gmt":"2025-05-07T02:10:00","guid":{"rendered":"https:\/\/www.gaveanews.com\/?p=261270"},"modified":"2025-05-06T20:08:38","modified_gmt":"2025-05-06T23:08:38","slug":"comite-da-cbf-analisa-polemicas-de-arbitragem-em-corinthians-x-internacional","status":"publish","type":"post","link":"https:\/\/www.gaveanews.com\/index.php\/2025\/05\/06\/comite-da-cbf-analisa-polemicas-de-arbitragem-em-corinthians-x-internacional\/","title":{"rendered":"Comit\u00ea da CBF analisa pol\u00eamicas de arbitragem em Corinthians x Internacional"},"content":{"rendered":"\n<p>Durante a vit\u00f3ria do Corinthians sobre o Internacional no s\u00e1bado (03), na Neo Qu\u00edmica Arena, a arbitragem foi protagonista de lances pol\u00eamicos com interfer\u00eancia direta do VAR. A atua\u00e7\u00e3o foi posteriormente avaliada pelo Comit\u00ea Consultivo de Especialistas Internacionais (CCEI), que discordou de duas decis\u00f5es cruciais tomadas em campo ap\u00f3s revis\u00e3o em v\u00eddeo.<\/p>\n\n\n\n<p>Primeiramente, o comit\u00ea considerou incorreta a anula\u00e7\u00e3o de um dos gols do Corinthians, apontando que o lance deveria ter sido validado. \u201cO defensor desvia claramente a bola na dire\u00e7\u00e3o do ataque antes de qualquer contato com o atacante\u201d, afirmou o parecer t\u00e9cnico. Por outro lado, o p\u00eanalti marcado a favor do time paulista nos acr\u00e9scimos do segundo tempo foi avaliado como equivocado. Segundo o relat\u00f3rio, houve disputa simult\u00e2nea pela bola e o contato ocorrido foi justificado pelo movimento natural dos jogadores.<\/p>\n\n\n\n<p>Al\u00e9m desses lances, o comit\u00ea avaliou o pedido de p\u00eanalti feito pelo Internacional ainda no primeiro tempo. No entendimento dos especialistas, tratava-se de uma disputa normal por espa\u00e7o, sem infra\u00e7\u00e3o. \u201cO jogador de branco segura o bra\u00e7o do advers\u00e1rio antes de cair\u201d, apontou o parecer. O \u00e1rbitro, nesse caso, optou por n\u00e3o marcar a penalidade.<\/p>\n\n\n\n<p>A reuni\u00e3o da an\u00e1lise t\u00e9cnica contou com nomes experientes, como Nicola Rizzoli, Nestor Pitana e Sandro Ricci, al\u00e9m do diretor de arbitragem da CBF, Rodrigo Cintra. Os auditores revisaram os \u00e1udios e imagens dos lances com base nas comunica\u00e7\u00f5es entre os \u00e1rbitros de campo e de v\u00eddeo.<\/p>\n\n\n\n<p>Tanto Corinthians quanto Internacional demonstraram descontentamento ap\u00f3s a partida. O zagueiro Vit\u00e3o criticou duramente a arbitragem, alegando falta de imparcialidade. Do lado corintiano, o executivo Fabinho Soldado afirmou que o clube formalizaria uma reclama\u00e7\u00e3o \u00e0 CBF por entender que h\u00e1 \u201cinseguran\u00e7a nos crit\u00e9rios adotados\u201d.<\/p>\n\n\n\n<p>Portanto, a atua\u00e7\u00e3o da arbitragem nesse confronto do Brasileir\u00e3o S\u00e9rie A, embora amparada pela tecnologia, gerou controv\u00e9rsias e segue sendo debatida entre os envolvidos e a entidade respons\u00e1vel.<\/p>\n","protected":false},"excerpt":{"rendered":"<p>Durante a vit\u00f3ria do Corinthians sobre o Internacional no s\u00e1bado (03), na Neo Qu\u00edmica Arena, a arbitragem foi protagonista de lances pol\u00eamicos com interfer\u00eancia direta do VAR. A atua\u00e7\u00e3o foi posteriormente avaliada pelo Comit\u00ea Consultivo de Especialistas Internacionais (CCEI), que discordou de duas decis\u00f5es cruciais tomadas em campo ap\u00f3s revis\u00e3o em v\u00eddeo. Primeiramente, o comit\u00ea [&hellip;]<\/p>\n","protected":false},"author":18,"featured_media":260858,"comment_status":"open","ping_status":"closed","sticky":false,"template":"","format":"standard","meta":{"footnotes":""},"categories":[141,148],"tags":[],"class_list":["post-261270","post","type-post","status-publish","format-standard","has-post-thumbnail","hentry","category-corinthians","category-internacional"],"yoast_head":"<!-- This site is optimized with the Yoast SEO Premium plugin v24.2 (Yoast SEO v26.9) - https:\/\/yoast.com\/product\/yoast-seo-premium-wordpress\/ -->\n<title>Comit\u00ea da CBF analisa pol\u00eamicas de arbitragem em Corinthians x Internacional<\/title>\n<meta name=\"robots\" content=\"index, follow, max-snippet:-1, max-image-preview:large, max-video-preview:-1\" \/>\n<link rel=\"canonical\" href=\"https:\/\/www.gaveanews.com\/index.php\/2025\/05\/06\/comite-da-cbf-analisa-polemicas-de-arbitragem-em-corinthians-x-internacional\/\" \/>\n<meta property=\"og:locale\" content=\"pt_BR\" \/>\n<meta property=\"og:type\" content=\"article\" \/>\n<meta property=\"og:title\" content=\"Comit\u00ea da CBF analisa pol\u00eamicas de arbitragem em Corinthians x Internacional\" \/>\n<meta property=\"og:description\" content=\"Durante a vit\u00f3ria do Corinthians sobre o Internacional no s\u00e1bado (03), na Neo Qu\u00edmica Arena, a arbitragem foi protagonista de lances pol\u00eamicos com interfer\u00eancia direta do VAR. A atua\u00e7\u00e3o foi posteriormente avaliada pelo Comit\u00ea Consultivo de Especialistas Internacionais (CCEI), que discordou de duas decis\u00f5es cruciais tomadas em campo ap\u00f3s revis\u00e3o em v\u00eddeo. Primeiramente, o comit\u00ea [&hellip;]\" \/>\n<meta property=\"og:url\" content=\"https:\/\/www.gaveanews.com\/index.php\/2025\/05\/06\/comite-da-cbf-analisa-polemicas-de-arbitragem-em-corinthians-x-internacional\/\" \/>\n<meta property=\"og:site_name\" content=\"G\u00e1vea News\" \/>\n<meta property=\"article:publisher\" content=\"https:\/\/facebook.com\/gaveaNews\/\" \/>\n<meta property=\"article:published_time\" content=\"2025-05-07T02:10:00+00:00\" \/>\n<meta property=\"og:image\" content=\"https:\/\/www.gaveanews.com\/wp-content\/uploads\/Corinthians-x-Internacional-pelo-Brasileirao.webp\" \/>\n\t<meta property=\"og:image:width\" content=\"1200\" \/>\n\t<meta property=\"og:image:height\" content=\"900\" \/>\n\t<meta property=\"og:image:type\" content=\"image\/webp\" \/>\n<meta name=\"author\" content=\"Paula Silva\" \/>\n<meta name=\"twitter:card\" content=\"summary_large_image\" \/>\n<meta name=\"twitter:label1\" content=\"Escrito por\" \/>\n\t<meta name=\"twitter:data1\" content=\"Paula Silva\" \/>\n\t<meta name=\"twitter:label2\" content=\"Est. tempo de leitura\" \/>\n\t<meta name=\"twitter:data2\" content=\"2 minutos\" \/>\n<script type=\"application\/ld+json\" class=\"yoast-schema-graph\">{\"@context\":\"https:\/\/schema.org\",\"@graph\":[{\"@type\":\"NewsArticle\",\"@id\":\"https:\/\/www.gaveanews.com\/index.php\/2025\/05\/06\/comite-da-cbf-analisa-polemicas-de-arbitragem-em-corinthians-x-internacional\/#article\",\"isPartOf\":{\"@id\":\"https:\/\/www.gaveanews.com\/index.php\/2025\/05\/06\/comite-da-cbf-analisa-polemicas-de-arbitragem-em-corinthians-x-internacional\/\"},\"author\":{\"name\":\"Paula Silva\",\"@id\":\"https:\/\/www.gaveanews.com\/#\/schema\/person\/daf63eec72e1164eb13dc35096c2b8da\"},\"headline\":\"Comit\u00ea da CBF analisa pol\u00eamicas de arbitragem em Corinthians x Internacional\",\"datePublished\":\"2025-05-07T02:10:00+00:00\",\"mainEntityOfPage\":{\"@id\":\"https:\/\/www.gaveanews.com\/index.php\/2025\/05\/06\/comite-da-cbf-analisa-polemicas-de-arbitragem-em-corinthians-x-internacional\/\"},\"wordCount\":357,\"commentCount\":0,\"image\":{\"@id\":\"https:\/\/www.gaveanews.com\/index.php\/2025\/05\/06\/comite-da-cbf-analisa-polemicas-de-arbitragem-em-corinthians-x-internacional\/#primaryimage\"},\"thumbnailUrl\":\"https:\/\/www.gaveanews.com\/wp-content\/uploads\/Corinthians-x-Internacional-pelo-Brasileirao.webp\",\"articleSection\":[\"Corinthians\",\"Internacional\"],\"inLanguage\":\"pt-BR\",\"potentialAction\":[{\"@type\":\"CommentAction\",\"name\":\"Comment\",\"target\":[\"https:\/\/www.gaveanews.com\/index.php\/2025\/05\/06\/comite-da-cbf-analisa-polemicas-de-arbitragem-em-corinthians-x-internacional\/#respond\"]}],\"copyrightYear\":\"2025\",\"copyrightHolder\":{\"@id\":\"https:\/\/www.gaveanews.com\/#organization\"}},{\"@type\":\"WebPage\",\"@id\":\"https:\/\/www.gaveanews.com\/index.php\/2025\/05\/06\/comite-da-cbf-analisa-polemicas-de-arbitragem-em-corinthians-x-internacional\/\",\"url\":\"https:\/\/www.gaveanews.com\/index.php\/2025\/05\/06\/comite-da-cbf-analisa-polemicas-de-arbitragem-em-corinthians-x-internacional\/\",\"name\":\"Comit\u00ea da CBF analisa pol\u00eamicas de arbitragem em Corinthians x Internacional\",\"isPartOf\":{\"@id\":\"https:\/\/www.gaveanews.com\/#website\"},\"primaryImageOfPage\":{\"@id\":\"https:\/\/www.gaveanews.com\/index.php\/2025\/05\/06\/comite-da-cbf-analisa-polemicas-de-arbitragem-em-corinthians-x-internacional\/#primaryimage\"},\"image\":{\"@id\":\"https:\/\/www.gaveanews.com\/index.php\/2025\/05\/06\/comite-da-cbf-analisa-polemicas-de-arbitragem-em-corinthians-x-internacional\/#primaryimage\"},\"thumbnailUrl\":\"https:\/\/www.gaveanews.com\/wp-content\/uploads\/Corinthians-x-Internacional-pelo-Brasileirao.webp\",\"datePublished\":\"2025-05-07T02:10:00+00:00\",\"author\":{\"@id\":\"https:\/\/www.gaveanews.com\/#\/schema\/person\/daf63eec72e1164eb13dc35096c2b8da\"},\"breadcrumb\":{\"@id\":\"https:\/\/www.gaveanews.com\/index.php\/2025\/05\/06\/comite-da-cbf-analisa-polemicas-de-arbitragem-em-corinthians-x-internacional\/#breadcrumb\"},\"inLanguage\":\"pt-BR\",\"potentialAction\":[{\"@type\":\"ReadAction\",\"target\":[\"https:\/\/www.gaveanews.com\/index.php\/2025\/05\/06\/comite-da-cbf-analisa-polemicas-de-arbitragem-em-corinthians-x-internacional\/\"]}]},{\"@type\":\"ImageObject\",\"inLanguage\":\"pt-BR\",\"@id\":\"https:\/\/www.gaveanews.com\/index.php\/2025\/05\/06\/comite-da-cbf-analisa-polemicas-de-arbitragem-em-corinthians-x-internacional\/#primaryimage\",\"url\":\"https:\/\/www.gaveanews.com\/wp-content\/uploads\/Corinthians-x-Internacional-pelo-Brasileirao.webp\",\"contentUrl\":\"https:\/\/www.gaveanews.com\/wp-content\/uploads\/Corinthians-x-Internacional-pelo-Brasileirao.webp\",\"width\":1200,\"height\":900,\"caption\":\"Corinthians x Internacional pelo Brasileir\u00e3o (Foto: Ricardo Duarte \/ Internacional)\"},{\"@type\":\"BreadcrumbList\",\"@id\":\"https:\/\/www.gaveanews.com\/index.php\/2025\/05\/06\/comite-da-cbf-analisa-polemicas-de-arbitragem-em-corinthians-x-internacional\/#breadcrumb\",\"itemListElement\":[{\"@type\":\"ListItem\",\"position\":1,\"name\":\"Home\",\"item\":\"https:\/\/www.gaveanews.com\/\"},{\"@type\":\"ListItem\",\"position\":2,\"name\":\"Comit\u00ea da CBF analisa pol\u00eamicas de arbitragem em Corinthians x Internacional\"}]},{\"@type\":\"WebSite\",\"@id\":\"https:\/\/www.gaveanews.com\/#website\",\"url\":\"https:\/\/www.gaveanews.com\/\",\"name\":\"G\u00e1vea News\",\"description\":\"Veja todas as not\u00edcias sobre o Flamengo: Contrata\u00e7\u00f5es, categorias de base, resultados das partidas, tabela de classifica\u00e7\u00e3o, pr\u00f3ximos jogos!\",\"potentialAction\":[{\"@type\":\"SearchAction\",\"target\":{\"@type\":\"EntryPoint\",\"urlTemplate\":\"https:\/\/www.gaveanews.com\/?s={search_term_string}\"},\"query-input\":{\"@type\":\"PropertyValueSpecification\",\"valueRequired\":true,\"valueName\":\"search_term_string\"}}],\"inLanguage\":\"pt-BR\"},{\"@type\":\"Person\",\"@id\":\"https:\/\/www.gaveanews.com\/#\/schema\/person\/daf63eec72e1164eb13dc35096c2b8da\",\"name\":\"Paula Silva\",\"image\":{\"@type\":\"ImageObject\",\"inLanguage\":\"pt-BR\",\"@id\":\"https:\/\/www.gaveanews.com\/#\/schema\/person\/image\/\",\"url\":\"https:\/\/secure.gravatar.com\/avatar\/eda381c845527cc5d64c13b901833cda29d97500ba040d3e6461f76f51d163bb?s=96&d=mm&r=g\",\"contentUrl\":\"https:\/\/secure.gravatar.com\/avatar\/eda381c845527cc5d64c13b901833cda29d97500ba040d3e6461f76f51d163bb?s=96&d=mm&r=g\",\"caption\":\"Paula Silva\"}}]}<\/script>\n<!-- \/ Yoast SEO Premium plugin. -->","yoast_head_json":{"title":"Comit\u00ea da CBF analisa pol\u00eamicas de arbitragem em Corinthians x Internacional","robots":{"index":"index","follow":"follow","max-snippet":"max-snippet:-1","max-image-preview":"max-image-preview:large","max-video-preview":"max-video-preview:-1"},"canonical":"https:\/\/www.gaveanews.com\/index.php\/2025\/05\/06\/comite-da-cbf-analisa-polemicas-de-arbitragem-em-corinthians-x-internacional\/","og_locale":"pt_BR","og_type":"article","og_title":"Comit\u00ea da CBF analisa pol\u00eamicas de arbitragem em Corinthians x Internacional","og_description":"Durante a vit\u00f3ria do Corinthians sobre o Internacional no s\u00e1bado (03), na Neo Qu\u00edmica Arena, a arbitragem foi protagonista de lances pol\u00eamicos com interfer\u00eancia direta do VAR. A atua\u00e7\u00e3o foi posteriormente avaliada pelo Comit\u00ea Consultivo de Especialistas Internacionais (CCEI), que discordou de duas decis\u00f5es cruciais tomadas em campo ap\u00f3s revis\u00e3o em v\u00eddeo. Primeiramente, o comit\u00ea [&hellip;]","og_url":"https:\/\/www.gaveanews.com\/index.php\/2025\/05\/06\/comite-da-cbf-analisa-polemicas-de-arbitragem-em-corinthians-x-internacional\/","og_site_name":"G\u00e1vea News","article_publisher":"https:\/\/facebook.com\/gaveaNews\/","article_published_time":"2025-05-07T02:10:00+00:00","og_image":[{"width":1200,"height":900,"url":"https:\/\/www.gaveanews.com\/wp-content\/uploads\/Corinthians-x-Internacional-pelo-Brasileirao.webp","type":"image\/webp"}],"author":"Paula Silva","twitter_card":"summary_large_image","twitter_misc":{"Escrito por":"Paula Silva","Est. tempo de leitura":"2 minutos"},"schema":{"@context":"https:\/\/schema.org","@graph":[{"@type":"NewsArticle","@id":"https:\/\/www.gaveanews.com\/index.php\/2025\/05\/06\/comite-da-cbf-analisa-polemicas-de-arbitragem-em-corinthians-x-internacional\/#article","isPartOf":{"@id":"https:\/\/www.gaveanews.com\/index.php\/2025\/05\/06\/comite-da-cbf-analisa-polemicas-de-arbitragem-em-corinthians-x-internacional\/"},"author":{"name":"Paula Silva","@id":"https:\/\/www.gaveanews.com\/#\/schema\/person\/daf63eec72e1164eb13dc35096c2b8da"},"headline":"Comit\u00ea da CBF analisa pol\u00eamicas de arbitragem em Corinthians x Internacional","datePublished":"2025-05-07T02:10:00+00:00","mainEntityOfPage":{"@id":"https:\/\/www.gaveanews.com\/index.php\/2025\/05\/06\/comite-da-cbf-analisa-polemicas-de-arbitragem-em-corinthians-x-internacional\/"},"wordCount":357,"commentCount":0,"image":{"@id":"https:\/\/www.gaveanews.com\/index.php\/2025\/05\/06\/comite-da-cbf-analisa-polemicas-de-arbitragem-em-corinthians-x-internacional\/#primaryimage"},"thumbnailUrl":"https:\/\/www.gaveanews.com\/wp-content\/uploads\/Corinthians-x-Internacional-pelo-Brasileirao.webp","articleSection":["Corinthians","Internacional"],"inLanguage":"pt-BR","potentialAction":[{"@type":"CommentAction","name":"Comment","target":["https:\/\/www.gaveanews.com\/index.php\/2025\/05\/06\/comite-da-cbf-analisa-polemicas-de-arbitragem-em-corinthians-x-internacional\/#respond"]}],"copyrightYear":"2025","copyrightHolder":{"@id":"https:\/\/www.gaveanews.com\/#organization"}},{"@type":"WebPage","@id":"https:\/\/www.gaveanews.com\/index.php\/2025\/05\/06\/comite-da-cbf-analisa-polemicas-de-arbitragem-em-corinthians-x-internacional\/","url":"https:\/\/www.gaveanews.com\/index.php\/2025\/05\/06\/comite-da-cbf-analisa-polemicas-de-arbitragem-em-corinthians-x-internacional\/","name":"Comit\u00ea da CBF analisa pol\u00eamicas de arbitragem em Corinthians x Internacional","isPartOf":{"@id":"https:\/\/www.gaveanews.com\/#website"},"primaryImageOfPage":{"@id":"https:\/\/www.gaveanews.com\/index.php\/2025\/05\/06\/comite-da-cbf-analisa-polemicas-de-arbitragem-em-corinthians-x-internacional\/#primaryimage"},"image":{"@id":"https:\/\/www.gaveanews.com\/index.php\/2025\/05\/06\/comite-da-cbf-analisa-polemicas-de-arbitragem-em-corinthians-x-internacional\/#primaryimage"},"thumbnailUrl":"https:\/\/www.gaveanews.com\/wp-content\/uploads\/Corinthians-x-Internacional-pelo-Brasileirao.webp","datePublished":"2025-05-07T02:10:00+00:00","author":{"@id":"https:\/\/www.gaveanews.com\/#\/schema\/person\/daf63eec72e1164eb13dc35096c2b8da"},"breadcrumb":{"@id":"https:\/\/www.gaveanews.com\/index.php\/2025\/05\/06\/comite-da-cbf-analisa-polemicas-de-arbitragem-em-corinthians-x-internacional\/#breadcrumb"},"inLanguage":"pt-BR","potentialAction":[{"@type":"ReadAction","target":["https:\/\/www.gaveanews.com\/index.php\/2025\/05\/06\/comite-da-cbf-analisa-polemicas-de-arbitragem-em-corinthians-x-internacional\/"]}]},{"@type":"ImageObject","inLanguage":"pt-BR","@id":"https:\/\/www.gaveanews.com\/index.php\/2025\/05\/06\/comite-da-cbf-analisa-polemicas-de-arbitragem-em-corinthians-x-internacional\/#primaryimage","url":"https:\/\/www.gaveanews.com\/wp-content\/uploads\/Corinthians-x-Internacional-pelo-Brasileirao.webp","contentUrl":"https:\/\/www.gaveanews.com\/wp-content\/uploads\/Corinthians-x-Internacional-pelo-Brasileirao.webp","width":1200,"height":900,"caption":"Corinthians x Internacional pelo Brasileir\u00e3o (Foto: Ricardo Duarte \/ Internacional)"},{"@type":"BreadcrumbList","@id":"https:\/\/www.gaveanews.com\/index.php\/2025\/05\/06\/comite-da-cbf-analisa-polemicas-de-arbitragem-em-corinthians-x-internacional\/#breadcrumb","itemListElement":[{"@type":"ListItem","position":1,"name":"Home","item":"https:\/\/www.gaveanews.com\/"},{"@type":"ListItem","position":2,"name":"Comit\u00ea da CBF analisa pol\u00eamicas de arbitragem em Corinthians x Internacional"}]},{"@type":"WebSite","@id":"https:\/\/www.gaveanews.com\/#website","url":"https:\/\/www.gaveanews.com\/","name":"G\u00e1vea News","description":"Veja todas as not\u00edcias sobre o Flamengo: Contrata\u00e7\u00f5es, categorias de base, resultados das partidas, tabela de classifica\u00e7\u00e3o, pr\u00f3ximos jogos!","potentialAction":[{"@type":"SearchAction","target":{"@type":"EntryPoint","urlTemplate":"https:\/\/www.gaveanews.com\/?s={search_term_string}"},"query-input":{"@type":"PropertyValueSpecification","valueRequired":true,"valueName":"search_term_string"}}],"inLanguage":"pt-BR"},{"@type":"Person","@id":"https:\/\/www.gaveanews.com\/#\/schema\/person\/daf63eec72e1164eb13dc35096c2b8da","name":"Paula Silva","image":{"@type":"ImageObject","inLanguage":"pt-BR","@id":"https:\/\/www.gaveanews.com\/#\/schema\/person\/image\/","url":"https:\/\/secure.gravatar.com\/avatar\/eda381c845527cc5d64c13b901833cda29d97500ba040d3e6461f76f51d163bb?s=96&d=mm&r=g","contentUrl":"https:\/\/secure.gravatar.com\/avatar\/eda381c845527cc5d64c13b901833cda29d97500ba040d3e6461f76f51d163bb?s=96&d=mm&r=g","caption":"Paula Silva"}}]}},"_links":{"self":[{"href":"https:\/\/www.gaveanews.com\/index.php\/wp-json\/wp\/v2\/posts\/261270","targetHints":{"allow":["GET"]}}],"collection":[{"href":"https:\/\/www.gaveanews.com\/index.php\/wp-json\/wp\/v2\/posts"}],"about":[{"href":"https:\/\/www.gaveanews.com\/index.php\/wp-json\/wp\/v2\/types\/post"}],"author":[{"embeddable":true,"href":"https:\/\/www.gaveanews.com\/index.php\/wp-json\/wp\/v2\/users\/18"}],"replies":[{"embeddable":true,"href":"https:\/\/www.gaveanews.com\/index.php\/wp-json\/wp\/v2\/comments?post=261270"}],"version-history":[{"count":1,"href":"https:\/\/www.gaveanews.com\/index.php\/wp-json\/wp\/v2\/posts\/261270\/revisions"}],"predecessor-version":[{"id":261273,"href":"https:\/\/www.gaveanews.com\/index.php\/wp-json\/wp\/v2\/posts\/261270\/revisions\/261273"}],"wp:featuredmedia":[{"embeddable":true,"href":"https:\/\/www.gaveanews.com\/index.php\/wp-json\/wp\/v2\/media\/260858"}],"wp:attachment":[{"href":"https:\/\/www.gaveanews.com\/index.php\/wp-json\/wp\/v2\/media?parent=261270"}],"wp:term":[{"taxonomy":"category","embeddable":true,"href":"https:\/\/www.gaveanews.com\/index.php\/wp-json\/wp\/v2\/categories?post=261270"},{"taxonomy":"post_tag","embeddable":true,"href":"https:\/\/www.gaveanews.com\/index.php\/wp-json\/wp\/v2\/tags?post=261270"}],"curies":[{"name":"wp","href":"https:\/\/api.w.org\/{rel}","templated":true}]}}