{"id":261278,"date":"2025-05-06T23:15:00","date_gmt":"2025-05-07T02:15:00","guid":{"rendered":"https:\/\/www.gaveanews.com\/?p=261278"},"modified":"2025-05-06T20:11:03","modified_gmt":"2025-05-06T23:11:03","slug":"saiba-quando-carlo-ancelotti-vai-anunciar-saida-do-real-madrid","status":"publish","type":"post","link":"https:\/\/www.gaveanews.com\/index.php\/2025\/05\/06\/saiba-quando-carlo-ancelotti-vai-anunciar-saida-do-real-madrid\/","title":{"rendered":"Saiba quando Carlo Ancelotti vai anunciar sa\u00edda do Real Madrid"},"content":{"rendered":"\n<p>O t\u00e9cnico Carlo Ancelotti deve oficializar sua sa\u00edda do Real Madrid nos pr\u00f3ximos dias, logo ap\u00f3s o cl\u00e1ssico contra o Barcelona, v\u00e1lido pela disputa direta pela lideran\u00e7a da La Liga 2024\/25. A decis\u00e3o ser\u00e1 comunicada \u00e0 imprensa entre domingo (11) e quarta-feira (14), independentemente do resultado do confronto com os catal\u00e3es. Segundo ve\u00edculos europeus como o jornal \u201cMarca\u201d e o site \u201cThe Athletic\u201d, a ruptura acontecer\u00e1 em comum acordo com a diretoria merengue.<\/p>\n\n\n\n<p>Atualmente, o Real Madrid ocupa a vice-lideran\u00e7a do Campeonato Espanhol, com 75 pontos, quatro a menos que o Barcelona. Assim, o duelo entre os dois gigantes pode definir os rumos do t\u00edtulo nacional. Apesar da import\u00e2ncia do jogo, a decis\u00e3o de Ancelotti j\u00e1 estaria tomada, conforme apontam as publica\u00e7\u00f5es. O treinador, ali\u00e1s, j\u00e1 teria um novo destino bem encaminhado: a sele\u00e7\u00e3o brasileira.<\/p>\n\n\n\n<p>Tanto o \u201cMarca\u201d quanto o \u201cThe Athletic\u201d informaram que existe um acordo entre Ancelotti e a Confedera\u00e7\u00e3o Brasileira de Futebol. Faltariam apenas detalhes burocr\u00e1ticos para a conclus\u00e3o do v\u00ednculo. Entretanto, quest\u00f5es internas da CBF ainda dificultam o an\u00fancio oficial. O Supremo Tribunal Federal deve julgar nos pr\u00f3ximos dias um pedido de afastamento do atual presidente da entidade, Ednaldo Rodrigues.<\/p>\n\n\n\n<p>Rodrigo Caetano, diretor de sele\u00e7\u00f5es da CBF, declarou que a entidade espera definir o novo treinador da Sele\u00e7\u00e3o at\u00e9 a pr\u00f3xima semana. \u201cEstamos trabalhando para fechar o nome o quanto antes\u201d, afirmou. A convoca\u00e7\u00e3o para os confrontos contra Equador e Paraguai, pelas Eliminat\u00f3rias da Copa do Mundo de 2026, precisa ser enviada \u00e0 Fifa at\u00e9 o dia 18 de maio.<\/p>\n\n\n\n<p>O Brasil enfrentar\u00e1 o Equador no dia 5 de junho. Atualmente, ocupa a quarta posi\u00e7\u00e3o na tabela, com 21 pontos, enquanto os equatorianos est\u00e3o em segundo, com 23. A Sele\u00e7\u00e3o est\u00e1 sem t\u00e9cnico h\u00e1 39 dias e aguarda uma defini\u00e7\u00e3o urgente.<\/p>\n\n\n\n<p>A previs\u00e3o \u00e9 que Ancelotti permane\u00e7a no comando do Real Madrid at\u00e9 o fim da temporada, mas n\u00e3o participar\u00e1 do Mundial de Clubes. A equipe dever\u00e1 ser comandada por Santiago Solari nesse torneio.<\/p>\n","protected":false},"excerpt":{"rendered":"<p>O t\u00e9cnico Carlo Ancelotti deve oficializar sua sa\u00edda do Real Madrid nos pr\u00f3ximos dias, logo ap\u00f3s o cl\u00e1ssico contra o Barcelona, v\u00e1lido pela disputa direta pela lideran\u00e7a da La Liga 2024\/25. A decis\u00e3o ser\u00e1 comunicada \u00e0 imprensa entre domingo (11) e quarta-feira (14), independentemente do resultado do confronto com os catal\u00e3es. Segundo ve\u00edculos europeus como [&hellip;]<\/p>\n","protected":false},"author":18,"featured_media":119629,"comment_status":"open","ping_status":"closed","sticky":false,"template":"","format":"standard","meta":{"footnotes":""},"categories":[88],"tags":[],"class_list":["post-261278","post","type-post","status-publish","format-standard","has-post-thumbnail","hentry","category-real-madrid"],"yoast_head":"<!-- This site is optimized with the Yoast SEO Premium plugin v24.2 (Yoast SEO v26.9) - https:\/\/yoast.com\/product\/yoast-seo-premium-wordpress\/ -->\n<title>Saiba quando Carlo Ancelotti vai anunciar sa\u00edda do Real Madrid<\/title>\n<meta name=\"robots\" content=\"index, follow, max-snippet:-1, max-image-preview:large, max-video-preview:-1\" \/>\n<link rel=\"canonical\" href=\"https:\/\/www.gaveanews.com\/index.php\/2025\/05\/06\/saiba-quando-carlo-ancelotti-vai-anunciar-saida-do-real-madrid\/\" \/>\n<meta property=\"og:locale\" content=\"pt_BR\" \/>\n<meta property=\"og:type\" content=\"article\" \/>\n<meta property=\"og:title\" content=\"Saiba quando Carlo Ancelotti vai anunciar sa\u00edda do Real Madrid\" \/>\n<meta property=\"og:description\" content=\"O t\u00e9cnico Carlo Ancelotti deve oficializar sua sa\u00edda do Real Madrid nos pr\u00f3ximos dias, logo ap\u00f3s o cl\u00e1ssico contra o Barcelona, v\u00e1lido pela disputa direta pela lideran\u00e7a da La Liga 2024\/25. A decis\u00e3o ser\u00e1 comunicada \u00e0 imprensa entre domingo (11) e quarta-feira (14), independentemente do resultado do confronto com os catal\u00e3es. Segundo ve\u00edculos europeus como [&hellip;]\" \/>\n<meta property=\"og:url\" content=\"https:\/\/www.gaveanews.com\/index.php\/2025\/05\/06\/saiba-quando-carlo-ancelotti-vai-anunciar-saida-do-real-madrid\/\" \/>\n<meta property=\"og:site_name\" content=\"G\u00e1vea News\" \/>\n<meta property=\"article:publisher\" content=\"https:\/\/facebook.com\/gaveaNews\/\" \/>\n<meta property=\"article:published_time\" content=\"2025-05-07T02:15:00+00:00\" \/>\n<meta property=\"og:image\" content=\"https:\/\/www.gaveanews.com\/wp-content\/uploads\/2023-04-29t184531z-1598421574-up1ej4t1g3tth-rtrmadp-3-soccer-spain-mad-uda-report.webp\" \/>\n\t<meta property=\"og:image:width\" content=\"984\" \/>\n\t<meta property=\"og:image:height\" content=\"678\" \/>\n\t<meta property=\"og:image:type\" content=\"image\/webp\" \/>\n<meta name=\"author\" content=\"Paula Silva\" \/>\n<meta name=\"twitter:card\" content=\"summary_large_image\" \/>\n<meta name=\"twitter:label1\" content=\"Escrito por\" \/>\n\t<meta name=\"twitter:data1\" content=\"Paula Silva\" \/>\n\t<meta name=\"twitter:label2\" content=\"Est. tempo de leitura\" \/>\n\t<meta name=\"twitter:data2\" content=\"3 minutos\" \/>\n<script type=\"application\/ld+json\" class=\"yoast-schema-graph\">{\"@context\":\"https:\/\/schema.org\",\"@graph\":[{\"@type\":\"NewsArticle\",\"@id\":\"https:\/\/www.gaveanews.com\/index.php\/2025\/05\/06\/saiba-quando-carlo-ancelotti-vai-anunciar-saida-do-real-madrid\/#article\",\"isPartOf\":{\"@id\":\"https:\/\/www.gaveanews.com\/index.php\/2025\/05\/06\/saiba-quando-carlo-ancelotti-vai-anunciar-saida-do-real-madrid\/\"},\"author\":{\"name\":\"Paula Silva\",\"@id\":\"https:\/\/www.gaveanews.com\/#\/schema\/person\/daf63eec72e1164eb13dc35096c2b8da\"},\"headline\":\"Saiba quando Carlo Ancelotti vai anunciar sa\u00edda do Real Madrid\",\"datePublished\":\"2025-05-07T02:15:00+00:00\",\"mainEntityOfPage\":{\"@id\":\"https:\/\/www.gaveanews.com\/index.php\/2025\/05\/06\/saiba-quando-carlo-ancelotti-vai-anunciar-saida-do-real-madrid\/\"},\"wordCount\":363,\"commentCount\":0,\"image\":{\"@id\":\"https:\/\/www.gaveanews.com\/index.php\/2025\/05\/06\/saiba-quando-carlo-ancelotti-vai-anunciar-saida-do-real-madrid\/#primaryimage\"},\"thumbnailUrl\":\"https:\/\/www.gaveanews.com\/wp-content\/uploads\/2023-04-29t184531z-1598421574-up1ej4t1g3tth-rtrmadp-3-soccer-spain-mad-uda-report.webp\",\"articleSection\":[\"Real Madrid\"],\"inLanguage\":\"pt-BR\",\"potentialAction\":[{\"@type\":\"CommentAction\",\"name\":\"Comment\",\"target\":[\"https:\/\/www.gaveanews.com\/index.php\/2025\/05\/06\/saiba-quando-carlo-ancelotti-vai-anunciar-saida-do-real-madrid\/#respond\"]}],\"copyrightYear\":\"2025\",\"copyrightHolder\":{\"@id\":\"https:\/\/www.gaveanews.com\/#organization\"}},{\"@type\":\"WebPage\",\"@id\":\"https:\/\/www.gaveanews.com\/index.php\/2025\/05\/06\/saiba-quando-carlo-ancelotti-vai-anunciar-saida-do-real-madrid\/\",\"url\":\"https:\/\/www.gaveanews.com\/index.php\/2025\/05\/06\/saiba-quando-carlo-ancelotti-vai-anunciar-saida-do-real-madrid\/\",\"name\":\"Saiba quando Carlo Ancelotti vai anunciar sa\u00edda do Real Madrid\",\"isPartOf\":{\"@id\":\"https:\/\/www.gaveanews.com\/#website\"},\"primaryImageOfPage\":{\"@id\":\"https:\/\/www.gaveanews.com\/index.php\/2025\/05\/06\/saiba-quando-carlo-ancelotti-vai-anunciar-saida-do-real-madrid\/#primaryimage\"},\"image\":{\"@id\":\"https:\/\/www.gaveanews.com\/index.php\/2025\/05\/06\/saiba-quando-carlo-ancelotti-vai-anunciar-saida-do-real-madrid\/#primaryimage\"},\"thumbnailUrl\":\"https:\/\/www.gaveanews.com\/wp-content\/uploads\/2023-04-29t184531z-1598421574-up1ej4t1g3tth-rtrmadp-3-soccer-spain-mad-uda-report.webp\",\"datePublished\":\"2025-05-07T02:15:00+00:00\",\"author\":{\"@id\":\"https:\/\/www.gaveanews.com\/#\/schema\/person\/daf63eec72e1164eb13dc35096c2b8da\"},\"breadcrumb\":{\"@id\":\"https:\/\/www.gaveanews.com\/index.php\/2025\/05\/06\/saiba-quando-carlo-ancelotti-vai-anunciar-saida-do-real-madrid\/#breadcrumb\"},\"inLanguage\":\"pt-BR\",\"potentialAction\":[{\"@type\":\"ReadAction\",\"target\":[\"https:\/\/www.gaveanews.com\/index.php\/2025\/05\/06\/saiba-quando-carlo-ancelotti-vai-anunciar-saida-do-real-madrid\/\"]}]},{\"@type\":\"ImageObject\",\"inLanguage\":\"pt-BR\",\"@id\":\"https:\/\/www.gaveanews.com\/index.php\/2025\/05\/06\/saiba-quando-carlo-ancelotti-vai-anunciar-saida-do-real-madrid\/#primaryimage\",\"url\":\"https:\/\/www.gaveanews.com\/wp-content\/uploads\/2023-04-29t184531z-1598421574-up1ej4t1g3tth-rtrmadp-3-soccer-spain-mad-uda-report.webp\",\"contentUrl\":\"https:\/\/www.gaveanews.com\/wp-content\/uploads\/2023-04-29t184531z-1598421574-up1ej4t1g3tth-rtrmadp-3-soccer-spain-mad-uda-report.webp\",\"width\":984,\"height\":678,\"caption\":\"Carlo Ancelotti, t\u00e9cnico do Real Madrid (Foto: Reuters)\"},{\"@type\":\"BreadcrumbList\",\"@id\":\"https:\/\/www.gaveanews.com\/index.php\/2025\/05\/06\/saiba-quando-carlo-ancelotti-vai-anunciar-saida-do-real-madrid\/#breadcrumb\",\"itemListElement\":[{\"@type\":\"ListItem\",\"position\":1,\"name\":\"Home\",\"item\":\"https:\/\/www.gaveanews.com\/\"},{\"@type\":\"ListItem\",\"position\":2,\"name\":\"Saiba quando Carlo Ancelotti vai anunciar sa\u00edda do Real Madrid\"}]},{\"@type\":\"WebSite\",\"@id\":\"https:\/\/www.gaveanews.com\/#website\",\"url\":\"https:\/\/www.gaveanews.com\/\",\"name\":\"G\u00e1vea News\",\"description\":\"Veja todas as not\u00edcias sobre o Flamengo: Contrata\u00e7\u00f5es, categorias de base, resultados das partidas, tabela de classifica\u00e7\u00e3o, pr\u00f3ximos jogos!\",\"potentialAction\":[{\"@type\":\"SearchAction\",\"target\":{\"@type\":\"EntryPoint\",\"urlTemplate\":\"https:\/\/www.gaveanews.com\/?s={search_term_string}\"},\"query-input\":{\"@type\":\"PropertyValueSpecification\",\"valueRequired\":true,\"valueName\":\"search_term_string\"}}],\"inLanguage\":\"pt-BR\"},{\"@type\":\"Person\",\"@id\":\"https:\/\/www.gaveanews.com\/#\/schema\/person\/daf63eec72e1164eb13dc35096c2b8da\",\"name\":\"Paula Silva\",\"image\":{\"@type\":\"ImageObject\",\"inLanguage\":\"pt-BR\",\"@id\":\"https:\/\/www.gaveanews.com\/#\/schema\/person\/image\/\",\"url\":\"https:\/\/secure.gravatar.com\/avatar\/eda381c845527cc5d64c13b901833cda29d97500ba040d3e6461f76f51d163bb?s=96&d=mm&r=g\",\"contentUrl\":\"https:\/\/secure.gravatar.com\/avatar\/eda381c845527cc5d64c13b901833cda29d97500ba040d3e6461f76f51d163bb?s=96&d=mm&r=g\",\"caption\":\"Paula Silva\"}}]}<\/script>\n<!-- \/ Yoast SEO Premium plugin. -->","yoast_head_json":{"title":"Saiba quando Carlo Ancelotti vai anunciar sa\u00edda do Real Madrid","robots":{"index":"index","follow":"follow","max-snippet":"max-snippet:-1","max-image-preview":"max-image-preview:large","max-video-preview":"max-video-preview:-1"},"canonical":"https:\/\/www.gaveanews.com\/index.php\/2025\/05\/06\/saiba-quando-carlo-ancelotti-vai-anunciar-saida-do-real-madrid\/","og_locale":"pt_BR","og_type":"article","og_title":"Saiba quando Carlo Ancelotti vai anunciar sa\u00edda do Real Madrid","og_description":"O t\u00e9cnico Carlo Ancelotti deve oficializar sua sa\u00edda do Real Madrid nos pr\u00f3ximos dias, logo ap\u00f3s o cl\u00e1ssico contra o Barcelona, v\u00e1lido pela disputa direta pela lideran\u00e7a da La Liga 2024\/25. A decis\u00e3o ser\u00e1 comunicada \u00e0 imprensa entre domingo (11) e quarta-feira (14), independentemente do resultado do confronto com os catal\u00e3es. Segundo ve\u00edculos europeus como [&hellip;]","og_url":"https:\/\/www.gaveanews.com\/index.php\/2025\/05\/06\/saiba-quando-carlo-ancelotti-vai-anunciar-saida-do-real-madrid\/","og_site_name":"G\u00e1vea News","article_publisher":"https:\/\/facebook.com\/gaveaNews\/","article_published_time":"2025-05-07T02:15:00+00:00","og_image":[{"width":984,"height":678,"url":"https:\/\/www.gaveanews.com\/wp-content\/uploads\/2023-04-29t184531z-1598421574-up1ej4t1g3tth-rtrmadp-3-soccer-spain-mad-uda-report.webp","type":"image\/webp"}],"author":"Paula Silva","twitter_card":"summary_large_image","twitter_misc":{"Escrito por":"Paula Silva","Est. tempo de leitura":"3 minutos"},"schema":{"@context":"https:\/\/schema.org","@graph":[{"@type":"NewsArticle","@id":"https:\/\/www.gaveanews.com\/index.php\/2025\/05\/06\/saiba-quando-carlo-ancelotti-vai-anunciar-saida-do-real-madrid\/#article","isPartOf":{"@id":"https:\/\/www.gaveanews.com\/index.php\/2025\/05\/06\/saiba-quando-carlo-ancelotti-vai-anunciar-saida-do-real-madrid\/"},"author":{"name":"Paula Silva","@id":"https:\/\/www.gaveanews.com\/#\/schema\/person\/daf63eec72e1164eb13dc35096c2b8da"},"headline":"Saiba quando Carlo Ancelotti vai anunciar sa\u00edda do Real Madrid","datePublished":"2025-05-07T02:15:00+00:00","mainEntityOfPage":{"@id":"https:\/\/www.gaveanews.com\/index.php\/2025\/05\/06\/saiba-quando-carlo-ancelotti-vai-anunciar-saida-do-real-madrid\/"},"wordCount":363,"commentCount":0,"image":{"@id":"https:\/\/www.gaveanews.com\/index.php\/2025\/05\/06\/saiba-quando-carlo-ancelotti-vai-anunciar-saida-do-real-madrid\/#primaryimage"},"thumbnailUrl":"https:\/\/www.gaveanews.com\/wp-content\/uploads\/2023-04-29t184531z-1598421574-up1ej4t1g3tth-rtrmadp-3-soccer-spain-mad-uda-report.webp","articleSection":["Real Madrid"],"inLanguage":"pt-BR","potentialAction":[{"@type":"CommentAction","name":"Comment","target":["https:\/\/www.gaveanews.com\/index.php\/2025\/05\/06\/saiba-quando-carlo-ancelotti-vai-anunciar-saida-do-real-madrid\/#respond"]}],"copyrightYear":"2025","copyrightHolder":{"@id":"https:\/\/www.gaveanews.com\/#organization"}},{"@type":"WebPage","@id":"https:\/\/www.gaveanews.com\/index.php\/2025\/05\/06\/saiba-quando-carlo-ancelotti-vai-anunciar-saida-do-real-madrid\/","url":"https:\/\/www.gaveanews.com\/index.php\/2025\/05\/06\/saiba-quando-carlo-ancelotti-vai-anunciar-saida-do-real-madrid\/","name":"Saiba quando Carlo Ancelotti vai anunciar sa\u00edda do Real Madrid","isPartOf":{"@id":"https:\/\/www.gaveanews.com\/#website"},"primaryImageOfPage":{"@id":"https:\/\/www.gaveanews.com\/index.php\/2025\/05\/06\/saiba-quando-carlo-ancelotti-vai-anunciar-saida-do-real-madrid\/#primaryimage"},"image":{"@id":"https:\/\/www.gaveanews.com\/index.php\/2025\/05\/06\/saiba-quando-carlo-ancelotti-vai-anunciar-saida-do-real-madrid\/#primaryimage"},"thumbnailUrl":"https:\/\/www.gaveanews.com\/wp-content\/uploads\/2023-04-29t184531z-1598421574-up1ej4t1g3tth-rtrmadp-3-soccer-spain-mad-uda-report.webp","datePublished":"2025-05-07T02:15:00+00:00","author":{"@id":"https:\/\/www.gaveanews.com\/#\/schema\/person\/daf63eec72e1164eb13dc35096c2b8da"},"breadcrumb":{"@id":"https:\/\/www.gaveanews.com\/index.php\/2025\/05\/06\/saiba-quando-carlo-ancelotti-vai-anunciar-saida-do-real-madrid\/#breadcrumb"},"inLanguage":"pt-BR","potentialAction":[{"@type":"ReadAction","target":["https:\/\/www.gaveanews.com\/index.php\/2025\/05\/06\/saiba-quando-carlo-ancelotti-vai-anunciar-saida-do-real-madrid\/"]}]},{"@type":"ImageObject","inLanguage":"pt-BR","@id":"https:\/\/www.gaveanews.com\/index.php\/2025\/05\/06\/saiba-quando-carlo-ancelotti-vai-anunciar-saida-do-real-madrid\/#primaryimage","url":"https:\/\/www.gaveanews.com\/wp-content\/uploads\/2023-04-29t184531z-1598421574-up1ej4t1g3tth-rtrmadp-3-soccer-spain-mad-uda-report.webp","contentUrl":"https:\/\/www.gaveanews.com\/wp-content\/uploads\/2023-04-29t184531z-1598421574-up1ej4t1g3tth-rtrmadp-3-soccer-spain-mad-uda-report.webp","width":984,"height":678,"caption":"Carlo Ancelotti, t\u00e9cnico do Real Madrid (Foto: Reuters)"},{"@type":"BreadcrumbList","@id":"https:\/\/www.gaveanews.com\/index.php\/2025\/05\/06\/saiba-quando-carlo-ancelotti-vai-anunciar-saida-do-real-madrid\/#breadcrumb","itemListElement":[{"@type":"ListItem","position":1,"name":"Home","item":"https:\/\/www.gaveanews.com\/"},{"@type":"ListItem","position":2,"name":"Saiba quando Carlo Ancelotti vai anunciar sa\u00edda do Real Madrid"}]},{"@type":"WebSite","@id":"https:\/\/www.gaveanews.com\/#website","url":"https:\/\/www.gaveanews.com\/","name":"G\u00e1vea News","description":"Veja todas as not\u00edcias sobre o Flamengo: Contrata\u00e7\u00f5es, categorias de base, resultados das partidas, tabela de classifica\u00e7\u00e3o, pr\u00f3ximos jogos!","potentialAction":[{"@type":"SearchAction","target":{"@type":"EntryPoint","urlTemplate":"https:\/\/www.gaveanews.com\/?s={search_term_string}"},"query-input":{"@type":"PropertyValueSpecification","valueRequired":true,"valueName":"search_term_string"}}],"inLanguage":"pt-BR"},{"@type":"Person","@id":"https:\/\/www.gaveanews.com\/#\/schema\/person\/daf63eec72e1164eb13dc35096c2b8da","name":"Paula Silva","image":{"@type":"ImageObject","inLanguage":"pt-BR","@id":"https:\/\/www.gaveanews.com\/#\/schema\/person\/image\/","url":"https:\/\/secure.gravatar.com\/avatar\/eda381c845527cc5d64c13b901833cda29d97500ba040d3e6461f76f51d163bb?s=96&d=mm&r=g","contentUrl":"https:\/\/secure.gravatar.com\/avatar\/eda381c845527cc5d64c13b901833cda29d97500ba040d3e6461f76f51d163bb?s=96&d=mm&r=g","caption":"Paula Silva"}}]}},"_links":{"self":[{"href":"https:\/\/www.gaveanews.com\/index.php\/wp-json\/wp\/v2\/posts\/261278","targetHints":{"allow":["GET"]}}],"collection":[{"href":"https:\/\/www.gaveanews.com\/index.php\/wp-json\/wp\/v2\/posts"}],"about":[{"href":"https:\/\/www.gaveanews.com\/index.php\/wp-json\/wp\/v2\/types\/post"}],"author":[{"embeddable":true,"href":"https:\/\/www.gaveanews.com\/index.php\/wp-json\/wp\/v2\/users\/18"}],"replies":[{"embeddable":true,"href":"https:\/\/www.gaveanews.com\/index.php\/wp-json\/wp\/v2\/comments?post=261278"}],"version-history":[{"count":1,"href":"https:\/\/www.gaveanews.com\/index.php\/wp-json\/wp\/v2\/posts\/261278\/revisions"}],"predecessor-version":[{"id":261279,"href":"https:\/\/www.gaveanews.com\/index.php\/wp-json\/wp\/v2\/posts\/261278\/revisions\/261279"}],"wp:featuredmedia":[{"embeddable":true,"href":"https:\/\/www.gaveanews.com\/index.php\/wp-json\/wp\/v2\/media\/119629"}],"wp:attachment":[{"href":"https:\/\/www.gaveanews.com\/index.php\/wp-json\/wp\/v2\/media?parent=261278"}],"wp:term":[{"taxonomy":"category","embeddable":true,"href":"https:\/\/www.gaveanews.com\/index.php\/wp-json\/wp\/v2\/categories?post=261278"},{"taxonomy":"post_tag","embeddable":true,"href":"https:\/\/www.gaveanews.com\/index.php\/wp-json\/wp\/v2\/tags?post=261278"}],"curies":[{"name":"wp","href":"https:\/\/api.w.org\/{rel}","templated":true}]}}