{"id":26128,"date":"2019-08-29T07:00:07","date_gmt":"2019-08-29T10:00:07","guid":{"rendered":"http:\/\/www.gaveanews.com\/?p=26128"},"modified":"2024-04-07T08:45:17","modified_gmt":"2024-04-07T11:45:17","slug":"video-comemoracao-do-volante-willian-arao-com-a-classificacao-do-flamengo-na-copa-libertadores-viraliza-nas-redes-sociais","status":"publish","type":"post","link":"https:\/\/www.gaveanews.com\/index.php\/2019\/08\/29\/video-comemoracao-do-volante-willian-arao-com-a-classificacao-do-flamengo-na-copa-libertadores-viraliza-nas-redes-sociais\/","title":{"rendered":"V\u00eddeo: Comemora\u00e7\u00e3o do volante Willian Ar\u00e3o com a classifica\u00e7\u00e3o do Flamengo na Copa Libertadores viraliza nas redes sociais"},"content":{"rendered":"\n<p>Suspenso por conta do terceiro cart\u00e3o amarelo recebido no jogo de ida, no est\u00e1dio do Maracan\u00e3, Willian Ar\u00e3o n\u00e3o entrou em campo na \u00faltima quarta-feira (28 de agosto), no empate do time do Flamengo em 1 a 1 com o Internacional, mas o camisa 5. que acompanhou o time em Porto Alegre, vibrou demais a classifica\u00e7\u00e3o para a semifinal da Copa Libertadores da Am\u00e9rica. <\/p>\n\n\n\n<p>A comemora\u00e7\u00e3o foi registrada pelos torcedores. <\/p>\n\n\n\n<p><strong>Assista ao v\u00eddeo abaixo:<\/strong><\/p>\n\n\n\n<figure class=\"wp-block-video\"><video controls src=\"https:\/\/video.twimg.com\/ext_tw_video\/1166906082364743685\/pu\/vid\/1280x720\/8eufIcl3w6oD9Wxo.mp4?tag=10\"><\/video><\/figure>\n\n\n\n<p>Willian Ar\u00e3o acompanhou a partida de um camarote do Beira-Rio cedido \u00e0 delega\u00e7\u00e3o do Flamengo, assim como outros jogadores do clube, como os jovens Matheus Dantas e Vin\u00edcius Souza, e o ex-zagueiro Juan e a diretoria.<\/p>\n\n\n\n<p>O Flamengo enfrentar\u00e1 na semifinal da Copa Libertadores o Gr\u00eamio. Por ter uma campanha melhor do que a do Tricolor Ga\u00facho, far\u00e1 a partida decisiva no Rio de Janeiro. A ida ser\u00e1 na Arena do Gr\u00eamio, em Porto Alegre no dia 2 de outubro, com a volta, no Est\u00e1dio do Maracan\u00e3, marcada para 23 de outubro.<\/p>\n\n\n\n<p>Retirado de: Lance<\/p>\n\n\n","protected":false},"excerpt":{"rendered":"<p>Suspenso por conta do terceiro cart\u00e3o amarelo recebido no jogo de ida, no est\u00e1dio do Maracan\u00e3, Willian Ar\u00e3o n\u00e3o entrou em campo na \u00faltima quarta-feira (28 de agosto), no empate do time do Flamengo em 1 a 1 com o Internacional, mas o camisa 5. que acompanhou o time em Porto Alegre, vibrou demais a [&hellip;]<\/p>\n","protected":false},"author":1,"featured_media":25168,"comment_status":"open","ping_status":"open","sticky":false,"template":"","format":"standard","meta":{"footnotes":""},"categories":[40],"tags":[187],"class_list":["post-26128","post","type-post","status-publish","format-standard","has-post-thumbnail","hentry","category-video","tag-willian-souza-arao-da-silva"],"yoast_head":"<!-- This site is optimized with the Yoast SEO Premium plugin v24.2 (Yoast SEO v26.9) - https:\/\/yoast.com\/product\/yoast-seo-premium-wordpress\/ -->\n<title>V\u00eddeo: Comemora\u00e7\u00e3o do volante Willian Ar\u00e3o com a classifica\u00e7\u00e3o do Flamengo na Copa Libertadores viraliza nas redes sociais<\/title>\n<meta name=\"robots\" content=\"index, follow, max-snippet:-1, max-image-preview:large, max-video-preview:-1\" \/>\n<link rel=\"canonical\" href=\"https:\/\/www.gaveanews.com\/index.php\/2019\/08\/29\/video-comemoracao-do-volante-willian-arao-com-a-classificacao-do-flamengo-na-copa-libertadores-viraliza-nas-redes-sociais\/\" \/>\n<meta property=\"og:locale\" content=\"pt_BR\" \/>\n<meta property=\"og:type\" content=\"article\" \/>\n<meta property=\"og:title\" content=\"V\u00eddeo: Comemora\u00e7\u00e3o do volante Willian Ar\u00e3o com a classifica\u00e7\u00e3o do Flamengo na Copa Libertadores viraliza nas redes sociais\" \/>\n<meta property=\"og:description\" content=\"Suspenso por conta do terceiro cart\u00e3o amarelo recebido no jogo de ida, no est\u00e1dio do Maracan\u00e3, Willian Ar\u00e3o n\u00e3o entrou em campo na \u00faltima quarta-feira (28 de agosto), no empate do time do Flamengo em 1 a 1 com o Internacional, mas o camisa 5. que acompanhou o time em Porto Alegre, vibrou demais a [&hellip;]\" \/>\n<meta property=\"og:url\" content=\"https:\/\/www.gaveanews.com\/index.php\/2019\/08\/29\/video-comemoracao-do-volante-willian-arao-com-a-classificacao-do-flamengo-na-copa-libertadores-viraliza-nas-redes-sociais\/\" \/>\n<meta property=\"og:site_name\" content=\"G\u00e1vea News\" \/>\n<meta property=\"article:publisher\" content=\"https:\/\/facebook.com\/gaveaNews\/\" \/>\n<meta property=\"article:published_time\" content=\"2019-08-29T10:00:07+00:00\" \/>\n<meta property=\"article:modified_time\" content=\"2024-04-07T11:45:17+00:00\" \/>\n<meta property=\"og:image\" content=\"https:\/\/www.gaveanews.com\/wp-content\/uploads\/2019\/08\/Willian-Arao-em-acao-pelo-Flamengo.webp\" \/>\n\t<meta property=\"og:image:width\" content=\"1\" \/>\n\t<meta property=\"og:image:height\" content=\"1\" \/>\n\t<meta property=\"og:image:type\" content=\"image\/jpeg\" \/>\n<meta name=\"author\" content=\"Equipe G\u00e1vea News\" \/>\n<meta name=\"twitter:card\" content=\"summary_large_image\" \/>\n<meta name=\"twitter:label1\" content=\"Escrito por\" \/>\n\t<meta name=\"twitter:data1\" content=\"Equipe G\u00e1vea News\" \/>\n\t<meta name=\"twitter:label2\" content=\"Est. tempo de leitura\" \/>\n\t<meta name=\"twitter:data2\" content=\"1 minuto\" \/>\n<script type=\"application\/ld+json\" class=\"yoast-schema-graph\">{\"@context\":\"https:\/\/schema.org\",\"@graph\":[{\"@type\":\"NewsArticle\",\"@id\":\"https:\/\/www.gaveanews.com\/index.php\/2019\/08\/29\/video-comemoracao-do-volante-willian-arao-com-a-classificacao-do-flamengo-na-copa-libertadores-viraliza-nas-redes-sociais\/#article\",\"isPartOf\":{\"@id\":\"https:\/\/www.gaveanews.com\/index.php\/2019\/08\/29\/video-comemoracao-do-volante-willian-arao-com-a-classificacao-do-flamengo-na-copa-libertadores-viraliza-nas-redes-sociais\/\"},\"author\":{\"name\":\"Equipe G\u00e1vea News\",\"@id\":\"https:\/\/www.gaveanews.com\/#\/schema\/person\/2ec14f73fb96be2caf28f91afb14749d\"},\"headline\":\"V\u00eddeo: Comemora\u00e7\u00e3o do volante Willian Ar\u00e3o com a classifica\u00e7\u00e3o do Flamengo na Copa Libertadores viraliza nas redes sociais\",\"datePublished\":\"2019-08-29T10:00:07+00:00\",\"dateModified\":\"2024-04-07T11:45:17+00:00\",\"mainEntityOfPage\":{\"@id\":\"https:\/\/www.gaveanews.com\/index.php\/2019\/08\/29\/video-comemoracao-do-volante-willian-arao-com-a-classificacao-do-flamengo-na-copa-libertadores-viraliza-nas-redes-sociais\/\"},\"wordCount\":199,\"commentCount\":0,\"image\":{\"@id\":\"https:\/\/www.gaveanews.com\/index.php\/2019\/08\/29\/video-comemoracao-do-volante-willian-arao-com-a-classificacao-do-flamengo-na-copa-libertadores-viraliza-nas-redes-sociais\/#primaryimage\"},\"thumbnailUrl\":\"https:\/\/www.gaveanews.com\/wp-content\/uploads\/2019\/08\/Willian-Arao-em-acao-pelo-Flamengo.webp\",\"keywords\":[\"Willian Souza Ar\u00e3o da Silva\"],\"articleSection\":[\"V\u00eddeos\"],\"inLanguage\":\"pt-BR\",\"potentialAction\":[{\"@type\":\"CommentAction\",\"name\":\"Comment\",\"target\":[\"https:\/\/www.gaveanews.com\/index.php\/2019\/08\/29\/video-comemoracao-do-volante-willian-arao-com-a-classificacao-do-flamengo-na-copa-libertadores-viraliza-nas-redes-sociais\/#respond\"]}],\"copyrightYear\":\"2019\",\"copyrightHolder\":{\"@id\":\"https:\/\/www.gaveanews.com\/#organization\"}},{\"@type\":\"WebPage\",\"@id\":\"https:\/\/www.gaveanews.com\/index.php\/2019\/08\/29\/video-comemoracao-do-volante-willian-arao-com-a-classificacao-do-flamengo-na-copa-libertadores-viraliza-nas-redes-sociais\/\",\"url\":\"https:\/\/www.gaveanews.com\/index.php\/2019\/08\/29\/video-comemoracao-do-volante-willian-arao-com-a-classificacao-do-flamengo-na-copa-libertadores-viraliza-nas-redes-sociais\/\",\"name\":\"V\u00eddeo: Comemora\u00e7\u00e3o do volante Willian Ar\u00e3o com a classifica\u00e7\u00e3o do Flamengo na Copa Libertadores viraliza nas redes sociais\",\"isPartOf\":{\"@id\":\"https:\/\/www.gaveanews.com\/#website\"},\"primaryImageOfPage\":{\"@id\":\"https:\/\/www.gaveanews.com\/index.php\/2019\/08\/29\/video-comemoracao-do-volante-willian-arao-com-a-classificacao-do-flamengo-na-copa-libertadores-viraliza-nas-redes-sociais\/#primaryimage\"},\"image\":{\"@id\":\"https:\/\/www.gaveanews.com\/index.php\/2019\/08\/29\/video-comemoracao-do-volante-willian-arao-com-a-classificacao-do-flamengo-na-copa-libertadores-viraliza-nas-redes-sociais\/#primaryimage\"},\"thumbnailUrl\":\"https:\/\/www.gaveanews.com\/wp-content\/uploads\/2019\/08\/Willian-Arao-em-acao-pelo-Flamengo.webp\",\"datePublished\":\"2019-08-29T10:00:07+00:00\",\"dateModified\":\"2024-04-07T11:45:17+00:00\",\"author\":{\"@id\":\"https:\/\/www.gaveanews.com\/#\/schema\/person\/2ec14f73fb96be2caf28f91afb14749d\"},\"breadcrumb\":{\"@id\":\"https:\/\/www.gaveanews.com\/index.php\/2019\/08\/29\/video-comemoracao-do-volante-willian-arao-com-a-classificacao-do-flamengo-na-copa-libertadores-viraliza-nas-redes-sociais\/#breadcrumb\"},\"inLanguage\":\"pt-BR\",\"potentialAction\":[{\"@type\":\"ReadAction\",\"target\":[\"https:\/\/www.gaveanews.com\/index.php\/2019\/08\/29\/video-comemoracao-do-volante-willian-arao-com-a-classificacao-do-flamengo-na-copa-libertadores-viraliza-nas-redes-sociais\/\"]}]},{\"@type\":\"ImageObject\",\"inLanguage\":\"pt-BR\",\"@id\":\"https:\/\/www.gaveanews.com\/index.php\/2019\/08\/29\/video-comemoracao-do-volante-willian-arao-com-a-classificacao-do-flamengo-na-copa-libertadores-viraliza-nas-redes-sociais\/#primaryimage\",\"url\":\"https:\/\/www.gaveanews.com\/wp-content\/uploads\/2019\/08\/Willian-Arao-em-acao-pelo-Flamengo.webp\",\"contentUrl\":\"https:\/\/www.gaveanews.com\/wp-content\/uploads\/2019\/08\/Willian-Arao-em-acao-pelo-Flamengo.webp\",\"caption\":\"Willian Ar\u00e3o em a\u00e7\u00e3o pelo Flamengo (Foto: Gilvan de Souza\/Flamengo)\"},{\"@type\":\"BreadcrumbList\",\"@id\":\"https:\/\/www.gaveanews.com\/index.php\/2019\/08\/29\/video-comemoracao-do-volante-willian-arao-com-a-classificacao-do-flamengo-na-copa-libertadores-viraliza-nas-redes-sociais\/#breadcrumb\",\"itemListElement\":[{\"@type\":\"ListItem\",\"position\":1,\"name\":\"Home\",\"item\":\"https:\/\/www.gaveanews.com\/\"},{\"@type\":\"ListItem\",\"position\":2,\"name\":\"V\u00eddeo: Comemora\u00e7\u00e3o do volante Willian Ar\u00e3o com a classifica\u00e7\u00e3o do Flamengo na Copa Libertadores viraliza nas redes sociais\"}]},{\"@type\":\"WebSite\",\"@id\":\"https:\/\/www.gaveanews.com\/#website\",\"url\":\"https:\/\/www.gaveanews.com\/\",\"name\":\"G\u00e1vea News\",\"description\":\"Veja todas as not\u00edcias sobre o Flamengo: Contrata\u00e7\u00f5es, categorias de base, resultados das partidas, tabela de classifica\u00e7\u00e3o, pr\u00f3ximos jogos!\",\"potentialAction\":[{\"@type\":\"SearchAction\",\"target\":{\"@type\":\"EntryPoint\",\"urlTemplate\":\"https:\/\/www.gaveanews.com\/?s={search_term_string}\"},\"query-input\":{\"@type\":\"PropertyValueSpecification\",\"valueRequired\":true,\"valueName\":\"search_term_string\"}}],\"inLanguage\":\"pt-BR\"},{\"@type\":\"Person\",\"@id\":\"https:\/\/www.gaveanews.com\/#\/schema\/person\/2ec14f73fb96be2caf28f91afb14749d\",\"name\":\"Equipe G\u00e1vea News\",\"image\":{\"@type\":\"ImageObject\",\"inLanguage\":\"pt-BR\",\"@id\":\"https:\/\/www.gaveanews.com\/#\/schema\/person\/image\/\",\"url\":\"https:\/\/secure.gravatar.com\/avatar\/1e1956f1facbffd3f8fa53a326721950116b3b9dc9bd44939c01180fd4a745a9?s=96&d=mm&r=g\",\"contentUrl\":\"https:\/\/secure.gravatar.com\/avatar\/1e1956f1facbffd3f8fa53a326721950116b3b9dc9bd44939c01180fd4a745a9?s=96&d=mm&r=g\",\"caption\":\"Equipe G\u00e1vea News\"}}]}<\/script>\n<!-- \/ Yoast SEO Premium plugin. -->","yoast_head_json":{"title":"V\u00eddeo: Comemora\u00e7\u00e3o do volante Willian Ar\u00e3o com a classifica\u00e7\u00e3o do Flamengo na Copa Libertadores viraliza nas redes sociais","robots":{"index":"index","follow":"follow","max-snippet":"max-snippet:-1","max-image-preview":"max-image-preview:large","max-video-preview":"max-video-preview:-1"},"canonical":"https:\/\/www.gaveanews.com\/index.php\/2019\/08\/29\/video-comemoracao-do-volante-willian-arao-com-a-classificacao-do-flamengo-na-copa-libertadores-viraliza-nas-redes-sociais\/","og_locale":"pt_BR","og_type":"article","og_title":"V\u00eddeo: Comemora\u00e7\u00e3o do volante Willian Ar\u00e3o com a classifica\u00e7\u00e3o do Flamengo na Copa Libertadores viraliza nas redes sociais","og_description":"Suspenso por conta do terceiro cart\u00e3o amarelo recebido no jogo de ida, no est\u00e1dio do Maracan\u00e3, Willian Ar\u00e3o n\u00e3o entrou em campo na \u00faltima quarta-feira (28 de agosto), no empate do time do Flamengo em 1 a 1 com o Internacional, mas o camisa 5. que acompanhou o time em Porto Alegre, vibrou demais a [&hellip;]","og_url":"https:\/\/www.gaveanews.com\/index.php\/2019\/08\/29\/video-comemoracao-do-volante-willian-arao-com-a-classificacao-do-flamengo-na-copa-libertadores-viraliza-nas-redes-sociais\/","og_site_name":"G\u00e1vea News","article_publisher":"https:\/\/facebook.com\/gaveaNews\/","article_published_time":"2019-08-29T10:00:07+00:00","article_modified_time":"2024-04-07T11:45:17+00:00","og_image":[{"url":"https:\/\/www.gaveanews.com\/wp-content\/uploads\/2019\/08\/Willian-Arao-em-acao-pelo-Flamengo.webp","width":1,"height":1,"type":"image\/jpeg"}],"author":"Equipe G\u00e1vea News","twitter_card":"summary_large_image","twitter_misc":{"Escrito por":"Equipe G\u00e1vea News","Est. tempo de leitura":"1 minuto"},"schema":{"@context":"https:\/\/schema.org","@graph":[{"@type":"NewsArticle","@id":"https:\/\/www.gaveanews.com\/index.php\/2019\/08\/29\/video-comemoracao-do-volante-willian-arao-com-a-classificacao-do-flamengo-na-copa-libertadores-viraliza-nas-redes-sociais\/#article","isPartOf":{"@id":"https:\/\/www.gaveanews.com\/index.php\/2019\/08\/29\/video-comemoracao-do-volante-willian-arao-com-a-classificacao-do-flamengo-na-copa-libertadores-viraliza-nas-redes-sociais\/"},"author":{"name":"Equipe G\u00e1vea News","@id":"https:\/\/www.gaveanews.com\/#\/schema\/person\/2ec14f73fb96be2caf28f91afb14749d"},"headline":"V\u00eddeo: Comemora\u00e7\u00e3o do volante Willian Ar\u00e3o com a classifica\u00e7\u00e3o do Flamengo na Copa Libertadores viraliza nas redes sociais","datePublished":"2019-08-29T10:00:07+00:00","dateModified":"2024-04-07T11:45:17+00:00","mainEntityOfPage":{"@id":"https:\/\/www.gaveanews.com\/index.php\/2019\/08\/29\/video-comemoracao-do-volante-willian-arao-com-a-classificacao-do-flamengo-na-copa-libertadores-viraliza-nas-redes-sociais\/"},"wordCount":199,"commentCount":0,"image":{"@id":"https:\/\/www.gaveanews.com\/index.php\/2019\/08\/29\/video-comemoracao-do-volante-willian-arao-com-a-classificacao-do-flamengo-na-copa-libertadores-viraliza-nas-redes-sociais\/#primaryimage"},"thumbnailUrl":"https:\/\/www.gaveanews.com\/wp-content\/uploads\/2019\/08\/Willian-Arao-em-acao-pelo-Flamengo.webp","keywords":["Willian Souza Ar\u00e3o da Silva"],"articleSection":["V\u00eddeos"],"inLanguage":"pt-BR","potentialAction":[{"@type":"CommentAction","name":"Comment","target":["https:\/\/www.gaveanews.com\/index.php\/2019\/08\/29\/video-comemoracao-do-volante-willian-arao-com-a-classificacao-do-flamengo-na-copa-libertadores-viraliza-nas-redes-sociais\/#respond"]}],"copyrightYear":"2019","copyrightHolder":{"@id":"https:\/\/www.gaveanews.com\/#organization"}},{"@type":"WebPage","@id":"https:\/\/www.gaveanews.com\/index.php\/2019\/08\/29\/video-comemoracao-do-volante-willian-arao-com-a-classificacao-do-flamengo-na-copa-libertadores-viraliza-nas-redes-sociais\/","url":"https:\/\/www.gaveanews.com\/index.php\/2019\/08\/29\/video-comemoracao-do-volante-willian-arao-com-a-classificacao-do-flamengo-na-copa-libertadores-viraliza-nas-redes-sociais\/","name":"V\u00eddeo: Comemora\u00e7\u00e3o do volante Willian Ar\u00e3o com a classifica\u00e7\u00e3o do Flamengo na Copa Libertadores viraliza nas redes sociais","isPartOf":{"@id":"https:\/\/www.gaveanews.com\/#website"},"primaryImageOfPage":{"@id":"https:\/\/www.gaveanews.com\/index.php\/2019\/08\/29\/video-comemoracao-do-volante-willian-arao-com-a-classificacao-do-flamengo-na-copa-libertadores-viraliza-nas-redes-sociais\/#primaryimage"},"image":{"@id":"https:\/\/www.gaveanews.com\/index.php\/2019\/08\/29\/video-comemoracao-do-volante-willian-arao-com-a-classificacao-do-flamengo-na-copa-libertadores-viraliza-nas-redes-sociais\/#primaryimage"},"thumbnailUrl":"https:\/\/www.gaveanews.com\/wp-content\/uploads\/2019\/08\/Willian-Arao-em-acao-pelo-Flamengo.webp","datePublished":"2019-08-29T10:00:07+00:00","dateModified":"2024-04-07T11:45:17+00:00","author":{"@id":"https:\/\/www.gaveanews.com\/#\/schema\/person\/2ec14f73fb96be2caf28f91afb14749d"},"breadcrumb":{"@id":"https:\/\/www.gaveanews.com\/index.php\/2019\/08\/29\/video-comemoracao-do-volante-willian-arao-com-a-classificacao-do-flamengo-na-copa-libertadores-viraliza-nas-redes-sociais\/#breadcrumb"},"inLanguage":"pt-BR","potentialAction":[{"@type":"ReadAction","target":["https:\/\/www.gaveanews.com\/index.php\/2019\/08\/29\/video-comemoracao-do-volante-willian-arao-com-a-classificacao-do-flamengo-na-copa-libertadores-viraliza-nas-redes-sociais\/"]}]},{"@type":"ImageObject","inLanguage":"pt-BR","@id":"https:\/\/www.gaveanews.com\/index.php\/2019\/08\/29\/video-comemoracao-do-volante-willian-arao-com-a-classificacao-do-flamengo-na-copa-libertadores-viraliza-nas-redes-sociais\/#primaryimage","url":"https:\/\/www.gaveanews.com\/wp-content\/uploads\/2019\/08\/Willian-Arao-em-acao-pelo-Flamengo.webp","contentUrl":"https:\/\/www.gaveanews.com\/wp-content\/uploads\/2019\/08\/Willian-Arao-em-acao-pelo-Flamengo.webp","caption":"Willian Ar\u00e3o em a\u00e7\u00e3o pelo Flamengo (Foto: Gilvan de Souza\/Flamengo)"},{"@type":"BreadcrumbList","@id":"https:\/\/www.gaveanews.com\/index.php\/2019\/08\/29\/video-comemoracao-do-volante-willian-arao-com-a-classificacao-do-flamengo-na-copa-libertadores-viraliza-nas-redes-sociais\/#breadcrumb","itemListElement":[{"@type":"ListItem","position":1,"name":"Home","item":"https:\/\/www.gaveanews.com\/"},{"@type":"ListItem","position":2,"name":"V\u00eddeo: Comemora\u00e7\u00e3o do volante Willian Ar\u00e3o com a classifica\u00e7\u00e3o do Flamengo na Copa Libertadores viraliza nas redes sociais"}]},{"@type":"WebSite","@id":"https:\/\/www.gaveanews.com\/#website","url":"https:\/\/www.gaveanews.com\/","name":"G\u00e1vea News","description":"Veja todas as not\u00edcias sobre o Flamengo: Contrata\u00e7\u00f5es, categorias de base, resultados das partidas, tabela de classifica\u00e7\u00e3o, pr\u00f3ximos jogos!","potentialAction":[{"@type":"SearchAction","target":{"@type":"EntryPoint","urlTemplate":"https:\/\/www.gaveanews.com\/?s={search_term_string}"},"query-input":{"@type":"PropertyValueSpecification","valueRequired":true,"valueName":"search_term_string"}}],"inLanguage":"pt-BR"},{"@type":"Person","@id":"https:\/\/www.gaveanews.com\/#\/schema\/person\/2ec14f73fb96be2caf28f91afb14749d","name":"Equipe G\u00e1vea News","image":{"@type":"ImageObject","inLanguage":"pt-BR","@id":"https:\/\/www.gaveanews.com\/#\/schema\/person\/image\/","url":"https:\/\/secure.gravatar.com\/avatar\/1e1956f1facbffd3f8fa53a326721950116b3b9dc9bd44939c01180fd4a745a9?s=96&d=mm&r=g","contentUrl":"https:\/\/secure.gravatar.com\/avatar\/1e1956f1facbffd3f8fa53a326721950116b3b9dc9bd44939c01180fd4a745a9?s=96&d=mm&r=g","caption":"Equipe G\u00e1vea News"}}]}},"_links":{"self":[{"href":"https:\/\/www.gaveanews.com\/index.php\/wp-json\/wp\/v2\/posts\/26128","targetHints":{"allow":["GET"]}}],"collection":[{"href":"https:\/\/www.gaveanews.com\/index.php\/wp-json\/wp\/v2\/posts"}],"about":[{"href":"https:\/\/www.gaveanews.com\/index.php\/wp-json\/wp\/v2\/types\/post"}],"author":[{"embeddable":true,"href":"https:\/\/www.gaveanews.com\/index.php\/wp-json\/wp\/v2\/users\/1"}],"replies":[{"embeddable":true,"href":"https:\/\/www.gaveanews.com\/index.php\/wp-json\/wp\/v2\/comments?post=26128"}],"version-history":[{"count":1,"href":"https:\/\/www.gaveanews.com\/index.php\/wp-json\/wp\/v2\/posts\/26128\/revisions"}],"predecessor-version":[{"id":136263,"href":"https:\/\/www.gaveanews.com\/index.php\/wp-json\/wp\/v2\/posts\/26128\/revisions\/136263"}],"wp:featuredmedia":[{"embeddable":true,"href":"https:\/\/www.gaveanews.com\/index.php\/wp-json\/wp\/v2\/media\/25168"}],"wp:attachment":[{"href":"https:\/\/www.gaveanews.com\/index.php\/wp-json\/wp\/v2\/media?parent=26128"}],"wp:term":[{"taxonomy":"category","embeddable":true,"href":"https:\/\/www.gaveanews.com\/index.php\/wp-json\/wp\/v2\/categories?post=26128"},{"taxonomy":"post_tag","embeddable":true,"href":"https:\/\/www.gaveanews.com\/index.php\/wp-json\/wp\/v2\/tags?post=26128"}],"curies":[{"name":"wp","href":"https:\/\/api.w.org\/{rel}","templated":true}]}}