{"id":261282,"date":"2025-05-06T23:30:00","date_gmt":"2025-05-07T02:30:00","guid":{"rendered":"https:\/\/www.gaveanews.com\/?p=261282"},"modified":"2025-05-06T20:22:09","modified_gmt":"2025-05-06T23:22:09","slug":"a-declaracao-de-nunes-idolo-do-flamengo-sobre-disputa-do-super-mundial","status":"publish","type":"post","link":"https:\/\/www.gaveanews.com\/index.php\/2025\/05\/06\/a-declaracao-de-nunes-idolo-do-flamengo-sobre-disputa-do-super-mundial\/","title":{"rendered":"A declara\u00e7\u00e3o de Nunes, \u00eddolo do Flamengo, sobre disputa do Super Mundial"},"content":{"rendered":"\n<p>A pouco mais de um m\u00eas do in\u00edcio da Copa do Mundo de Clubes, que ocorrer\u00e1 entre os dias 14 de junho e 13 de julho nos Estados Unidos, o Flamengo j\u00e1 come\u00e7a a mergulhar no clima da competi\u00e7\u00e3o. Na \u00faltima segunda-feira (05 de maio), o clube organizou uma exposi\u00e7\u00e3o especial na G\u00e1vea, apresentando o trof\u00e9u do torneio, agora exibido ao lado do memorial da conquista de 1981.<\/p>\n\n\n\n<p>Quem marcou presen\u00e7a na cerim\u00f4nia foi Nunes, \u00eddolo rubro-negro e um dos protagonistas da hist\u00f3rica vit\u00f3ria sobre o Liverpool por 3 a 0 na final do Mundial de 1981. Durante a visita, o ex-jogador demonstrou otimismo com a participa\u00e7\u00e3o do time na pr\u00f3xima edi\u00e7\u00e3o do torneio. \u201cDe Mundial eu entendo. Fiz dois gols na final. Agora \u00e9 s\u00f3 planejar bem, ter personalidade e buscar esse trof\u00e9u\u201d, declarou.<\/p>\n\n\n\n<p>Ali\u00e1s, Nunes evitou compara\u00e7\u00f5es diretas entre a equipe de sua \u00e9poca e a atual, mas destacou a qualidade do elenco comandado por Filipe Lu\u00eds. Segundo ele, o Flamengo tem plenas condi\u00e7\u00f5es de enfrentar os melhores clubes do planeta. \u201cN\u00e3o d\u00e1 para comparar. Cada time tem sua hist\u00f3ria. Mas o Flamengo de hoje \u00e9 maravilhoso, precisa apenas estar preparado\u201d, ressaltou.<\/p>\n\n\n\n<p>Sobre os conselhos que daria ao grupo atual, Nunes foi direto: foco e simplicidade. Conforme apontou, a chave para um bom desempenho est\u00e1 em enfrentar os desafios com responsabilidade e manter o esp\u00edrito competitivo. \u201cO Mundial \u00e9 para os melhores. \u00c9 preciso entrar com objetivo e trabalhar para trazer esse caneco para a na\u00e7\u00e3o rubro-negra\u201d, afirmou.<\/p>\n\n\n\n<p>Outro destaque da fala do ex-atacante foi o elogio a Pedro. Recuperado de uma grave les\u00e3o, o centroavante recebeu total confian\u00e7a de Nunes: \u201cTem leitura de jogo, \u00e9 simples e eficiente. Gosto do estilo dele. Est\u00e1 pronto para o desafio\u201d.<\/p>\n\n\n\n<p>A exposi\u00e7\u00e3o do trof\u00e9u segue aberta at\u00e9 esta ter\u00e7a-feira (06), \u00e0s 20 horas (hor\u00e1rio de Bras\u00edlia). Ap\u00f3s o encerramento, uma r\u00e9plica em miniatura ser\u00e1 incorporada ao acervo do museu do clube.<\/p>\n","protected":false},"excerpt":{"rendered":"<p>A pouco mais de um m\u00eas do in\u00edcio da Copa do Mundo de Clubes, que ocorrer\u00e1 entre os dias 14 de junho e 13 de julho nos Estados Unidos, o Flamengo j\u00e1 come\u00e7a a mergulhar no clima da competi\u00e7\u00e3o. Na \u00faltima segunda-feira (05 de maio), o clube organizou uma exposi\u00e7\u00e3o especial na G\u00e1vea, apresentando o [&hellip;]<\/p>\n","protected":false},"author":18,"featured_media":261285,"comment_status":"open","ping_status":"closed","sticky":false,"template":"","format":"standard","meta":{"footnotes":""},"categories":[1],"tags":[],"class_list":["post-261282","post","type-post","status-publish","format-standard","has-post-thumbnail","hentry","category-flamengo"],"yoast_head":"<!-- This site is optimized with the Yoast SEO Premium plugin v24.2 (Yoast SEO v26.9) - https:\/\/yoast.com\/product\/yoast-seo-premium-wordpress\/ -->\n<title>A declara\u00e7\u00e3o de Nunes, \u00eddolo do Flamengo, sobre disputa do Super Mundial<\/title>\n<meta name=\"robots\" content=\"index, follow, max-snippet:-1, max-image-preview:large, max-video-preview:-1\" \/>\n<link rel=\"canonical\" href=\"https:\/\/www.gaveanews.com\/index.php\/2025\/05\/06\/a-declaracao-de-nunes-idolo-do-flamengo-sobre-disputa-do-super-mundial\/\" \/>\n<meta property=\"og:locale\" content=\"pt_BR\" \/>\n<meta property=\"og:type\" content=\"article\" \/>\n<meta property=\"og:title\" content=\"A declara\u00e7\u00e3o de Nunes, \u00eddolo do Flamengo, sobre disputa do Super Mundial\" \/>\n<meta property=\"og:description\" content=\"A pouco mais de um m\u00eas do in\u00edcio da Copa do Mundo de Clubes, que ocorrer\u00e1 entre os dias 14 de junho e 13 de julho nos Estados Unidos, o Flamengo j\u00e1 come\u00e7a a mergulhar no clima da competi\u00e7\u00e3o. Na \u00faltima segunda-feira (05 de maio), o clube organizou uma exposi\u00e7\u00e3o especial na G\u00e1vea, apresentando o [&hellip;]\" \/>\n<meta property=\"og:url\" content=\"https:\/\/www.gaveanews.com\/index.php\/2025\/05\/06\/a-declaracao-de-nunes-idolo-do-flamengo-sobre-disputa-do-super-mundial\/\" \/>\n<meta property=\"og:site_name\" content=\"G\u00e1vea News\" \/>\n<meta property=\"article:publisher\" content=\"https:\/\/facebook.com\/gaveaNews\/\" \/>\n<meta property=\"article:published_time\" content=\"2025-05-07T02:30:00+00:00\" \/>\n<meta property=\"og:image\" content=\"https:\/\/www.gaveanews.com\/wp-content\/uploads\/Nunes-idolo-Flamengo-mundial.webp\" \/>\n\t<meta property=\"og:image:width\" content=\"1200\" \/>\n\t<meta property=\"og:image:height\" content=\"900\" \/>\n\t<meta property=\"og:image:type\" content=\"image\/webp\" \/>\n<meta name=\"author\" content=\"Paula Silva\" \/>\n<meta name=\"twitter:card\" content=\"summary_large_image\" \/>\n<meta name=\"twitter:label1\" content=\"Escrito por\" \/>\n\t<meta name=\"twitter:data1\" content=\"Paula Silva\" \/>\n\t<meta name=\"twitter:label2\" content=\"Est. tempo de leitura\" \/>\n\t<meta name=\"twitter:data2\" content=\"2 minutos\" \/>\n<script type=\"application\/ld+json\" class=\"yoast-schema-graph\">{\"@context\":\"https:\/\/schema.org\",\"@graph\":[{\"@type\":\"NewsArticle\",\"@id\":\"https:\/\/www.gaveanews.com\/index.php\/2025\/05\/06\/a-declaracao-de-nunes-idolo-do-flamengo-sobre-disputa-do-super-mundial\/#article\",\"isPartOf\":{\"@id\":\"https:\/\/www.gaveanews.com\/index.php\/2025\/05\/06\/a-declaracao-de-nunes-idolo-do-flamengo-sobre-disputa-do-super-mundial\/\"},\"author\":{\"name\":\"Paula Silva\",\"@id\":\"https:\/\/www.gaveanews.com\/#\/schema\/person\/daf63eec72e1164eb13dc35096c2b8da\"},\"headline\":\"A declara\u00e7\u00e3o de Nunes, \u00eddolo do Flamengo, sobre disputa do Super Mundial\",\"datePublished\":\"2025-05-07T02:30:00+00:00\",\"mainEntityOfPage\":{\"@id\":\"https:\/\/www.gaveanews.com\/index.php\/2025\/05\/06\/a-declaracao-de-nunes-idolo-do-flamengo-sobre-disputa-do-super-mundial\/\"},\"wordCount\":352,\"commentCount\":0,\"image\":{\"@id\":\"https:\/\/www.gaveanews.com\/index.php\/2025\/05\/06\/a-declaracao-de-nunes-idolo-do-flamengo-sobre-disputa-do-super-mundial\/#primaryimage\"},\"thumbnailUrl\":\"https:\/\/www.gaveanews.com\/wp-content\/uploads\/Nunes-idolo-Flamengo-mundial.webp\",\"articleSection\":[\"Flamengo\"],\"inLanguage\":\"pt-BR\",\"potentialAction\":[{\"@type\":\"CommentAction\",\"name\":\"Comment\",\"target\":[\"https:\/\/www.gaveanews.com\/index.php\/2025\/05\/06\/a-declaracao-de-nunes-idolo-do-flamengo-sobre-disputa-do-super-mundial\/#respond\"]}],\"copyrightYear\":\"2025\",\"copyrightHolder\":{\"@id\":\"https:\/\/www.gaveanews.com\/#organization\"}},{\"@type\":\"WebPage\",\"@id\":\"https:\/\/www.gaveanews.com\/index.php\/2025\/05\/06\/a-declaracao-de-nunes-idolo-do-flamengo-sobre-disputa-do-super-mundial\/\",\"url\":\"https:\/\/www.gaveanews.com\/index.php\/2025\/05\/06\/a-declaracao-de-nunes-idolo-do-flamengo-sobre-disputa-do-super-mundial\/\",\"name\":\"A declara\u00e7\u00e3o de Nunes, \u00eddolo do Flamengo, sobre disputa do Super Mundial\",\"isPartOf\":{\"@id\":\"https:\/\/www.gaveanews.com\/#website\"},\"primaryImageOfPage\":{\"@id\":\"https:\/\/www.gaveanews.com\/index.php\/2025\/05\/06\/a-declaracao-de-nunes-idolo-do-flamengo-sobre-disputa-do-super-mundial\/#primaryimage\"},\"image\":{\"@id\":\"https:\/\/www.gaveanews.com\/index.php\/2025\/05\/06\/a-declaracao-de-nunes-idolo-do-flamengo-sobre-disputa-do-super-mundial\/#primaryimage\"},\"thumbnailUrl\":\"https:\/\/www.gaveanews.com\/wp-content\/uploads\/Nunes-idolo-Flamengo-mundial.webp\",\"datePublished\":\"2025-05-07T02:30:00+00:00\",\"author\":{\"@id\":\"https:\/\/www.gaveanews.com\/#\/schema\/person\/daf63eec72e1164eb13dc35096c2b8da\"},\"breadcrumb\":{\"@id\":\"https:\/\/www.gaveanews.com\/index.php\/2025\/05\/06\/a-declaracao-de-nunes-idolo-do-flamengo-sobre-disputa-do-super-mundial\/#breadcrumb\"},\"inLanguage\":\"pt-BR\",\"potentialAction\":[{\"@type\":\"ReadAction\",\"target\":[\"https:\/\/www.gaveanews.com\/index.php\/2025\/05\/06\/a-declaracao-de-nunes-idolo-do-flamengo-sobre-disputa-do-super-mundial\/\"]}]},{\"@type\":\"ImageObject\",\"inLanguage\":\"pt-BR\",\"@id\":\"https:\/\/www.gaveanews.com\/index.php\/2025\/05\/06\/a-declaracao-de-nunes-idolo-do-flamengo-sobre-disputa-do-super-mundial\/#primaryimage\",\"url\":\"https:\/\/www.gaveanews.com\/wp-content\/uploads\/Nunes-idolo-Flamengo-mundial.webp\",\"contentUrl\":\"https:\/\/www.gaveanews.com\/wp-content\/uploads\/Nunes-idolo-Flamengo-mundial.webp\",\"width\":1200,\"height\":900,\"caption\":\"Nunes \u00eddolo Flamengo mundial (Foto: Reprodu\u00e7\u00e3o\/Globo)\"},{\"@type\":\"BreadcrumbList\",\"@id\":\"https:\/\/www.gaveanews.com\/index.php\/2025\/05\/06\/a-declaracao-de-nunes-idolo-do-flamengo-sobre-disputa-do-super-mundial\/#breadcrumb\",\"itemListElement\":[{\"@type\":\"ListItem\",\"position\":1,\"name\":\"Home\",\"item\":\"https:\/\/www.gaveanews.com\/\"},{\"@type\":\"ListItem\",\"position\":2,\"name\":\"A declara\u00e7\u00e3o de Nunes, \u00eddolo do Flamengo, sobre disputa do Super Mundial\"}]},{\"@type\":\"WebSite\",\"@id\":\"https:\/\/www.gaveanews.com\/#website\",\"url\":\"https:\/\/www.gaveanews.com\/\",\"name\":\"G\u00e1vea News\",\"description\":\"Veja todas as not\u00edcias sobre o Flamengo: Contrata\u00e7\u00f5es, categorias de base, resultados das partidas, tabela de classifica\u00e7\u00e3o, pr\u00f3ximos jogos!\",\"potentialAction\":[{\"@type\":\"SearchAction\",\"target\":{\"@type\":\"EntryPoint\",\"urlTemplate\":\"https:\/\/www.gaveanews.com\/?s={search_term_string}\"},\"query-input\":{\"@type\":\"PropertyValueSpecification\",\"valueRequired\":true,\"valueName\":\"search_term_string\"}}],\"inLanguage\":\"pt-BR\"},{\"@type\":\"Person\",\"@id\":\"https:\/\/www.gaveanews.com\/#\/schema\/person\/daf63eec72e1164eb13dc35096c2b8da\",\"name\":\"Paula Silva\",\"image\":{\"@type\":\"ImageObject\",\"inLanguage\":\"pt-BR\",\"@id\":\"https:\/\/www.gaveanews.com\/#\/schema\/person\/image\/\",\"url\":\"https:\/\/secure.gravatar.com\/avatar\/eda381c845527cc5d64c13b901833cda29d97500ba040d3e6461f76f51d163bb?s=96&d=mm&r=g\",\"contentUrl\":\"https:\/\/secure.gravatar.com\/avatar\/eda381c845527cc5d64c13b901833cda29d97500ba040d3e6461f76f51d163bb?s=96&d=mm&r=g\",\"caption\":\"Paula Silva\"}}]}<\/script>\n<!-- \/ Yoast SEO Premium plugin. -->","yoast_head_json":{"title":"A declara\u00e7\u00e3o de Nunes, \u00eddolo do Flamengo, sobre disputa do Super Mundial","robots":{"index":"index","follow":"follow","max-snippet":"max-snippet:-1","max-image-preview":"max-image-preview:large","max-video-preview":"max-video-preview:-1"},"canonical":"https:\/\/www.gaveanews.com\/index.php\/2025\/05\/06\/a-declaracao-de-nunes-idolo-do-flamengo-sobre-disputa-do-super-mundial\/","og_locale":"pt_BR","og_type":"article","og_title":"A declara\u00e7\u00e3o de Nunes, \u00eddolo do Flamengo, sobre disputa do Super Mundial","og_description":"A pouco mais de um m\u00eas do in\u00edcio da Copa do Mundo de Clubes, que ocorrer\u00e1 entre os dias 14 de junho e 13 de julho nos Estados Unidos, o Flamengo j\u00e1 come\u00e7a a mergulhar no clima da competi\u00e7\u00e3o. Na \u00faltima segunda-feira (05 de maio), o clube organizou uma exposi\u00e7\u00e3o especial na G\u00e1vea, apresentando o [&hellip;]","og_url":"https:\/\/www.gaveanews.com\/index.php\/2025\/05\/06\/a-declaracao-de-nunes-idolo-do-flamengo-sobre-disputa-do-super-mundial\/","og_site_name":"G\u00e1vea News","article_publisher":"https:\/\/facebook.com\/gaveaNews\/","article_published_time":"2025-05-07T02:30:00+00:00","og_image":[{"width":1200,"height":900,"url":"https:\/\/www.gaveanews.com\/wp-content\/uploads\/Nunes-idolo-Flamengo-mundial.webp","type":"image\/webp"}],"author":"Paula Silva","twitter_card":"summary_large_image","twitter_misc":{"Escrito por":"Paula Silva","Est. tempo de leitura":"2 minutos"},"schema":{"@context":"https:\/\/schema.org","@graph":[{"@type":"NewsArticle","@id":"https:\/\/www.gaveanews.com\/index.php\/2025\/05\/06\/a-declaracao-de-nunes-idolo-do-flamengo-sobre-disputa-do-super-mundial\/#article","isPartOf":{"@id":"https:\/\/www.gaveanews.com\/index.php\/2025\/05\/06\/a-declaracao-de-nunes-idolo-do-flamengo-sobre-disputa-do-super-mundial\/"},"author":{"name":"Paula Silva","@id":"https:\/\/www.gaveanews.com\/#\/schema\/person\/daf63eec72e1164eb13dc35096c2b8da"},"headline":"A declara\u00e7\u00e3o de Nunes, \u00eddolo do Flamengo, sobre disputa do Super Mundial","datePublished":"2025-05-07T02:30:00+00:00","mainEntityOfPage":{"@id":"https:\/\/www.gaveanews.com\/index.php\/2025\/05\/06\/a-declaracao-de-nunes-idolo-do-flamengo-sobre-disputa-do-super-mundial\/"},"wordCount":352,"commentCount":0,"image":{"@id":"https:\/\/www.gaveanews.com\/index.php\/2025\/05\/06\/a-declaracao-de-nunes-idolo-do-flamengo-sobre-disputa-do-super-mundial\/#primaryimage"},"thumbnailUrl":"https:\/\/www.gaveanews.com\/wp-content\/uploads\/Nunes-idolo-Flamengo-mundial.webp","articleSection":["Flamengo"],"inLanguage":"pt-BR","potentialAction":[{"@type":"CommentAction","name":"Comment","target":["https:\/\/www.gaveanews.com\/index.php\/2025\/05\/06\/a-declaracao-de-nunes-idolo-do-flamengo-sobre-disputa-do-super-mundial\/#respond"]}],"copyrightYear":"2025","copyrightHolder":{"@id":"https:\/\/www.gaveanews.com\/#organization"}},{"@type":"WebPage","@id":"https:\/\/www.gaveanews.com\/index.php\/2025\/05\/06\/a-declaracao-de-nunes-idolo-do-flamengo-sobre-disputa-do-super-mundial\/","url":"https:\/\/www.gaveanews.com\/index.php\/2025\/05\/06\/a-declaracao-de-nunes-idolo-do-flamengo-sobre-disputa-do-super-mundial\/","name":"A declara\u00e7\u00e3o de Nunes, \u00eddolo do Flamengo, sobre disputa do Super Mundial","isPartOf":{"@id":"https:\/\/www.gaveanews.com\/#website"},"primaryImageOfPage":{"@id":"https:\/\/www.gaveanews.com\/index.php\/2025\/05\/06\/a-declaracao-de-nunes-idolo-do-flamengo-sobre-disputa-do-super-mundial\/#primaryimage"},"image":{"@id":"https:\/\/www.gaveanews.com\/index.php\/2025\/05\/06\/a-declaracao-de-nunes-idolo-do-flamengo-sobre-disputa-do-super-mundial\/#primaryimage"},"thumbnailUrl":"https:\/\/www.gaveanews.com\/wp-content\/uploads\/Nunes-idolo-Flamengo-mundial.webp","datePublished":"2025-05-07T02:30:00+00:00","author":{"@id":"https:\/\/www.gaveanews.com\/#\/schema\/person\/daf63eec72e1164eb13dc35096c2b8da"},"breadcrumb":{"@id":"https:\/\/www.gaveanews.com\/index.php\/2025\/05\/06\/a-declaracao-de-nunes-idolo-do-flamengo-sobre-disputa-do-super-mundial\/#breadcrumb"},"inLanguage":"pt-BR","potentialAction":[{"@type":"ReadAction","target":["https:\/\/www.gaveanews.com\/index.php\/2025\/05\/06\/a-declaracao-de-nunes-idolo-do-flamengo-sobre-disputa-do-super-mundial\/"]}]},{"@type":"ImageObject","inLanguage":"pt-BR","@id":"https:\/\/www.gaveanews.com\/index.php\/2025\/05\/06\/a-declaracao-de-nunes-idolo-do-flamengo-sobre-disputa-do-super-mundial\/#primaryimage","url":"https:\/\/www.gaveanews.com\/wp-content\/uploads\/Nunes-idolo-Flamengo-mundial.webp","contentUrl":"https:\/\/www.gaveanews.com\/wp-content\/uploads\/Nunes-idolo-Flamengo-mundial.webp","width":1200,"height":900,"caption":"Nunes \u00eddolo Flamengo mundial (Foto: Reprodu\u00e7\u00e3o\/Globo)"},{"@type":"BreadcrumbList","@id":"https:\/\/www.gaveanews.com\/index.php\/2025\/05\/06\/a-declaracao-de-nunes-idolo-do-flamengo-sobre-disputa-do-super-mundial\/#breadcrumb","itemListElement":[{"@type":"ListItem","position":1,"name":"Home","item":"https:\/\/www.gaveanews.com\/"},{"@type":"ListItem","position":2,"name":"A declara\u00e7\u00e3o de Nunes, \u00eddolo do Flamengo, sobre disputa do Super Mundial"}]},{"@type":"WebSite","@id":"https:\/\/www.gaveanews.com\/#website","url":"https:\/\/www.gaveanews.com\/","name":"G\u00e1vea News","description":"Veja todas as not\u00edcias sobre o Flamengo: Contrata\u00e7\u00f5es, categorias de base, resultados das partidas, tabela de classifica\u00e7\u00e3o, pr\u00f3ximos jogos!","potentialAction":[{"@type":"SearchAction","target":{"@type":"EntryPoint","urlTemplate":"https:\/\/www.gaveanews.com\/?s={search_term_string}"},"query-input":{"@type":"PropertyValueSpecification","valueRequired":true,"valueName":"search_term_string"}}],"inLanguage":"pt-BR"},{"@type":"Person","@id":"https:\/\/www.gaveanews.com\/#\/schema\/person\/daf63eec72e1164eb13dc35096c2b8da","name":"Paula Silva","image":{"@type":"ImageObject","inLanguage":"pt-BR","@id":"https:\/\/www.gaveanews.com\/#\/schema\/person\/image\/","url":"https:\/\/secure.gravatar.com\/avatar\/eda381c845527cc5d64c13b901833cda29d97500ba040d3e6461f76f51d163bb?s=96&d=mm&r=g","contentUrl":"https:\/\/secure.gravatar.com\/avatar\/eda381c845527cc5d64c13b901833cda29d97500ba040d3e6461f76f51d163bb?s=96&d=mm&r=g","caption":"Paula Silva"}}]}},"_links":{"self":[{"href":"https:\/\/www.gaveanews.com\/index.php\/wp-json\/wp\/v2\/posts\/261282","targetHints":{"allow":["GET"]}}],"collection":[{"href":"https:\/\/www.gaveanews.com\/index.php\/wp-json\/wp\/v2\/posts"}],"about":[{"href":"https:\/\/www.gaveanews.com\/index.php\/wp-json\/wp\/v2\/types\/post"}],"author":[{"embeddable":true,"href":"https:\/\/www.gaveanews.com\/index.php\/wp-json\/wp\/v2\/users\/18"}],"replies":[{"embeddable":true,"href":"https:\/\/www.gaveanews.com\/index.php\/wp-json\/wp\/v2\/comments?post=261282"}],"version-history":[{"count":1,"href":"https:\/\/www.gaveanews.com\/index.php\/wp-json\/wp\/v2\/posts\/261282\/revisions"}],"predecessor-version":[{"id":261286,"href":"https:\/\/www.gaveanews.com\/index.php\/wp-json\/wp\/v2\/posts\/261282\/revisions\/261286"}],"wp:featuredmedia":[{"embeddable":true,"href":"https:\/\/www.gaveanews.com\/index.php\/wp-json\/wp\/v2\/media\/261285"}],"wp:attachment":[{"href":"https:\/\/www.gaveanews.com\/index.php\/wp-json\/wp\/v2\/media?parent=261282"}],"wp:term":[{"taxonomy":"category","embeddable":true,"href":"https:\/\/www.gaveanews.com\/index.php\/wp-json\/wp\/v2\/categories?post=261282"},{"taxonomy":"post_tag","embeddable":true,"href":"https:\/\/www.gaveanews.com\/index.php\/wp-json\/wp\/v2\/tags?post=261282"}],"curies":[{"name":"wp","href":"https:\/\/api.w.org\/{rel}","templated":true}]}}