{"id":261451,"date":"2025-05-07T14:05:00","date_gmt":"2025-05-07T17:05:00","guid":{"rendered":"https:\/\/www.gaveanews.com\/?p=261451"},"modified":"2025-05-07T13:53:25","modified_gmt":"2025-05-07T16:53:25","slug":"hugo-souza-faz-cobranca-aos-jogadores-apos-o-empate-do-corinthians","status":"publish","type":"post","link":"https:\/\/www.gaveanews.com\/index.php\/2025\/05\/07\/hugo-souza-faz-cobranca-aos-jogadores-apos-o-empate-do-corinthians\/","title":{"rendered":"Hugo Souza faz cobran\u00e7a aos jogadores ap\u00f3s o empate do Corinthians"},"content":{"rendered":"\n<p>O empate diante do Am\u00e9rica de Cali, na noite de ter\u00e7a-feira (06 de maio), acendeu um alerta no Corinthians. Atuando em casa pela quarta rodada da fase de grupos da Copa Sul-Americana, o time n\u00e3o conseguiu sustentar a vantagem constru\u00edda com o gol de Memphis Depay e terminou a partida com um amargo 1 a 1 na Neo Qu\u00edmica Arena.<\/p>\n\n\n\n<p>O resultado teve consequ\u00eancias imediatas. Com cinco pontos somados, o Corinthians caiu para a terceira coloca\u00e7\u00e3o do Grupo C, atr\u00e1s do Hurac\u00e1n, que lidera com sete, e do pr\u00f3prio Am\u00e9rica de Cali, que aparece em segundo com seis. A situa\u00e7\u00e3o, portanto, tornou a classifica\u00e7\u00e3o mais desafiadora para a equipe comandada por Dorival J\u00fanior, que j\u00e1 vinha enfrentando cr\u00edticas por parte da torcida.<\/p>\n\n\n\n<figure class=\"wp-block-image size-full\"><img loading=\"lazy\" decoding=\"async\" width=\"576\" height=\"388\" src=\"http:\/\/www.gaveanews.com\/wp-content\/uploads\/Corinthians-x-America-de-Cali-pela-Sul-Americana.webp\" alt=\"\" class=\"wp-image-250834\"\/><figcaption class=\"wp-element-caption\">Corinthians x Am\u00e9rica de Cali pela Sul-Americana (Foto: Reprodu\u00e7\u00e3o\/Conmebol)<\/figcaption><\/figure>\n\n\n\n<p>Ap\u00f3s o confronto, o goleiro Hugo Souza foi direto ao apontar o que considera um dos principais problemas da equipe. \u201cFaltou um pouquinho mais de atitude da nossa parte para buscar esses resultados a\u00ed\u201d, disse o camisa 1, que destacou a necessidade de mudan\u00e7as comportamentais dentro de campo, sem expor nomes ou detalhes fora do vesti\u00e1rio. \u201cPrefiro externar dentro do vesti\u00e1rio e n\u00e3o aqui\u201d, completou.<\/p>\n\n\n\n<p>Hugo tamb\u00e9m comentou o lance do gol sofrido, ocorrido nos minutos iniciais do segundo tempo, e revelou inc\u00f4modo com a falta de aten\u00e7\u00e3o defensiva da equipe. \u201cTrabalhamos bastante a bola parada, sab\u00edamos das ocasi\u00f5es que eles tinham&#8230; foi mais desaten\u00e7\u00e3o da nossa parte. \u00d3bvio que eles t\u00eam o m\u00e9rito, mas a gente n\u00e3o pode ter uma desaten\u00e7\u00e3o dessa forma\u201d, afirmou o goleiro.<\/p>\n\n\n\n<p>Enquanto isso, o t\u00e9cnico Dorival J\u00fanior foi duramente criticado por torcedores nas redes sociais, que atribu\u00edram ao treinador a responsabilidade pelo desempenho abaixo do esperado. A insatisfa\u00e7\u00e3o da torcida corrobora a press\u00e3o crescente no ambiente alvinegro, sobretudo diante da exigente sequ\u00eancia de jogos que se aproxima.<\/p>\n\n\n\n<p>Mesmo com o trope\u00e7o, Hugo Souza mant\u00e9m viva a esperan\u00e7a de classifica\u00e7\u00e3o para a pr\u00f3xima fase da competi\u00e7\u00e3o continental. Segundo ele, os pr\u00f3ximos dois compromissos, ambos fora de casa, ser\u00e3o decisivos para que o Corinthians alcance a vaga. \u201cEst\u00e1 na nossa m\u00e3o. Temos totais condi\u00e7\u00f5es, \u00e9 lutar at\u00e9 o final\u201d, resumiu.<\/p>\n\n\n\n<p>O pr\u00f3ximo desafio do time ser\u00e1 pelo Campeonato Brasileiro. No s\u00e1bado (10 de maio), o Corinthians enfrentar\u00e1 o Mirassol fora de casa, \u00e0s 19 horas (hor\u00e1rio de Bras\u00edlia), em partida v\u00e1lida pela oitava rodada do Brasileir\u00e3o. A expectativa \u00e9 de que o elenco reaja em campo, diante da press\u00e3o interna e externa que cresce a cada novo trope\u00e7o.<\/p>\n","protected":false},"excerpt":{"rendered":"<p>O empate diante do Am\u00e9rica de Cali, na noite de ter\u00e7a-feira (06 de maio), acendeu um alerta no Corinthians. Atuando em casa pela quarta rodada da fase de grupos da Copa Sul-Americana, o time n\u00e3o conseguiu sustentar a vantagem constru\u00edda com o gol de Memphis Depay e terminou a partida com um amargo 1 a [&hellip;]<\/p>\n","protected":false},"author":27,"featured_media":160023,"comment_status":"open","ping_status":"closed","sticky":false,"template":"","format":"standard","meta":{"footnotes":""},"categories":[141],"tags":[],"class_list":["post-261451","post","type-post","status-publish","format-standard","has-post-thumbnail","hentry","category-corinthians"],"yoast_head":"<!-- This site is optimized with the Yoast SEO Premium plugin v24.2 (Yoast SEO v26.9) - https:\/\/yoast.com\/product\/yoast-seo-premium-wordpress\/ -->\n<title>Hugo Souza faz cobran\u00e7a aos jogadores ap\u00f3s o empate do Corinthians<\/title>\n<meta name=\"robots\" content=\"index, follow, max-snippet:-1, max-image-preview:large, max-video-preview:-1\" \/>\n<link rel=\"canonical\" href=\"https:\/\/www.gaveanews.com\/index.php\/2025\/05\/07\/hugo-souza-faz-cobranca-aos-jogadores-apos-o-empate-do-corinthians\/\" \/>\n<meta property=\"og:locale\" content=\"pt_BR\" \/>\n<meta property=\"og:type\" content=\"article\" \/>\n<meta property=\"og:title\" content=\"Hugo Souza faz cobran\u00e7a aos jogadores ap\u00f3s o empate do Corinthians\" \/>\n<meta property=\"og:description\" content=\"O empate diante do Am\u00e9rica de Cali, na noite de ter\u00e7a-feira (06 de maio), acendeu um alerta no Corinthians. Atuando em casa pela quarta rodada da fase de grupos da Copa Sul-Americana, o time n\u00e3o conseguiu sustentar a vantagem constru\u00edda com o gol de Memphis Depay e terminou a partida com um amargo 1 a [&hellip;]\" \/>\n<meta property=\"og:url\" content=\"https:\/\/www.gaveanews.com\/index.php\/2025\/05\/07\/hugo-souza-faz-cobranca-aos-jogadores-apos-o-empate-do-corinthians\/\" \/>\n<meta property=\"og:site_name\" content=\"G\u00e1vea News\" \/>\n<meta property=\"article:publisher\" content=\"https:\/\/facebook.com\/gaveaNews\/\" \/>\n<meta property=\"article:published_time\" content=\"2025-05-07T17:05:00+00:00\" \/>\n<meta property=\"og:image\" content=\"https:\/\/www.gaveanews.com\/wp-content\/uploads\/image-2024-08-21T141722.256.webp\" \/>\n\t<meta property=\"og:image:width\" content=\"740\" \/>\n\t<meta property=\"og:image:height\" content=\"416\" \/>\n\t<meta property=\"og:image:type\" content=\"image\/webp\" \/>\n<meta name=\"author\" content=\"Matheus Felipe\" \/>\n<meta name=\"twitter:card\" content=\"summary_large_image\" \/>\n<meta name=\"twitter:label1\" content=\"Escrito por\" \/>\n\t<meta name=\"twitter:data1\" content=\"Matheus Felipe\" \/>\n\t<meta name=\"twitter:label2\" content=\"Est. tempo de leitura\" \/>\n\t<meta name=\"twitter:data2\" content=\"3 minutos\" \/>\n<script type=\"application\/ld+json\" class=\"yoast-schema-graph\">{\"@context\":\"https:\/\/schema.org\",\"@graph\":[{\"@type\":\"NewsArticle\",\"@id\":\"https:\/\/www.gaveanews.com\/index.php\/2025\/05\/07\/hugo-souza-faz-cobranca-aos-jogadores-apos-o-empate-do-corinthians\/#article\",\"isPartOf\":{\"@id\":\"https:\/\/www.gaveanews.com\/index.php\/2025\/05\/07\/hugo-souza-faz-cobranca-aos-jogadores-apos-o-empate-do-corinthians\/\"},\"author\":{\"name\":\"Matheus Felipe\",\"@id\":\"https:\/\/www.gaveanews.com\/#\/schema\/person\/8207cd4627f56151707418bfc835b2fb\"},\"headline\":\"Hugo Souza faz cobran\u00e7a aos jogadores ap\u00f3s o empate do Corinthians\",\"datePublished\":\"2025-05-07T17:05:00+00:00\",\"mainEntityOfPage\":{\"@id\":\"https:\/\/www.gaveanews.com\/index.php\/2025\/05\/07\/hugo-souza-faz-cobranca-aos-jogadores-apos-o-empate-do-corinthians\/\"},\"wordCount\":475,\"commentCount\":0,\"image\":{\"@id\":\"https:\/\/www.gaveanews.com\/index.php\/2025\/05\/07\/hugo-souza-faz-cobranca-aos-jogadores-apos-o-empate-do-corinthians\/#primaryimage\"},\"thumbnailUrl\":\"https:\/\/www.gaveanews.com\/wp-content\/uploads\/image-2024-08-21T141722.256.webp\",\"articleSection\":[\"Corinthians\"],\"inLanguage\":\"pt-BR\",\"potentialAction\":[{\"@type\":\"CommentAction\",\"name\":\"Comment\",\"target\":[\"https:\/\/www.gaveanews.com\/index.php\/2025\/05\/07\/hugo-souza-faz-cobranca-aos-jogadores-apos-o-empate-do-corinthians\/#respond\"]}],\"copyrightYear\":\"2025\",\"copyrightHolder\":{\"@id\":\"https:\/\/www.gaveanews.com\/#organization\"}},{\"@type\":\"WebPage\",\"@id\":\"https:\/\/www.gaveanews.com\/index.php\/2025\/05\/07\/hugo-souza-faz-cobranca-aos-jogadores-apos-o-empate-do-corinthians\/\",\"url\":\"https:\/\/www.gaveanews.com\/index.php\/2025\/05\/07\/hugo-souza-faz-cobranca-aos-jogadores-apos-o-empate-do-corinthians\/\",\"name\":\"Hugo Souza faz cobran\u00e7a aos jogadores ap\u00f3s o empate do Corinthians\",\"isPartOf\":{\"@id\":\"https:\/\/www.gaveanews.com\/#website\"},\"primaryImageOfPage\":{\"@id\":\"https:\/\/www.gaveanews.com\/index.php\/2025\/05\/07\/hugo-souza-faz-cobranca-aos-jogadores-apos-o-empate-do-corinthians\/#primaryimage\"},\"image\":{\"@id\":\"https:\/\/www.gaveanews.com\/index.php\/2025\/05\/07\/hugo-souza-faz-cobranca-aos-jogadores-apos-o-empate-do-corinthians\/#primaryimage\"},\"thumbnailUrl\":\"https:\/\/www.gaveanews.com\/wp-content\/uploads\/image-2024-08-21T141722.256.webp\",\"datePublished\":\"2025-05-07T17:05:00+00:00\",\"author\":{\"@id\":\"https:\/\/www.gaveanews.com\/#\/schema\/person\/8207cd4627f56151707418bfc835b2fb\"},\"breadcrumb\":{\"@id\":\"https:\/\/www.gaveanews.com\/index.php\/2025\/05\/07\/hugo-souza-faz-cobranca-aos-jogadores-apos-o-empate-do-corinthians\/#breadcrumb\"},\"inLanguage\":\"pt-BR\",\"potentialAction\":[{\"@type\":\"ReadAction\",\"target\":[\"https:\/\/www.gaveanews.com\/index.php\/2025\/05\/07\/hugo-souza-faz-cobranca-aos-jogadores-apos-o-empate-do-corinthians\/\"]}]},{\"@type\":\"ImageObject\",\"inLanguage\":\"pt-BR\",\"@id\":\"https:\/\/www.gaveanews.com\/index.php\/2025\/05\/07\/hugo-souza-faz-cobranca-aos-jogadores-apos-o-empate-do-corinthians\/#primaryimage\",\"url\":\"https:\/\/www.gaveanews.com\/wp-content\/uploads\/image-2024-08-21T141722.256.webp\",\"contentUrl\":\"https:\/\/www.gaveanews.com\/wp-content\/uploads\/image-2024-08-21T141722.256.webp\",\"width\":740,\"height\":416,\"caption\":\"Foto: Jhony Pinho\/AGIF Hugo Souza falou sobre o Mengo\"},{\"@type\":\"BreadcrumbList\",\"@id\":\"https:\/\/www.gaveanews.com\/index.php\/2025\/05\/07\/hugo-souza-faz-cobranca-aos-jogadores-apos-o-empate-do-corinthians\/#breadcrumb\",\"itemListElement\":[{\"@type\":\"ListItem\",\"position\":1,\"name\":\"Home\",\"item\":\"https:\/\/www.gaveanews.com\/\"},{\"@type\":\"ListItem\",\"position\":2,\"name\":\"Hugo Souza faz cobran\u00e7a aos jogadores ap\u00f3s o empate do Corinthians\"}]},{\"@type\":\"WebSite\",\"@id\":\"https:\/\/www.gaveanews.com\/#website\",\"url\":\"https:\/\/www.gaveanews.com\/\",\"name\":\"G\u00e1vea News\",\"description\":\"Veja todas as not\u00edcias sobre o Flamengo: Contrata\u00e7\u00f5es, categorias de base, resultados das partidas, tabela de classifica\u00e7\u00e3o, pr\u00f3ximos jogos!\",\"potentialAction\":[{\"@type\":\"SearchAction\",\"target\":{\"@type\":\"EntryPoint\",\"urlTemplate\":\"https:\/\/www.gaveanews.com\/?s={search_term_string}\"},\"query-input\":{\"@type\":\"PropertyValueSpecification\",\"valueRequired\":true,\"valueName\":\"search_term_string\"}}],\"inLanguage\":\"pt-BR\"},{\"@type\":\"Person\",\"@id\":\"https:\/\/www.gaveanews.com\/#\/schema\/person\/8207cd4627f56151707418bfc835b2fb\",\"name\":\"Matheus Felipe\",\"image\":{\"@type\":\"ImageObject\",\"inLanguage\":\"pt-BR\",\"@id\":\"https:\/\/www.gaveanews.com\/#\/schema\/person\/image\/\",\"url\":\"https:\/\/secure.gravatar.com\/avatar\/a452ffbed9130f726358b298bb3a99ce4bd3c5338411f8440e87e14d74c7c087?s=96&d=mm&r=g\",\"contentUrl\":\"https:\/\/secure.gravatar.com\/avatar\/a452ffbed9130f726358b298bb3a99ce4bd3c5338411f8440e87e14d74c7c087?s=96&d=mm&r=g\",\"caption\":\"Matheus Felipe\"}}]}<\/script>\n<!-- \/ Yoast SEO Premium plugin. -->","yoast_head_json":{"title":"Hugo Souza faz cobran\u00e7a aos jogadores ap\u00f3s o empate do Corinthians","robots":{"index":"index","follow":"follow","max-snippet":"max-snippet:-1","max-image-preview":"max-image-preview:large","max-video-preview":"max-video-preview:-1"},"canonical":"https:\/\/www.gaveanews.com\/index.php\/2025\/05\/07\/hugo-souza-faz-cobranca-aos-jogadores-apos-o-empate-do-corinthians\/","og_locale":"pt_BR","og_type":"article","og_title":"Hugo Souza faz cobran\u00e7a aos jogadores ap\u00f3s o empate do Corinthians","og_description":"O empate diante do Am\u00e9rica de Cali, na noite de ter\u00e7a-feira (06 de maio), acendeu um alerta no Corinthians. Atuando em casa pela quarta rodada da fase de grupos da Copa Sul-Americana, o time n\u00e3o conseguiu sustentar a vantagem constru\u00edda com o gol de Memphis Depay e terminou a partida com um amargo 1 a [&hellip;]","og_url":"https:\/\/www.gaveanews.com\/index.php\/2025\/05\/07\/hugo-souza-faz-cobranca-aos-jogadores-apos-o-empate-do-corinthians\/","og_site_name":"G\u00e1vea News","article_publisher":"https:\/\/facebook.com\/gaveaNews\/","article_published_time":"2025-05-07T17:05:00+00:00","og_image":[{"width":740,"height":416,"url":"https:\/\/www.gaveanews.com\/wp-content\/uploads\/image-2024-08-21T141722.256.webp","type":"image\/webp"}],"author":"Matheus Felipe","twitter_card":"summary_large_image","twitter_misc":{"Escrito por":"Matheus Felipe","Est. tempo de leitura":"3 minutos"},"schema":{"@context":"https:\/\/schema.org","@graph":[{"@type":"NewsArticle","@id":"https:\/\/www.gaveanews.com\/index.php\/2025\/05\/07\/hugo-souza-faz-cobranca-aos-jogadores-apos-o-empate-do-corinthians\/#article","isPartOf":{"@id":"https:\/\/www.gaveanews.com\/index.php\/2025\/05\/07\/hugo-souza-faz-cobranca-aos-jogadores-apos-o-empate-do-corinthians\/"},"author":{"name":"Matheus Felipe","@id":"https:\/\/www.gaveanews.com\/#\/schema\/person\/8207cd4627f56151707418bfc835b2fb"},"headline":"Hugo Souza faz cobran\u00e7a aos jogadores ap\u00f3s o empate do Corinthians","datePublished":"2025-05-07T17:05:00+00:00","mainEntityOfPage":{"@id":"https:\/\/www.gaveanews.com\/index.php\/2025\/05\/07\/hugo-souza-faz-cobranca-aos-jogadores-apos-o-empate-do-corinthians\/"},"wordCount":475,"commentCount":0,"image":{"@id":"https:\/\/www.gaveanews.com\/index.php\/2025\/05\/07\/hugo-souza-faz-cobranca-aos-jogadores-apos-o-empate-do-corinthians\/#primaryimage"},"thumbnailUrl":"https:\/\/www.gaveanews.com\/wp-content\/uploads\/image-2024-08-21T141722.256.webp","articleSection":["Corinthians"],"inLanguage":"pt-BR","potentialAction":[{"@type":"CommentAction","name":"Comment","target":["https:\/\/www.gaveanews.com\/index.php\/2025\/05\/07\/hugo-souza-faz-cobranca-aos-jogadores-apos-o-empate-do-corinthians\/#respond"]}],"copyrightYear":"2025","copyrightHolder":{"@id":"https:\/\/www.gaveanews.com\/#organization"}},{"@type":"WebPage","@id":"https:\/\/www.gaveanews.com\/index.php\/2025\/05\/07\/hugo-souza-faz-cobranca-aos-jogadores-apos-o-empate-do-corinthians\/","url":"https:\/\/www.gaveanews.com\/index.php\/2025\/05\/07\/hugo-souza-faz-cobranca-aos-jogadores-apos-o-empate-do-corinthians\/","name":"Hugo Souza faz cobran\u00e7a aos jogadores ap\u00f3s o empate do Corinthians","isPartOf":{"@id":"https:\/\/www.gaveanews.com\/#website"},"primaryImageOfPage":{"@id":"https:\/\/www.gaveanews.com\/index.php\/2025\/05\/07\/hugo-souza-faz-cobranca-aos-jogadores-apos-o-empate-do-corinthians\/#primaryimage"},"image":{"@id":"https:\/\/www.gaveanews.com\/index.php\/2025\/05\/07\/hugo-souza-faz-cobranca-aos-jogadores-apos-o-empate-do-corinthians\/#primaryimage"},"thumbnailUrl":"https:\/\/www.gaveanews.com\/wp-content\/uploads\/image-2024-08-21T141722.256.webp","datePublished":"2025-05-07T17:05:00+00:00","author":{"@id":"https:\/\/www.gaveanews.com\/#\/schema\/person\/8207cd4627f56151707418bfc835b2fb"},"breadcrumb":{"@id":"https:\/\/www.gaveanews.com\/index.php\/2025\/05\/07\/hugo-souza-faz-cobranca-aos-jogadores-apos-o-empate-do-corinthians\/#breadcrumb"},"inLanguage":"pt-BR","potentialAction":[{"@type":"ReadAction","target":["https:\/\/www.gaveanews.com\/index.php\/2025\/05\/07\/hugo-souza-faz-cobranca-aos-jogadores-apos-o-empate-do-corinthians\/"]}]},{"@type":"ImageObject","inLanguage":"pt-BR","@id":"https:\/\/www.gaveanews.com\/index.php\/2025\/05\/07\/hugo-souza-faz-cobranca-aos-jogadores-apos-o-empate-do-corinthians\/#primaryimage","url":"https:\/\/www.gaveanews.com\/wp-content\/uploads\/image-2024-08-21T141722.256.webp","contentUrl":"https:\/\/www.gaveanews.com\/wp-content\/uploads\/image-2024-08-21T141722.256.webp","width":740,"height":416,"caption":"Foto: Jhony Pinho\/AGIF Hugo Souza falou sobre o Mengo"},{"@type":"BreadcrumbList","@id":"https:\/\/www.gaveanews.com\/index.php\/2025\/05\/07\/hugo-souza-faz-cobranca-aos-jogadores-apos-o-empate-do-corinthians\/#breadcrumb","itemListElement":[{"@type":"ListItem","position":1,"name":"Home","item":"https:\/\/www.gaveanews.com\/"},{"@type":"ListItem","position":2,"name":"Hugo Souza faz cobran\u00e7a aos jogadores ap\u00f3s o empate do Corinthians"}]},{"@type":"WebSite","@id":"https:\/\/www.gaveanews.com\/#website","url":"https:\/\/www.gaveanews.com\/","name":"G\u00e1vea News","description":"Veja todas as not\u00edcias sobre o Flamengo: Contrata\u00e7\u00f5es, categorias de base, resultados das partidas, tabela de classifica\u00e7\u00e3o, pr\u00f3ximos jogos!","potentialAction":[{"@type":"SearchAction","target":{"@type":"EntryPoint","urlTemplate":"https:\/\/www.gaveanews.com\/?s={search_term_string}"},"query-input":{"@type":"PropertyValueSpecification","valueRequired":true,"valueName":"search_term_string"}}],"inLanguage":"pt-BR"},{"@type":"Person","@id":"https:\/\/www.gaveanews.com\/#\/schema\/person\/8207cd4627f56151707418bfc835b2fb","name":"Matheus Felipe","image":{"@type":"ImageObject","inLanguage":"pt-BR","@id":"https:\/\/www.gaveanews.com\/#\/schema\/person\/image\/","url":"https:\/\/secure.gravatar.com\/avatar\/a452ffbed9130f726358b298bb3a99ce4bd3c5338411f8440e87e14d74c7c087?s=96&d=mm&r=g","contentUrl":"https:\/\/secure.gravatar.com\/avatar\/a452ffbed9130f726358b298bb3a99ce4bd3c5338411f8440e87e14d74c7c087?s=96&d=mm&r=g","caption":"Matheus Felipe"}}]}},"_links":{"self":[{"href":"https:\/\/www.gaveanews.com\/index.php\/wp-json\/wp\/v2\/posts\/261451","targetHints":{"allow":["GET"]}}],"collection":[{"href":"https:\/\/www.gaveanews.com\/index.php\/wp-json\/wp\/v2\/posts"}],"about":[{"href":"https:\/\/www.gaveanews.com\/index.php\/wp-json\/wp\/v2\/types\/post"}],"author":[{"embeddable":true,"href":"https:\/\/www.gaveanews.com\/index.php\/wp-json\/wp\/v2\/users\/27"}],"replies":[{"embeddable":true,"href":"https:\/\/www.gaveanews.com\/index.php\/wp-json\/wp\/v2\/comments?post=261451"}],"version-history":[{"count":1,"href":"https:\/\/www.gaveanews.com\/index.php\/wp-json\/wp\/v2\/posts\/261451\/revisions"}],"predecessor-version":[{"id":261452,"href":"https:\/\/www.gaveanews.com\/index.php\/wp-json\/wp\/v2\/posts\/261451\/revisions\/261452"}],"wp:featuredmedia":[{"embeddable":true,"href":"https:\/\/www.gaveanews.com\/index.php\/wp-json\/wp\/v2\/media\/160023"}],"wp:attachment":[{"href":"https:\/\/www.gaveanews.com\/index.php\/wp-json\/wp\/v2\/media?parent=261451"}],"wp:term":[{"taxonomy":"category","embeddable":true,"href":"https:\/\/www.gaveanews.com\/index.php\/wp-json\/wp\/v2\/categories?post=261451"},{"taxonomy":"post_tag","embeddable":true,"href":"https:\/\/www.gaveanews.com\/index.php\/wp-json\/wp\/v2\/tags?post=261451"}],"curies":[{"name":"wp","href":"https:\/\/api.w.org\/{rel}","templated":true}]}}