{"id":261465,"date":"2025-05-07T15:25:00","date_gmt":"2025-05-07T18:25:00","guid":{"rendered":"https:\/\/www.gaveanews.com\/?p=261465"},"modified":"2025-05-07T14:52:47","modified_gmt":"2025-05-07T17:52:47","slug":"santos-traca-plano-para-evitar-crise-entenda","status":"publish","type":"post","link":"https:\/\/www.gaveanews.com\/index.php\/2025\/05\/07\/santos-traca-plano-para-evitar-crise-entenda\/","title":{"rendered":"Santos tra\u00e7a plano para evitar crise; entenda"},"content":{"rendered":"\n<p>O epis\u00f3dio recente envolvendo Gabriel Veron acendeu um alerta interno no Santos e pode acelerar mudan\u00e7as previstas apenas para a janela de transfer\u00eancias do meio do ano. O atacante, que pertence ao Porto, foi multado em 30% do sal\u00e1rio ap\u00f3s faltar a um treino e se apresentar sem condi\u00e7\u00f5es adequadas de trabalho, comportamento considerado reincidente. A diretoria avalia que o momento exige a\u00e7\u00e3o firme para conter poss\u00edveis desgastes no elenco e evitar que o ambiente se deteriore ainda mais.<\/p>\n\n\n\n<p>A situa\u00e7\u00e3o vivida com Veron, ali\u00e1s, traz \u00e0 mem\u00f3ria epis\u00f3dios passados que causaram instabilidade no clube. Em gest\u00f5es anteriores, a falta de medidas contra casos semelhantes, como os de Marcos Leonardo e Jean Lucas, gerou cr\u00edticas \u00e0 postura administrativa. Atualmente, os dirigentes n\u00e3o querem repetir esse padr\u00e3o e estudam alternativas, incluindo a devolu\u00e7\u00e3o antecipada do jogador ao futebol portugu\u00eas, a depender de sua postura nas pr\u00f3ximas semanas.<\/p>\n\n\n\n<figure class=\"wp-block-image size-full\"><img loading=\"lazy\" decoding=\"async\" width=\"828\" height=\"925\" src=\"http:\/\/www.gaveanews.com\/wp-content\/uploads\/Gabriel-Veron-apresentado-pelo-Santos.webp\" alt=\"\" class=\"wp-image-226426\"\/><figcaption class=\"wp-element-caption\">Gabriel Veron apresentado pelo Santos (Foto: Raul Baretta \/ Santos)<\/figcaption><\/figure>\n\n\n\n<p>Enquanto a equipe amarga a zona de rebaixamento do Campeonato Brasileiro, a diretoria entende que \u00e9 preciso mais do que apenas ajustes t\u00e9cnicos. A reformula\u00e7\u00e3o do elenco, inicialmente prevista para ocorrer com a abertura da pr\u00f3xima janela de transfer\u00eancias, pode ser iniciada de forma gradual, com sa\u00eddas de jogadores pouco utilizados e eventuais refor\u00e7os que possam reequilibrar o grupo.<\/p>\n\n\n\n<p>Conforme informa\u00e7\u00f5es internas, a ideia \u00e9 evitar qualquer tipo de &#8220;contamina\u00e7\u00e3o&#8221; no elenco. Jogadores com condutas incompat\u00edveis com os objetivos tra\u00e7ados pelo clube devem ser afastados do planejamento. O clube tem refor\u00e7ado a import\u00e2ncia da dedica\u00e7\u00e3o di\u00e1ria e do compromisso com os treinos, jogos e demais atividades no CT Rei Pel\u00e9.<\/p>\n\n\n\n<p>Um exemplo positivo dentro do clube, segundo relatos, tem sido Neymar. O atacante, que se recupera de les\u00e3o na coxa esquerda, tem se dedicado intensamente \u00e0 fisioterapia, inclusive com publica\u00e7\u00f5es constantes ao lado do fisioterapeuta Luis Rosan. Neymar teria recebido um alerta da diretoria para priorizar sua recupera\u00e7\u00e3o, o que foi assimilado sem resist\u00eancia. O comportamento do camisa 10 \u00e9 visto como um modelo a ser seguido pelos demais atletas.<\/p>\n\n\n\n<p>Por fim, a conduta de Gabriel Veron nas pr\u00f3ximas semanas ser\u00e1 determinante para definir seu futuro imediato no clube. A expectativa \u00e9 de que a diretoria mantenha o rigor adotado at\u00e9 aqui, a fim de garantir um ambiente mais comprometido com o desempenho esportivo e, principalmente, com a retomada do Santos na temporada.<\/p>\n","protected":false},"excerpt":{"rendered":"<p>O epis\u00f3dio recente envolvendo Gabriel Veron acendeu um alerta interno no Santos e pode acelerar mudan\u00e7as previstas apenas para a janela de transfer\u00eancias do meio do ano. O atacante, que pertence ao Porto, foi multado em 30% do sal\u00e1rio ap\u00f3s faltar a um treino e se apresentar sem condi\u00e7\u00f5es adequadas de trabalho, comportamento considerado reincidente. [&hellip;]<\/p>\n","protected":false},"author":27,"featured_media":152156,"comment_status":"open","ping_status":"closed","sticky":false,"template":"","format":"standard","meta":{"footnotes":""},"categories":[139],"tags":[],"class_list":["post-261465","post","type-post","status-publish","format-standard","has-post-thumbnail","hentry","category-santos"],"yoast_head":"<!-- This site is optimized with the Yoast SEO Premium plugin v24.2 (Yoast SEO v26.9) - https:\/\/yoast.com\/product\/yoast-seo-premium-wordpress\/ -->\n<title>Santos tra\u00e7a plano para evitar crise; entenda<\/title>\n<meta name=\"robots\" content=\"index, follow, max-snippet:-1, max-image-preview:large, max-video-preview:-1\" \/>\n<link rel=\"canonical\" href=\"https:\/\/www.gaveanews.com\/index.php\/2025\/05\/07\/santos-traca-plano-para-evitar-crise-entenda\/\" \/>\n<meta property=\"og:locale\" content=\"pt_BR\" \/>\n<meta property=\"og:type\" content=\"article\" \/>\n<meta property=\"og:title\" content=\"Santos tra\u00e7a plano para evitar crise; entenda\" \/>\n<meta property=\"og:description\" content=\"O epis\u00f3dio recente envolvendo Gabriel Veron acendeu um alerta interno no Santos e pode acelerar mudan\u00e7as previstas apenas para a janela de transfer\u00eancias do meio do ano. O atacante, que pertence ao Porto, foi multado em 30% do sal\u00e1rio ap\u00f3s faltar a um treino e se apresentar sem condi\u00e7\u00f5es adequadas de trabalho, comportamento considerado reincidente. [&hellip;]\" \/>\n<meta property=\"og:url\" content=\"https:\/\/www.gaveanews.com\/index.php\/2025\/05\/07\/santos-traca-plano-para-evitar-crise-entenda\/\" \/>\n<meta property=\"og:site_name\" content=\"G\u00e1vea News\" \/>\n<meta property=\"article:publisher\" content=\"https:\/\/facebook.com\/gaveaNews\/\" \/>\n<meta property=\"article:published_time\" content=\"2025-05-07T18:25:00+00:00\" \/>\n<meta property=\"og:image\" content=\"https:\/\/www.gaveanews.com\/wp-content\/uploads\/Escudo-do-Santos-1.webp\" \/>\n\t<meta property=\"og:image:width\" content=\"1300\" \/>\n\t<meta property=\"og:image:height\" content=\"1056\" \/>\n\t<meta property=\"og:image:type\" content=\"image\/webp\" \/>\n<meta name=\"author\" content=\"Matheus Felipe\" \/>\n<meta name=\"twitter:card\" content=\"summary_large_image\" \/>\n<meta name=\"twitter:label1\" content=\"Escrito por\" \/>\n\t<meta name=\"twitter:data1\" content=\"Matheus Felipe\" \/>\n\t<meta name=\"twitter:label2\" content=\"Est. tempo de leitura\" \/>\n\t<meta name=\"twitter:data2\" content=\"2 minutos\" \/>\n<script type=\"application\/ld+json\" class=\"yoast-schema-graph\">{\"@context\":\"https:\/\/schema.org\",\"@graph\":[{\"@type\":\"NewsArticle\",\"@id\":\"https:\/\/www.gaveanews.com\/index.php\/2025\/05\/07\/santos-traca-plano-para-evitar-crise-entenda\/#article\",\"isPartOf\":{\"@id\":\"https:\/\/www.gaveanews.com\/index.php\/2025\/05\/07\/santos-traca-plano-para-evitar-crise-entenda\/\"},\"author\":{\"name\":\"Matheus Felipe\",\"@id\":\"https:\/\/www.gaveanews.com\/#\/schema\/person\/8207cd4627f56151707418bfc835b2fb\"},\"headline\":\"Santos tra\u00e7a plano para evitar crise; entenda\",\"datePublished\":\"2025-05-07T18:25:00+00:00\",\"mainEntityOfPage\":{\"@id\":\"https:\/\/www.gaveanews.com\/index.php\/2025\/05\/07\/santos-traca-plano-para-evitar-crise-entenda\/\"},\"wordCount\":425,\"commentCount\":0,\"image\":{\"@id\":\"https:\/\/www.gaveanews.com\/index.php\/2025\/05\/07\/santos-traca-plano-para-evitar-crise-entenda\/#primaryimage\"},\"thumbnailUrl\":\"https:\/\/www.gaveanews.com\/wp-content\/uploads\/Escudo-do-Santos-1.webp\",\"articleSection\":[\"Santos\"],\"inLanguage\":\"pt-BR\",\"potentialAction\":[{\"@type\":\"CommentAction\",\"name\":\"Comment\",\"target\":[\"https:\/\/www.gaveanews.com\/index.php\/2025\/05\/07\/santos-traca-plano-para-evitar-crise-entenda\/#respond\"]}],\"copyrightYear\":\"2025\",\"copyrightHolder\":{\"@id\":\"https:\/\/www.gaveanews.com\/#organization\"}},{\"@type\":\"WebPage\",\"@id\":\"https:\/\/www.gaveanews.com\/index.php\/2025\/05\/07\/santos-traca-plano-para-evitar-crise-entenda\/\",\"url\":\"https:\/\/www.gaveanews.com\/index.php\/2025\/05\/07\/santos-traca-plano-para-evitar-crise-entenda\/\",\"name\":\"Santos tra\u00e7a plano para evitar crise; entenda\",\"isPartOf\":{\"@id\":\"https:\/\/www.gaveanews.com\/#website\"},\"primaryImageOfPage\":{\"@id\":\"https:\/\/www.gaveanews.com\/index.php\/2025\/05\/07\/santos-traca-plano-para-evitar-crise-entenda\/#primaryimage\"},\"image\":{\"@id\":\"https:\/\/www.gaveanews.com\/index.php\/2025\/05\/07\/santos-traca-plano-para-evitar-crise-entenda\/#primaryimage\"},\"thumbnailUrl\":\"https:\/\/www.gaveanews.com\/wp-content\/uploads\/Escudo-do-Santos-1.webp\",\"datePublished\":\"2025-05-07T18:25:00+00:00\",\"author\":{\"@id\":\"https:\/\/www.gaveanews.com\/#\/schema\/person\/8207cd4627f56151707418bfc835b2fb\"},\"breadcrumb\":{\"@id\":\"https:\/\/www.gaveanews.com\/index.php\/2025\/05\/07\/santos-traca-plano-para-evitar-crise-entenda\/#breadcrumb\"},\"inLanguage\":\"pt-BR\",\"potentialAction\":[{\"@type\":\"ReadAction\",\"target\":[\"https:\/\/www.gaveanews.com\/index.php\/2025\/05\/07\/santos-traca-plano-para-evitar-crise-entenda\/\"]}]},{\"@type\":\"ImageObject\",\"inLanguage\":\"pt-BR\",\"@id\":\"https:\/\/www.gaveanews.com\/index.php\/2025\/05\/07\/santos-traca-plano-para-evitar-crise-entenda\/#primaryimage\",\"url\":\"https:\/\/www.gaveanews.com\/wp-content\/uploads\/Escudo-do-Santos-1.webp\",\"contentUrl\":\"https:\/\/www.gaveanews.com\/wp-content\/uploads\/Escudo-do-Santos-1.webp\",\"width\":1300,\"height\":1056,\"caption\":\"Escudo do Santos (Foto: Reprodu\u00e7\u00e3o\/Instagram)\"},{\"@type\":\"BreadcrumbList\",\"@id\":\"https:\/\/www.gaveanews.com\/index.php\/2025\/05\/07\/santos-traca-plano-para-evitar-crise-entenda\/#breadcrumb\",\"itemListElement\":[{\"@type\":\"ListItem\",\"position\":1,\"name\":\"Home\",\"item\":\"https:\/\/www.gaveanews.com\/\"},{\"@type\":\"ListItem\",\"position\":2,\"name\":\"Santos tra\u00e7a plano para evitar crise; entenda\"}]},{\"@type\":\"WebSite\",\"@id\":\"https:\/\/www.gaveanews.com\/#website\",\"url\":\"https:\/\/www.gaveanews.com\/\",\"name\":\"G\u00e1vea News\",\"description\":\"Veja todas as not\u00edcias sobre o Flamengo: Contrata\u00e7\u00f5es, categorias de base, resultados das partidas, tabela de classifica\u00e7\u00e3o, pr\u00f3ximos jogos!\",\"potentialAction\":[{\"@type\":\"SearchAction\",\"target\":{\"@type\":\"EntryPoint\",\"urlTemplate\":\"https:\/\/www.gaveanews.com\/?s={search_term_string}\"},\"query-input\":{\"@type\":\"PropertyValueSpecification\",\"valueRequired\":true,\"valueName\":\"search_term_string\"}}],\"inLanguage\":\"pt-BR\"},{\"@type\":\"Person\",\"@id\":\"https:\/\/www.gaveanews.com\/#\/schema\/person\/8207cd4627f56151707418bfc835b2fb\",\"name\":\"Matheus Felipe\",\"image\":{\"@type\":\"ImageObject\",\"inLanguage\":\"pt-BR\",\"@id\":\"https:\/\/www.gaveanews.com\/#\/schema\/person\/image\/\",\"url\":\"https:\/\/secure.gravatar.com\/avatar\/a452ffbed9130f726358b298bb3a99ce4bd3c5338411f8440e87e14d74c7c087?s=96&d=mm&r=g\",\"contentUrl\":\"https:\/\/secure.gravatar.com\/avatar\/a452ffbed9130f726358b298bb3a99ce4bd3c5338411f8440e87e14d74c7c087?s=96&d=mm&r=g\",\"caption\":\"Matheus Felipe\"}}]}<\/script>\n<!-- \/ Yoast SEO Premium plugin. -->","yoast_head_json":{"title":"Santos tra\u00e7a plano para evitar crise; entenda","robots":{"index":"index","follow":"follow","max-snippet":"max-snippet:-1","max-image-preview":"max-image-preview:large","max-video-preview":"max-video-preview:-1"},"canonical":"https:\/\/www.gaveanews.com\/index.php\/2025\/05\/07\/santos-traca-plano-para-evitar-crise-entenda\/","og_locale":"pt_BR","og_type":"article","og_title":"Santos tra\u00e7a plano para evitar crise; entenda","og_description":"O epis\u00f3dio recente envolvendo Gabriel Veron acendeu um alerta interno no Santos e pode acelerar mudan\u00e7as previstas apenas para a janela de transfer\u00eancias do meio do ano. O atacante, que pertence ao Porto, foi multado em 30% do sal\u00e1rio ap\u00f3s faltar a um treino e se apresentar sem condi\u00e7\u00f5es adequadas de trabalho, comportamento considerado reincidente. [&hellip;]","og_url":"https:\/\/www.gaveanews.com\/index.php\/2025\/05\/07\/santos-traca-plano-para-evitar-crise-entenda\/","og_site_name":"G\u00e1vea News","article_publisher":"https:\/\/facebook.com\/gaveaNews\/","article_published_time":"2025-05-07T18:25:00+00:00","og_image":[{"width":1300,"height":1056,"url":"https:\/\/www.gaveanews.com\/wp-content\/uploads\/Escudo-do-Santos-1.webp","type":"image\/webp"}],"author":"Matheus Felipe","twitter_card":"summary_large_image","twitter_misc":{"Escrito por":"Matheus Felipe","Est. tempo de leitura":"2 minutos"},"schema":{"@context":"https:\/\/schema.org","@graph":[{"@type":"NewsArticle","@id":"https:\/\/www.gaveanews.com\/index.php\/2025\/05\/07\/santos-traca-plano-para-evitar-crise-entenda\/#article","isPartOf":{"@id":"https:\/\/www.gaveanews.com\/index.php\/2025\/05\/07\/santos-traca-plano-para-evitar-crise-entenda\/"},"author":{"name":"Matheus Felipe","@id":"https:\/\/www.gaveanews.com\/#\/schema\/person\/8207cd4627f56151707418bfc835b2fb"},"headline":"Santos tra\u00e7a plano para evitar crise; entenda","datePublished":"2025-05-07T18:25:00+00:00","mainEntityOfPage":{"@id":"https:\/\/www.gaveanews.com\/index.php\/2025\/05\/07\/santos-traca-plano-para-evitar-crise-entenda\/"},"wordCount":425,"commentCount":0,"image":{"@id":"https:\/\/www.gaveanews.com\/index.php\/2025\/05\/07\/santos-traca-plano-para-evitar-crise-entenda\/#primaryimage"},"thumbnailUrl":"https:\/\/www.gaveanews.com\/wp-content\/uploads\/Escudo-do-Santos-1.webp","articleSection":["Santos"],"inLanguage":"pt-BR","potentialAction":[{"@type":"CommentAction","name":"Comment","target":["https:\/\/www.gaveanews.com\/index.php\/2025\/05\/07\/santos-traca-plano-para-evitar-crise-entenda\/#respond"]}],"copyrightYear":"2025","copyrightHolder":{"@id":"https:\/\/www.gaveanews.com\/#organization"}},{"@type":"WebPage","@id":"https:\/\/www.gaveanews.com\/index.php\/2025\/05\/07\/santos-traca-plano-para-evitar-crise-entenda\/","url":"https:\/\/www.gaveanews.com\/index.php\/2025\/05\/07\/santos-traca-plano-para-evitar-crise-entenda\/","name":"Santos tra\u00e7a plano para evitar crise; entenda","isPartOf":{"@id":"https:\/\/www.gaveanews.com\/#website"},"primaryImageOfPage":{"@id":"https:\/\/www.gaveanews.com\/index.php\/2025\/05\/07\/santos-traca-plano-para-evitar-crise-entenda\/#primaryimage"},"image":{"@id":"https:\/\/www.gaveanews.com\/index.php\/2025\/05\/07\/santos-traca-plano-para-evitar-crise-entenda\/#primaryimage"},"thumbnailUrl":"https:\/\/www.gaveanews.com\/wp-content\/uploads\/Escudo-do-Santos-1.webp","datePublished":"2025-05-07T18:25:00+00:00","author":{"@id":"https:\/\/www.gaveanews.com\/#\/schema\/person\/8207cd4627f56151707418bfc835b2fb"},"breadcrumb":{"@id":"https:\/\/www.gaveanews.com\/index.php\/2025\/05\/07\/santos-traca-plano-para-evitar-crise-entenda\/#breadcrumb"},"inLanguage":"pt-BR","potentialAction":[{"@type":"ReadAction","target":["https:\/\/www.gaveanews.com\/index.php\/2025\/05\/07\/santos-traca-plano-para-evitar-crise-entenda\/"]}]},{"@type":"ImageObject","inLanguage":"pt-BR","@id":"https:\/\/www.gaveanews.com\/index.php\/2025\/05\/07\/santos-traca-plano-para-evitar-crise-entenda\/#primaryimage","url":"https:\/\/www.gaveanews.com\/wp-content\/uploads\/Escudo-do-Santos-1.webp","contentUrl":"https:\/\/www.gaveanews.com\/wp-content\/uploads\/Escudo-do-Santos-1.webp","width":1300,"height":1056,"caption":"Escudo do Santos (Foto: Reprodu\u00e7\u00e3o\/Instagram)"},{"@type":"BreadcrumbList","@id":"https:\/\/www.gaveanews.com\/index.php\/2025\/05\/07\/santos-traca-plano-para-evitar-crise-entenda\/#breadcrumb","itemListElement":[{"@type":"ListItem","position":1,"name":"Home","item":"https:\/\/www.gaveanews.com\/"},{"@type":"ListItem","position":2,"name":"Santos tra\u00e7a plano para evitar crise; entenda"}]},{"@type":"WebSite","@id":"https:\/\/www.gaveanews.com\/#website","url":"https:\/\/www.gaveanews.com\/","name":"G\u00e1vea News","description":"Veja todas as not\u00edcias sobre o Flamengo: Contrata\u00e7\u00f5es, categorias de base, resultados das partidas, tabela de classifica\u00e7\u00e3o, pr\u00f3ximos jogos!","potentialAction":[{"@type":"SearchAction","target":{"@type":"EntryPoint","urlTemplate":"https:\/\/www.gaveanews.com\/?s={search_term_string}"},"query-input":{"@type":"PropertyValueSpecification","valueRequired":true,"valueName":"search_term_string"}}],"inLanguage":"pt-BR"},{"@type":"Person","@id":"https:\/\/www.gaveanews.com\/#\/schema\/person\/8207cd4627f56151707418bfc835b2fb","name":"Matheus Felipe","image":{"@type":"ImageObject","inLanguage":"pt-BR","@id":"https:\/\/www.gaveanews.com\/#\/schema\/person\/image\/","url":"https:\/\/secure.gravatar.com\/avatar\/a452ffbed9130f726358b298bb3a99ce4bd3c5338411f8440e87e14d74c7c087?s=96&d=mm&r=g","contentUrl":"https:\/\/secure.gravatar.com\/avatar\/a452ffbed9130f726358b298bb3a99ce4bd3c5338411f8440e87e14d74c7c087?s=96&d=mm&r=g","caption":"Matheus Felipe"}}]}},"_links":{"self":[{"href":"https:\/\/www.gaveanews.com\/index.php\/wp-json\/wp\/v2\/posts\/261465","targetHints":{"allow":["GET"]}}],"collection":[{"href":"https:\/\/www.gaveanews.com\/index.php\/wp-json\/wp\/v2\/posts"}],"about":[{"href":"https:\/\/www.gaveanews.com\/index.php\/wp-json\/wp\/v2\/types\/post"}],"author":[{"embeddable":true,"href":"https:\/\/www.gaveanews.com\/index.php\/wp-json\/wp\/v2\/users\/27"}],"replies":[{"embeddable":true,"href":"https:\/\/www.gaveanews.com\/index.php\/wp-json\/wp\/v2\/comments?post=261465"}],"version-history":[{"count":1,"href":"https:\/\/www.gaveanews.com\/index.php\/wp-json\/wp\/v2\/posts\/261465\/revisions"}],"predecessor-version":[{"id":261509,"href":"https:\/\/www.gaveanews.com\/index.php\/wp-json\/wp\/v2\/posts\/261465\/revisions\/261509"}],"wp:featuredmedia":[{"embeddable":true,"href":"https:\/\/www.gaveanews.com\/index.php\/wp-json\/wp\/v2\/media\/152156"}],"wp:attachment":[{"href":"https:\/\/www.gaveanews.com\/index.php\/wp-json\/wp\/v2\/media?parent=261465"}],"wp:term":[{"taxonomy":"category","embeddable":true,"href":"https:\/\/www.gaveanews.com\/index.php\/wp-json\/wp\/v2\/categories?post=261465"},{"taxonomy":"post_tag","embeddable":true,"href":"https:\/\/www.gaveanews.com\/index.php\/wp-json\/wp\/v2\/tags?post=261465"}],"curies":[{"name":"wp","href":"https:\/\/api.w.org\/{rel}","templated":true}]}}