{"id":261467,"date":"2025-05-07T14:10:22","date_gmt":"2025-05-07T17:10:22","guid":{"rendered":"https:\/\/www.gaveanews.com\/?p=261467"},"modified":"2025-05-07T13:53:31","modified_gmt":"2025-05-07T16:53:31","slug":"flavio-prado-reprova-contratacao-de-atacante-pelo-flamengo","status":"publish","type":"post","link":"https:\/\/www.gaveanews.com\/index.php\/2025\/05\/07\/flavio-prado-reprova-contratacao-de-atacante-pelo-flamengo\/","title":{"rendered":"Fl\u00e1vio Prado reprova contrata\u00e7\u00e3o de atacante pelo Flamengo"},"content":{"rendered":"\n<p>Fl\u00e1vio Prado n\u00e3o se empolgou com o interesse do Flamengo na contrata\u00e7\u00e3o do atacante Jo\u00e3o F\u00e9lix, do Chelsea e atualmente emprestado ao Milan. Em busca de refor\u00e7ar o elenco para a segunda metade da temporada, a diretoria rubro-negra fez contatos com os representantes do atleta portugu\u00eas.<\/p>\n\n\n\n<p>Para Fl\u00e1vio Prado, Jo\u00e3o F\u00e9lix \u00e9 mais um jovem que foi supervalorizado e n\u00e3o alcan\u00e7ou o n\u00edvel que se esperava. Quando surgiu no Benfica, o atacante era visto como poss\u00edvel sucessor de Cristiano Ronaldo. Ele foi vendido a peso de ouro para o Atl\u00e9tico de Madrid, mas desde ent\u00e3o n\u00e3o se firmou.<\/p>\n\n\n\n<p>\u201cQuando o Jo\u00e3o F\u00e9lix apareceu, falavam em compara\u00e7\u00e3o com o Cristiano Ronaldo. Mas n\u00e3o virou e com essa idade n\u00e3o vai virar. Mais um jovem que foi para o Chelsea e a coisa n\u00e3o saiu como se esperava\u201d, iniciou o comentarista.<\/p>\n\n\n\n<p>\u201cBem ou mal ele est\u00e1 l\u00e1 no mercado na Europa. Por que ele abaixaria o sal\u00e1rio para vir jogar no Brasil? N\u00e3o tem o menor sentido nisso. Claro que o\u00a0Flamengo\u00a0tem interesse, mas n\u00e3o sei se ele tem interesse de vir ao Brasil e menos ainda se o Flamengo teria disposi\u00e7\u00e3o em gastar para trazer um jogador que n\u00e3o anda, n\u00e3o consegue jogar. Troca de time toda hora e n\u00e3o rende em lugar nenhum\u201d, concluiu Fl\u00e1vio Prado.<\/p>\n\n\n\n<p>Para ter Jo\u00e3o F\u00e9lix, o Flamengo primeiro espera ouvir o sim do jogador e s\u00f3 ent\u00e3o passar a negociar com o Chelsea. A ideia do diretor de futebol, Jos\u00e9 Boto, \u00e9 conseguir um empr\u00e9stimo com op\u00e7\u00e3o de compra. Al\u00e9m disso, grande parte do sal\u00e1rio seria pago pelo pr\u00f3prio clube ingl\u00eas. Segundo a Forbes, o portugu\u00eas ganha aproximadamente R$ 10 milh\u00f5es por m\u00eas.<\/p>\n\n\n\n<p>Enquanto a diretoria pensa em refor\u00e7os, o Flamengo tem um desafio importante em campo. Nesta quarta-feira, o time enfrenta o Central C\u00f3rdoba, na Argentina, pela quarta rodada da fase de grupos da Libertadores. A bola rola \u00e0s 21h30 (de Bras\u00edlia).<\/p>\n","protected":false},"excerpt":{"rendered":"<p>Fl\u00e1vio Prado n\u00e3o se empolgou com o interesse do Flamengo na contrata\u00e7\u00e3o do atacante Jo\u00e3o F\u00e9lix, do Chelsea e atualmente emprestado ao Milan. Em busca de refor\u00e7ar o elenco para a segunda metade da temporada, a diretoria rubro-negra fez contatos com os representantes do atleta portugu\u00eas. Para Fl\u00e1vio Prado, Jo\u00e3o F\u00e9lix \u00e9 mais um jovem [&hellip;]<\/p>\n","protected":false},"author":32,"featured_media":102292,"comment_status":"open","ping_status":"closed","sticky":false,"template":"","format":"standard","meta":{"footnotes":""},"categories":[1],"tags":[],"class_list":["post-261467","post","type-post","status-publish","format-standard","has-post-thumbnail","hentry","category-flamengo"],"yoast_head":"<!-- This site is optimized with the Yoast SEO Premium plugin v24.2 (Yoast SEO v26.9) - https:\/\/yoast.com\/product\/yoast-seo-premium-wordpress\/ -->\n<title>Fl\u00e1vio Prado reprova contrata\u00e7\u00e3o de atacante pelo Flamengo<\/title>\n<meta name=\"robots\" content=\"index, follow, max-snippet:-1, max-image-preview:large, max-video-preview:-1\" \/>\n<link rel=\"canonical\" href=\"https:\/\/www.gaveanews.com\/index.php\/2025\/05\/07\/flavio-prado-reprova-contratacao-de-atacante-pelo-flamengo\/\" \/>\n<meta property=\"og:locale\" content=\"pt_BR\" \/>\n<meta property=\"og:type\" content=\"article\" \/>\n<meta property=\"og:title\" content=\"Fl\u00e1vio Prado reprova contrata\u00e7\u00e3o de atacante pelo Flamengo\" \/>\n<meta property=\"og:description\" content=\"Fl\u00e1vio Prado n\u00e3o se empolgou com o interesse do Flamengo na contrata\u00e7\u00e3o do atacante Jo\u00e3o F\u00e9lix, do Chelsea e atualmente emprestado ao Milan. Em busca de refor\u00e7ar o elenco para a segunda metade da temporada, a diretoria rubro-negra fez contatos com os representantes do atleta portugu\u00eas. Para Fl\u00e1vio Prado, Jo\u00e3o F\u00e9lix \u00e9 mais um jovem [&hellip;]\" \/>\n<meta property=\"og:url\" content=\"https:\/\/www.gaveanews.com\/index.php\/2025\/05\/07\/flavio-prado-reprova-contratacao-de-atacante-pelo-flamengo\/\" \/>\n<meta property=\"og:site_name\" content=\"G\u00e1vea News\" \/>\n<meta property=\"article:publisher\" content=\"https:\/\/facebook.com\/gaveaNews\/\" \/>\n<meta property=\"article:published_time\" content=\"2025-05-07T17:10:22+00:00\" \/>\n<meta property=\"og:image\" content=\"https:\/\/www.gaveanews.com\/wp-content\/uploads\/Flavio-Prado.webp\" \/>\n\t<meta property=\"og:image:width\" content=\"999\" \/>\n\t<meta property=\"og:image:height\" content=\"548\" \/>\n\t<meta property=\"og:image:type\" content=\"image\/png\" \/>\n<meta name=\"author\" content=\"Matheus Leal\" \/>\n<meta name=\"twitter:card\" content=\"summary_large_image\" \/>\n<meta name=\"twitter:label1\" content=\"Escrito por\" \/>\n\t<meta name=\"twitter:data1\" content=\"Matheus Leal\" \/>\n\t<meta name=\"twitter:label2\" content=\"Est. tempo de leitura\" \/>\n\t<meta name=\"twitter:data2\" content=\"2 minutos\" \/>\n<script type=\"application\/ld+json\" class=\"yoast-schema-graph\">{\"@context\":\"https:\/\/schema.org\",\"@graph\":[{\"@type\":\"NewsArticle\",\"@id\":\"https:\/\/www.gaveanews.com\/index.php\/2025\/05\/07\/flavio-prado-reprova-contratacao-de-atacante-pelo-flamengo\/#article\",\"isPartOf\":{\"@id\":\"https:\/\/www.gaveanews.com\/index.php\/2025\/05\/07\/flavio-prado-reprova-contratacao-de-atacante-pelo-flamengo\/\"},\"author\":{\"name\":\"Matheus Leal\",\"@id\":\"https:\/\/www.gaveanews.com\/#\/schema\/person\/49ac99b6823a2b8d5087a6ce3aaaa128\"},\"headline\":\"Fl\u00e1vio Prado reprova contrata\u00e7\u00e3o de atacante pelo Flamengo\",\"datePublished\":\"2025-05-07T17:10:22+00:00\",\"mainEntityOfPage\":{\"@id\":\"https:\/\/www.gaveanews.com\/index.php\/2025\/05\/07\/flavio-prado-reprova-contratacao-de-atacante-pelo-flamengo\/\"},\"wordCount\":372,\"commentCount\":0,\"image\":{\"@id\":\"https:\/\/www.gaveanews.com\/index.php\/2025\/05\/07\/flavio-prado-reprova-contratacao-de-atacante-pelo-flamengo\/#primaryimage\"},\"thumbnailUrl\":\"https:\/\/www.gaveanews.com\/wp-content\/uploads\/Flavio-Prado.webp\",\"articleSection\":[\"Flamengo\"],\"inLanguage\":\"pt-BR\",\"potentialAction\":[{\"@type\":\"CommentAction\",\"name\":\"Comment\",\"target\":[\"https:\/\/www.gaveanews.com\/index.php\/2025\/05\/07\/flavio-prado-reprova-contratacao-de-atacante-pelo-flamengo\/#respond\"]}],\"copyrightYear\":\"2025\",\"copyrightHolder\":{\"@id\":\"https:\/\/www.gaveanews.com\/#organization\"}},{\"@type\":\"WebPage\",\"@id\":\"https:\/\/www.gaveanews.com\/index.php\/2025\/05\/07\/flavio-prado-reprova-contratacao-de-atacante-pelo-flamengo\/\",\"url\":\"https:\/\/www.gaveanews.com\/index.php\/2025\/05\/07\/flavio-prado-reprova-contratacao-de-atacante-pelo-flamengo\/\",\"name\":\"Fl\u00e1vio Prado reprova contrata\u00e7\u00e3o de atacante pelo Flamengo\",\"isPartOf\":{\"@id\":\"https:\/\/www.gaveanews.com\/#website\"},\"primaryImageOfPage\":{\"@id\":\"https:\/\/www.gaveanews.com\/index.php\/2025\/05\/07\/flavio-prado-reprova-contratacao-de-atacante-pelo-flamengo\/#primaryimage\"},\"image\":{\"@id\":\"https:\/\/www.gaveanews.com\/index.php\/2025\/05\/07\/flavio-prado-reprova-contratacao-de-atacante-pelo-flamengo\/#primaryimage\"},\"thumbnailUrl\":\"https:\/\/www.gaveanews.com\/wp-content\/uploads\/Flavio-Prado.webp\",\"datePublished\":\"2025-05-07T17:10:22+00:00\",\"author\":{\"@id\":\"https:\/\/www.gaveanews.com\/#\/schema\/person\/49ac99b6823a2b8d5087a6ce3aaaa128\"},\"breadcrumb\":{\"@id\":\"https:\/\/www.gaveanews.com\/index.php\/2025\/05\/07\/flavio-prado-reprova-contratacao-de-atacante-pelo-flamengo\/#breadcrumb\"},\"inLanguage\":\"pt-BR\",\"potentialAction\":[{\"@type\":\"ReadAction\",\"target\":[\"https:\/\/www.gaveanews.com\/index.php\/2025\/05\/07\/flavio-prado-reprova-contratacao-de-atacante-pelo-flamengo\/\"]}]},{\"@type\":\"ImageObject\",\"inLanguage\":\"pt-BR\",\"@id\":\"https:\/\/www.gaveanews.com\/index.php\/2025\/05\/07\/flavio-prado-reprova-contratacao-de-atacante-pelo-flamengo\/#primaryimage\",\"url\":\"https:\/\/www.gaveanews.com\/wp-content\/uploads\/Flavio-Prado.webp\",\"contentUrl\":\"https:\/\/www.gaveanews.com\/wp-content\/uploads\/Flavio-Prado.webp\",\"width\":999,\"height\":548,\"caption\":\"Flavio Prado - Foto: Reprodu\u00e7\u00e3o\"},{\"@type\":\"BreadcrumbList\",\"@id\":\"https:\/\/www.gaveanews.com\/index.php\/2025\/05\/07\/flavio-prado-reprova-contratacao-de-atacante-pelo-flamengo\/#breadcrumb\",\"itemListElement\":[{\"@type\":\"ListItem\",\"position\":1,\"name\":\"Home\",\"item\":\"https:\/\/www.gaveanews.com\/\"},{\"@type\":\"ListItem\",\"position\":2,\"name\":\"Fl\u00e1vio Prado reprova contrata\u00e7\u00e3o de atacante pelo Flamengo\"}]},{\"@type\":\"WebSite\",\"@id\":\"https:\/\/www.gaveanews.com\/#website\",\"url\":\"https:\/\/www.gaveanews.com\/\",\"name\":\"G\u00e1vea News\",\"description\":\"Veja todas as not\u00edcias sobre o Flamengo: Contrata\u00e7\u00f5es, categorias de base, resultados das partidas, tabela de classifica\u00e7\u00e3o, pr\u00f3ximos jogos!\",\"potentialAction\":[{\"@type\":\"SearchAction\",\"target\":{\"@type\":\"EntryPoint\",\"urlTemplate\":\"https:\/\/www.gaveanews.com\/?s={search_term_string}\"},\"query-input\":{\"@type\":\"PropertyValueSpecification\",\"valueRequired\":true,\"valueName\":\"search_term_string\"}}],\"inLanguage\":\"pt-BR\"},{\"@type\":\"Person\",\"@id\":\"https:\/\/www.gaveanews.com\/#\/schema\/person\/49ac99b6823a2b8d5087a6ce3aaaa128\",\"name\":\"Matheus Leal\",\"image\":{\"@type\":\"ImageObject\",\"inLanguage\":\"pt-BR\",\"@id\":\"https:\/\/www.gaveanews.com\/#\/schema\/person\/image\/\",\"url\":\"https:\/\/secure.gravatar.com\/avatar\/21c52300d1234416f9c886f6dadd7452d8b035ac505314a51e4f56731e90c481?s=96&d=mm&r=g\",\"contentUrl\":\"https:\/\/secure.gravatar.com\/avatar\/21c52300d1234416f9c886f6dadd7452d8b035ac505314a51e4f56731e90c481?s=96&d=mm&r=g\",\"caption\":\"Matheus Leal\"}}]}<\/script>\n<!-- \/ Yoast SEO Premium plugin. -->","yoast_head_json":{"title":"Fl\u00e1vio Prado reprova contrata\u00e7\u00e3o de atacante pelo Flamengo","robots":{"index":"index","follow":"follow","max-snippet":"max-snippet:-1","max-image-preview":"max-image-preview:large","max-video-preview":"max-video-preview:-1"},"canonical":"https:\/\/www.gaveanews.com\/index.php\/2025\/05\/07\/flavio-prado-reprova-contratacao-de-atacante-pelo-flamengo\/","og_locale":"pt_BR","og_type":"article","og_title":"Fl\u00e1vio Prado reprova contrata\u00e7\u00e3o de atacante pelo Flamengo","og_description":"Fl\u00e1vio Prado n\u00e3o se empolgou com o interesse do Flamengo na contrata\u00e7\u00e3o do atacante Jo\u00e3o F\u00e9lix, do Chelsea e atualmente emprestado ao Milan. Em busca de refor\u00e7ar o elenco para a segunda metade da temporada, a diretoria rubro-negra fez contatos com os representantes do atleta portugu\u00eas. Para Fl\u00e1vio Prado, Jo\u00e3o F\u00e9lix \u00e9 mais um jovem [&hellip;]","og_url":"https:\/\/www.gaveanews.com\/index.php\/2025\/05\/07\/flavio-prado-reprova-contratacao-de-atacante-pelo-flamengo\/","og_site_name":"G\u00e1vea News","article_publisher":"https:\/\/facebook.com\/gaveaNews\/","article_published_time":"2025-05-07T17:10:22+00:00","og_image":[{"width":999,"height":548,"url":"https:\/\/www.gaveanews.com\/wp-content\/uploads\/Flavio-Prado.webp","type":"image\/png"}],"author":"Matheus Leal","twitter_card":"summary_large_image","twitter_misc":{"Escrito por":"Matheus Leal","Est. tempo de leitura":"2 minutos"},"schema":{"@context":"https:\/\/schema.org","@graph":[{"@type":"NewsArticle","@id":"https:\/\/www.gaveanews.com\/index.php\/2025\/05\/07\/flavio-prado-reprova-contratacao-de-atacante-pelo-flamengo\/#article","isPartOf":{"@id":"https:\/\/www.gaveanews.com\/index.php\/2025\/05\/07\/flavio-prado-reprova-contratacao-de-atacante-pelo-flamengo\/"},"author":{"name":"Matheus Leal","@id":"https:\/\/www.gaveanews.com\/#\/schema\/person\/49ac99b6823a2b8d5087a6ce3aaaa128"},"headline":"Fl\u00e1vio Prado reprova contrata\u00e7\u00e3o de atacante pelo Flamengo","datePublished":"2025-05-07T17:10:22+00:00","mainEntityOfPage":{"@id":"https:\/\/www.gaveanews.com\/index.php\/2025\/05\/07\/flavio-prado-reprova-contratacao-de-atacante-pelo-flamengo\/"},"wordCount":372,"commentCount":0,"image":{"@id":"https:\/\/www.gaveanews.com\/index.php\/2025\/05\/07\/flavio-prado-reprova-contratacao-de-atacante-pelo-flamengo\/#primaryimage"},"thumbnailUrl":"https:\/\/www.gaveanews.com\/wp-content\/uploads\/Flavio-Prado.webp","articleSection":["Flamengo"],"inLanguage":"pt-BR","potentialAction":[{"@type":"CommentAction","name":"Comment","target":["https:\/\/www.gaveanews.com\/index.php\/2025\/05\/07\/flavio-prado-reprova-contratacao-de-atacante-pelo-flamengo\/#respond"]}],"copyrightYear":"2025","copyrightHolder":{"@id":"https:\/\/www.gaveanews.com\/#organization"}},{"@type":"WebPage","@id":"https:\/\/www.gaveanews.com\/index.php\/2025\/05\/07\/flavio-prado-reprova-contratacao-de-atacante-pelo-flamengo\/","url":"https:\/\/www.gaveanews.com\/index.php\/2025\/05\/07\/flavio-prado-reprova-contratacao-de-atacante-pelo-flamengo\/","name":"Fl\u00e1vio Prado reprova contrata\u00e7\u00e3o de atacante pelo Flamengo","isPartOf":{"@id":"https:\/\/www.gaveanews.com\/#website"},"primaryImageOfPage":{"@id":"https:\/\/www.gaveanews.com\/index.php\/2025\/05\/07\/flavio-prado-reprova-contratacao-de-atacante-pelo-flamengo\/#primaryimage"},"image":{"@id":"https:\/\/www.gaveanews.com\/index.php\/2025\/05\/07\/flavio-prado-reprova-contratacao-de-atacante-pelo-flamengo\/#primaryimage"},"thumbnailUrl":"https:\/\/www.gaveanews.com\/wp-content\/uploads\/Flavio-Prado.webp","datePublished":"2025-05-07T17:10:22+00:00","author":{"@id":"https:\/\/www.gaveanews.com\/#\/schema\/person\/49ac99b6823a2b8d5087a6ce3aaaa128"},"breadcrumb":{"@id":"https:\/\/www.gaveanews.com\/index.php\/2025\/05\/07\/flavio-prado-reprova-contratacao-de-atacante-pelo-flamengo\/#breadcrumb"},"inLanguage":"pt-BR","potentialAction":[{"@type":"ReadAction","target":["https:\/\/www.gaveanews.com\/index.php\/2025\/05\/07\/flavio-prado-reprova-contratacao-de-atacante-pelo-flamengo\/"]}]},{"@type":"ImageObject","inLanguage":"pt-BR","@id":"https:\/\/www.gaveanews.com\/index.php\/2025\/05\/07\/flavio-prado-reprova-contratacao-de-atacante-pelo-flamengo\/#primaryimage","url":"https:\/\/www.gaveanews.com\/wp-content\/uploads\/Flavio-Prado.webp","contentUrl":"https:\/\/www.gaveanews.com\/wp-content\/uploads\/Flavio-Prado.webp","width":999,"height":548,"caption":"Flavio Prado - Foto: Reprodu\u00e7\u00e3o"},{"@type":"BreadcrumbList","@id":"https:\/\/www.gaveanews.com\/index.php\/2025\/05\/07\/flavio-prado-reprova-contratacao-de-atacante-pelo-flamengo\/#breadcrumb","itemListElement":[{"@type":"ListItem","position":1,"name":"Home","item":"https:\/\/www.gaveanews.com\/"},{"@type":"ListItem","position":2,"name":"Fl\u00e1vio Prado reprova contrata\u00e7\u00e3o de atacante pelo Flamengo"}]},{"@type":"WebSite","@id":"https:\/\/www.gaveanews.com\/#website","url":"https:\/\/www.gaveanews.com\/","name":"G\u00e1vea News","description":"Veja todas as not\u00edcias sobre o Flamengo: Contrata\u00e7\u00f5es, categorias de base, resultados das partidas, tabela de classifica\u00e7\u00e3o, pr\u00f3ximos jogos!","potentialAction":[{"@type":"SearchAction","target":{"@type":"EntryPoint","urlTemplate":"https:\/\/www.gaveanews.com\/?s={search_term_string}"},"query-input":{"@type":"PropertyValueSpecification","valueRequired":true,"valueName":"search_term_string"}}],"inLanguage":"pt-BR"},{"@type":"Person","@id":"https:\/\/www.gaveanews.com\/#\/schema\/person\/49ac99b6823a2b8d5087a6ce3aaaa128","name":"Matheus Leal","image":{"@type":"ImageObject","inLanguage":"pt-BR","@id":"https:\/\/www.gaveanews.com\/#\/schema\/person\/image\/","url":"https:\/\/secure.gravatar.com\/avatar\/21c52300d1234416f9c886f6dadd7452d8b035ac505314a51e4f56731e90c481?s=96&d=mm&r=g","contentUrl":"https:\/\/secure.gravatar.com\/avatar\/21c52300d1234416f9c886f6dadd7452d8b035ac505314a51e4f56731e90c481?s=96&d=mm&r=g","caption":"Matheus Leal"}}]}},"_links":{"self":[{"href":"https:\/\/www.gaveanews.com\/index.php\/wp-json\/wp\/v2\/posts\/261467","targetHints":{"allow":["GET"]}}],"collection":[{"href":"https:\/\/www.gaveanews.com\/index.php\/wp-json\/wp\/v2\/posts"}],"about":[{"href":"https:\/\/www.gaveanews.com\/index.php\/wp-json\/wp\/v2\/types\/post"}],"author":[{"embeddable":true,"href":"https:\/\/www.gaveanews.com\/index.php\/wp-json\/wp\/v2\/users\/32"}],"replies":[{"embeddable":true,"href":"https:\/\/www.gaveanews.com\/index.php\/wp-json\/wp\/v2\/comments?post=261467"}],"version-history":[{"count":1,"href":"https:\/\/www.gaveanews.com\/index.php\/wp-json\/wp\/v2\/posts\/261467\/revisions"}],"predecessor-version":[{"id":261473,"href":"https:\/\/www.gaveanews.com\/index.php\/wp-json\/wp\/v2\/posts\/261467\/revisions\/261473"}],"wp:featuredmedia":[{"embeddable":true,"href":"https:\/\/www.gaveanews.com\/index.php\/wp-json\/wp\/v2\/media\/102292"}],"wp:attachment":[{"href":"https:\/\/www.gaveanews.com\/index.php\/wp-json\/wp\/v2\/media?parent=261467"}],"wp:term":[{"taxonomy":"category","embeddable":true,"href":"https:\/\/www.gaveanews.com\/index.php\/wp-json\/wp\/v2\/categories?post=261467"},{"taxonomy":"post_tag","embeddable":true,"href":"https:\/\/www.gaveanews.com\/index.php\/wp-json\/wp\/v2\/tags?post=261467"}],"curies":[{"name":"wp","href":"https:\/\/api.w.org\/{rel}","templated":true}]}}