{"id":261478,"date":"2025-05-07T13:10:00","date_gmt":"2025-05-07T16:10:00","guid":{"rendered":"https:\/\/www.gaveanews.com\/?p=261478"},"modified":"2025-05-07T12:22:22","modified_gmt":"2025-05-07T15:22:22","slug":"rossi-vai-atingir-marca-expressiva-pelo-flamengo-contra-o-central-cordoba","status":"publish","type":"post","link":"https:\/\/www.gaveanews.com\/index.php\/2025\/05\/07\/rossi-vai-atingir-marca-expressiva-pelo-flamengo-contra-o-central-cordoba\/","title":{"rendered":"Rossi vai atingir marca expressiva pelo Flamengo contra o Central C\u00f3rdoba"},"content":{"rendered":"\n<p>O Flamengo tem um duelo crucial nesta quarta-feira (07) contra o Central C\u00f3rdoba, pela quarta rodada da Copa Libertadores, e o goleiro Agust\u00edn Rossi vive um momento especial.&nbsp;<\/p>\n\n\n\n<p>Al\u00e9m da necessidade de conquistar os tr\u00eas pontos para seguir na competi\u00e7\u00e3o, o argentino atingir\u00e1 uma marca hist\u00f3rica ao completar 100 jogos com a camisa rubro-negra. Em sua jornada no Flamengo, Rossi se consolidou como um dos pilares do time, sendo pe\u00e7a-chave para a equipe.<\/p>\n\n\n\n<p>Com 99 jogos at\u00e9 o momento, o goleiro argentino j\u00e1 soma 16 partidas na temporada de 2023, 63 no ano seguinte e 20 neste in\u00edcio de 2025. Essa trajet\u00f3ria, marcada por atua\u00e7\u00f5es seguras e decisivas, tem dado a Rossi o status de \u00eddolo da torcida flamenguista, que v\u00ea nele uma garantia de solidez defensiva.<\/p>\n\n\n\n<h2 class=\"wp-block-heading\" id=\"h-desempenho-de-rossi-no-flamengo\">Desempenho de Rossi no Flamengo<\/h2>\n\n\n\n<p>Agust\u00edn Rossi tem mostrado, cada vez mais, sua import\u00e2ncia dentro de campo. O goleiro argentino n\u00e3o s\u00f3 tem sido seguro, mas tamb\u00e9m eficiente, com 13 partidas em que n\u00e3o sofreu gols.&nbsp;<\/p>\n\n\n\n<p>Ao todo, ele esteve em campo por 1.755 minutos, tendo sofrido apenas nove gols em sua trajet\u00f3ria recente com o Flamengo. Esses n\u00fameros impressionantes refletem a confian\u00e7a e a estabilidade que ele tem oferecido \u00e0 defesa rubro-negra.<\/p>\n\n\n\n<p>Vale destacar que, em momentos decisivos, Rossi tem sido crucial. A partida contra o Central C\u00f3rdoba n\u00e3o ser\u00e1 diferente, j\u00e1 que o Flamengo precisa do goleiro em sua melhor forma para conquistar os tr\u00eas pontos e se manter vivo na busca pelo t\u00edtulo da Libertadores.<\/p>\n\n\n\n<h2 class=\"wp-block-heading\" id=\"h-confronto-decisivo-para-o-flamengo-e-marco-para-rossi\">Confronto decisivo para o Flamengo e marco para Rossi<\/h2>\n\n\n\n<p>Com isso, o Flamengo encara mais uma final na Copa Libertadores, e a presen\u00e7a de Agust\u00edn Rossi ser\u00e1 essencial. O goleiro, que est\u00e1 prestes a completar 100 jogos pelo clube, tem tudo para ser mais uma vez decisivo no embate contra o time argentino.&nbsp;<\/p>\n\n\n\n<p>A vit\u00f3ria \u00e9 imprescind\u00edvel, e Rossi, com sua experi\u00eancia e qualidade, ser\u00e1 um dos maiores aliados do Flamengo em busca da classifica\u00e7\u00e3o para as fases decisivas do torneio.<\/p>\n","protected":false},"excerpt":{"rendered":"<p>O Flamengo tem um duelo crucial nesta quarta-feira (07) contra o Central C\u00f3rdoba, pela quarta rodada da Copa Libertadores, e o goleiro Agust\u00edn Rossi vive um momento especial.&nbsp; Al\u00e9m da necessidade de conquistar os tr\u00eas pontos para seguir na competi\u00e7\u00e3o, o argentino atingir\u00e1 uma marca hist\u00f3rica ao completar 100 jogos com a camisa rubro-negra. Em [&hellip;]<\/p>\n","protected":false},"author":25,"featured_media":148778,"comment_status":"open","ping_status":"closed","sticky":false,"template":"","format":"standard","meta":{"footnotes":""},"categories":[1],"tags":[],"class_list":["post-261478","post","type-post","status-publish","format-standard","has-post-thumbnail","hentry","category-flamengo"],"yoast_head":"<!-- This site is optimized with the Yoast SEO Premium plugin v24.2 (Yoast SEO v26.9) - https:\/\/yoast.com\/product\/yoast-seo-premium-wordpress\/ -->\n<title>Rossi vai atingir marca expressiva pelo Flamengo contra o Central C\u00f3rdoba<\/title>\n<meta name=\"robots\" content=\"index, follow, max-snippet:-1, max-image-preview:large, max-video-preview:-1\" \/>\n<link rel=\"canonical\" href=\"https:\/\/www.gaveanews.com\/index.php\/2025\/05\/07\/rossi-vai-atingir-marca-expressiva-pelo-flamengo-contra-o-central-cordoba\/\" \/>\n<meta property=\"og:locale\" content=\"pt_BR\" \/>\n<meta property=\"og:type\" content=\"article\" \/>\n<meta property=\"og:title\" content=\"Rossi vai atingir marca expressiva pelo Flamengo contra o Central C\u00f3rdoba\" \/>\n<meta property=\"og:description\" content=\"O Flamengo tem um duelo crucial nesta quarta-feira (07) contra o Central C\u00f3rdoba, pela quarta rodada da Copa Libertadores, e o goleiro Agust\u00edn Rossi vive um momento especial.&nbsp; Al\u00e9m da necessidade de conquistar os tr\u00eas pontos para seguir na competi\u00e7\u00e3o, o argentino atingir\u00e1 uma marca hist\u00f3rica ao completar 100 jogos com a camisa rubro-negra. Em [&hellip;]\" \/>\n<meta property=\"og:url\" content=\"https:\/\/www.gaveanews.com\/index.php\/2025\/05\/07\/rossi-vai-atingir-marca-expressiva-pelo-flamengo-contra-o-central-cordoba\/\" \/>\n<meta property=\"og:site_name\" content=\"G\u00e1vea News\" \/>\n<meta property=\"article:publisher\" content=\"https:\/\/facebook.com\/gaveaNews\/\" \/>\n<meta property=\"article:published_time\" content=\"2025-05-07T16:10:00+00:00\" \/>\n<meta property=\"og:image\" content=\"https:\/\/www.gaveanews.com\/wp-content\/uploads\/agustin-rossi-chega-proximo-de-marca-historica.webp\" \/>\n\t<meta property=\"og:image:width\" content=\"1440\" \/>\n\t<meta property=\"og:image:height\" content=\"810\" \/>\n\t<meta property=\"og:image:type\" content=\"image\/jpeg\" \/>\n<meta name=\"author\" content=\"Rafaela Ladeira\" \/>\n<meta name=\"twitter:card\" content=\"summary_large_image\" \/>\n<meta name=\"twitter:label1\" content=\"Escrito por\" \/>\n\t<meta name=\"twitter:data1\" content=\"Rafaela Ladeira\" \/>\n\t<meta name=\"twitter:label2\" content=\"Est. tempo de leitura\" \/>\n\t<meta name=\"twitter:data2\" content=\"3 minutos\" \/>\n<script type=\"application\/ld+json\" class=\"yoast-schema-graph\">{\"@context\":\"https:\/\/schema.org\",\"@graph\":[{\"@type\":\"NewsArticle\",\"@id\":\"https:\/\/www.gaveanews.com\/index.php\/2025\/05\/07\/rossi-vai-atingir-marca-expressiva-pelo-flamengo-contra-o-central-cordoba\/#article\",\"isPartOf\":{\"@id\":\"https:\/\/www.gaveanews.com\/index.php\/2025\/05\/07\/rossi-vai-atingir-marca-expressiva-pelo-flamengo-contra-o-central-cordoba\/\"},\"author\":{\"name\":\"Rafaela Ladeira\",\"@id\":\"https:\/\/www.gaveanews.com\/#\/schema\/person\/0eb3e3fe1754f0205218538adbe8f5ed\"},\"headline\":\"Rossi vai atingir marca expressiva pelo Flamengo contra o Central C\u00f3rdoba\",\"datePublished\":\"2025-05-07T16:10:00+00:00\",\"mainEntityOfPage\":{\"@id\":\"https:\/\/www.gaveanews.com\/index.php\/2025\/05\/07\/rossi-vai-atingir-marca-expressiva-pelo-flamengo-contra-o-central-cordoba\/\"},\"wordCount\":356,\"commentCount\":0,\"image\":{\"@id\":\"https:\/\/www.gaveanews.com\/index.php\/2025\/05\/07\/rossi-vai-atingir-marca-expressiva-pelo-flamengo-contra-o-central-cordoba\/#primaryimage\"},\"thumbnailUrl\":\"https:\/\/www.gaveanews.com\/wp-content\/uploads\/agustin-rossi-chega-proximo-de-marca-historica.webp\",\"articleSection\":[\"Flamengo\"],\"inLanguage\":\"pt-BR\",\"potentialAction\":[{\"@type\":\"CommentAction\",\"name\":\"Comment\",\"target\":[\"https:\/\/www.gaveanews.com\/index.php\/2025\/05\/07\/rossi-vai-atingir-marca-expressiva-pelo-flamengo-contra-o-central-cordoba\/#respond\"]}],\"copyrightYear\":\"2025\",\"copyrightHolder\":{\"@id\":\"https:\/\/www.gaveanews.com\/#organization\"}},{\"@type\":\"WebPage\",\"@id\":\"https:\/\/www.gaveanews.com\/index.php\/2025\/05\/07\/rossi-vai-atingir-marca-expressiva-pelo-flamengo-contra-o-central-cordoba\/\",\"url\":\"https:\/\/www.gaveanews.com\/index.php\/2025\/05\/07\/rossi-vai-atingir-marca-expressiva-pelo-flamengo-contra-o-central-cordoba\/\",\"name\":\"Rossi vai atingir marca expressiva pelo Flamengo contra o Central C\u00f3rdoba\",\"isPartOf\":{\"@id\":\"https:\/\/www.gaveanews.com\/#website\"},\"primaryImageOfPage\":{\"@id\":\"https:\/\/www.gaveanews.com\/index.php\/2025\/05\/07\/rossi-vai-atingir-marca-expressiva-pelo-flamengo-contra-o-central-cordoba\/#primaryimage\"},\"image\":{\"@id\":\"https:\/\/www.gaveanews.com\/index.php\/2025\/05\/07\/rossi-vai-atingir-marca-expressiva-pelo-flamengo-contra-o-central-cordoba\/#primaryimage\"},\"thumbnailUrl\":\"https:\/\/www.gaveanews.com\/wp-content\/uploads\/agustin-rossi-chega-proximo-de-marca-historica.webp\",\"datePublished\":\"2025-05-07T16:10:00+00:00\",\"author\":{\"@id\":\"https:\/\/www.gaveanews.com\/#\/schema\/person\/0eb3e3fe1754f0205218538adbe8f5ed\"},\"breadcrumb\":{\"@id\":\"https:\/\/www.gaveanews.com\/index.php\/2025\/05\/07\/rossi-vai-atingir-marca-expressiva-pelo-flamengo-contra-o-central-cordoba\/#breadcrumb\"},\"inLanguage\":\"pt-BR\",\"potentialAction\":[{\"@type\":\"ReadAction\",\"target\":[\"https:\/\/www.gaveanews.com\/index.php\/2025\/05\/07\/rossi-vai-atingir-marca-expressiva-pelo-flamengo-contra-o-central-cordoba\/\"]}]},{\"@type\":\"ImageObject\",\"inLanguage\":\"pt-BR\",\"@id\":\"https:\/\/www.gaveanews.com\/index.php\/2025\/05\/07\/rossi-vai-atingir-marca-expressiva-pelo-flamengo-contra-o-central-cordoba\/#primaryimage\",\"url\":\"https:\/\/www.gaveanews.com\/wp-content\/uploads\/agustin-rossi-chega-proximo-de-marca-historica.webp\",\"contentUrl\":\"https:\/\/www.gaveanews.com\/wp-content\/uploads\/agustin-rossi-chega-proximo-de-marca-historica.webp\",\"width\":1440,\"height\":810,\"caption\":\"Foto: Alexandre Dur\u00e3o\"},{\"@type\":\"BreadcrumbList\",\"@id\":\"https:\/\/www.gaveanews.com\/index.php\/2025\/05\/07\/rossi-vai-atingir-marca-expressiva-pelo-flamengo-contra-o-central-cordoba\/#breadcrumb\",\"itemListElement\":[{\"@type\":\"ListItem\",\"position\":1,\"name\":\"Home\",\"item\":\"https:\/\/www.gaveanews.com\/\"},{\"@type\":\"ListItem\",\"position\":2,\"name\":\"Rossi vai atingir marca expressiva pelo Flamengo contra o Central C\u00f3rdoba\"}]},{\"@type\":\"WebSite\",\"@id\":\"https:\/\/www.gaveanews.com\/#website\",\"url\":\"https:\/\/www.gaveanews.com\/\",\"name\":\"G\u00e1vea News\",\"description\":\"Veja todas as not\u00edcias sobre o Flamengo: Contrata\u00e7\u00f5es, categorias de base, resultados das partidas, tabela de classifica\u00e7\u00e3o, pr\u00f3ximos jogos!\",\"potentialAction\":[{\"@type\":\"SearchAction\",\"target\":{\"@type\":\"EntryPoint\",\"urlTemplate\":\"https:\/\/www.gaveanews.com\/?s={search_term_string}\"},\"query-input\":{\"@type\":\"PropertyValueSpecification\",\"valueRequired\":true,\"valueName\":\"search_term_string\"}}],\"inLanguage\":\"pt-BR\"},{\"@type\":\"Person\",\"@id\":\"https:\/\/www.gaveanews.com\/#\/schema\/person\/0eb3e3fe1754f0205218538adbe8f5ed\",\"name\":\"Rafaela Ladeira\",\"image\":{\"@type\":\"ImageObject\",\"inLanguage\":\"pt-BR\",\"@id\":\"https:\/\/www.gaveanews.com\/#\/schema\/person\/image\/\",\"url\":\"https:\/\/secure.gravatar.com\/avatar\/c31f513acffd85eacab5730cbdfdbbf59f21ba5aeada8cd890acea879fbb2455?s=96&d=mm&r=g\",\"contentUrl\":\"https:\/\/secure.gravatar.com\/avatar\/c31f513acffd85eacab5730cbdfdbbf59f21ba5aeada8cd890acea879fbb2455?s=96&d=mm&r=g\",\"caption\":\"Rafaela Ladeira\"}}]}<\/script>\n<!-- \/ Yoast SEO Premium plugin. -->","yoast_head_json":{"title":"Rossi vai atingir marca expressiva pelo Flamengo contra o Central C\u00f3rdoba","robots":{"index":"index","follow":"follow","max-snippet":"max-snippet:-1","max-image-preview":"max-image-preview:large","max-video-preview":"max-video-preview:-1"},"canonical":"https:\/\/www.gaveanews.com\/index.php\/2025\/05\/07\/rossi-vai-atingir-marca-expressiva-pelo-flamengo-contra-o-central-cordoba\/","og_locale":"pt_BR","og_type":"article","og_title":"Rossi vai atingir marca expressiva pelo Flamengo contra o Central C\u00f3rdoba","og_description":"O Flamengo tem um duelo crucial nesta quarta-feira (07) contra o Central C\u00f3rdoba, pela quarta rodada da Copa Libertadores, e o goleiro Agust\u00edn Rossi vive um momento especial.&nbsp; Al\u00e9m da necessidade de conquistar os tr\u00eas pontos para seguir na competi\u00e7\u00e3o, o argentino atingir\u00e1 uma marca hist\u00f3rica ao completar 100 jogos com a camisa rubro-negra. Em [&hellip;]","og_url":"https:\/\/www.gaveanews.com\/index.php\/2025\/05\/07\/rossi-vai-atingir-marca-expressiva-pelo-flamengo-contra-o-central-cordoba\/","og_site_name":"G\u00e1vea News","article_publisher":"https:\/\/facebook.com\/gaveaNews\/","article_published_time":"2025-05-07T16:10:00+00:00","og_image":[{"width":1440,"height":810,"url":"https:\/\/www.gaveanews.com\/wp-content\/uploads\/agustin-rossi-chega-proximo-de-marca-historica.webp","type":"image\/jpeg"}],"author":"Rafaela Ladeira","twitter_card":"summary_large_image","twitter_misc":{"Escrito por":"Rafaela Ladeira","Est. tempo de leitura":"3 minutos"},"schema":{"@context":"https:\/\/schema.org","@graph":[{"@type":"NewsArticle","@id":"https:\/\/www.gaveanews.com\/index.php\/2025\/05\/07\/rossi-vai-atingir-marca-expressiva-pelo-flamengo-contra-o-central-cordoba\/#article","isPartOf":{"@id":"https:\/\/www.gaveanews.com\/index.php\/2025\/05\/07\/rossi-vai-atingir-marca-expressiva-pelo-flamengo-contra-o-central-cordoba\/"},"author":{"name":"Rafaela Ladeira","@id":"https:\/\/www.gaveanews.com\/#\/schema\/person\/0eb3e3fe1754f0205218538adbe8f5ed"},"headline":"Rossi vai atingir marca expressiva pelo Flamengo contra o Central C\u00f3rdoba","datePublished":"2025-05-07T16:10:00+00:00","mainEntityOfPage":{"@id":"https:\/\/www.gaveanews.com\/index.php\/2025\/05\/07\/rossi-vai-atingir-marca-expressiva-pelo-flamengo-contra-o-central-cordoba\/"},"wordCount":356,"commentCount":0,"image":{"@id":"https:\/\/www.gaveanews.com\/index.php\/2025\/05\/07\/rossi-vai-atingir-marca-expressiva-pelo-flamengo-contra-o-central-cordoba\/#primaryimage"},"thumbnailUrl":"https:\/\/www.gaveanews.com\/wp-content\/uploads\/agustin-rossi-chega-proximo-de-marca-historica.webp","articleSection":["Flamengo"],"inLanguage":"pt-BR","potentialAction":[{"@type":"CommentAction","name":"Comment","target":["https:\/\/www.gaveanews.com\/index.php\/2025\/05\/07\/rossi-vai-atingir-marca-expressiva-pelo-flamengo-contra-o-central-cordoba\/#respond"]}],"copyrightYear":"2025","copyrightHolder":{"@id":"https:\/\/www.gaveanews.com\/#organization"}},{"@type":"WebPage","@id":"https:\/\/www.gaveanews.com\/index.php\/2025\/05\/07\/rossi-vai-atingir-marca-expressiva-pelo-flamengo-contra-o-central-cordoba\/","url":"https:\/\/www.gaveanews.com\/index.php\/2025\/05\/07\/rossi-vai-atingir-marca-expressiva-pelo-flamengo-contra-o-central-cordoba\/","name":"Rossi vai atingir marca expressiva pelo Flamengo contra o Central C\u00f3rdoba","isPartOf":{"@id":"https:\/\/www.gaveanews.com\/#website"},"primaryImageOfPage":{"@id":"https:\/\/www.gaveanews.com\/index.php\/2025\/05\/07\/rossi-vai-atingir-marca-expressiva-pelo-flamengo-contra-o-central-cordoba\/#primaryimage"},"image":{"@id":"https:\/\/www.gaveanews.com\/index.php\/2025\/05\/07\/rossi-vai-atingir-marca-expressiva-pelo-flamengo-contra-o-central-cordoba\/#primaryimage"},"thumbnailUrl":"https:\/\/www.gaveanews.com\/wp-content\/uploads\/agustin-rossi-chega-proximo-de-marca-historica.webp","datePublished":"2025-05-07T16:10:00+00:00","author":{"@id":"https:\/\/www.gaveanews.com\/#\/schema\/person\/0eb3e3fe1754f0205218538adbe8f5ed"},"breadcrumb":{"@id":"https:\/\/www.gaveanews.com\/index.php\/2025\/05\/07\/rossi-vai-atingir-marca-expressiva-pelo-flamengo-contra-o-central-cordoba\/#breadcrumb"},"inLanguage":"pt-BR","potentialAction":[{"@type":"ReadAction","target":["https:\/\/www.gaveanews.com\/index.php\/2025\/05\/07\/rossi-vai-atingir-marca-expressiva-pelo-flamengo-contra-o-central-cordoba\/"]}]},{"@type":"ImageObject","inLanguage":"pt-BR","@id":"https:\/\/www.gaveanews.com\/index.php\/2025\/05\/07\/rossi-vai-atingir-marca-expressiva-pelo-flamengo-contra-o-central-cordoba\/#primaryimage","url":"https:\/\/www.gaveanews.com\/wp-content\/uploads\/agustin-rossi-chega-proximo-de-marca-historica.webp","contentUrl":"https:\/\/www.gaveanews.com\/wp-content\/uploads\/agustin-rossi-chega-proximo-de-marca-historica.webp","width":1440,"height":810,"caption":"Foto: Alexandre Dur\u00e3o"},{"@type":"BreadcrumbList","@id":"https:\/\/www.gaveanews.com\/index.php\/2025\/05\/07\/rossi-vai-atingir-marca-expressiva-pelo-flamengo-contra-o-central-cordoba\/#breadcrumb","itemListElement":[{"@type":"ListItem","position":1,"name":"Home","item":"https:\/\/www.gaveanews.com\/"},{"@type":"ListItem","position":2,"name":"Rossi vai atingir marca expressiva pelo Flamengo contra o Central C\u00f3rdoba"}]},{"@type":"WebSite","@id":"https:\/\/www.gaveanews.com\/#website","url":"https:\/\/www.gaveanews.com\/","name":"G\u00e1vea News","description":"Veja todas as not\u00edcias sobre o Flamengo: Contrata\u00e7\u00f5es, categorias de base, resultados das partidas, tabela de classifica\u00e7\u00e3o, pr\u00f3ximos jogos!","potentialAction":[{"@type":"SearchAction","target":{"@type":"EntryPoint","urlTemplate":"https:\/\/www.gaveanews.com\/?s={search_term_string}"},"query-input":{"@type":"PropertyValueSpecification","valueRequired":true,"valueName":"search_term_string"}}],"inLanguage":"pt-BR"},{"@type":"Person","@id":"https:\/\/www.gaveanews.com\/#\/schema\/person\/0eb3e3fe1754f0205218538adbe8f5ed","name":"Rafaela Ladeira","image":{"@type":"ImageObject","inLanguage":"pt-BR","@id":"https:\/\/www.gaveanews.com\/#\/schema\/person\/image\/","url":"https:\/\/secure.gravatar.com\/avatar\/c31f513acffd85eacab5730cbdfdbbf59f21ba5aeada8cd890acea879fbb2455?s=96&d=mm&r=g","contentUrl":"https:\/\/secure.gravatar.com\/avatar\/c31f513acffd85eacab5730cbdfdbbf59f21ba5aeada8cd890acea879fbb2455?s=96&d=mm&r=g","caption":"Rafaela Ladeira"}}]}},"_links":{"self":[{"href":"https:\/\/www.gaveanews.com\/index.php\/wp-json\/wp\/v2\/posts\/261478","targetHints":{"allow":["GET"]}}],"collection":[{"href":"https:\/\/www.gaveanews.com\/index.php\/wp-json\/wp\/v2\/posts"}],"about":[{"href":"https:\/\/www.gaveanews.com\/index.php\/wp-json\/wp\/v2\/types\/post"}],"author":[{"embeddable":true,"href":"https:\/\/www.gaveanews.com\/index.php\/wp-json\/wp\/v2\/users\/25"}],"replies":[{"embeddable":true,"href":"https:\/\/www.gaveanews.com\/index.php\/wp-json\/wp\/v2\/comments?post=261478"}],"version-history":[{"count":1,"href":"https:\/\/www.gaveanews.com\/index.php\/wp-json\/wp\/v2\/posts\/261478\/revisions"}],"predecessor-version":[{"id":261479,"href":"https:\/\/www.gaveanews.com\/index.php\/wp-json\/wp\/v2\/posts\/261478\/revisions\/261479"}],"wp:featuredmedia":[{"embeddable":true,"href":"https:\/\/www.gaveanews.com\/index.php\/wp-json\/wp\/v2\/media\/148778"}],"wp:attachment":[{"href":"https:\/\/www.gaveanews.com\/index.php\/wp-json\/wp\/v2\/media?parent=261478"}],"wp:term":[{"taxonomy":"category","embeddable":true,"href":"https:\/\/www.gaveanews.com\/index.php\/wp-json\/wp\/v2\/categories?post=261478"},{"taxonomy":"post_tag","embeddable":true,"href":"https:\/\/www.gaveanews.com\/index.php\/wp-json\/wp\/v2\/tags?post=261478"}],"curies":[{"name":"wp","href":"https:\/\/api.w.org\/{rel}","templated":true}]}}