{"id":261482,"date":"2025-05-07T13:55:00","date_gmt":"2025-05-07T16:55:00","guid":{"rendered":"https:\/\/www.gaveanews.com\/?p=261482"},"modified":"2025-05-07T13:47:47","modified_gmt":"2025-05-07T16:47:47","slug":"jornalista-revela-a-verdade-sobre-a-ausencia-de-renato-gaucho-em-fluminense-x-san-jose","status":"publish","type":"post","link":"https:\/\/www.gaveanews.com\/index.php\/2025\/05\/07\/jornalista-revela-a-verdade-sobre-a-ausencia-de-renato-gaucho-em-fluminense-x-san-jose\/","title":{"rendered":"Jornalista revela a verdade sobre a aus\u00eancia de Renato Ga\u00facho em Fluminense x San Jos\u00e9"},"content":{"rendered":"\n<p>O Fluminense enfrenta o GV San Jos\u00e9 nesta quinta-feira (8), em partida v\u00e1lida pela Copa Sul-Americana, e mais uma vez n\u00e3o contar\u00e1 com a presen\u00e7a do t\u00e9cnico Renato Ga\u00facho no banco de reservas. A aus\u00eancia do treinador chama aten\u00e7\u00e3o, mas tem explica\u00e7\u00f5es que v\u00e3o al\u00e9m do planejamento t\u00e9cnico.<\/p>\n\n\n\n<p>Renato permanecer\u00e1 no Rio de Janeiro com os titulares, que ser\u00e3o poupados da viagem \u00e0 Bol\u00edvia. No entanto, h\u00e1 outro fator relevante por tr\u00e1s dessa decis\u00e3o. O comandante passou por uma abla\u00e7\u00e3o card\u00edaca, mesmo procedimento realizado por Paulo Henrique Ganso ap\u00f3s ser diagnosticado com um problema no cora\u00e7\u00e3o.&nbsp;<\/p>\n\n\n\n<p>Sendo assim, a viagem a um local com altitude elevada n\u00e3o \u00e9 clinicamente indicada, mesmo que ele n\u00e3o esteja proibido.<\/p>\n\n\n\n<p>O est\u00e1dio Hernando Silves, palco da partida contra o San Jos\u00e9, est\u00e1 localizado a 3.637 metros acima do n\u00edvel do mar. Por isso, a recomenda\u00e7\u00e3o m\u00e9dica para que Renato Ga\u00facho evite esse tipo de deslocamento \u00e9 levada a s\u00e9rio pela comiss\u00e3o t\u00e9cnica.<\/p>\n\n\n\n<p>O jornalista Victor Lessa explicou a situa\u00e7\u00e3o no X (antigo Twitter), refor\u00e7ando que \u201co t\u00e9cnico n\u00e3o est\u00e1 proibido de viajar at\u00e9 a altitude, mas esta se trata de uma recomenda\u00e7\u00e3o m\u00e9dica\u201d. Ele ainda revelou que Renato foi submetido a duas abla\u00e7\u00f5es, sendo a segunda em 2020.<\/p>\n\n\n\n<p>Al\u00e9m disso, Lessa citou o caso de Muricy Ramalho, que deixou a carreira ap\u00f3s sofrer com fibrila\u00e7\u00e3o atrial. Portanto, \u00e9 evidente que se trata de um tema s\u00e9rio, que exige cuidado e responsabilidade.<\/p>\n\n\n\n<h2 class=\"wp-block-heading\" id=\"h-escolha-tem-logica-tecnica-e-medica\">Escolha tem l\u00f3gica t\u00e9cnica e m\u00e9dica<\/h2>\n\n\n\n<p>Vale destacar que o pr\u00f3prio planejamento do Fluminense pode j\u00e1 ter considerado a aus\u00eancia de Renato desde o in\u00edcio. Isso porque o jogo fora de casa ser\u00e1 disputado com uma equipe alternativa. Com isso, o treinador segue no Rio para focar nos treinos com os titulares.<\/p>\n\n\n\n<p>Desse jeito, o clube busca preservar a sa\u00fade do t\u00e9cnico e, ao mesmo tempo, garantir desempenho competitivo em todas as frentes.<\/p>\n","protected":false},"excerpt":{"rendered":"<p>O Fluminense enfrenta o GV San Jos\u00e9 nesta quinta-feira (8), em partida v\u00e1lida pela Copa Sul-Americana, e mais uma vez n\u00e3o contar\u00e1 com a presen\u00e7a do t\u00e9cnico Renato Ga\u00facho no banco de reservas. A aus\u00eancia do treinador chama aten\u00e7\u00e3o, mas tem explica\u00e7\u00f5es que v\u00e3o al\u00e9m do planejamento t\u00e9cnico. Renato permanecer\u00e1 no Rio de Janeiro com [&hellip;]<\/p>\n","protected":false},"author":25,"featured_media":259606,"comment_status":"open","ping_status":"closed","sticky":false,"template":"","format":"standard","meta":{"footnotes":""},"categories":[145],"tags":[],"class_list":["post-261482","post","type-post","status-publish","format-standard","has-post-thumbnail","hentry","category-fluminense"],"yoast_head":"<!-- This site is optimized with the Yoast SEO Premium plugin v24.2 (Yoast SEO v26.9) - https:\/\/yoast.com\/product\/yoast-seo-premium-wordpress\/ -->\n<title>Jornalista revela a verdade sobre a aus\u00eancia de Renato Ga\u00facho em Fluminense x San Jos\u00e9<\/title>\n<meta name=\"robots\" content=\"index, follow, max-snippet:-1, max-image-preview:large, max-video-preview:-1\" \/>\n<link rel=\"canonical\" href=\"https:\/\/www.gaveanews.com\/index.php\/2025\/05\/07\/jornalista-revela-a-verdade-sobre-a-ausencia-de-renato-gaucho-em-fluminense-x-san-jose\/\" \/>\n<meta property=\"og:locale\" content=\"pt_BR\" \/>\n<meta property=\"og:type\" content=\"article\" \/>\n<meta property=\"og:title\" content=\"Jornalista revela a verdade sobre a aus\u00eancia de Renato Ga\u00facho em Fluminense x San Jos\u00e9\" \/>\n<meta property=\"og:description\" content=\"O Fluminense enfrenta o GV San Jos\u00e9 nesta quinta-feira (8), em partida v\u00e1lida pela Copa Sul-Americana, e mais uma vez n\u00e3o contar\u00e1 com a presen\u00e7a do t\u00e9cnico Renato Ga\u00facho no banco de reservas. A aus\u00eancia do treinador chama aten\u00e7\u00e3o, mas tem explica\u00e7\u00f5es que v\u00e3o al\u00e9m do planejamento t\u00e9cnico. Renato permanecer\u00e1 no Rio de Janeiro com [&hellip;]\" \/>\n<meta property=\"og:url\" content=\"https:\/\/www.gaveanews.com\/index.php\/2025\/05\/07\/jornalista-revela-a-verdade-sobre-a-ausencia-de-renato-gaucho-em-fluminense-x-san-jose\/\" \/>\n<meta property=\"og:site_name\" content=\"G\u00e1vea News\" \/>\n<meta property=\"article:publisher\" content=\"https:\/\/facebook.com\/gaveaNews\/\" \/>\n<meta property=\"article:published_time\" content=\"2025-05-07T16:55:00+00:00\" \/>\n<meta property=\"og:image\" content=\"https:\/\/www.gaveanews.com\/wp-content\/uploads\/Renato-Gaucho.webp\" \/>\n\t<meta property=\"og:image:width\" content=\"1200\" \/>\n\t<meta property=\"og:image:height\" content=\"900\" \/>\n\t<meta property=\"og:image:type\" content=\"image\/webp\" \/>\n<meta name=\"author\" content=\"Rafaela Ladeira\" \/>\n<meta name=\"twitter:card\" content=\"summary_large_image\" \/>\n<meta name=\"twitter:label1\" content=\"Escrito por\" \/>\n\t<meta name=\"twitter:data1\" content=\"Rafaela Ladeira\" \/>\n\t<meta name=\"twitter:label2\" content=\"Est. tempo de leitura\" \/>\n\t<meta name=\"twitter:data2\" content=\"2 minutos\" \/>\n<script type=\"application\/ld+json\" class=\"yoast-schema-graph\">{\"@context\":\"https:\/\/schema.org\",\"@graph\":[{\"@type\":\"NewsArticle\",\"@id\":\"https:\/\/www.gaveanews.com\/index.php\/2025\/05\/07\/jornalista-revela-a-verdade-sobre-a-ausencia-de-renato-gaucho-em-fluminense-x-san-jose\/#article\",\"isPartOf\":{\"@id\":\"https:\/\/www.gaveanews.com\/index.php\/2025\/05\/07\/jornalista-revela-a-verdade-sobre-a-ausencia-de-renato-gaucho-em-fluminense-x-san-jose\/\"},\"author\":{\"name\":\"Rafaela Ladeira\",\"@id\":\"https:\/\/www.gaveanews.com\/#\/schema\/person\/0eb3e3fe1754f0205218538adbe8f5ed\"},\"headline\":\"Jornalista revela a verdade sobre a aus\u00eancia de Renato Ga\u00facho em Fluminense x San Jos\u00e9\",\"datePublished\":\"2025-05-07T16:55:00+00:00\",\"mainEntityOfPage\":{\"@id\":\"https:\/\/www.gaveanews.com\/index.php\/2025\/05\/07\/jornalista-revela-a-verdade-sobre-a-ausencia-de-renato-gaucho-em-fluminense-x-san-jose\/\"},\"wordCount\":369,\"commentCount\":0,\"image\":{\"@id\":\"https:\/\/www.gaveanews.com\/index.php\/2025\/05\/07\/jornalista-revela-a-verdade-sobre-a-ausencia-de-renato-gaucho-em-fluminense-x-san-jose\/#primaryimage\"},\"thumbnailUrl\":\"https:\/\/www.gaveanews.com\/wp-content\/uploads\/Renato-Gaucho.webp\",\"articleSection\":[\"Fluminense\"],\"inLanguage\":\"pt-BR\",\"potentialAction\":[{\"@type\":\"CommentAction\",\"name\":\"Comment\",\"target\":[\"https:\/\/www.gaveanews.com\/index.php\/2025\/05\/07\/jornalista-revela-a-verdade-sobre-a-ausencia-de-renato-gaucho-em-fluminense-x-san-jose\/#respond\"]}],\"copyrightYear\":\"2025\",\"copyrightHolder\":{\"@id\":\"https:\/\/www.gaveanews.com\/#organization\"}},{\"@type\":\"WebPage\",\"@id\":\"https:\/\/www.gaveanews.com\/index.php\/2025\/05\/07\/jornalista-revela-a-verdade-sobre-a-ausencia-de-renato-gaucho-em-fluminense-x-san-jose\/\",\"url\":\"https:\/\/www.gaveanews.com\/index.php\/2025\/05\/07\/jornalista-revela-a-verdade-sobre-a-ausencia-de-renato-gaucho-em-fluminense-x-san-jose\/\",\"name\":\"Jornalista revela a verdade sobre a aus\u00eancia de Renato Ga\u00facho em Fluminense x San Jos\u00e9\",\"isPartOf\":{\"@id\":\"https:\/\/www.gaveanews.com\/#website\"},\"primaryImageOfPage\":{\"@id\":\"https:\/\/www.gaveanews.com\/index.php\/2025\/05\/07\/jornalista-revela-a-verdade-sobre-a-ausencia-de-renato-gaucho-em-fluminense-x-san-jose\/#primaryimage\"},\"image\":{\"@id\":\"https:\/\/www.gaveanews.com\/index.php\/2025\/05\/07\/jornalista-revela-a-verdade-sobre-a-ausencia-de-renato-gaucho-em-fluminense-x-san-jose\/#primaryimage\"},\"thumbnailUrl\":\"https:\/\/www.gaveanews.com\/wp-content\/uploads\/Renato-Gaucho.webp\",\"datePublished\":\"2025-05-07T16:55:00+00:00\",\"author\":{\"@id\":\"https:\/\/www.gaveanews.com\/#\/schema\/person\/0eb3e3fe1754f0205218538adbe8f5ed\"},\"breadcrumb\":{\"@id\":\"https:\/\/www.gaveanews.com\/index.php\/2025\/05\/07\/jornalista-revela-a-verdade-sobre-a-ausencia-de-renato-gaucho-em-fluminense-x-san-jose\/#breadcrumb\"},\"inLanguage\":\"pt-BR\",\"potentialAction\":[{\"@type\":\"ReadAction\",\"target\":[\"https:\/\/www.gaveanews.com\/index.php\/2025\/05\/07\/jornalista-revela-a-verdade-sobre-a-ausencia-de-renato-gaucho-em-fluminense-x-san-jose\/\"]}]},{\"@type\":\"ImageObject\",\"inLanguage\":\"pt-BR\",\"@id\":\"https:\/\/www.gaveanews.com\/index.php\/2025\/05\/07\/jornalista-revela-a-verdade-sobre-a-ausencia-de-renato-gaucho-em-fluminense-x-san-jose\/#primaryimage\",\"url\":\"https:\/\/www.gaveanews.com\/wp-content\/uploads\/Renato-Gaucho.webp\",\"contentUrl\":\"https:\/\/www.gaveanews.com\/wp-content\/uploads\/Renato-Gaucho.webp\",\"width\":1200,\"height\":900,\"caption\":\"Renato Ga\u00facho (FOTO: LUCAS MER\u00c7ON \/ FLUMINENSE F.C.)\"},{\"@type\":\"BreadcrumbList\",\"@id\":\"https:\/\/www.gaveanews.com\/index.php\/2025\/05\/07\/jornalista-revela-a-verdade-sobre-a-ausencia-de-renato-gaucho-em-fluminense-x-san-jose\/#breadcrumb\",\"itemListElement\":[{\"@type\":\"ListItem\",\"position\":1,\"name\":\"Home\",\"item\":\"https:\/\/www.gaveanews.com\/\"},{\"@type\":\"ListItem\",\"position\":2,\"name\":\"Jornalista revela a verdade sobre a aus\u00eancia de Renato Ga\u00facho em Fluminense x San Jos\u00e9\"}]},{\"@type\":\"WebSite\",\"@id\":\"https:\/\/www.gaveanews.com\/#website\",\"url\":\"https:\/\/www.gaveanews.com\/\",\"name\":\"G\u00e1vea News\",\"description\":\"Veja todas as not\u00edcias sobre o Flamengo: Contrata\u00e7\u00f5es, categorias de base, resultados das partidas, tabela de classifica\u00e7\u00e3o, pr\u00f3ximos jogos!\",\"potentialAction\":[{\"@type\":\"SearchAction\",\"target\":{\"@type\":\"EntryPoint\",\"urlTemplate\":\"https:\/\/www.gaveanews.com\/?s={search_term_string}\"},\"query-input\":{\"@type\":\"PropertyValueSpecification\",\"valueRequired\":true,\"valueName\":\"search_term_string\"}}],\"inLanguage\":\"pt-BR\"},{\"@type\":\"Person\",\"@id\":\"https:\/\/www.gaveanews.com\/#\/schema\/person\/0eb3e3fe1754f0205218538adbe8f5ed\",\"name\":\"Rafaela Ladeira\",\"image\":{\"@type\":\"ImageObject\",\"inLanguage\":\"pt-BR\",\"@id\":\"https:\/\/www.gaveanews.com\/#\/schema\/person\/image\/\",\"url\":\"https:\/\/secure.gravatar.com\/avatar\/c31f513acffd85eacab5730cbdfdbbf59f21ba5aeada8cd890acea879fbb2455?s=96&d=mm&r=g\",\"contentUrl\":\"https:\/\/secure.gravatar.com\/avatar\/c31f513acffd85eacab5730cbdfdbbf59f21ba5aeada8cd890acea879fbb2455?s=96&d=mm&r=g\",\"caption\":\"Rafaela Ladeira\"}}]}<\/script>\n<!-- \/ Yoast SEO Premium plugin. -->","yoast_head_json":{"title":"Jornalista revela a verdade sobre a aus\u00eancia de Renato Ga\u00facho em Fluminense x San Jos\u00e9","robots":{"index":"index","follow":"follow","max-snippet":"max-snippet:-1","max-image-preview":"max-image-preview:large","max-video-preview":"max-video-preview:-1"},"canonical":"https:\/\/www.gaveanews.com\/index.php\/2025\/05\/07\/jornalista-revela-a-verdade-sobre-a-ausencia-de-renato-gaucho-em-fluminense-x-san-jose\/","og_locale":"pt_BR","og_type":"article","og_title":"Jornalista revela a verdade sobre a aus\u00eancia de Renato Ga\u00facho em Fluminense x San Jos\u00e9","og_description":"O Fluminense enfrenta o GV San Jos\u00e9 nesta quinta-feira (8), em partida v\u00e1lida pela Copa Sul-Americana, e mais uma vez n\u00e3o contar\u00e1 com a presen\u00e7a do t\u00e9cnico Renato Ga\u00facho no banco de reservas. A aus\u00eancia do treinador chama aten\u00e7\u00e3o, mas tem explica\u00e7\u00f5es que v\u00e3o al\u00e9m do planejamento t\u00e9cnico. Renato permanecer\u00e1 no Rio de Janeiro com [&hellip;]","og_url":"https:\/\/www.gaveanews.com\/index.php\/2025\/05\/07\/jornalista-revela-a-verdade-sobre-a-ausencia-de-renato-gaucho-em-fluminense-x-san-jose\/","og_site_name":"G\u00e1vea News","article_publisher":"https:\/\/facebook.com\/gaveaNews\/","article_published_time":"2025-05-07T16:55:00+00:00","og_image":[{"width":1200,"height":900,"url":"https:\/\/www.gaveanews.com\/wp-content\/uploads\/Renato-Gaucho.webp","type":"image\/webp"}],"author":"Rafaela Ladeira","twitter_card":"summary_large_image","twitter_misc":{"Escrito por":"Rafaela Ladeira","Est. tempo de leitura":"2 minutos"},"schema":{"@context":"https:\/\/schema.org","@graph":[{"@type":"NewsArticle","@id":"https:\/\/www.gaveanews.com\/index.php\/2025\/05\/07\/jornalista-revela-a-verdade-sobre-a-ausencia-de-renato-gaucho-em-fluminense-x-san-jose\/#article","isPartOf":{"@id":"https:\/\/www.gaveanews.com\/index.php\/2025\/05\/07\/jornalista-revela-a-verdade-sobre-a-ausencia-de-renato-gaucho-em-fluminense-x-san-jose\/"},"author":{"name":"Rafaela Ladeira","@id":"https:\/\/www.gaveanews.com\/#\/schema\/person\/0eb3e3fe1754f0205218538adbe8f5ed"},"headline":"Jornalista revela a verdade sobre a aus\u00eancia de Renato Ga\u00facho em Fluminense x San Jos\u00e9","datePublished":"2025-05-07T16:55:00+00:00","mainEntityOfPage":{"@id":"https:\/\/www.gaveanews.com\/index.php\/2025\/05\/07\/jornalista-revela-a-verdade-sobre-a-ausencia-de-renato-gaucho-em-fluminense-x-san-jose\/"},"wordCount":369,"commentCount":0,"image":{"@id":"https:\/\/www.gaveanews.com\/index.php\/2025\/05\/07\/jornalista-revela-a-verdade-sobre-a-ausencia-de-renato-gaucho-em-fluminense-x-san-jose\/#primaryimage"},"thumbnailUrl":"https:\/\/www.gaveanews.com\/wp-content\/uploads\/Renato-Gaucho.webp","articleSection":["Fluminense"],"inLanguage":"pt-BR","potentialAction":[{"@type":"CommentAction","name":"Comment","target":["https:\/\/www.gaveanews.com\/index.php\/2025\/05\/07\/jornalista-revela-a-verdade-sobre-a-ausencia-de-renato-gaucho-em-fluminense-x-san-jose\/#respond"]}],"copyrightYear":"2025","copyrightHolder":{"@id":"https:\/\/www.gaveanews.com\/#organization"}},{"@type":"WebPage","@id":"https:\/\/www.gaveanews.com\/index.php\/2025\/05\/07\/jornalista-revela-a-verdade-sobre-a-ausencia-de-renato-gaucho-em-fluminense-x-san-jose\/","url":"https:\/\/www.gaveanews.com\/index.php\/2025\/05\/07\/jornalista-revela-a-verdade-sobre-a-ausencia-de-renato-gaucho-em-fluminense-x-san-jose\/","name":"Jornalista revela a verdade sobre a aus\u00eancia de Renato Ga\u00facho em Fluminense x San Jos\u00e9","isPartOf":{"@id":"https:\/\/www.gaveanews.com\/#website"},"primaryImageOfPage":{"@id":"https:\/\/www.gaveanews.com\/index.php\/2025\/05\/07\/jornalista-revela-a-verdade-sobre-a-ausencia-de-renato-gaucho-em-fluminense-x-san-jose\/#primaryimage"},"image":{"@id":"https:\/\/www.gaveanews.com\/index.php\/2025\/05\/07\/jornalista-revela-a-verdade-sobre-a-ausencia-de-renato-gaucho-em-fluminense-x-san-jose\/#primaryimage"},"thumbnailUrl":"https:\/\/www.gaveanews.com\/wp-content\/uploads\/Renato-Gaucho.webp","datePublished":"2025-05-07T16:55:00+00:00","author":{"@id":"https:\/\/www.gaveanews.com\/#\/schema\/person\/0eb3e3fe1754f0205218538adbe8f5ed"},"breadcrumb":{"@id":"https:\/\/www.gaveanews.com\/index.php\/2025\/05\/07\/jornalista-revela-a-verdade-sobre-a-ausencia-de-renato-gaucho-em-fluminense-x-san-jose\/#breadcrumb"},"inLanguage":"pt-BR","potentialAction":[{"@type":"ReadAction","target":["https:\/\/www.gaveanews.com\/index.php\/2025\/05\/07\/jornalista-revela-a-verdade-sobre-a-ausencia-de-renato-gaucho-em-fluminense-x-san-jose\/"]}]},{"@type":"ImageObject","inLanguage":"pt-BR","@id":"https:\/\/www.gaveanews.com\/index.php\/2025\/05\/07\/jornalista-revela-a-verdade-sobre-a-ausencia-de-renato-gaucho-em-fluminense-x-san-jose\/#primaryimage","url":"https:\/\/www.gaveanews.com\/wp-content\/uploads\/Renato-Gaucho.webp","contentUrl":"https:\/\/www.gaveanews.com\/wp-content\/uploads\/Renato-Gaucho.webp","width":1200,"height":900,"caption":"Renato Ga\u00facho (FOTO: LUCAS MER\u00c7ON \/ FLUMINENSE F.C.)"},{"@type":"BreadcrumbList","@id":"https:\/\/www.gaveanews.com\/index.php\/2025\/05\/07\/jornalista-revela-a-verdade-sobre-a-ausencia-de-renato-gaucho-em-fluminense-x-san-jose\/#breadcrumb","itemListElement":[{"@type":"ListItem","position":1,"name":"Home","item":"https:\/\/www.gaveanews.com\/"},{"@type":"ListItem","position":2,"name":"Jornalista revela a verdade sobre a aus\u00eancia de Renato Ga\u00facho em Fluminense x San Jos\u00e9"}]},{"@type":"WebSite","@id":"https:\/\/www.gaveanews.com\/#website","url":"https:\/\/www.gaveanews.com\/","name":"G\u00e1vea News","description":"Veja todas as not\u00edcias sobre o Flamengo: Contrata\u00e7\u00f5es, categorias de base, resultados das partidas, tabela de classifica\u00e7\u00e3o, pr\u00f3ximos jogos!","potentialAction":[{"@type":"SearchAction","target":{"@type":"EntryPoint","urlTemplate":"https:\/\/www.gaveanews.com\/?s={search_term_string}"},"query-input":{"@type":"PropertyValueSpecification","valueRequired":true,"valueName":"search_term_string"}}],"inLanguage":"pt-BR"},{"@type":"Person","@id":"https:\/\/www.gaveanews.com\/#\/schema\/person\/0eb3e3fe1754f0205218538adbe8f5ed","name":"Rafaela Ladeira","image":{"@type":"ImageObject","inLanguage":"pt-BR","@id":"https:\/\/www.gaveanews.com\/#\/schema\/person\/image\/","url":"https:\/\/secure.gravatar.com\/avatar\/c31f513acffd85eacab5730cbdfdbbf59f21ba5aeada8cd890acea879fbb2455?s=96&d=mm&r=g","contentUrl":"https:\/\/secure.gravatar.com\/avatar\/c31f513acffd85eacab5730cbdfdbbf59f21ba5aeada8cd890acea879fbb2455?s=96&d=mm&r=g","caption":"Rafaela Ladeira"}}]}},"_links":{"self":[{"href":"https:\/\/www.gaveanews.com\/index.php\/wp-json\/wp\/v2\/posts\/261482","targetHints":{"allow":["GET"]}}],"collection":[{"href":"https:\/\/www.gaveanews.com\/index.php\/wp-json\/wp\/v2\/posts"}],"about":[{"href":"https:\/\/www.gaveanews.com\/index.php\/wp-json\/wp\/v2\/types\/post"}],"author":[{"embeddable":true,"href":"https:\/\/www.gaveanews.com\/index.php\/wp-json\/wp\/v2\/users\/25"}],"replies":[{"embeddable":true,"href":"https:\/\/www.gaveanews.com\/index.php\/wp-json\/wp\/v2\/comments?post=261482"}],"version-history":[{"count":1,"href":"https:\/\/www.gaveanews.com\/index.php\/wp-json\/wp\/v2\/posts\/261482\/revisions"}],"predecessor-version":[{"id":261483,"href":"https:\/\/www.gaveanews.com\/index.php\/wp-json\/wp\/v2\/posts\/261482\/revisions\/261483"}],"wp:featuredmedia":[{"embeddable":true,"href":"https:\/\/www.gaveanews.com\/index.php\/wp-json\/wp\/v2\/media\/259606"}],"wp:attachment":[{"href":"https:\/\/www.gaveanews.com\/index.php\/wp-json\/wp\/v2\/media?parent=261482"}],"wp:term":[{"taxonomy":"category","embeddable":true,"href":"https:\/\/www.gaveanews.com\/index.php\/wp-json\/wp\/v2\/categories?post=261482"},{"taxonomy":"post_tag","embeddable":true,"href":"https:\/\/www.gaveanews.com\/index.php\/wp-json\/wp\/v2\/tags?post=261482"}],"curies":[{"name":"wp","href":"https:\/\/api.w.org\/{rel}","templated":true}]}}