{"id":261486,"date":"2025-05-07T14:35:00","date_gmt":"2025-05-07T17:35:00","guid":{"rendered":"https:\/\/www.gaveanews.com\/?p=261486"},"modified":"2025-05-07T14:00:35","modified_gmt":"2025-05-07T17:00:35","slug":"atualizacao-sobre-o-futuro-de-bruno-henrique-no-internacional","status":"publish","type":"post","link":"https:\/\/www.gaveanews.com\/index.php\/2025\/05\/07\/atualizacao-sobre-o-futuro-de-bruno-henrique-no-internacional\/","title":{"rendered":"Atualiza\u00e7\u00e3o sobre o futuro de Bruno Henrique no Internacional"},"content":{"rendered":"\n<p>Com o calend\u00e1rio avan\u00e7ando e a metade da temporada se aproximando, o Internacional j\u00e1 projeta os pr\u00f3ximos passos para refor\u00e7ar e preservar o elenco no segundo semestre. A reabertura da janela de transfer\u00eancias, marcada para junho devido ao novo formato do Mundial de Clubes da Fifa, traz consigo n\u00e3o apenas oportunidades de mercado, mas tamb\u00e9m alertas internos.&nbsp;<\/p>\n\n\n\n<p>Isso porque, al\u00e9m de buscar contrata\u00e7\u00f5es, o clube precisa lidar com poss\u00edveis sa\u00eddas de atletas em fim de contrato, como \u00e9 o caso de Bruno Henrique.<\/p>\n\n\n\n<p>O volante de 35 anos, que ganhou espa\u00e7o com Roger Machado e vem sendo titular, tem v\u00ednculo com o Colorado apenas at\u00e9 dezembro. De acordo com o portal Vozes do Gigante, o jogador ainda n\u00e3o foi procurado para discutir uma renova\u00e7\u00e3o, aumentando a incerteza sobre sua perman\u00eancia no Beira-Rio.<\/p>\n\n\n\n<h2 class=\"wp-block-heading\" id=\"h-pre-contrato-se-aproxima-e-decisao-fica-nas-maos-do-jogador\">Pr\u00e9-contrato se aproxima e decis\u00e3o fica nas m\u00e3os do jogador<\/h2>\n\n\n\n<p>Vale destacar que, a partir de julho, Bruno Henrique estar\u00e1 livre para assinar um pr\u00e9-contrato com qualquer clube, caso n\u00e3o receba uma oferta formal de renova\u00e7\u00e3o. Isso porque, segundo a legisla\u00e7\u00e3o vigente, atletas em reta final de contrato podem negociar com outras equipes sem interfer\u00eancia do atual empregador.<\/p>\n\n\n\n<p>Por isso, cresce a preocupa\u00e7\u00e3o entre torcedores sobre um poss\u00edvel adeus silencioso de um jogador que voltou a ganhar protagonismo. Sendo assim, o Inter ter\u00e1 de agir com clareza caso queira manter o atleta.<\/p>\n\n\n\n<h2 class=\"wp-block-heading\" id=\"h-experiencia-em-campo-segue-valorizada\">Experi\u00eancia em campo segue valorizada<\/h2>\n\n\n\n<p>Enquanto o futuro \u00e9 debatido nos bastidores, Bruno Henrique segue como op\u00e7\u00e3o de confian\u00e7a no elenco. Nesta quinta-feira, ele deve come\u00e7ar entre os titulares na partida contra o Atl\u00e9tico Nacional, pela Copa Libertadores.<\/p>\n\n\n\n<p>Al\u00e9m disso, seu desempenho recente tem refor\u00e7ado sua import\u00e2ncia dentro do grupo. Dessa maneira, o Inter precisa avaliar com precis\u00e3o se vale apostar na continuidade de um jogador experiente ou abrir espa\u00e7o para novos nomes no setor.<\/p>\n\n\n\n<p>Cabe ressaltar que decis\u00f5es como essa influenciam diretamente na solidez do elenco. Desse jeito, o planejamento para o segundo semestre precisa ser certeiro, com ou sem Bruno Henrique. Com isso, a diretoria colorada tem um desafio estrat\u00e9gico pela frente.<\/p>\n","protected":false},"excerpt":{"rendered":"<p>Com o calend\u00e1rio avan\u00e7ando e a metade da temporada se aproximando, o Internacional j\u00e1 projeta os pr\u00f3ximos passos para refor\u00e7ar e preservar o elenco no segundo semestre. A reabertura da janela de transfer\u00eancias, marcada para junho devido ao novo formato do Mundial de Clubes da Fifa, traz consigo n\u00e3o apenas oportunidades de mercado, mas tamb\u00e9m [&hellip;]<\/p>\n","protected":false},"author":25,"featured_media":170652,"comment_status":"open","ping_status":"closed","sticky":false,"template":"","format":"standard","meta":{"footnotes":""},"categories":[148],"tags":[],"class_list":["post-261486","post","type-post","status-publish","format-standard","has-post-thumbnail","hentry","category-internacional"],"yoast_head":"<!-- This site is optimized with the Yoast SEO Premium plugin v24.2 (Yoast SEO v26.9) - https:\/\/yoast.com\/product\/yoast-seo-premium-wordpress\/ -->\n<title>Atualiza\u00e7\u00e3o sobre o futuro de Bruno Henrique no Internacional<\/title>\n<meta name=\"robots\" content=\"index, follow, max-snippet:-1, max-image-preview:large, max-video-preview:-1\" \/>\n<link rel=\"canonical\" href=\"https:\/\/www.gaveanews.com\/index.php\/2025\/05\/07\/atualizacao-sobre-o-futuro-de-bruno-henrique-no-internacional\/\" \/>\n<meta property=\"og:locale\" content=\"pt_BR\" \/>\n<meta property=\"og:type\" content=\"article\" \/>\n<meta property=\"og:title\" content=\"Atualiza\u00e7\u00e3o sobre o futuro de Bruno Henrique no Internacional\" \/>\n<meta property=\"og:description\" content=\"Com o calend\u00e1rio avan\u00e7ando e a metade da temporada se aproximando, o Internacional j\u00e1 projeta os pr\u00f3ximos passos para refor\u00e7ar e preservar o elenco no segundo semestre. A reabertura da janela de transfer\u00eancias, marcada para junho devido ao novo formato do Mundial de Clubes da Fifa, traz consigo n\u00e3o apenas oportunidades de mercado, mas tamb\u00e9m [&hellip;]\" \/>\n<meta property=\"og:url\" content=\"https:\/\/www.gaveanews.com\/index.php\/2025\/05\/07\/atualizacao-sobre-o-futuro-de-bruno-henrique-no-internacional\/\" \/>\n<meta property=\"og:site_name\" content=\"G\u00e1vea News\" \/>\n<meta property=\"article:publisher\" content=\"https:\/\/facebook.com\/gaveaNews\/\" \/>\n<meta property=\"article:published_time\" content=\"2025-05-07T17:35:00+00:00\" \/>\n<meta property=\"og:image\" content=\"https:\/\/www.gaveanews.com\/wp-content\/uploads\/Bruno-Henrique-pelo-Internacional.webp\" \/>\n\t<meta property=\"og:image:width\" content=\"1319\" \/>\n\t<meta property=\"og:image:height\" content=\"998\" \/>\n\t<meta property=\"og:image:type\" content=\"image\/jpeg\" \/>\n<meta name=\"author\" content=\"Rafaela Ladeira\" \/>\n<meta name=\"twitter:card\" content=\"summary_large_image\" \/>\n<meta name=\"twitter:label1\" content=\"Escrito por\" \/>\n\t<meta name=\"twitter:data1\" content=\"Rafaela Ladeira\" \/>\n\t<meta name=\"twitter:label2\" content=\"Est. tempo de leitura\" \/>\n\t<meta name=\"twitter:data2\" content=\"3 minutos\" \/>\n<script type=\"application\/ld+json\" class=\"yoast-schema-graph\">{\"@context\":\"https:\/\/schema.org\",\"@graph\":[{\"@type\":\"NewsArticle\",\"@id\":\"https:\/\/www.gaveanews.com\/index.php\/2025\/05\/07\/atualizacao-sobre-o-futuro-de-bruno-henrique-no-internacional\/#article\",\"isPartOf\":{\"@id\":\"https:\/\/www.gaveanews.com\/index.php\/2025\/05\/07\/atualizacao-sobre-o-futuro-de-bruno-henrique-no-internacional\/\"},\"author\":{\"name\":\"Rafaela Ladeira\",\"@id\":\"https:\/\/www.gaveanews.com\/#\/schema\/person\/0eb3e3fe1754f0205218538adbe8f5ed\"},\"headline\":\"Atualiza\u00e7\u00e3o sobre o futuro de Bruno Henrique no Internacional\",\"datePublished\":\"2025-05-07T17:35:00+00:00\",\"mainEntityOfPage\":{\"@id\":\"https:\/\/www.gaveanews.com\/index.php\/2025\/05\/07\/atualizacao-sobre-o-futuro-de-bruno-henrique-no-internacional\/\"},\"wordCount\":384,\"commentCount\":0,\"image\":{\"@id\":\"https:\/\/www.gaveanews.com\/index.php\/2025\/05\/07\/atualizacao-sobre-o-futuro-de-bruno-henrique-no-internacional\/#primaryimage\"},\"thumbnailUrl\":\"https:\/\/www.gaveanews.com\/wp-content\/uploads\/Bruno-Henrique-pelo-Internacional.webp\",\"articleSection\":[\"Internacional\"],\"inLanguage\":\"pt-BR\",\"potentialAction\":[{\"@type\":\"CommentAction\",\"name\":\"Comment\",\"target\":[\"https:\/\/www.gaveanews.com\/index.php\/2025\/05\/07\/atualizacao-sobre-o-futuro-de-bruno-henrique-no-internacional\/#respond\"]}],\"copyrightYear\":\"2025\",\"copyrightHolder\":{\"@id\":\"https:\/\/www.gaveanews.com\/#organization\"}},{\"@type\":\"WebPage\",\"@id\":\"https:\/\/www.gaveanews.com\/index.php\/2025\/05\/07\/atualizacao-sobre-o-futuro-de-bruno-henrique-no-internacional\/\",\"url\":\"https:\/\/www.gaveanews.com\/index.php\/2025\/05\/07\/atualizacao-sobre-o-futuro-de-bruno-henrique-no-internacional\/\",\"name\":\"Atualiza\u00e7\u00e3o sobre o futuro de Bruno Henrique no Internacional\",\"isPartOf\":{\"@id\":\"https:\/\/www.gaveanews.com\/#website\"},\"primaryImageOfPage\":{\"@id\":\"https:\/\/www.gaveanews.com\/index.php\/2025\/05\/07\/atualizacao-sobre-o-futuro-de-bruno-henrique-no-internacional\/#primaryimage\"},\"image\":{\"@id\":\"https:\/\/www.gaveanews.com\/index.php\/2025\/05\/07\/atualizacao-sobre-o-futuro-de-bruno-henrique-no-internacional\/#primaryimage\"},\"thumbnailUrl\":\"https:\/\/www.gaveanews.com\/wp-content\/uploads\/Bruno-Henrique-pelo-Internacional.webp\",\"datePublished\":\"2025-05-07T17:35:00+00:00\",\"author\":{\"@id\":\"https:\/\/www.gaveanews.com\/#\/schema\/person\/0eb3e3fe1754f0205218538adbe8f5ed\"},\"breadcrumb\":{\"@id\":\"https:\/\/www.gaveanews.com\/index.php\/2025\/05\/07\/atualizacao-sobre-o-futuro-de-bruno-henrique-no-internacional\/#breadcrumb\"},\"inLanguage\":\"pt-BR\",\"potentialAction\":[{\"@type\":\"ReadAction\",\"target\":[\"https:\/\/www.gaveanews.com\/index.php\/2025\/05\/07\/atualizacao-sobre-o-futuro-de-bruno-henrique-no-internacional\/\"]}]},{\"@type\":\"ImageObject\",\"inLanguage\":\"pt-BR\",\"@id\":\"https:\/\/www.gaveanews.com\/index.php\/2025\/05\/07\/atualizacao-sobre-o-futuro-de-bruno-henrique-no-internacional\/#primaryimage\",\"url\":\"https:\/\/www.gaveanews.com\/wp-content\/uploads\/Bruno-Henrique-pelo-Internacional.webp\",\"contentUrl\":\"https:\/\/www.gaveanews.com\/wp-content\/uploads\/Bruno-Henrique-pelo-Internacional.webp\",\"width\":1319,\"height\":998,\"caption\":\"Bruno Henrique pelo Internacional (Foto: Ricardo Duarte\/Internacional)\"},{\"@type\":\"BreadcrumbList\",\"@id\":\"https:\/\/www.gaveanews.com\/index.php\/2025\/05\/07\/atualizacao-sobre-o-futuro-de-bruno-henrique-no-internacional\/#breadcrumb\",\"itemListElement\":[{\"@type\":\"ListItem\",\"position\":1,\"name\":\"Home\",\"item\":\"https:\/\/www.gaveanews.com\/\"},{\"@type\":\"ListItem\",\"position\":2,\"name\":\"Atualiza\u00e7\u00e3o sobre o futuro de Bruno Henrique no Internacional\"}]},{\"@type\":\"WebSite\",\"@id\":\"https:\/\/www.gaveanews.com\/#website\",\"url\":\"https:\/\/www.gaveanews.com\/\",\"name\":\"G\u00e1vea News\",\"description\":\"Veja todas as not\u00edcias sobre o Flamengo: Contrata\u00e7\u00f5es, categorias de base, resultados das partidas, tabela de classifica\u00e7\u00e3o, pr\u00f3ximos jogos!\",\"potentialAction\":[{\"@type\":\"SearchAction\",\"target\":{\"@type\":\"EntryPoint\",\"urlTemplate\":\"https:\/\/www.gaveanews.com\/?s={search_term_string}\"},\"query-input\":{\"@type\":\"PropertyValueSpecification\",\"valueRequired\":true,\"valueName\":\"search_term_string\"}}],\"inLanguage\":\"pt-BR\"},{\"@type\":\"Person\",\"@id\":\"https:\/\/www.gaveanews.com\/#\/schema\/person\/0eb3e3fe1754f0205218538adbe8f5ed\",\"name\":\"Rafaela Ladeira\",\"image\":{\"@type\":\"ImageObject\",\"inLanguage\":\"pt-BR\",\"@id\":\"https:\/\/www.gaveanews.com\/#\/schema\/person\/image\/\",\"url\":\"https:\/\/secure.gravatar.com\/avatar\/c31f513acffd85eacab5730cbdfdbbf59f21ba5aeada8cd890acea879fbb2455?s=96&d=mm&r=g\",\"contentUrl\":\"https:\/\/secure.gravatar.com\/avatar\/c31f513acffd85eacab5730cbdfdbbf59f21ba5aeada8cd890acea879fbb2455?s=96&d=mm&r=g\",\"caption\":\"Rafaela Ladeira\"}}]}<\/script>\n<!-- \/ Yoast SEO Premium plugin. -->","yoast_head_json":{"title":"Atualiza\u00e7\u00e3o sobre o futuro de Bruno Henrique no Internacional","robots":{"index":"index","follow":"follow","max-snippet":"max-snippet:-1","max-image-preview":"max-image-preview:large","max-video-preview":"max-video-preview:-1"},"canonical":"https:\/\/www.gaveanews.com\/index.php\/2025\/05\/07\/atualizacao-sobre-o-futuro-de-bruno-henrique-no-internacional\/","og_locale":"pt_BR","og_type":"article","og_title":"Atualiza\u00e7\u00e3o sobre o futuro de Bruno Henrique no Internacional","og_description":"Com o calend\u00e1rio avan\u00e7ando e a metade da temporada se aproximando, o Internacional j\u00e1 projeta os pr\u00f3ximos passos para refor\u00e7ar e preservar o elenco no segundo semestre. A reabertura da janela de transfer\u00eancias, marcada para junho devido ao novo formato do Mundial de Clubes da Fifa, traz consigo n\u00e3o apenas oportunidades de mercado, mas tamb\u00e9m [&hellip;]","og_url":"https:\/\/www.gaveanews.com\/index.php\/2025\/05\/07\/atualizacao-sobre-o-futuro-de-bruno-henrique-no-internacional\/","og_site_name":"G\u00e1vea News","article_publisher":"https:\/\/facebook.com\/gaveaNews\/","article_published_time":"2025-05-07T17:35:00+00:00","og_image":[{"width":1319,"height":998,"url":"https:\/\/www.gaveanews.com\/wp-content\/uploads\/Bruno-Henrique-pelo-Internacional.webp","type":"image\/jpeg"}],"author":"Rafaela Ladeira","twitter_card":"summary_large_image","twitter_misc":{"Escrito por":"Rafaela Ladeira","Est. tempo de leitura":"3 minutos"},"schema":{"@context":"https:\/\/schema.org","@graph":[{"@type":"NewsArticle","@id":"https:\/\/www.gaveanews.com\/index.php\/2025\/05\/07\/atualizacao-sobre-o-futuro-de-bruno-henrique-no-internacional\/#article","isPartOf":{"@id":"https:\/\/www.gaveanews.com\/index.php\/2025\/05\/07\/atualizacao-sobre-o-futuro-de-bruno-henrique-no-internacional\/"},"author":{"name":"Rafaela Ladeira","@id":"https:\/\/www.gaveanews.com\/#\/schema\/person\/0eb3e3fe1754f0205218538adbe8f5ed"},"headline":"Atualiza\u00e7\u00e3o sobre o futuro de Bruno Henrique no Internacional","datePublished":"2025-05-07T17:35:00+00:00","mainEntityOfPage":{"@id":"https:\/\/www.gaveanews.com\/index.php\/2025\/05\/07\/atualizacao-sobre-o-futuro-de-bruno-henrique-no-internacional\/"},"wordCount":384,"commentCount":0,"image":{"@id":"https:\/\/www.gaveanews.com\/index.php\/2025\/05\/07\/atualizacao-sobre-o-futuro-de-bruno-henrique-no-internacional\/#primaryimage"},"thumbnailUrl":"https:\/\/www.gaveanews.com\/wp-content\/uploads\/Bruno-Henrique-pelo-Internacional.webp","articleSection":["Internacional"],"inLanguage":"pt-BR","potentialAction":[{"@type":"CommentAction","name":"Comment","target":["https:\/\/www.gaveanews.com\/index.php\/2025\/05\/07\/atualizacao-sobre-o-futuro-de-bruno-henrique-no-internacional\/#respond"]}],"copyrightYear":"2025","copyrightHolder":{"@id":"https:\/\/www.gaveanews.com\/#organization"}},{"@type":"WebPage","@id":"https:\/\/www.gaveanews.com\/index.php\/2025\/05\/07\/atualizacao-sobre-o-futuro-de-bruno-henrique-no-internacional\/","url":"https:\/\/www.gaveanews.com\/index.php\/2025\/05\/07\/atualizacao-sobre-o-futuro-de-bruno-henrique-no-internacional\/","name":"Atualiza\u00e7\u00e3o sobre o futuro de Bruno Henrique no Internacional","isPartOf":{"@id":"https:\/\/www.gaveanews.com\/#website"},"primaryImageOfPage":{"@id":"https:\/\/www.gaveanews.com\/index.php\/2025\/05\/07\/atualizacao-sobre-o-futuro-de-bruno-henrique-no-internacional\/#primaryimage"},"image":{"@id":"https:\/\/www.gaveanews.com\/index.php\/2025\/05\/07\/atualizacao-sobre-o-futuro-de-bruno-henrique-no-internacional\/#primaryimage"},"thumbnailUrl":"https:\/\/www.gaveanews.com\/wp-content\/uploads\/Bruno-Henrique-pelo-Internacional.webp","datePublished":"2025-05-07T17:35:00+00:00","author":{"@id":"https:\/\/www.gaveanews.com\/#\/schema\/person\/0eb3e3fe1754f0205218538adbe8f5ed"},"breadcrumb":{"@id":"https:\/\/www.gaveanews.com\/index.php\/2025\/05\/07\/atualizacao-sobre-o-futuro-de-bruno-henrique-no-internacional\/#breadcrumb"},"inLanguage":"pt-BR","potentialAction":[{"@type":"ReadAction","target":["https:\/\/www.gaveanews.com\/index.php\/2025\/05\/07\/atualizacao-sobre-o-futuro-de-bruno-henrique-no-internacional\/"]}]},{"@type":"ImageObject","inLanguage":"pt-BR","@id":"https:\/\/www.gaveanews.com\/index.php\/2025\/05\/07\/atualizacao-sobre-o-futuro-de-bruno-henrique-no-internacional\/#primaryimage","url":"https:\/\/www.gaveanews.com\/wp-content\/uploads\/Bruno-Henrique-pelo-Internacional.webp","contentUrl":"https:\/\/www.gaveanews.com\/wp-content\/uploads\/Bruno-Henrique-pelo-Internacional.webp","width":1319,"height":998,"caption":"Bruno Henrique pelo Internacional (Foto: Ricardo Duarte\/Internacional)"},{"@type":"BreadcrumbList","@id":"https:\/\/www.gaveanews.com\/index.php\/2025\/05\/07\/atualizacao-sobre-o-futuro-de-bruno-henrique-no-internacional\/#breadcrumb","itemListElement":[{"@type":"ListItem","position":1,"name":"Home","item":"https:\/\/www.gaveanews.com\/"},{"@type":"ListItem","position":2,"name":"Atualiza\u00e7\u00e3o sobre o futuro de Bruno Henrique no Internacional"}]},{"@type":"WebSite","@id":"https:\/\/www.gaveanews.com\/#website","url":"https:\/\/www.gaveanews.com\/","name":"G\u00e1vea News","description":"Veja todas as not\u00edcias sobre o Flamengo: Contrata\u00e7\u00f5es, categorias de base, resultados das partidas, tabela de classifica\u00e7\u00e3o, pr\u00f3ximos jogos!","potentialAction":[{"@type":"SearchAction","target":{"@type":"EntryPoint","urlTemplate":"https:\/\/www.gaveanews.com\/?s={search_term_string}"},"query-input":{"@type":"PropertyValueSpecification","valueRequired":true,"valueName":"search_term_string"}}],"inLanguage":"pt-BR"},{"@type":"Person","@id":"https:\/\/www.gaveanews.com\/#\/schema\/person\/0eb3e3fe1754f0205218538adbe8f5ed","name":"Rafaela Ladeira","image":{"@type":"ImageObject","inLanguage":"pt-BR","@id":"https:\/\/www.gaveanews.com\/#\/schema\/person\/image\/","url":"https:\/\/secure.gravatar.com\/avatar\/c31f513acffd85eacab5730cbdfdbbf59f21ba5aeada8cd890acea879fbb2455?s=96&d=mm&r=g","contentUrl":"https:\/\/secure.gravatar.com\/avatar\/c31f513acffd85eacab5730cbdfdbbf59f21ba5aeada8cd890acea879fbb2455?s=96&d=mm&r=g","caption":"Rafaela Ladeira"}}]}},"_links":{"self":[{"href":"https:\/\/www.gaveanews.com\/index.php\/wp-json\/wp\/v2\/posts\/261486","targetHints":{"allow":["GET"]}}],"collection":[{"href":"https:\/\/www.gaveanews.com\/index.php\/wp-json\/wp\/v2\/posts"}],"about":[{"href":"https:\/\/www.gaveanews.com\/index.php\/wp-json\/wp\/v2\/types\/post"}],"author":[{"embeddable":true,"href":"https:\/\/www.gaveanews.com\/index.php\/wp-json\/wp\/v2\/users\/25"}],"replies":[{"embeddable":true,"href":"https:\/\/www.gaveanews.com\/index.php\/wp-json\/wp\/v2\/comments?post=261486"}],"version-history":[{"count":1,"href":"https:\/\/www.gaveanews.com\/index.php\/wp-json\/wp\/v2\/posts\/261486\/revisions"}],"predecessor-version":[{"id":261487,"href":"https:\/\/www.gaveanews.com\/index.php\/wp-json\/wp\/v2\/posts\/261486\/revisions\/261487"}],"wp:featuredmedia":[{"embeddable":true,"href":"https:\/\/www.gaveanews.com\/index.php\/wp-json\/wp\/v2\/media\/170652"}],"wp:attachment":[{"href":"https:\/\/www.gaveanews.com\/index.php\/wp-json\/wp\/v2\/media?parent=261486"}],"wp:term":[{"taxonomy":"category","embeddable":true,"href":"https:\/\/www.gaveanews.com\/index.php\/wp-json\/wp\/v2\/categories?post=261486"},{"taxonomy":"post_tag","embeddable":true,"href":"https:\/\/www.gaveanews.com\/index.php\/wp-json\/wp\/v2\/tags?post=261486"}],"curies":[{"name":"wp","href":"https:\/\/api.w.org\/{rel}","templated":true}]}}