{"id":261497,"date":"2025-05-07T15:20:00","date_gmt":"2025-05-07T18:20:00","guid":{"rendered":"https:\/\/www.gaveanews.com\/?p=261497"},"modified":"2025-05-07T14:50:51","modified_gmt":"2025-05-07T17:50:51","slug":"daniel-alves-voltara-a-ser-julgado-na-espanha-entenda","status":"publish","type":"post","link":"https:\/\/www.gaveanews.com\/index.php\/2025\/05\/07\/daniel-alves-voltara-a-ser-julgado-na-espanha-entenda\/","title":{"rendered":"Daniel Alves voltar\u00e1 a ser julgado na Espanha; entenda"},"content":{"rendered":"\n<p>O caso envolvendo o ex-jogador Daniel Alves voltou a ganhar repercuss\u00e3o nesta quarta-feira (07), ap\u00f3s o Minist\u00e9rio P\u00fablico de Barcelona apresentar recurso contra a decis\u00e3o que havia anulado a condena\u00e7\u00e3o por estupro. A iniciativa jur\u00eddica reabre o processo e leva o caso \u00e0 inst\u00e2ncia mais alta da Justi\u00e7a espanhola, ou seja, o Tribunal Supremo.<\/p>\n\n\n\n<p>A nova etapa do processo foi motivada por alega\u00e7\u00f5es da Promotoria de que a decis\u00e3o de anular a senten\u00e7a foi tomada com base em uma an\u00e1lise &#8220;irrefletida e irracional&#8221;. Segundo o \u00f3rg\u00e3o, a anula\u00e7\u00e3o da condena\u00e7\u00e3o teria &#8220;condenado moralmente a v\u00edtima&#8221;, desconsiderando elementos importantes que embasaram a senten\u00e7a original de quatro anos e meio de pris\u00e3o, proferida pela Audi\u00eancia de Barcelona em fevereiro de 2024.<\/p>\n\n\n\n<p>Anteriormente, em 28 de mar\u00e7o, o Tribunal Superior de Justi\u00e7a da Catalunha anulou a condena\u00e7\u00e3o de Daniel Alves, considerando que havia inconsist\u00eancias nos depoimentos e falhas no processo. A decis\u00e3o da corte regional sustentou que o relato da jovem espanhola \u2014 que acusou o brasileiro de estupro dentro de uma boate em Barcelona, em dezembro de 2022 \u2014 carecia de provas adicionais que corroborassem de forma conclusiva a acusa\u00e7\u00e3o.<\/p>\n\n\n\n<p>Os magistrados afirmaram que, embora o depoimento da v\u00edtima tenha se mantido coerente desde o in\u00edcio, havia lacunas que n\u00e3o foram preenchidas pela primeira inst\u00e2ncia. Entre as cr\u00edticas feitas \u00e0 senten\u00e7a anulada est\u00e3o a aus\u00eancia de confronta\u00e7\u00e3o com provas t\u00e9cnicas como impress\u00f5es digitais e grava\u00e7\u00f5es de c\u00e2meras de seguran\u00e7a, al\u00e9m da confian\u00e7a excessiva no relato da denunciante, classificado como &#8220;subjetivo&#8221; e &#8220;n\u00e3o suficientemente confi\u00e1vel&#8221;. <\/p>\n\n\n\n<p>Exames de corpo de delito confirmaram a presen\u00e7a de s\u00eamen na v\u00edtima, e testemunhas afirmaram que ela saiu do banheiro chorando, visivelmente abalada.<\/p>\n\n\n\n<p>O recurso da Promotoria catal\u00e3 contesta esses fundamentos. O Minist\u00e9rio P\u00fablico insiste que a decis\u00e3o de absolvi\u00e7\u00e3o falhou ao desconsiderar evid\u00eancias materiais e testemunhais que dariam suporte \u00e0 vers\u00e3o da v\u00edtima. Ainda que o Tribunal Superior tenha considerado que n\u00e3o era poss\u00edvel confirmar a acusa\u00e7\u00e3o com base nos elementos reunidos, a promotoria afirma que a avalia\u00e7\u00e3o feita foi inadequada.<\/p>\n\n\n\n<p>Com o acolhimento dos recursos, o caso agora ser\u00e1 analisado pelo Tribunal Supremo da Espanha, que tem compet\u00eancia para revisar decis\u00f5es tomadas por tribunais inferiores, excetuando-se os lit\u00edgios constitucionais. <\/p>\n\n\n\n<p>Essa nova etapa pode reverter novamente o desfecho do processo, trazendo implica\u00e7\u00f5es diretas sobre o status judicial de Daniel Alves, que, desde mar\u00e7o de 2024, encontra-se em liberdade provis\u00f3ria mediante o pagamento de fian\u00e7a no valor de 1 milh\u00e3o de euros.<\/p>\n\n\n\n<p>O ex-jogador, que inicialmente alegou n\u00e3o conhecer a v\u00edtima, alterou sua vers\u00e3o dos fatos ao longo do processo, o que foi apontado pela Promotoria como sinal de inconsist\u00eancia em sua defesa. Ainda assim, a corte catal\u00e3 entendeu que, frente \u00e0s falhas na an\u00e1lise da acusa\u00e7\u00e3o, n\u00e3o havia base s\u00f3lida para manter a condena\u00e7\u00e3o.<\/p>\n\n\n\n<p><\/p>\n","protected":false},"excerpt":{"rendered":"<p>O caso envolvendo o ex-jogador Daniel Alves voltou a ganhar repercuss\u00e3o nesta quarta-feira (07), ap\u00f3s o Minist\u00e9rio P\u00fablico de Barcelona apresentar recurso contra a decis\u00e3o que havia anulado a condena\u00e7\u00e3o por estupro. A iniciativa jur\u00eddica reabre o processo e leva o caso \u00e0 inst\u00e2ncia mais alta da Justi\u00e7a espanhola, ou seja, o Tribunal Supremo. A [&hellip;]<\/p>\n","protected":false},"author":30,"featured_media":67855,"comment_status":"open","ping_status":"closed","sticky":false,"template":"","format":"standard","meta":{"footnotes":""},"categories":[478,81,78],"tags":[],"class_list":["post-261497","post","type-post","status-publish","format-standard","has-post-thumbnail","hentry","category-brasil","category-celebridades","category-futebol-internacional"],"yoast_head":"<!-- This site is optimized with the Yoast SEO Premium plugin v24.2 (Yoast SEO v26.9) - https:\/\/yoast.com\/product\/yoast-seo-premium-wordpress\/ -->\n<title>Daniel Alves voltar\u00e1 a ser julgado na Espanha; entenda<\/title>\n<meta name=\"robots\" content=\"index, follow, max-snippet:-1, max-image-preview:large, max-video-preview:-1\" \/>\n<link rel=\"canonical\" href=\"https:\/\/www.gaveanews.com\/index.php\/2025\/05\/07\/daniel-alves-voltara-a-ser-julgado-na-espanha-entenda\/\" \/>\n<meta property=\"og:locale\" content=\"pt_BR\" \/>\n<meta property=\"og:type\" content=\"article\" \/>\n<meta property=\"og:title\" content=\"Daniel Alves voltar\u00e1 a ser julgado na Espanha; entenda\" \/>\n<meta property=\"og:description\" content=\"O caso envolvendo o ex-jogador Daniel Alves voltou a ganhar repercuss\u00e3o nesta quarta-feira (07), ap\u00f3s o Minist\u00e9rio P\u00fablico de Barcelona apresentar recurso contra a decis\u00e3o que havia anulado a condena\u00e7\u00e3o por estupro. A iniciativa jur\u00eddica reabre o processo e leva o caso \u00e0 inst\u00e2ncia mais alta da Justi\u00e7a espanhola, ou seja, o Tribunal Supremo. A [&hellip;]\" \/>\n<meta property=\"og:url\" content=\"https:\/\/www.gaveanews.com\/index.php\/2025\/05\/07\/daniel-alves-voltara-a-ser-julgado-na-espanha-entenda\/\" \/>\n<meta property=\"og:site_name\" content=\"G\u00e1vea News\" \/>\n<meta property=\"article:publisher\" content=\"https:\/\/facebook.com\/gaveaNews\/\" \/>\n<meta property=\"article:published_time\" content=\"2025-05-07T18:20:00+00:00\" \/>\n<meta property=\"og:image\" content=\"https:\/\/www.gaveanews.com\/wp-content\/uploads\/Daniel-Alves-em-acao-pelo-Brasil.webp\" \/>\n\t<meta property=\"og:image:width\" content=\"799\" \/>\n\t<meta property=\"og:image:height\" content=\"533\" \/>\n\t<meta property=\"og:image:type\" content=\"image\/jpeg\" \/>\n<meta name=\"author\" content=\"Ana Teixeira\" \/>\n<meta name=\"twitter:card\" content=\"summary_large_image\" \/>\n<meta name=\"twitter:label1\" content=\"Escrito por\" \/>\n\t<meta name=\"twitter:data1\" content=\"Ana Teixeira\" \/>\n\t<meta name=\"twitter:label2\" content=\"Est. tempo de leitura\" \/>\n\t<meta name=\"twitter:data2\" content=\"3 minutos\" \/>\n<script type=\"application\/ld+json\" class=\"yoast-schema-graph\">{\"@context\":\"https:\/\/schema.org\",\"@graph\":[{\"@type\":\"NewsArticle\",\"@id\":\"https:\/\/www.gaveanews.com\/index.php\/2025\/05\/07\/daniel-alves-voltara-a-ser-julgado-na-espanha-entenda\/#article\",\"isPartOf\":{\"@id\":\"https:\/\/www.gaveanews.com\/index.php\/2025\/05\/07\/daniel-alves-voltara-a-ser-julgado-na-espanha-entenda\/\"},\"author\":{\"name\":\"Ana Teixeira\",\"@id\":\"https:\/\/www.gaveanews.com\/#\/schema\/person\/3b19f7288b0ce20372991275e4f2e6c2\"},\"headline\":\"Daniel Alves voltar\u00e1 a ser julgado na Espanha; entenda\",\"datePublished\":\"2025-05-07T18:20:00+00:00\",\"mainEntityOfPage\":{\"@id\":\"https:\/\/www.gaveanews.com\/index.php\/2025\/05\/07\/daniel-alves-voltara-a-ser-julgado-na-espanha-entenda\/\"},\"wordCount\":530,\"commentCount\":0,\"image\":{\"@id\":\"https:\/\/www.gaveanews.com\/index.php\/2025\/05\/07\/daniel-alves-voltara-a-ser-julgado-na-espanha-entenda\/#primaryimage\"},\"thumbnailUrl\":\"https:\/\/www.gaveanews.com\/wp-content\/uploads\/Daniel-Alves-em-acao-pelo-Brasil.webp\",\"articleSection\":[\"Brasil\",\"Celebridades\",\"Futebol Internacional\"],\"inLanguage\":\"pt-BR\",\"potentialAction\":[{\"@type\":\"CommentAction\",\"name\":\"Comment\",\"target\":[\"https:\/\/www.gaveanews.com\/index.php\/2025\/05\/07\/daniel-alves-voltara-a-ser-julgado-na-espanha-entenda\/#respond\"]}],\"copyrightYear\":\"2025\",\"copyrightHolder\":{\"@id\":\"https:\/\/www.gaveanews.com\/#organization\"}},{\"@type\":\"WebPage\",\"@id\":\"https:\/\/www.gaveanews.com\/index.php\/2025\/05\/07\/daniel-alves-voltara-a-ser-julgado-na-espanha-entenda\/\",\"url\":\"https:\/\/www.gaveanews.com\/index.php\/2025\/05\/07\/daniel-alves-voltara-a-ser-julgado-na-espanha-entenda\/\",\"name\":\"Daniel Alves voltar\u00e1 a ser julgado na Espanha; entenda\",\"isPartOf\":{\"@id\":\"https:\/\/www.gaveanews.com\/#website\"},\"primaryImageOfPage\":{\"@id\":\"https:\/\/www.gaveanews.com\/index.php\/2025\/05\/07\/daniel-alves-voltara-a-ser-julgado-na-espanha-entenda\/#primaryimage\"},\"image\":{\"@id\":\"https:\/\/www.gaveanews.com\/index.php\/2025\/05\/07\/daniel-alves-voltara-a-ser-julgado-na-espanha-entenda\/#primaryimage\"},\"thumbnailUrl\":\"https:\/\/www.gaveanews.com\/wp-content\/uploads\/Daniel-Alves-em-acao-pelo-Brasil.webp\",\"datePublished\":\"2025-05-07T18:20:00+00:00\",\"author\":{\"@id\":\"https:\/\/www.gaveanews.com\/#\/schema\/person\/3b19f7288b0ce20372991275e4f2e6c2\"},\"breadcrumb\":{\"@id\":\"https:\/\/www.gaveanews.com\/index.php\/2025\/05\/07\/daniel-alves-voltara-a-ser-julgado-na-espanha-entenda\/#breadcrumb\"},\"inLanguage\":\"pt-BR\",\"potentialAction\":[{\"@type\":\"ReadAction\",\"target\":[\"https:\/\/www.gaveanews.com\/index.php\/2025\/05\/07\/daniel-alves-voltara-a-ser-julgado-na-espanha-entenda\/\"]}]},{\"@type\":\"ImageObject\",\"inLanguage\":\"pt-BR\",\"@id\":\"https:\/\/www.gaveanews.com\/index.php\/2025\/05\/07\/daniel-alves-voltara-a-ser-julgado-na-espanha-entenda\/#primaryimage\",\"url\":\"https:\/\/www.gaveanews.com\/wp-content\/uploads\/Daniel-Alves-em-acao-pelo-Brasil.webp\",\"contentUrl\":\"https:\/\/www.gaveanews.com\/wp-content\/uploads\/Daniel-Alves-em-acao-pelo-Brasil.webp\",\"width\":799,\"height\":533},{\"@type\":\"BreadcrumbList\",\"@id\":\"https:\/\/www.gaveanews.com\/index.php\/2025\/05\/07\/daniel-alves-voltara-a-ser-julgado-na-espanha-entenda\/#breadcrumb\",\"itemListElement\":[{\"@type\":\"ListItem\",\"position\":1,\"name\":\"Home\",\"item\":\"https:\/\/www.gaveanews.com\/\"},{\"@type\":\"ListItem\",\"position\":2,\"name\":\"Daniel Alves voltar\u00e1 a ser julgado na Espanha; entenda\"}]},{\"@type\":\"WebSite\",\"@id\":\"https:\/\/www.gaveanews.com\/#website\",\"url\":\"https:\/\/www.gaveanews.com\/\",\"name\":\"G\u00e1vea News\",\"description\":\"Veja todas as not\u00edcias sobre o Flamengo: Contrata\u00e7\u00f5es, categorias de base, resultados das partidas, tabela de classifica\u00e7\u00e3o, pr\u00f3ximos jogos!\",\"potentialAction\":[{\"@type\":\"SearchAction\",\"target\":{\"@type\":\"EntryPoint\",\"urlTemplate\":\"https:\/\/www.gaveanews.com\/?s={search_term_string}\"},\"query-input\":{\"@type\":\"PropertyValueSpecification\",\"valueRequired\":true,\"valueName\":\"search_term_string\"}}],\"inLanguage\":\"pt-BR\"},{\"@type\":\"Person\",\"@id\":\"https:\/\/www.gaveanews.com\/#\/schema\/person\/3b19f7288b0ce20372991275e4f2e6c2\",\"name\":\"Ana Teixeira\",\"image\":{\"@type\":\"ImageObject\",\"inLanguage\":\"pt-BR\",\"@id\":\"https:\/\/www.gaveanews.com\/#\/schema\/person\/image\/\",\"url\":\"https:\/\/secure.gravatar.com\/avatar\/0a73f5a5258f3fed37fc2fa641892f3f7a4748456d4d4792f9bc550e6c19e06c?s=96&d=mm&r=g\",\"contentUrl\":\"https:\/\/secure.gravatar.com\/avatar\/0a73f5a5258f3fed37fc2fa641892f3f7a4748456d4d4792f9bc550e6c19e06c?s=96&d=mm&r=g\",\"caption\":\"Ana Teixeira\"}}]}<\/script>\n<!-- \/ Yoast SEO Premium plugin. -->","yoast_head_json":{"title":"Daniel Alves voltar\u00e1 a ser julgado na Espanha; entenda","robots":{"index":"index","follow":"follow","max-snippet":"max-snippet:-1","max-image-preview":"max-image-preview:large","max-video-preview":"max-video-preview:-1"},"canonical":"https:\/\/www.gaveanews.com\/index.php\/2025\/05\/07\/daniel-alves-voltara-a-ser-julgado-na-espanha-entenda\/","og_locale":"pt_BR","og_type":"article","og_title":"Daniel Alves voltar\u00e1 a ser julgado na Espanha; entenda","og_description":"O caso envolvendo o ex-jogador Daniel Alves voltou a ganhar repercuss\u00e3o nesta quarta-feira (07), ap\u00f3s o Minist\u00e9rio P\u00fablico de Barcelona apresentar recurso contra a decis\u00e3o que havia anulado a condena\u00e7\u00e3o por estupro. A iniciativa jur\u00eddica reabre o processo e leva o caso \u00e0 inst\u00e2ncia mais alta da Justi\u00e7a espanhola, ou seja, o Tribunal Supremo. A [&hellip;]","og_url":"https:\/\/www.gaveanews.com\/index.php\/2025\/05\/07\/daniel-alves-voltara-a-ser-julgado-na-espanha-entenda\/","og_site_name":"G\u00e1vea News","article_publisher":"https:\/\/facebook.com\/gaveaNews\/","article_published_time":"2025-05-07T18:20:00+00:00","og_image":[{"width":799,"height":533,"url":"https:\/\/www.gaveanews.com\/wp-content\/uploads\/Daniel-Alves-em-acao-pelo-Brasil.webp","type":"image\/jpeg"}],"author":"Ana Teixeira","twitter_card":"summary_large_image","twitter_misc":{"Escrito por":"Ana Teixeira","Est. tempo de leitura":"3 minutos"},"schema":{"@context":"https:\/\/schema.org","@graph":[{"@type":"NewsArticle","@id":"https:\/\/www.gaveanews.com\/index.php\/2025\/05\/07\/daniel-alves-voltara-a-ser-julgado-na-espanha-entenda\/#article","isPartOf":{"@id":"https:\/\/www.gaveanews.com\/index.php\/2025\/05\/07\/daniel-alves-voltara-a-ser-julgado-na-espanha-entenda\/"},"author":{"name":"Ana Teixeira","@id":"https:\/\/www.gaveanews.com\/#\/schema\/person\/3b19f7288b0ce20372991275e4f2e6c2"},"headline":"Daniel Alves voltar\u00e1 a ser julgado na Espanha; entenda","datePublished":"2025-05-07T18:20:00+00:00","mainEntityOfPage":{"@id":"https:\/\/www.gaveanews.com\/index.php\/2025\/05\/07\/daniel-alves-voltara-a-ser-julgado-na-espanha-entenda\/"},"wordCount":530,"commentCount":0,"image":{"@id":"https:\/\/www.gaveanews.com\/index.php\/2025\/05\/07\/daniel-alves-voltara-a-ser-julgado-na-espanha-entenda\/#primaryimage"},"thumbnailUrl":"https:\/\/www.gaveanews.com\/wp-content\/uploads\/Daniel-Alves-em-acao-pelo-Brasil.webp","articleSection":["Brasil","Celebridades","Futebol Internacional"],"inLanguage":"pt-BR","potentialAction":[{"@type":"CommentAction","name":"Comment","target":["https:\/\/www.gaveanews.com\/index.php\/2025\/05\/07\/daniel-alves-voltara-a-ser-julgado-na-espanha-entenda\/#respond"]}],"copyrightYear":"2025","copyrightHolder":{"@id":"https:\/\/www.gaveanews.com\/#organization"}},{"@type":"WebPage","@id":"https:\/\/www.gaveanews.com\/index.php\/2025\/05\/07\/daniel-alves-voltara-a-ser-julgado-na-espanha-entenda\/","url":"https:\/\/www.gaveanews.com\/index.php\/2025\/05\/07\/daniel-alves-voltara-a-ser-julgado-na-espanha-entenda\/","name":"Daniel Alves voltar\u00e1 a ser julgado na Espanha; entenda","isPartOf":{"@id":"https:\/\/www.gaveanews.com\/#website"},"primaryImageOfPage":{"@id":"https:\/\/www.gaveanews.com\/index.php\/2025\/05\/07\/daniel-alves-voltara-a-ser-julgado-na-espanha-entenda\/#primaryimage"},"image":{"@id":"https:\/\/www.gaveanews.com\/index.php\/2025\/05\/07\/daniel-alves-voltara-a-ser-julgado-na-espanha-entenda\/#primaryimage"},"thumbnailUrl":"https:\/\/www.gaveanews.com\/wp-content\/uploads\/Daniel-Alves-em-acao-pelo-Brasil.webp","datePublished":"2025-05-07T18:20:00+00:00","author":{"@id":"https:\/\/www.gaveanews.com\/#\/schema\/person\/3b19f7288b0ce20372991275e4f2e6c2"},"breadcrumb":{"@id":"https:\/\/www.gaveanews.com\/index.php\/2025\/05\/07\/daniel-alves-voltara-a-ser-julgado-na-espanha-entenda\/#breadcrumb"},"inLanguage":"pt-BR","potentialAction":[{"@type":"ReadAction","target":["https:\/\/www.gaveanews.com\/index.php\/2025\/05\/07\/daniel-alves-voltara-a-ser-julgado-na-espanha-entenda\/"]}]},{"@type":"ImageObject","inLanguage":"pt-BR","@id":"https:\/\/www.gaveanews.com\/index.php\/2025\/05\/07\/daniel-alves-voltara-a-ser-julgado-na-espanha-entenda\/#primaryimage","url":"https:\/\/www.gaveanews.com\/wp-content\/uploads\/Daniel-Alves-em-acao-pelo-Brasil.webp","contentUrl":"https:\/\/www.gaveanews.com\/wp-content\/uploads\/Daniel-Alves-em-acao-pelo-Brasil.webp","width":799,"height":533},{"@type":"BreadcrumbList","@id":"https:\/\/www.gaveanews.com\/index.php\/2025\/05\/07\/daniel-alves-voltara-a-ser-julgado-na-espanha-entenda\/#breadcrumb","itemListElement":[{"@type":"ListItem","position":1,"name":"Home","item":"https:\/\/www.gaveanews.com\/"},{"@type":"ListItem","position":2,"name":"Daniel Alves voltar\u00e1 a ser julgado na Espanha; entenda"}]},{"@type":"WebSite","@id":"https:\/\/www.gaveanews.com\/#website","url":"https:\/\/www.gaveanews.com\/","name":"G\u00e1vea News","description":"Veja todas as not\u00edcias sobre o Flamengo: Contrata\u00e7\u00f5es, categorias de base, resultados das partidas, tabela de classifica\u00e7\u00e3o, pr\u00f3ximos jogos!","potentialAction":[{"@type":"SearchAction","target":{"@type":"EntryPoint","urlTemplate":"https:\/\/www.gaveanews.com\/?s={search_term_string}"},"query-input":{"@type":"PropertyValueSpecification","valueRequired":true,"valueName":"search_term_string"}}],"inLanguage":"pt-BR"},{"@type":"Person","@id":"https:\/\/www.gaveanews.com\/#\/schema\/person\/3b19f7288b0ce20372991275e4f2e6c2","name":"Ana Teixeira","image":{"@type":"ImageObject","inLanguage":"pt-BR","@id":"https:\/\/www.gaveanews.com\/#\/schema\/person\/image\/","url":"https:\/\/secure.gravatar.com\/avatar\/0a73f5a5258f3fed37fc2fa641892f3f7a4748456d4d4792f9bc550e6c19e06c?s=96&d=mm&r=g","contentUrl":"https:\/\/secure.gravatar.com\/avatar\/0a73f5a5258f3fed37fc2fa641892f3f7a4748456d4d4792f9bc550e6c19e06c?s=96&d=mm&r=g","caption":"Ana Teixeira"}}]}},"_links":{"self":[{"href":"https:\/\/www.gaveanews.com\/index.php\/wp-json\/wp\/v2\/posts\/261497","targetHints":{"allow":["GET"]}}],"collection":[{"href":"https:\/\/www.gaveanews.com\/index.php\/wp-json\/wp\/v2\/posts"}],"about":[{"href":"https:\/\/www.gaveanews.com\/index.php\/wp-json\/wp\/v2\/types\/post"}],"author":[{"embeddable":true,"href":"https:\/\/www.gaveanews.com\/index.php\/wp-json\/wp\/v2\/users\/30"}],"replies":[{"embeddable":true,"href":"https:\/\/www.gaveanews.com\/index.php\/wp-json\/wp\/v2\/comments?post=261497"}],"version-history":[{"count":1,"href":"https:\/\/www.gaveanews.com\/index.php\/wp-json\/wp\/v2\/posts\/261497\/revisions"}],"predecessor-version":[{"id":261507,"href":"https:\/\/www.gaveanews.com\/index.php\/wp-json\/wp\/v2\/posts\/261497\/revisions\/261507"}],"wp:featuredmedia":[{"embeddable":true,"href":"https:\/\/www.gaveanews.com\/index.php\/wp-json\/wp\/v2\/media\/67855"}],"wp:attachment":[{"href":"https:\/\/www.gaveanews.com\/index.php\/wp-json\/wp\/v2\/media?parent=261497"}],"wp:term":[{"taxonomy":"category","embeddable":true,"href":"https:\/\/www.gaveanews.com\/index.php\/wp-json\/wp\/v2\/categories?post=261497"},{"taxonomy":"post_tag","embeddable":true,"href":"https:\/\/www.gaveanews.com\/index.php\/wp-json\/wp\/v2\/tags?post=261497"}],"curies":[{"name":"wp","href":"https:\/\/api.w.org\/{rel}","templated":true}]}}