{"id":261498,"date":"2025-05-07T15:05:00","date_gmt":"2025-05-07T18:05:00","guid":{"rendered":"https:\/\/www.gaveanews.com\/?p=261498"},"modified":"2025-05-07T14:47:28","modified_gmt":"2025-05-07T17:47:28","slug":"ele-esta-passando-pelo-melhor-inicio-de-temporada-no-flamengo","status":"publish","type":"post","link":"https:\/\/www.gaveanews.com\/index.php\/2025\/05\/07\/ele-esta-passando-pelo-melhor-inicio-de-temporada-no-flamengo\/","title":{"rendered":"Ele est\u00e1 passando pelo melhor in\u00edcio de temporada no Flamengo"},"content":{"rendered":"\n<p>A temporada de 2025 marca um momento singular na trajet\u00f3ria de Giorgian De Arrascaeta no Brasil. Aos 30 anos, o meio-campista uruguaio atingiu, com a camisa do Flamengo, o mais produtivo e eficiente in\u00edcio de ano desde que desembarcou no pa\u00eds em 2015. O camisa 10 da G\u00e1vea soma n\u00fameros que o colocam entre os principais nomes da atualidade no futebol nacional, especialmente pelo impacto direto nas a\u00e7\u00f5es ofensivas do Rubro-Negro.<\/p>\n\n\n\n<p>Atualmente, s\u00e3o 19 partidas disputadas pelo clube carioca, com oito gols marcados e cinco assist\u00eancias registradas. Isso significa uma participa\u00e7\u00e3o direta em 13 gols, superando todas as suas marcas anteriores no mesmo recorte de jogos. Em 2021, por exemplo, Arrascaeta havia contribu\u00eddo com sete gols e seis assist\u00eancias, n\u00fameros similares, mas obtidos com maior minutagem. <\/p>\n\n\n\n<p>Nesta temporada, ele tem sido ainda mais eficiente, participando de um gol a cada 107 minutos em campo, desempenho in\u00e9dito desde sua chegada ao Brasil. Ali\u00e1s, essa m\u00e9dia representa uma queda acentuada em rela\u00e7\u00e3o a 2023, quando sua contribui\u00e7\u00e3o era de um gol a cada 248 minutos.<\/p>\n\n\n\n<p>Apesar de ter iniciado o ano como reserva devido \u00e0 recupera\u00e7\u00e3o de uma artroscopia no joelho direito, o camisa 14 rapidamente retomou protagonismo. Com m\u00e9dia de 73 minutos por jogo, ele tem sido mais incisivo, mesmo com menor tempo de atua\u00e7\u00e3o em compara\u00e7\u00e3o a temporadas anteriores. <\/p>\n\n\n\n<p>Para efeito de compara\u00e7\u00e3o, em 2021 ele precisou de 181 minutos a mais para atingir a mesma quantidade de participa\u00e7\u00f5es em gols nos 19 primeiros confrontos do ano.<\/p>\n\n\n\n<h2 class=\"wp-block-heading\" id=\"h-500-jogos-no-brasil\">500 jogos no Brasil<\/h2>\n\n\n\n<p>Arrascaeta, que completa 31 anos em 1\u00ba de junho, tamb\u00e9m atingiu outro marco relevante recentemente: 500 jogos por clubes brasileiros \u2014 somando as passagens por Flamengo e Cruzeiro. A coincid\u00eancia simb\u00f3lica ocorreu justamente no duelo entre essas duas equipes, em que ele balan\u00e7ou as redes, mas evitou comemora\u00e7\u00f5es em respeito \u00e0 antiga torcida.<\/p>\n\n\n\n<p>No Campeonato Brasileiro, o uruguaio lidera a artilharia com seis gols em sete rodadas e ocupa a segunda coloca\u00e7\u00e3o no ranking de assist\u00eancias. Conforme os dados do Sofascore, nenhum outro atleta teve mais participa\u00e7\u00f5es em gols nas seis primeiras rodadas da competi\u00e7\u00e3o desde que a base de dados foi criada. Sua taxa de envolvimento ofensivo \u00e9 de um gol ou assist\u00eancia a cada 52 minutos.<\/p>\n\n\n\n<p>Mesmo ap\u00f3s sofrer uma les\u00e3o muscular em mar\u00e7o, durante partida contra a Argentina pelas Eliminat\u00f3rias, e ter ficado fora da estreia no Brasileir\u00e3o contra o Internacional, Arrascaeta conseguiu se recuperar rapidamente. Desde ent\u00e3o, tem mantido ritmo consistente, sendo poupado pontualmente para controle de carga, como na recente viagem do time a S\u00e3o Lu\u00eds pela Copa do Brasil.<\/p>\n\n\n\n<p>Al\u00e9m do desempenho estat\u00edstico, a influ\u00eancia t\u00e9cnica e emocional do camisa 14 \u00e9 amplamente reconhecida dentro e fora de campo. O ex-lateral Filipe Lu\u00eds, agora treinador, n\u00e3o poupou elogios ao colega de longa data: \u201cPoucos estrangeiros que pisaram no Brasil fazem o que ele faz. \u00c9 um jogador especial, diferente, que faz a diferen\u00e7a\u201d.<\/p>\n\n\n\n<p><\/p>\n","protected":false},"excerpt":{"rendered":"<p>A temporada de 2025 marca um momento singular na trajet\u00f3ria de Giorgian De Arrascaeta no Brasil. Aos 30 anos, o meio-campista uruguaio atingiu, com a camisa do Flamengo, o mais produtivo e eficiente in\u00edcio de ano desde que desembarcou no pa\u00eds em 2015. O camisa 10 da G\u00e1vea soma n\u00fameros que o colocam entre os [&hellip;]<\/p>\n","protected":false},"author":30,"featured_media":127354,"comment_status":"open","ping_status":"closed","sticky":false,"template":"","format":"standard","meta":{"footnotes":""},"categories":[1],"tags":[],"class_list":["post-261498","post","type-post","status-publish","format-standard","has-post-thumbnail","hentry","category-flamengo"],"yoast_head":"<!-- This site is optimized with the Yoast SEO Premium plugin v24.2 (Yoast SEO v26.9) - https:\/\/yoast.com\/product\/yoast-seo-premium-wordpress\/ -->\n<title>Ele est\u00e1 passando pelo melhor in\u00edcio de temporada no Flamengo<\/title>\n<meta name=\"robots\" content=\"index, follow, max-snippet:-1, max-image-preview:large, max-video-preview:-1\" \/>\n<link rel=\"canonical\" href=\"https:\/\/www.gaveanews.com\/index.php\/2025\/05\/07\/ele-esta-passando-pelo-melhor-inicio-de-temporada-no-flamengo\/\" \/>\n<meta property=\"og:locale\" content=\"pt_BR\" \/>\n<meta property=\"og:type\" content=\"article\" \/>\n<meta property=\"og:title\" content=\"Ele est\u00e1 passando pelo melhor in\u00edcio de temporada no Flamengo\" \/>\n<meta property=\"og:description\" content=\"A temporada de 2025 marca um momento singular na trajet\u00f3ria de Giorgian De Arrascaeta no Brasil. Aos 30 anos, o meio-campista uruguaio atingiu, com a camisa do Flamengo, o mais produtivo e eficiente in\u00edcio de ano desde que desembarcou no pa\u00eds em 2015. O camisa 10 da G\u00e1vea soma n\u00fameros que o colocam entre os [&hellip;]\" \/>\n<meta property=\"og:url\" content=\"https:\/\/www.gaveanews.com\/index.php\/2025\/05\/07\/ele-esta-passando-pelo-melhor-inicio-de-temporada-no-flamengo\/\" \/>\n<meta property=\"og:site_name\" content=\"G\u00e1vea News\" \/>\n<meta property=\"article:publisher\" content=\"https:\/\/facebook.com\/gaveaNews\/\" \/>\n<meta property=\"article:published_time\" content=\"2025-05-07T18:05:00+00:00\" \/>\n<meta property=\"og:image\" content=\"https:\/\/www.gaveanews.com\/wp-content\/uploads\/camisa-flamengo.webp\" \/>\n\t<meta property=\"og:image:width\" content=\"483\" \/>\n\t<meta property=\"og:image:height\" content=\"322\" \/>\n\t<meta property=\"og:image:type\" content=\"image\/webp\" \/>\n<meta name=\"author\" content=\"Ana Teixeira\" \/>\n<meta name=\"twitter:card\" content=\"summary_large_image\" \/>\n<meta name=\"twitter:label1\" content=\"Escrito por\" \/>\n\t<meta name=\"twitter:data1\" content=\"Ana Teixeira\" \/>\n\t<meta name=\"twitter:label2\" content=\"Est. tempo de leitura\" \/>\n\t<meta name=\"twitter:data2\" content=\"3 minutos\" \/>\n<script type=\"application\/ld+json\" class=\"yoast-schema-graph\">{\"@context\":\"https:\/\/schema.org\",\"@graph\":[{\"@type\":\"NewsArticle\",\"@id\":\"https:\/\/www.gaveanews.com\/index.php\/2025\/05\/07\/ele-esta-passando-pelo-melhor-inicio-de-temporada-no-flamengo\/#article\",\"isPartOf\":{\"@id\":\"https:\/\/www.gaveanews.com\/index.php\/2025\/05\/07\/ele-esta-passando-pelo-melhor-inicio-de-temporada-no-flamengo\/\"},\"author\":{\"name\":\"Ana Teixeira\",\"@id\":\"https:\/\/www.gaveanews.com\/#\/schema\/person\/3b19f7288b0ce20372991275e4f2e6c2\"},\"headline\":\"Ele est\u00e1 passando pelo melhor in\u00edcio de temporada no Flamengo\",\"datePublished\":\"2025-05-07T18:05:00+00:00\",\"mainEntityOfPage\":{\"@id\":\"https:\/\/www.gaveanews.com\/index.php\/2025\/05\/07\/ele-esta-passando-pelo-melhor-inicio-de-temporada-no-flamengo\/\"},\"wordCount\":512,\"commentCount\":0,\"image\":{\"@id\":\"https:\/\/www.gaveanews.com\/index.php\/2025\/05\/07\/ele-esta-passando-pelo-melhor-inicio-de-temporada-no-flamengo\/#primaryimage\"},\"thumbnailUrl\":\"https:\/\/www.gaveanews.com\/wp-content\/uploads\/camisa-flamengo.webp\",\"articleSection\":[\"Flamengo\"],\"inLanguage\":\"pt-BR\",\"potentialAction\":[{\"@type\":\"CommentAction\",\"name\":\"Comment\",\"target\":[\"https:\/\/www.gaveanews.com\/index.php\/2025\/05\/07\/ele-esta-passando-pelo-melhor-inicio-de-temporada-no-flamengo\/#respond\"]}],\"copyrightYear\":\"2025\",\"copyrightHolder\":{\"@id\":\"https:\/\/www.gaveanews.com\/#organization\"}},{\"@type\":\"WebPage\",\"@id\":\"https:\/\/www.gaveanews.com\/index.php\/2025\/05\/07\/ele-esta-passando-pelo-melhor-inicio-de-temporada-no-flamengo\/\",\"url\":\"https:\/\/www.gaveanews.com\/index.php\/2025\/05\/07\/ele-esta-passando-pelo-melhor-inicio-de-temporada-no-flamengo\/\",\"name\":\"Ele est\u00e1 passando pelo melhor in\u00edcio de temporada no Flamengo\",\"isPartOf\":{\"@id\":\"https:\/\/www.gaveanews.com\/#website\"},\"primaryImageOfPage\":{\"@id\":\"https:\/\/www.gaveanews.com\/index.php\/2025\/05\/07\/ele-esta-passando-pelo-melhor-inicio-de-temporada-no-flamengo\/#primaryimage\"},\"image\":{\"@id\":\"https:\/\/www.gaveanews.com\/index.php\/2025\/05\/07\/ele-esta-passando-pelo-melhor-inicio-de-temporada-no-flamengo\/#primaryimage\"},\"thumbnailUrl\":\"https:\/\/www.gaveanews.com\/wp-content\/uploads\/camisa-flamengo.webp\",\"datePublished\":\"2025-05-07T18:05:00+00:00\",\"author\":{\"@id\":\"https:\/\/www.gaveanews.com\/#\/schema\/person\/3b19f7288b0ce20372991275e4f2e6c2\"},\"breadcrumb\":{\"@id\":\"https:\/\/www.gaveanews.com\/index.php\/2025\/05\/07\/ele-esta-passando-pelo-melhor-inicio-de-temporada-no-flamengo\/#breadcrumb\"},\"inLanguage\":\"pt-BR\",\"potentialAction\":[{\"@type\":\"ReadAction\",\"target\":[\"https:\/\/www.gaveanews.com\/index.php\/2025\/05\/07\/ele-esta-passando-pelo-melhor-inicio-de-temporada-no-flamengo\/\"]}]},{\"@type\":\"ImageObject\",\"inLanguage\":\"pt-BR\",\"@id\":\"https:\/\/www.gaveanews.com\/index.php\/2025\/05\/07\/ele-esta-passando-pelo-melhor-inicio-de-temporada-no-flamengo\/#primaryimage\",\"url\":\"https:\/\/www.gaveanews.com\/wp-content\/uploads\/camisa-flamengo.webp\",\"contentUrl\":\"https:\/\/www.gaveanews.com\/wp-content\/uploads\/camisa-flamengo.webp\",\"width\":483,\"height\":322,\"caption\":\"Escudo do Flamengo (Foto: Reprodu\u00e7\u00e3o)\"},{\"@type\":\"BreadcrumbList\",\"@id\":\"https:\/\/www.gaveanews.com\/index.php\/2025\/05\/07\/ele-esta-passando-pelo-melhor-inicio-de-temporada-no-flamengo\/#breadcrumb\",\"itemListElement\":[{\"@type\":\"ListItem\",\"position\":1,\"name\":\"Home\",\"item\":\"https:\/\/www.gaveanews.com\/\"},{\"@type\":\"ListItem\",\"position\":2,\"name\":\"Ele est\u00e1 passando pelo melhor in\u00edcio de temporada no Flamengo\"}]},{\"@type\":\"WebSite\",\"@id\":\"https:\/\/www.gaveanews.com\/#website\",\"url\":\"https:\/\/www.gaveanews.com\/\",\"name\":\"G\u00e1vea News\",\"description\":\"Veja todas as not\u00edcias sobre o Flamengo: Contrata\u00e7\u00f5es, categorias de base, resultados das partidas, tabela de classifica\u00e7\u00e3o, pr\u00f3ximos jogos!\",\"potentialAction\":[{\"@type\":\"SearchAction\",\"target\":{\"@type\":\"EntryPoint\",\"urlTemplate\":\"https:\/\/www.gaveanews.com\/?s={search_term_string}\"},\"query-input\":{\"@type\":\"PropertyValueSpecification\",\"valueRequired\":true,\"valueName\":\"search_term_string\"}}],\"inLanguage\":\"pt-BR\"},{\"@type\":\"Person\",\"@id\":\"https:\/\/www.gaveanews.com\/#\/schema\/person\/3b19f7288b0ce20372991275e4f2e6c2\",\"name\":\"Ana Teixeira\",\"image\":{\"@type\":\"ImageObject\",\"inLanguage\":\"pt-BR\",\"@id\":\"https:\/\/www.gaveanews.com\/#\/schema\/person\/image\/\",\"url\":\"https:\/\/secure.gravatar.com\/avatar\/0a73f5a5258f3fed37fc2fa641892f3f7a4748456d4d4792f9bc550e6c19e06c?s=96&d=mm&r=g\",\"contentUrl\":\"https:\/\/secure.gravatar.com\/avatar\/0a73f5a5258f3fed37fc2fa641892f3f7a4748456d4d4792f9bc550e6c19e06c?s=96&d=mm&r=g\",\"caption\":\"Ana Teixeira\"}}]}<\/script>\n<!-- \/ Yoast SEO Premium plugin. -->","yoast_head_json":{"title":"Ele est\u00e1 passando pelo melhor in\u00edcio de temporada no Flamengo","robots":{"index":"index","follow":"follow","max-snippet":"max-snippet:-1","max-image-preview":"max-image-preview:large","max-video-preview":"max-video-preview:-1"},"canonical":"https:\/\/www.gaveanews.com\/index.php\/2025\/05\/07\/ele-esta-passando-pelo-melhor-inicio-de-temporada-no-flamengo\/","og_locale":"pt_BR","og_type":"article","og_title":"Ele est\u00e1 passando pelo melhor in\u00edcio de temporada no Flamengo","og_description":"A temporada de 2025 marca um momento singular na trajet\u00f3ria de Giorgian De Arrascaeta no Brasil. Aos 30 anos, o meio-campista uruguaio atingiu, com a camisa do Flamengo, o mais produtivo e eficiente in\u00edcio de ano desde que desembarcou no pa\u00eds em 2015. O camisa 10 da G\u00e1vea soma n\u00fameros que o colocam entre os [&hellip;]","og_url":"https:\/\/www.gaveanews.com\/index.php\/2025\/05\/07\/ele-esta-passando-pelo-melhor-inicio-de-temporada-no-flamengo\/","og_site_name":"G\u00e1vea News","article_publisher":"https:\/\/facebook.com\/gaveaNews\/","article_published_time":"2025-05-07T18:05:00+00:00","og_image":[{"width":483,"height":322,"url":"https:\/\/www.gaveanews.com\/wp-content\/uploads\/camisa-flamengo.webp","type":"image\/webp"}],"author":"Ana Teixeira","twitter_card":"summary_large_image","twitter_misc":{"Escrito por":"Ana Teixeira","Est. tempo de leitura":"3 minutos"},"schema":{"@context":"https:\/\/schema.org","@graph":[{"@type":"NewsArticle","@id":"https:\/\/www.gaveanews.com\/index.php\/2025\/05\/07\/ele-esta-passando-pelo-melhor-inicio-de-temporada-no-flamengo\/#article","isPartOf":{"@id":"https:\/\/www.gaveanews.com\/index.php\/2025\/05\/07\/ele-esta-passando-pelo-melhor-inicio-de-temporada-no-flamengo\/"},"author":{"name":"Ana Teixeira","@id":"https:\/\/www.gaveanews.com\/#\/schema\/person\/3b19f7288b0ce20372991275e4f2e6c2"},"headline":"Ele est\u00e1 passando pelo melhor in\u00edcio de temporada no Flamengo","datePublished":"2025-05-07T18:05:00+00:00","mainEntityOfPage":{"@id":"https:\/\/www.gaveanews.com\/index.php\/2025\/05\/07\/ele-esta-passando-pelo-melhor-inicio-de-temporada-no-flamengo\/"},"wordCount":512,"commentCount":0,"image":{"@id":"https:\/\/www.gaveanews.com\/index.php\/2025\/05\/07\/ele-esta-passando-pelo-melhor-inicio-de-temporada-no-flamengo\/#primaryimage"},"thumbnailUrl":"https:\/\/www.gaveanews.com\/wp-content\/uploads\/camisa-flamengo.webp","articleSection":["Flamengo"],"inLanguage":"pt-BR","potentialAction":[{"@type":"CommentAction","name":"Comment","target":["https:\/\/www.gaveanews.com\/index.php\/2025\/05\/07\/ele-esta-passando-pelo-melhor-inicio-de-temporada-no-flamengo\/#respond"]}],"copyrightYear":"2025","copyrightHolder":{"@id":"https:\/\/www.gaveanews.com\/#organization"}},{"@type":"WebPage","@id":"https:\/\/www.gaveanews.com\/index.php\/2025\/05\/07\/ele-esta-passando-pelo-melhor-inicio-de-temporada-no-flamengo\/","url":"https:\/\/www.gaveanews.com\/index.php\/2025\/05\/07\/ele-esta-passando-pelo-melhor-inicio-de-temporada-no-flamengo\/","name":"Ele est\u00e1 passando pelo melhor in\u00edcio de temporada no Flamengo","isPartOf":{"@id":"https:\/\/www.gaveanews.com\/#website"},"primaryImageOfPage":{"@id":"https:\/\/www.gaveanews.com\/index.php\/2025\/05\/07\/ele-esta-passando-pelo-melhor-inicio-de-temporada-no-flamengo\/#primaryimage"},"image":{"@id":"https:\/\/www.gaveanews.com\/index.php\/2025\/05\/07\/ele-esta-passando-pelo-melhor-inicio-de-temporada-no-flamengo\/#primaryimage"},"thumbnailUrl":"https:\/\/www.gaveanews.com\/wp-content\/uploads\/camisa-flamengo.webp","datePublished":"2025-05-07T18:05:00+00:00","author":{"@id":"https:\/\/www.gaveanews.com\/#\/schema\/person\/3b19f7288b0ce20372991275e4f2e6c2"},"breadcrumb":{"@id":"https:\/\/www.gaveanews.com\/index.php\/2025\/05\/07\/ele-esta-passando-pelo-melhor-inicio-de-temporada-no-flamengo\/#breadcrumb"},"inLanguage":"pt-BR","potentialAction":[{"@type":"ReadAction","target":["https:\/\/www.gaveanews.com\/index.php\/2025\/05\/07\/ele-esta-passando-pelo-melhor-inicio-de-temporada-no-flamengo\/"]}]},{"@type":"ImageObject","inLanguage":"pt-BR","@id":"https:\/\/www.gaveanews.com\/index.php\/2025\/05\/07\/ele-esta-passando-pelo-melhor-inicio-de-temporada-no-flamengo\/#primaryimage","url":"https:\/\/www.gaveanews.com\/wp-content\/uploads\/camisa-flamengo.webp","contentUrl":"https:\/\/www.gaveanews.com\/wp-content\/uploads\/camisa-flamengo.webp","width":483,"height":322,"caption":"Escudo do Flamengo (Foto: Reprodu\u00e7\u00e3o)"},{"@type":"BreadcrumbList","@id":"https:\/\/www.gaveanews.com\/index.php\/2025\/05\/07\/ele-esta-passando-pelo-melhor-inicio-de-temporada-no-flamengo\/#breadcrumb","itemListElement":[{"@type":"ListItem","position":1,"name":"Home","item":"https:\/\/www.gaveanews.com\/"},{"@type":"ListItem","position":2,"name":"Ele est\u00e1 passando pelo melhor in\u00edcio de temporada no Flamengo"}]},{"@type":"WebSite","@id":"https:\/\/www.gaveanews.com\/#website","url":"https:\/\/www.gaveanews.com\/","name":"G\u00e1vea News","description":"Veja todas as not\u00edcias sobre o Flamengo: Contrata\u00e7\u00f5es, categorias de base, resultados das partidas, tabela de classifica\u00e7\u00e3o, pr\u00f3ximos jogos!","potentialAction":[{"@type":"SearchAction","target":{"@type":"EntryPoint","urlTemplate":"https:\/\/www.gaveanews.com\/?s={search_term_string}"},"query-input":{"@type":"PropertyValueSpecification","valueRequired":true,"valueName":"search_term_string"}}],"inLanguage":"pt-BR"},{"@type":"Person","@id":"https:\/\/www.gaveanews.com\/#\/schema\/person\/3b19f7288b0ce20372991275e4f2e6c2","name":"Ana Teixeira","image":{"@type":"ImageObject","inLanguage":"pt-BR","@id":"https:\/\/www.gaveanews.com\/#\/schema\/person\/image\/","url":"https:\/\/secure.gravatar.com\/avatar\/0a73f5a5258f3fed37fc2fa641892f3f7a4748456d4d4792f9bc550e6c19e06c?s=96&d=mm&r=g","contentUrl":"https:\/\/secure.gravatar.com\/avatar\/0a73f5a5258f3fed37fc2fa641892f3f7a4748456d4d4792f9bc550e6c19e06c?s=96&d=mm&r=g","caption":"Ana Teixeira"}}]}},"_links":{"self":[{"href":"https:\/\/www.gaveanews.com\/index.php\/wp-json\/wp\/v2\/posts\/261498","targetHints":{"allow":["GET"]}}],"collection":[{"href":"https:\/\/www.gaveanews.com\/index.php\/wp-json\/wp\/v2\/posts"}],"about":[{"href":"https:\/\/www.gaveanews.com\/index.php\/wp-json\/wp\/v2\/types\/post"}],"author":[{"embeddable":true,"href":"https:\/\/www.gaveanews.com\/index.php\/wp-json\/wp\/v2\/users\/30"}],"replies":[{"embeddable":true,"href":"https:\/\/www.gaveanews.com\/index.php\/wp-json\/wp\/v2\/comments?post=261498"}],"version-history":[{"count":1,"href":"https:\/\/www.gaveanews.com\/index.php\/wp-json\/wp\/v2\/posts\/261498\/revisions"}],"predecessor-version":[{"id":261503,"href":"https:\/\/www.gaveanews.com\/index.php\/wp-json\/wp\/v2\/posts\/261498\/revisions\/261503"}],"wp:featuredmedia":[{"embeddable":true,"href":"https:\/\/www.gaveanews.com\/index.php\/wp-json\/wp\/v2\/media\/127354"}],"wp:attachment":[{"href":"https:\/\/www.gaveanews.com\/index.php\/wp-json\/wp\/v2\/media?parent=261498"}],"wp:term":[{"taxonomy":"category","embeddable":true,"href":"https:\/\/www.gaveanews.com\/index.php\/wp-json\/wp\/v2\/categories?post=261498"},{"taxonomy":"post_tag","embeddable":true,"href":"https:\/\/www.gaveanews.com\/index.php\/wp-json\/wp\/v2\/tags?post=261498"}],"curies":[{"name":"wp","href":"https:\/\/api.w.org\/{rel}","templated":true}]}}