{"id":261499,"date":"2025-05-07T14:55:00","date_gmt":"2025-05-07T17:55:00","guid":{"rendered":"https:\/\/www.gaveanews.com\/?p=261499"},"modified":"2025-05-07T14:37:30","modified_gmt":"2025-05-07T17:37:30","slug":"corinthians-a-declaracao-de-dorival-junior-direcionada-a-yuri-alberto-e-romero","status":"publish","type":"post","link":"https:\/\/www.gaveanews.com\/index.php\/2025\/05\/07\/corinthians-a-declaracao-de-dorival-junior-direcionada-a-yuri-alberto-e-romero\/","title":{"rendered":"Corinthians: a declara\u00e7\u00e3o de Dorival J\u00fanior direcionada a Yuri Alberto e Romero"},"content":{"rendered":"\n<p>O t\u00e9cnico Dorival J\u00fanior fez quest\u00e3o de destacar a import\u00e2ncia dos atacantes Yuri Alberto e Romero para o Corinthians. Em uma declara\u00e7\u00e3o recente, o comandante alvinegro ressaltou a trajet\u00f3ria vitoriosa de ambos os jogadores, reconhecendo o impacto que eles t\u00eam no grupo e o valor de suas contribui\u00e7\u00f5es.<\/p>\n\n\n\n<p>\u201cYuri Alberto e Romero s\u00e3o jogadores realmente com uma hist\u00f3ria e devem ser respeitados. \u00c9 uma hist\u00f3ria rica de cada um\u201d, afirmou Dorival J\u00fanior, deixando claro que o respeito pelos atletas.&nbsp;<\/p>\n\n\n\n<p>Sendo assim, para o treinador, tanto o argentino Romero quanto o brasileiro Yuri Alberto t\u00eam um legado que n\u00e3o pode ser ignorado.<\/p>\n\n\n\n<h2 class=\"wp-block-heading\" id=\"h-o-papel-de-romero-e-a-gestao-de-desgaste-fisico\">O papel de Romero e a gest\u00e3o de desgaste f\u00edsico<\/h2>\n\n\n\n<p>Vale destacar que Romero, que n\u00e3o iniciou a \u00faltima partida, tem se mostrado um jogador essencial no elenco. \u201cRomero \u00e9 importante para nosso grupo\u201d, afirmou Dorival, que explicou a decis\u00e3o de deix\u00e1-lo fora do time titular.&nbsp;<\/p>\n\n\n\n<p>\u201cN\u00e3o iniciou essa partida hoje porque preciso sacrificar em algumas partidas para rejuvenescer jogadores que tiveram desgaste grande e que n\u00e3o conseguem alcan\u00e7ar a recupera\u00e7\u00e3o\u201d, disse o treinador.&nbsp;<\/p>\n\n\n\n<p>Essa escolha reflete a gest\u00e3o cuidadosa de Dorival em equilibrar o ritmo dos atletas, priorizando a longevidade e a recupera\u00e7\u00e3o adequada do elenco.<\/p>\n\n\n\n<h2 class=\"wp-block-heading\" id=\"h-a-confianca-em-yuri-alberto\">A confian\u00e7a em Yuri Alberto<\/h2>\n\n\n\n<p>Por outro lado, o t\u00e9cnico tamb\u00e9m demonstrou grande confian\u00e7a em Yuri Alberto. \u201cYuri \u00e9 um jogador que temos uma confian\u00e7a grande. Conhe\u00e7o ele desde 16, 17 anos, na base do Santos. Sei da qualidade que tem e vai nos ajudar muito nesse processo\u201d, completou.&nbsp;<\/p>\n\n\n\n<p>Essa confian\u00e7a do treinador em um jogador com quem tem uma longa hist\u00f3ria reflete o relacionamento s\u00f3lido e a expectativa de que Yuri Alberto seja pe\u00e7a chave na busca pelos resultados do Corinthians.<\/p>\n\n\n\n<p>Com isso, a abordagem de Dorival J\u00fanior sobre Romero e Yuri Alberto mostra um treinador atento \u00e0s necessidades f\u00edsicas do elenco, sem perder de vista o respeito e a confian\u00e7a que os atletas possuem no grupo.<\/p>\n","protected":false},"excerpt":{"rendered":"<p>O t\u00e9cnico Dorival J\u00fanior fez quest\u00e3o de destacar a import\u00e2ncia dos atacantes Yuri Alberto e Romero para o Corinthians. Em uma declara\u00e7\u00e3o recente, o comandante alvinegro ressaltou a trajet\u00f3ria vitoriosa de ambos os jogadores, reconhecendo o impacto que eles t\u00eam no grupo e o valor de suas contribui\u00e7\u00f5es. \u201cYuri Alberto e Romero s\u00e3o jogadores realmente [&hellip;]<\/p>\n","protected":false},"author":24,"featured_media":258834,"comment_status":"open","ping_status":"closed","sticky":false,"template":"","format":"standard","meta":{"footnotes":""},"categories":[141],"tags":[],"class_list":["post-261499","post","type-post","status-publish","format-standard","has-post-thumbnail","hentry","category-corinthians"],"yoast_head":"<!-- This site is optimized with the Yoast SEO Premium plugin v24.2 (Yoast SEO v26.9) - https:\/\/yoast.com\/product\/yoast-seo-premium-wordpress\/ -->\n<title>Corinthians: a declara\u00e7\u00e3o de Dorival J\u00fanior direcionada a Yuri Alberto e Romero<\/title>\n<meta name=\"robots\" content=\"index, follow, max-snippet:-1, max-image-preview:large, max-video-preview:-1\" \/>\n<link rel=\"canonical\" href=\"https:\/\/www.gaveanews.com\/index.php\/2025\/05\/07\/corinthians-a-declaracao-de-dorival-junior-direcionada-a-yuri-alberto-e-romero\/\" \/>\n<meta property=\"og:locale\" content=\"pt_BR\" \/>\n<meta property=\"og:type\" content=\"article\" \/>\n<meta property=\"og:title\" content=\"Corinthians: a declara\u00e7\u00e3o de Dorival J\u00fanior direcionada a Yuri Alberto e Romero\" \/>\n<meta property=\"og:description\" content=\"O t\u00e9cnico Dorival J\u00fanior fez quest\u00e3o de destacar a import\u00e2ncia dos atacantes Yuri Alberto e Romero para o Corinthians. Em uma declara\u00e7\u00e3o recente, o comandante alvinegro ressaltou a trajet\u00f3ria vitoriosa de ambos os jogadores, reconhecendo o impacto que eles t\u00eam no grupo e o valor de suas contribui\u00e7\u00f5es. \u201cYuri Alberto e Romero s\u00e3o jogadores realmente [&hellip;]\" \/>\n<meta property=\"og:url\" content=\"https:\/\/www.gaveanews.com\/index.php\/2025\/05\/07\/corinthians-a-declaracao-de-dorival-junior-direcionada-a-yuri-alberto-e-romero\/\" \/>\n<meta property=\"og:site_name\" content=\"G\u00e1vea News\" \/>\n<meta property=\"article:publisher\" content=\"https:\/\/facebook.com\/gaveaNews\/\" \/>\n<meta property=\"article:published_time\" content=\"2025-05-07T17:55:00+00:00\" \/>\n<meta property=\"og:image\" content=\"https:\/\/www.gaveanews.com\/wp-content\/uploads\/Dorival-Jr.-em-sua-primeira-coletiva-como-tecnico-do-Corinthians.webp\" \/>\n\t<meta property=\"og:image:width\" content=\"1200\" \/>\n\t<meta property=\"og:image:height\" content=\"900\" \/>\n\t<meta property=\"og:image:type\" content=\"image\/webp\" \/>\n<meta name=\"author\" content=\"Leandro Cardoso\" \/>\n<meta name=\"twitter:card\" content=\"summary_large_image\" \/>\n<meta name=\"twitter:label1\" content=\"Escrito por\" \/>\n\t<meta name=\"twitter:data1\" content=\"Leandro Cardoso\" \/>\n\t<meta name=\"twitter:label2\" content=\"Est. tempo de leitura\" \/>\n\t<meta name=\"twitter:data2\" content=\"2 minutos\" \/>\n<script type=\"application\/ld+json\" class=\"yoast-schema-graph\">{\"@context\":\"https:\/\/schema.org\",\"@graph\":[{\"@type\":\"NewsArticle\",\"@id\":\"https:\/\/www.gaveanews.com\/index.php\/2025\/05\/07\/corinthians-a-declaracao-de-dorival-junior-direcionada-a-yuri-alberto-e-romero\/#article\",\"isPartOf\":{\"@id\":\"https:\/\/www.gaveanews.com\/index.php\/2025\/05\/07\/corinthians-a-declaracao-de-dorival-junior-direcionada-a-yuri-alberto-e-romero\/\"},\"author\":{\"name\":\"Leandro Cardoso\",\"@id\":\"https:\/\/www.gaveanews.com\/#\/schema\/person\/2424ec6409bc3f068411fc5e4e9b6168\"},\"headline\":\"Corinthians: a declara\u00e7\u00e3o de Dorival J\u00fanior direcionada a Yuri Alberto e Romero\",\"datePublished\":\"2025-05-07T17:55:00+00:00\",\"mainEntityOfPage\":{\"@id\":\"https:\/\/www.gaveanews.com\/index.php\/2025\/05\/07\/corinthians-a-declaracao-de-dorival-junior-direcionada-a-yuri-alberto-e-romero\/\"},\"wordCount\":367,\"commentCount\":0,\"image\":{\"@id\":\"https:\/\/www.gaveanews.com\/index.php\/2025\/05\/07\/corinthians-a-declaracao-de-dorival-junior-direcionada-a-yuri-alberto-e-romero\/#primaryimage\"},\"thumbnailUrl\":\"https:\/\/www.gaveanews.com\/wp-content\/uploads\/Dorival-Jr.-em-sua-primeira-coletiva-como-tecnico-do-Corinthians.webp\",\"articleSection\":[\"Corinthians\"],\"inLanguage\":\"pt-BR\",\"potentialAction\":[{\"@type\":\"CommentAction\",\"name\":\"Comment\",\"target\":[\"https:\/\/www.gaveanews.com\/index.php\/2025\/05\/07\/corinthians-a-declaracao-de-dorival-junior-direcionada-a-yuri-alberto-e-romero\/#respond\"]}],\"copyrightYear\":\"2025\",\"copyrightHolder\":{\"@id\":\"https:\/\/www.gaveanews.com\/#organization\"}},{\"@type\":\"WebPage\",\"@id\":\"https:\/\/www.gaveanews.com\/index.php\/2025\/05\/07\/corinthians-a-declaracao-de-dorival-junior-direcionada-a-yuri-alberto-e-romero\/\",\"url\":\"https:\/\/www.gaveanews.com\/index.php\/2025\/05\/07\/corinthians-a-declaracao-de-dorival-junior-direcionada-a-yuri-alberto-e-romero\/\",\"name\":\"Corinthians: a declara\u00e7\u00e3o de Dorival J\u00fanior direcionada a Yuri Alberto e Romero\",\"isPartOf\":{\"@id\":\"https:\/\/www.gaveanews.com\/#website\"},\"primaryImageOfPage\":{\"@id\":\"https:\/\/www.gaveanews.com\/index.php\/2025\/05\/07\/corinthians-a-declaracao-de-dorival-junior-direcionada-a-yuri-alberto-e-romero\/#primaryimage\"},\"image\":{\"@id\":\"https:\/\/www.gaveanews.com\/index.php\/2025\/05\/07\/corinthians-a-declaracao-de-dorival-junior-direcionada-a-yuri-alberto-e-romero\/#primaryimage\"},\"thumbnailUrl\":\"https:\/\/www.gaveanews.com\/wp-content\/uploads\/Dorival-Jr.-em-sua-primeira-coletiva-como-tecnico-do-Corinthians.webp\",\"datePublished\":\"2025-05-07T17:55:00+00:00\",\"author\":{\"@id\":\"https:\/\/www.gaveanews.com\/#\/schema\/person\/2424ec6409bc3f068411fc5e4e9b6168\"},\"breadcrumb\":{\"@id\":\"https:\/\/www.gaveanews.com\/index.php\/2025\/05\/07\/corinthians-a-declaracao-de-dorival-junior-direcionada-a-yuri-alberto-e-romero\/#breadcrumb\"},\"inLanguage\":\"pt-BR\",\"potentialAction\":[{\"@type\":\"ReadAction\",\"target\":[\"https:\/\/www.gaveanews.com\/index.php\/2025\/05\/07\/corinthians-a-declaracao-de-dorival-junior-direcionada-a-yuri-alberto-e-romero\/\"]}]},{\"@type\":\"ImageObject\",\"inLanguage\":\"pt-BR\",\"@id\":\"https:\/\/www.gaveanews.com\/index.php\/2025\/05\/07\/corinthians-a-declaracao-de-dorival-junior-direcionada-a-yuri-alberto-e-romero\/#primaryimage\",\"url\":\"https:\/\/www.gaveanews.com\/wp-content\/uploads\/Dorival-Jr.-em-sua-primeira-coletiva-como-tecnico-do-Corinthians.webp\",\"contentUrl\":\"https:\/\/www.gaveanews.com\/wp-content\/uploads\/Dorival-Jr.-em-sua-primeira-coletiva-como-tecnico-do-Corinthians.webp\",\"width\":1200,\"height\":900,\"caption\":\"Dorival Jr. em sua primeira coletiva como t\u00e9cnico do Corinthians - Foto: Rodrigo Coca\/Ag\u00eancia SCCP\"},{\"@type\":\"BreadcrumbList\",\"@id\":\"https:\/\/www.gaveanews.com\/index.php\/2025\/05\/07\/corinthians-a-declaracao-de-dorival-junior-direcionada-a-yuri-alberto-e-romero\/#breadcrumb\",\"itemListElement\":[{\"@type\":\"ListItem\",\"position\":1,\"name\":\"Home\",\"item\":\"https:\/\/www.gaveanews.com\/\"},{\"@type\":\"ListItem\",\"position\":2,\"name\":\"Corinthians: a declara\u00e7\u00e3o de Dorival J\u00fanior direcionada a Yuri Alberto e Romero\"}]},{\"@type\":\"WebSite\",\"@id\":\"https:\/\/www.gaveanews.com\/#website\",\"url\":\"https:\/\/www.gaveanews.com\/\",\"name\":\"G\u00e1vea News\",\"description\":\"Veja todas as not\u00edcias sobre o Flamengo: Contrata\u00e7\u00f5es, categorias de base, resultados das partidas, tabela de classifica\u00e7\u00e3o, pr\u00f3ximos jogos!\",\"potentialAction\":[{\"@type\":\"SearchAction\",\"target\":{\"@type\":\"EntryPoint\",\"urlTemplate\":\"https:\/\/www.gaveanews.com\/?s={search_term_string}\"},\"query-input\":{\"@type\":\"PropertyValueSpecification\",\"valueRequired\":true,\"valueName\":\"search_term_string\"}}],\"inLanguage\":\"pt-BR\"},{\"@type\":\"Person\",\"@id\":\"https:\/\/www.gaveanews.com\/#\/schema\/person\/2424ec6409bc3f068411fc5e4e9b6168\",\"name\":\"Leandro Cardoso\",\"image\":{\"@type\":\"ImageObject\",\"inLanguage\":\"pt-BR\",\"@id\":\"https:\/\/www.gaveanews.com\/#\/schema\/person\/image\/\",\"url\":\"https:\/\/secure.gravatar.com\/avatar\/8ca179f9b55eefe9f376f5493ef25475bfa59fbc28ce937f6076ce20e523098f?s=96&d=mm&r=g\",\"contentUrl\":\"https:\/\/secure.gravatar.com\/avatar\/8ca179f9b55eefe9f376f5493ef25475bfa59fbc28ce937f6076ce20e523098f?s=96&d=mm&r=g\",\"caption\":\"Leandro Cardoso\"}}]}<\/script>\n<!-- \/ Yoast SEO Premium plugin. -->","yoast_head_json":{"title":"Corinthians: a declara\u00e7\u00e3o de Dorival J\u00fanior direcionada a Yuri Alberto e Romero","robots":{"index":"index","follow":"follow","max-snippet":"max-snippet:-1","max-image-preview":"max-image-preview:large","max-video-preview":"max-video-preview:-1"},"canonical":"https:\/\/www.gaveanews.com\/index.php\/2025\/05\/07\/corinthians-a-declaracao-de-dorival-junior-direcionada-a-yuri-alberto-e-romero\/","og_locale":"pt_BR","og_type":"article","og_title":"Corinthians: a declara\u00e7\u00e3o de Dorival J\u00fanior direcionada a Yuri Alberto e Romero","og_description":"O t\u00e9cnico Dorival J\u00fanior fez quest\u00e3o de destacar a import\u00e2ncia dos atacantes Yuri Alberto e Romero para o Corinthians. Em uma declara\u00e7\u00e3o recente, o comandante alvinegro ressaltou a trajet\u00f3ria vitoriosa de ambos os jogadores, reconhecendo o impacto que eles t\u00eam no grupo e o valor de suas contribui\u00e7\u00f5es. \u201cYuri Alberto e Romero s\u00e3o jogadores realmente [&hellip;]","og_url":"https:\/\/www.gaveanews.com\/index.php\/2025\/05\/07\/corinthians-a-declaracao-de-dorival-junior-direcionada-a-yuri-alberto-e-romero\/","og_site_name":"G\u00e1vea News","article_publisher":"https:\/\/facebook.com\/gaveaNews\/","article_published_time":"2025-05-07T17:55:00+00:00","og_image":[{"width":1200,"height":900,"url":"https:\/\/www.gaveanews.com\/wp-content\/uploads\/Dorival-Jr.-em-sua-primeira-coletiva-como-tecnico-do-Corinthians.webp","type":"image\/webp"}],"author":"Leandro Cardoso","twitter_card":"summary_large_image","twitter_misc":{"Escrito por":"Leandro Cardoso","Est. tempo de leitura":"2 minutos"},"schema":{"@context":"https:\/\/schema.org","@graph":[{"@type":"NewsArticle","@id":"https:\/\/www.gaveanews.com\/index.php\/2025\/05\/07\/corinthians-a-declaracao-de-dorival-junior-direcionada-a-yuri-alberto-e-romero\/#article","isPartOf":{"@id":"https:\/\/www.gaveanews.com\/index.php\/2025\/05\/07\/corinthians-a-declaracao-de-dorival-junior-direcionada-a-yuri-alberto-e-romero\/"},"author":{"name":"Leandro Cardoso","@id":"https:\/\/www.gaveanews.com\/#\/schema\/person\/2424ec6409bc3f068411fc5e4e9b6168"},"headline":"Corinthians: a declara\u00e7\u00e3o de Dorival J\u00fanior direcionada a Yuri Alberto e Romero","datePublished":"2025-05-07T17:55:00+00:00","mainEntityOfPage":{"@id":"https:\/\/www.gaveanews.com\/index.php\/2025\/05\/07\/corinthians-a-declaracao-de-dorival-junior-direcionada-a-yuri-alberto-e-romero\/"},"wordCount":367,"commentCount":0,"image":{"@id":"https:\/\/www.gaveanews.com\/index.php\/2025\/05\/07\/corinthians-a-declaracao-de-dorival-junior-direcionada-a-yuri-alberto-e-romero\/#primaryimage"},"thumbnailUrl":"https:\/\/www.gaveanews.com\/wp-content\/uploads\/Dorival-Jr.-em-sua-primeira-coletiva-como-tecnico-do-Corinthians.webp","articleSection":["Corinthians"],"inLanguage":"pt-BR","potentialAction":[{"@type":"CommentAction","name":"Comment","target":["https:\/\/www.gaveanews.com\/index.php\/2025\/05\/07\/corinthians-a-declaracao-de-dorival-junior-direcionada-a-yuri-alberto-e-romero\/#respond"]}],"copyrightYear":"2025","copyrightHolder":{"@id":"https:\/\/www.gaveanews.com\/#organization"}},{"@type":"WebPage","@id":"https:\/\/www.gaveanews.com\/index.php\/2025\/05\/07\/corinthians-a-declaracao-de-dorival-junior-direcionada-a-yuri-alberto-e-romero\/","url":"https:\/\/www.gaveanews.com\/index.php\/2025\/05\/07\/corinthians-a-declaracao-de-dorival-junior-direcionada-a-yuri-alberto-e-romero\/","name":"Corinthians: a declara\u00e7\u00e3o de Dorival J\u00fanior direcionada a Yuri Alberto e Romero","isPartOf":{"@id":"https:\/\/www.gaveanews.com\/#website"},"primaryImageOfPage":{"@id":"https:\/\/www.gaveanews.com\/index.php\/2025\/05\/07\/corinthians-a-declaracao-de-dorival-junior-direcionada-a-yuri-alberto-e-romero\/#primaryimage"},"image":{"@id":"https:\/\/www.gaveanews.com\/index.php\/2025\/05\/07\/corinthians-a-declaracao-de-dorival-junior-direcionada-a-yuri-alberto-e-romero\/#primaryimage"},"thumbnailUrl":"https:\/\/www.gaveanews.com\/wp-content\/uploads\/Dorival-Jr.-em-sua-primeira-coletiva-como-tecnico-do-Corinthians.webp","datePublished":"2025-05-07T17:55:00+00:00","author":{"@id":"https:\/\/www.gaveanews.com\/#\/schema\/person\/2424ec6409bc3f068411fc5e4e9b6168"},"breadcrumb":{"@id":"https:\/\/www.gaveanews.com\/index.php\/2025\/05\/07\/corinthians-a-declaracao-de-dorival-junior-direcionada-a-yuri-alberto-e-romero\/#breadcrumb"},"inLanguage":"pt-BR","potentialAction":[{"@type":"ReadAction","target":["https:\/\/www.gaveanews.com\/index.php\/2025\/05\/07\/corinthians-a-declaracao-de-dorival-junior-direcionada-a-yuri-alberto-e-romero\/"]}]},{"@type":"ImageObject","inLanguage":"pt-BR","@id":"https:\/\/www.gaveanews.com\/index.php\/2025\/05\/07\/corinthians-a-declaracao-de-dorival-junior-direcionada-a-yuri-alberto-e-romero\/#primaryimage","url":"https:\/\/www.gaveanews.com\/wp-content\/uploads\/Dorival-Jr.-em-sua-primeira-coletiva-como-tecnico-do-Corinthians.webp","contentUrl":"https:\/\/www.gaveanews.com\/wp-content\/uploads\/Dorival-Jr.-em-sua-primeira-coletiva-como-tecnico-do-Corinthians.webp","width":1200,"height":900,"caption":"Dorival Jr. em sua primeira coletiva como t\u00e9cnico do Corinthians - Foto: Rodrigo Coca\/Ag\u00eancia SCCP"},{"@type":"BreadcrumbList","@id":"https:\/\/www.gaveanews.com\/index.php\/2025\/05\/07\/corinthians-a-declaracao-de-dorival-junior-direcionada-a-yuri-alberto-e-romero\/#breadcrumb","itemListElement":[{"@type":"ListItem","position":1,"name":"Home","item":"https:\/\/www.gaveanews.com\/"},{"@type":"ListItem","position":2,"name":"Corinthians: a declara\u00e7\u00e3o de Dorival J\u00fanior direcionada a Yuri Alberto e Romero"}]},{"@type":"WebSite","@id":"https:\/\/www.gaveanews.com\/#website","url":"https:\/\/www.gaveanews.com\/","name":"G\u00e1vea News","description":"Veja todas as not\u00edcias sobre o Flamengo: Contrata\u00e7\u00f5es, categorias de base, resultados das partidas, tabela de classifica\u00e7\u00e3o, pr\u00f3ximos jogos!","potentialAction":[{"@type":"SearchAction","target":{"@type":"EntryPoint","urlTemplate":"https:\/\/www.gaveanews.com\/?s={search_term_string}"},"query-input":{"@type":"PropertyValueSpecification","valueRequired":true,"valueName":"search_term_string"}}],"inLanguage":"pt-BR"},{"@type":"Person","@id":"https:\/\/www.gaveanews.com\/#\/schema\/person\/2424ec6409bc3f068411fc5e4e9b6168","name":"Leandro Cardoso","image":{"@type":"ImageObject","inLanguage":"pt-BR","@id":"https:\/\/www.gaveanews.com\/#\/schema\/person\/image\/","url":"https:\/\/secure.gravatar.com\/avatar\/8ca179f9b55eefe9f376f5493ef25475bfa59fbc28ce937f6076ce20e523098f?s=96&d=mm&r=g","contentUrl":"https:\/\/secure.gravatar.com\/avatar\/8ca179f9b55eefe9f376f5493ef25475bfa59fbc28ce937f6076ce20e523098f?s=96&d=mm&r=g","caption":"Leandro Cardoso"}}]}},"_links":{"self":[{"href":"https:\/\/www.gaveanews.com\/index.php\/wp-json\/wp\/v2\/posts\/261499","targetHints":{"allow":["GET"]}}],"collection":[{"href":"https:\/\/www.gaveanews.com\/index.php\/wp-json\/wp\/v2\/posts"}],"about":[{"href":"https:\/\/www.gaveanews.com\/index.php\/wp-json\/wp\/v2\/types\/post"}],"author":[{"embeddable":true,"href":"https:\/\/www.gaveanews.com\/index.php\/wp-json\/wp\/v2\/users\/24"}],"replies":[{"embeddable":true,"href":"https:\/\/www.gaveanews.com\/index.php\/wp-json\/wp\/v2\/comments?post=261499"}],"version-history":[{"count":1,"href":"https:\/\/www.gaveanews.com\/index.php\/wp-json\/wp\/v2\/posts\/261499\/revisions"}],"predecessor-version":[{"id":261500,"href":"https:\/\/www.gaveanews.com\/index.php\/wp-json\/wp\/v2\/posts\/261499\/revisions\/261500"}],"wp:featuredmedia":[{"embeddable":true,"href":"https:\/\/www.gaveanews.com\/index.php\/wp-json\/wp\/v2\/media\/258834"}],"wp:attachment":[{"href":"https:\/\/www.gaveanews.com\/index.php\/wp-json\/wp\/v2\/media?parent=261499"}],"wp:term":[{"taxonomy":"category","embeddable":true,"href":"https:\/\/www.gaveanews.com\/index.php\/wp-json\/wp\/v2\/categories?post=261499"},{"taxonomy":"post_tag","embeddable":true,"href":"https:\/\/www.gaveanews.com\/index.php\/wp-json\/wp\/v2\/tags?post=261499"}],"curies":[{"name":"wp","href":"https:\/\/api.w.org\/{rel}","templated":true}]}}