{"id":261501,"date":"2025-05-07T15:00:00","date_gmt":"2025-05-07T18:00:00","guid":{"rendered":"https:\/\/www.gaveanews.com\/?p=261501"},"modified":"2025-05-07T14:43:29","modified_gmt":"2025-05-07T17:43:29","slug":"dorival-jr-e-sincero-ao-falar-sobre-maycon-do-corinthians","status":"publish","type":"post","link":"https:\/\/www.gaveanews.com\/index.php\/2025\/05\/07\/dorival-jr-e-sincero-ao-falar-sobre-maycon-do-corinthians\/","title":{"rendered":"Dorival Jr \u00e9 sincero ao falar sobre Maycon, do Corinthians"},"content":{"rendered":"\n<p>O volante Maycon tem mostrado um desempenho not\u00e1vel no Corinthians, e o t\u00e9cnico Dorival J\u00fanior fez quest\u00e3o de comentar sobre sua atua\u00e7\u00e3o. De acordo com o treinador, o jogador possui caracter\u00edsticas que o tornam interessante para uma fun\u00e7\u00e3o mais adiantada, o que o diferencia de Raniele.&nbsp;<\/p>\n\n\n\n<p>\u201cTodos n\u00f3s acompanhamos um pouco da trajet\u00f3ria desse atleta atuando adiantado. Acho que ele tem perfil interessante para a posi\u00e7\u00e3o, um pouquinho diferente do Raniele.\u201d, disse o t\u00e9cnico.<\/p>\n\n\n\n<p>Com isso, Dorival aponta que Maycon tem a flexibilidade necess\u00e1ria para ser utilizado em diferentes fun\u00e7\u00f5es no meio-campo, o que \u00e9 um ponto positivo para a equipe.<\/p>\n\n\n\n<h2 class=\"wp-block-heading\" id=\"h-possibilidade-de-uma-parceria-com-raniele\">Possibilidade de uma parceria com Raniele<\/h2>\n\n\n\n<p>Embora a atua\u00e7\u00e3o de Maycon em uma fun\u00e7\u00e3o mais avan\u00e7ada seja uma op\u00e7\u00e3o v\u00e1lida, o t\u00e9cnico do Corinthians n\u00e3o descartou a possibilidade de ver ambos os jogadores em campo juntos.&nbsp;<\/p>\n\n\n\n<p>\u201cPodem jogar juntos em algum momento. \u00c9 quest\u00e3o de op\u00e7\u00e3o para hoje.\u201d, declarou. Essa afirma\u00e7\u00e3o deixa claro que a escolha de quem vai atuar em determinada partida depende de v\u00e1rios fatores, incluindo a estrat\u00e9gia adotada para cada confronto, como o desejo de transi\u00e7\u00e3o de bola r\u00e1pida, por exemplo.&nbsp;<\/p>\n\n\n\n<p>Portanto, a versatilidade de Maycon \u00e9 uma das chaves para o sucesso t\u00e1tico da equipe.<\/p>\n\n\n\n<h2 class=\"wp-block-heading\" id=\"h-diagnostico-rapido-e-adaptacao-constante\">Diagn\u00f3stico r\u00e1pido e adapta\u00e7\u00e3o constante<\/h2>\n\n\n\n<p>Dorival J\u00fanior tamb\u00e9m abordou a import\u00e2ncia de reagir rapidamente \u00e0s situa\u00e7\u00f5es durante as partidas.&nbsp;<\/p>\n\n\n\n<p>\u201cO maior desafio de um profissional \u00e9 que tenha rapidamente o diagn\u00f3stico do que venha acontecendo para que n\u00e3o se repitam ou ainda maior que nos cause uma situa\u00e7\u00e3o desconfort\u00e1vel.\u201d, completou.<\/p>\n\n\n\n<p>Sendo assim, segundo o treinador, o principal \u00e9 evitar que os erros se repitam, o que poderia comprometer o desempenho da equipe ao longo do campeonato. Vale destacar que a an\u00e1lise r\u00e1pida de cada jogo e a adapta\u00e7\u00e3o s\u00e3o fundamentais para manter o time competitivo.<\/p>\n\n\n\n<p>Com isso, Dorival J\u00fanior mostra que est\u00e1 atento a todas as vari\u00e1veis dentro de campo, buscando alternativas e solu\u00e7\u00f5es t\u00e1ticas que melhorem o desempenho da equipe, principalmente no uso da flexibilidade de jogadores como Maycon.<\/p>\n","protected":false},"excerpt":{"rendered":"<p>O volante Maycon tem mostrado um desempenho not\u00e1vel no Corinthians, e o t\u00e9cnico Dorival J\u00fanior fez quest\u00e3o de comentar sobre sua atua\u00e7\u00e3o. De acordo com o treinador, o jogador possui caracter\u00edsticas que o tornam interessante para uma fun\u00e7\u00e3o mais adiantada, o que o diferencia de Raniele.&nbsp; \u201cTodos n\u00f3s acompanhamos um pouco da trajet\u00f3ria desse atleta [&hellip;]<\/p>\n","protected":false},"author":24,"featured_media":258834,"comment_status":"open","ping_status":"closed","sticky":false,"template":"","format":"standard","meta":{"footnotes":""},"categories":[141],"tags":[],"class_list":["post-261501","post","type-post","status-publish","format-standard","has-post-thumbnail","hentry","category-corinthians"],"yoast_head":"<!-- This site is optimized with the Yoast SEO Premium plugin v24.2 (Yoast SEO v26.9) - https:\/\/yoast.com\/product\/yoast-seo-premium-wordpress\/ -->\n<title>Dorival Jr \u00e9 sincero ao falar sobre Maycon, do Corinthians<\/title>\n<meta name=\"robots\" content=\"index, follow, max-snippet:-1, max-image-preview:large, max-video-preview:-1\" \/>\n<link rel=\"canonical\" href=\"https:\/\/www.gaveanews.com\/index.php\/2025\/05\/07\/dorival-jr-e-sincero-ao-falar-sobre-maycon-do-corinthians\/\" \/>\n<meta property=\"og:locale\" content=\"pt_BR\" \/>\n<meta property=\"og:type\" content=\"article\" \/>\n<meta property=\"og:title\" content=\"Dorival Jr \u00e9 sincero ao falar sobre Maycon, do Corinthians\" \/>\n<meta property=\"og:description\" content=\"O volante Maycon tem mostrado um desempenho not\u00e1vel no Corinthians, e o t\u00e9cnico Dorival J\u00fanior fez quest\u00e3o de comentar sobre sua atua\u00e7\u00e3o. De acordo com o treinador, o jogador possui caracter\u00edsticas que o tornam interessante para uma fun\u00e7\u00e3o mais adiantada, o que o diferencia de Raniele.&nbsp; \u201cTodos n\u00f3s acompanhamos um pouco da trajet\u00f3ria desse atleta [&hellip;]\" \/>\n<meta property=\"og:url\" content=\"https:\/\/www.gaveanews.com\/index.php\/2025\/05\/07\/dorival-jr-e-sincero-ao-falar-sobre-maycon-do-corinthians\/\" \/>\n<meta property=\"og:site_name\" content=\"G\u00e1vea News\" \/>\n<meta property=\"article:publisher\" content=\"https:\/\/facebook.com\/gaveaNews\/\" \/>\n<meta property=\"article:published_time\" content=\"2025-05-07T18:00:00+00:00\" \/>\n<meta property=\"og:image\" content=\"https:\/\/www.gaveanews.com\/wp-content\/uploads\/Dorival-Jr.-em-sua-primeira-coletiva-como-tecnico-do-Corinthians.webp\" \/>\n\t<meta property=\"og:image:width\" content=\"1200\" \/>\n\t<meta property=\"og:image:height\" content=\"900\" \/>\n\t<meta property=\"og:image:type\" content=\"image\/webp\" \/>\n<meta name=\"author\" content=\"Leandro Cardoso\" \/>\n<meta name=\"twitter:card\" content=\"summary_large_image\" \/>\n<meta name=\"twitter:label1\" content=\"Escrito por\" \/>\n\t<meta name=\"twitter:data1\" content=\"Leandro Cardoso\" \/>\n\t<meta name=\"twitter:label2\" content=\"Est. tempo de leitura\" \/>\n\t<meta name=\"twitter:data2\" content=\"3 minutos\" \/>\n<script type=\"application\/ld+json\" class=\"yoast-schema-graph\">{\"@context\":\"https:\/\/schema.org\",\"@graph\":[{\"@type\":\"NewsArticle\",\"@id\":\"https:\/\/www.gaveanews.com\/index.php\/2025\/05\/07\/dorival-jr-e-sincero-ao-falar-sobre-maycon-do-corinthians\/#article\",\"isPartOf\":{\"@id\":\"https:\/\/www.gaveanews.com\/index.php\/2025\/05\/07\/dorival-jr-e-sincero-ao-falar-sobre-maycon-do-corinthians\/\"},\"author\":{\"name\":\"Leandro Cardoso\",\"@id\":\"https:\/\/www.gaveanews.com\/#\/schema\/person\/2424ec6409bc3f068411fc5e4e9b6168\"},\"headline\":\"Dorival Jr \u00e9 sincero ao falar sobre Maycon, do Corinthians\",\"datePublished\":\"2025-05-07T18:00:00+00:00\",\"mainEntityOfPage\":{\"@id\":\"https:\/\/www.gaveanews.com\/index.php\/2025\/05\/07\/dorival-jr-e-sincero-ao-falar-sobre-maycon-do-corinthians\/\"},\"wordCount\":385,\"commentCount\":0,\"image\":{\"@id\":\"https:\/\/www.gaveanews.com\/index.php\/2025\/05\/07\/dorival-jr-e-sincero-ao-falar-sobre-maycon-do-corinthians\/#primaryimage\"},\"thumbnailUrl\":\"https:\/\/www.gaveanews.com\/wp-content\/uploads\/Dorival-Jr.-em-sua-primeira-coletiva-como-tecnico-do-Corinthians.webp\",\"articleSection\":[\"Corinthians\"],\"inLanguage\":\"pt-BR\",\"potentialAction\":[{\"@type\":\"CommentAction\",\"name\":\"Comment\",\"target\":[\"https:\/\/www.gaveanews.com\/index.php\/2025\/05\/07\/dorival-jr-e-sincero-ao-falar-sobre-maycon-do-corinthians\/#respond\"]}],\"copyrightYear\":\"2025\",\"copyrightHolder\":{\"@id\":\"https:\/\/www.gaveanews.com\/#organization\"}},{\"@type\":\"WebPage\",\"@id\":\"https:\/\/www.gaveanews.com\/index.php\/2025\/05\/07\/dorival-jr-e-sincero-ao-falar-sobre-maycon-do-corinthians\/\",\"url\":\"https:\/\/www.gaveanews.com\/index.php\/2025\/05\/07\/dorival-jr-e-sincero-ao-falar-sobre-maycon-do-corinthians\/\",\"name\":\"Dorival Jr \u00e9 sincero ao falar sobre Maycon, do Corinthians\",\"isPartOf\":{\"@id\":\"https:\/\/www.gaveanews.com\/#website\"},\"primaryImageOfPage\":{\"@id\":\"https:\/\/www.gaveanews.com\/index.php\/2025\/05\/07\/dorival-jr-e-sincero-ao-falar-sobre-maycon-do-corinthians\/#primaryimage\"},\"image\":{\"@id\":\"https:\/\/www.gaveanews.com\/index.php\/2025\/05\/07\/dorival-jr-e-sincero-ao-falar-sobre-maycon-do-corinthians\/#primaryimage\"},\"thumbnailUrl\":\"https:\/\/www.gaveanews.com\/wp-content\/uploads\/Dorival-Jr.-em-sua-primeira-coletiva-como-tecnico-do-Corinthians.webp\",\"datePublished\":\"2025-05-07T18:00:00+00:00\",\"author\":{\"@id\":\"https:\/\/www.gaveanews.com\/#\/schema\/person\/2424ec6409bc3f068411fc5e4e9b6168\"},\"breadcrumb\":{\"@id\":\"https:\/\/www.gaveanews.com\/index.php\/2025\/05\/07\/dorival-jr-e-sincero-ao-falar-sobre-maycon-do-corinthians\/#breadcrumb\"},\"inLanguage\":\"pt-BR\",\"potentialAction\":[{\"@type\":\"ReadAction\",\"target\":[\"https:\/\/www.gaveanews.com\/index.php\/2025\/05\/07\/dorival-jr-e-sincero-ao-falar-sobre-maycon-do-corinthians\/\"]}]},{\"@type\":\"ImageObject\",\"inLanguage\":\"pt-BR\",\"@id\":\"https:\/\/www.gaveanews.com\/index.php\/2025\/05\/07\/dorival-jr-e-sincero-ao-falar-sobre-maycon-do-corinthians\/#primaryimage\",\"url\":\"https:\/\/www.gaveanews.com\/wp-content\/uploads\/Dorival-Jr.-em-sua-primeira-coletiva-como-tecnico-do-Corinthians.webp\",\"contentUrl\":\"https:\/\/www.gaveanews.com\/wp-content\/uploads\/Dorival-Jr.-em-sua-primeira-coletiva-como-tecnico-do-Corinthians.webp\",\"width\":1200,\"height\":900,\"caption\":\"Dorival Jr. em sua primeira coletiva como t\u00e9cnico do Corinthians - Foto: Rodrigo Coca\/Ag\u00eancia SCCP\"},{\"@type\":\"BreadcrumbList\",\"@id\":\"https:\/\/www.gaveanews.com\/index.php\/2025\/05\/07\/dorival-jr-e-sincero-ao-falar-sobre-maycon-do-corinthians\/#breadcrumb\",\"itemListElement\":[{\"@type\":\"ListItem\",\"position\":1,\"name\":\"Home\",\"item\":\"https:\/\/www.gaveanews.com\/\"},{\"@type\":\"ListItem\",\"position\":2,\"name\":\"Dorival Jr \u00e9 sincero ao falar sobre Maycon, do Corinthians\"}]},{\"@type\":\"WebSite\",\"@id\":\"https:\/\/www.gaveanews.com\/#website\",\"url\":\"https:\/\/www.gaveanews.com\/\",\"name\":\"G\u00e1vea News\",\"description\":\"Veja todas as not\u00edcias sobre o Flamengo: Contrata\u00e7\u00f5es, categorias de base, resultados das partidas, tabela de classifica\u00e7\u00e3o, pr\u00f3ximos jogos!\",\"potentialAction\":[{\"@type\":\"SearchAction\",\"target\":{\"@type\":\"EntryPoint\",\"urlTemplate\":\"https:\/\/www.gaveanews.com\/?s={search_term_string}\"},\"query-input\":{\"@type\":\"PropertyValueSpecification\",\"valueRequired\":true,\"valueName\":\"search_term_string\"}}],\"inLanguage\":\"pt-BR\"},{\"@type\":\"Person\",\"@id\":\"https:\/\/www.gaveanews.com\/#\/schema\/person\/2424ec6409bc3f068411fc5e4e9b6168\",\"name\":\"Leandro Cardoso\",\"image\":{\"@type\":\"ImageObject\",\"inLanguage\":\"pt-BR\",\"@id\":\"https:\/\/www.gaveanews.com\/#\/schema\/person\/image\/\",\"url\":\"https:\/\/secure.gravatar.com\/avatar\/8ca179f9b55eefe9f376f5493ef25475bfa59fbc28ce937f6076ce20e523098f?s=96&d=mm&r=g\",\"contentUrl\":\"https:\/\/secure.gravatar.com\/avatar\/8ca179f9b55eefe9f376f5493ef25475bfa59fbc28ce937f6076ce20e523098f?s=96&d=mm&r=g\",\"caption\":\"Leandro Cardoso\"}}]}<\/script>\n<!-- \/ Yoast SEO Premium plugin. -->","yoast_head_json":{"title":"Dorival Jr \u00e9 sincero ao falar sobre Maycon, do Corinthians","robots":{"index":"index","follow":"follow","max-snippet":"max-snippet:-1","max-image-preview":"max-image-preview:large","max-video-preview":"max-video-preview:-1"},"canonical":"https:\/\/www.gaveanews.com\/index.php\/2025\/05\/07\/dorival-jr-e-sincero-ao-falar-sobre-maycon-do-corinthians\/","og_locale":"pt_BR","og_type":"article","og_title":"Dorival Jr \u00e9 sincero ao falar sobre Maycon, do Corinthians","og_description":"O volante Maycon tem mostrado um desempenho not\u00e1vel no Corinthians, e o t\u00e9cnico Dorival J\u00fanior fez quest\u00e3o de comentar sobre sua atua\u00e7\u00e3o. De acordo com o treinador, o jogador possui caracter\u00edsticas que o tornam interessante para uma fun\u00e7\u00e3o mais adiantada, o que o diferencia de Raniele.&nbsp; \u201cTodos n\u00f3s acompanhamos um pouco da trajet\u00f3ria desse atleta [&hellip;]","og_url":"https:\/\/www.gaveanews.com\/index.php\/2025\/05\/07\/dorival-jr-e-sincero-ao-falar-sobre-maycon-do-corinthians\/","og_site_name":"G\u00e1vea News","article_publisher":"https:\/\/facebook.com\/gaveaNews\/","article_published_time":"2025-05-07T18:00:00+00:00","og_image":[{"width":1200,"height":900,"url":"https:\/\/www.gaveanews.com\/wp-content\/uploads\/Dorival-Jr.-em-sua-primeira-coletiva-como-tecnico-do-Corinthians.webp","type":"image\/webp"}],"author":"Leandro Cardoso","twitter_card":"summary_large_image","twitter_misc":{"Escrito por":"Leandro Cardoso","Est. tempo de leitura":"3 minutos"},"schema":{"@context":"https:\/\/schema.org","@graph":[{"@type":"NewsArticle","@id":"https:\/\/www.gaveanews.com\/index.php\/2025\/05\/07\/dorival-jr-e-sincero-ao-falar-sobre-maycon-do-corinthians\/#article","isPartOf":{"@id":"https:\/\/www.gaveanews.com\/index.php\/2025\/05\/07\/dorival-jr-e-sincero-ao-falar-sobre-maycon-do-corinthians\/"},"author":{"name":"Leandro Cardoso","@id":"https:\/\/www.gaveanews.com\/#\/schema\/person\/2424ec6409bc3f068411fc5e4e9b6168"},"headline":"Dorival Jr \u00e9 sincero ao falar sobre Maycon, do Corinthians","datePublished":"2025-05-07T18:00:00+00:00","mainEntityOfPage":{"@id":"https:\/\/www.gaveanews.com\/index.php\/2025\/05\/07\/dorival-jr-e-sincero-ao-falar-sobre-maycon-do-corinthians\/"},"wordCount":385,"commentCount":0,"image":{"@id":"https:\/\/www.gaveanews.com\/index.php\/2025\/05\/07\/dorival-jr-e-sincero-ao-falar-sobre-maycon-do-corinthians\/#primaryimage"},"thumbnailUrl":"https:\/\/www.gaveanews.com\/wp-content\/uploads\/Dorival-Jr.-em-sua-primeira-coletiva-como-tecnico-do-Corinthians.webp","articleSection":["Corinthians"],"inLanguage":"pt-BR","potentialAction":[{"@type":"CommentAction","name":"Comment","target":["https:\/\/www.gaveanews.com\/index.php\/2025\/05\/07\/dorival-jr-e-sincero-ao-falar-sobre-maycon-do-corinthians\/#respond"]}],"copyrightYear":"2025","copyrightHolder":{"@id":"https:\/\/www.gaveanews.com\/#organization"}},{"@type":"WebPage","@id":"https:\/\/www.gaveanews.com\/index.php\/2025\/05\/07\/dorival-jr-e-sincero-ao-falar-sobre-maycon-do-corinthians\/","url":"https:\/\/www.gaveanews.com\/index.php\/2025\/05\/07\/dorival-jr-e-sincero-ao-falar-sobre-maycon-do-corinthians\/","name":"Dorival Jr \u00e9 sincero ao falar sobre Maycon, do Corinthians","isPartOf":{"@id":"https:\/\/www.gaveanews.com\/#website"},"primaryImageOfPage":{"@id":"https:\/\/www.gaveanews.com\/index.php\/2025\/05\/07\/dorival-jr-e-sincero-ao-falar-sobre-maycon-do-corinthians\/#primaryimage"},"image":{"@id":"https:\/\/www.gaveanews.com\/index.php\/2025\/05\/07\/dorival-jr-e-sincero-ao-falar-sobre-maycon-do-corinthians\/#primaryimage"},"thumbnailUrl":"https:\/\/www.gaveanews.com\/wp-content\/uploads\/Dorival-Jr.-em-sua-primeira-coletiva-como-tecnico-do-Corinthians.webp","datePublished":"2025-05-07T18:00:00+00:00","author":{"@id":"https:\/\/www.gaveanews.com\/#\/schema\/person\/2424ec6409bc3f068411fc5e4e9b6168"},"breadcrumb":{"@id":"https:\/\/www.gaveanews.com\/index.php\/2025\/05\/07\/dorival-jr-e-sincero-ao-falar-sobre-maycon-do-corinthians\/#breadcrumb"},"inLanguage":"pt-BR","potentialAction":[{"@type":"ReadAction","target":["https:\/\/www.gaveanews.com\/index.php\/2025\/05\/07\/dorival-jr-e-sincero-ao-falar-sobre-maycon-do-corinthians\/"]}]},{"@type":"ImageObject","inLanguage":"pt-BR","@id":"https:\/\/www.gaveanews.com\/index.php\/2025\/05\/07\/dorival-jr-e-sincero-ao-falar-sobre-maycon-do-corinthians\/#primaryimage","url":"https:\/\/www.gaveanews.com\/wp-content\/uploads\/Dorival-Jr.-em-sua-primeira-coletiva-como-tecnico-do-Corinthians.webp","contentUrl":"https:\/\/www.gaveanews.com\/wp-content\/uploads\/Dorival-Jr.-em-sua-primeira-coletiva-como-tecnico-do-Corinthians.webp","width":1200,"height":900,"caption":"Dorival Jr. em sua primeira coletiva como t\u00e9cnico do Corinthians - Foto: Rodrigo Coca\/Ag\u00eancia SCCP"},{"@type":"BreadcrumbList","@id":"https:\/\/www.gaveanews.com\/index.php\/2025\/05\/07\/dorival-jr-e-sincero-ao-falar-sobre-maycon-do-corinthians\/#breadcrumb","itemListElement":[{"@type":"ListItem","position":1,"name":"Home","item":"https:\/\/www.gaveanews.com\/"},{"@type":"ListItem","position":2,"name":"Dorival Jr \u00e9 sincero ao falar sobre Maycon, do Corinthians"}]},{"@type":"WebSite","@id":"https:\/\/www.gaveanews.com\/#website","url":"https:\/\/www.gaveanews.com\/","name":"G\u00e1vea News","description":"Veja todas as not\u00edcias sobre o Flamengo: Contrata\u00e7\u00f5es, categorias de base, resultados das partidas, tabela de classifica\u00e7\u00e3o, pr\u00f3ximos jogos!","potentialAction":[{"@type":"SearchAction","target":{"@type":"EntryPoint","urlTemplate":"https:\/\/www.gaveanews.com\/?s={search_term_string}"},"query-input":{"@type":"PropertyValueSpecification","valueRequired":true,"valueName":"search_term_string"}}],"inLanguage":"pt-BR"},{"@type":"Person","@id":"https:\/\/www.gaveanews.com\/#\/schema\/person\/2424ec6409bc3f068411fc5e4e9b6168","name":"Leandro Cardoso","image":{"@type":"ImageObject","inLanguage":"pt-BR","@id":"https:\/\/www.gaveanews.com\/#\/schema\/person\/image\/","url":"https:\/\/secure.gravatar.com\/avatar\/8ca179f9b55eefe9f376f5493ef25475bfa59fbc28ce937f6076ce20e523098f?s=96&d=mm&r=g","contentUrl":"https:\/\/secure.gravatar.com\/avatar\/8ca179f9b55eefe9f376f5493ef25475bfa59fbc28ce937f6076ce20e523098f?s=96&d=mm&r=g","caption":"Leandro Cardoso"}}]}},"_links":{"self":[{"href":"https:\/\/www.gaveanews.com\/index.php\/wp-json\/wp\/v2\/posts\/261501","targetHints":{"allow":["GET"]}}],"collection":[{"href":"https:\/\/www.gaveanews.com\/index.php\/wp-json\/wp\/v2\/posts"}],"about":[{"href":"https:\/\/www.gaveanews.com\/index.php\/wp-json\/wp\/v2\/types\/post"}],"author":[{"embeddable":true,"href":"https:\/\/www.gaveanews.com\/index.php\/wp-json\/wp\/v2\/users\/24"}],"replies":[{"embeddable":true,"href":"https:\/\/www.gaveanews.com\/index.php\/wp-json\/wp\/v2\/comments?post=261501"}],"version-history":[{"count":1,"href":"https:\/\/www.gaveanews.com\/index.php\/wp-json\/wp\/v2\/posts\/261501\/revisions"}],"predecessor-version":[{"id":261502,"href":"https:\/\/www.gaveanews.com\/index.php\/wp-json\/wp\/v2\/posts\/261501\/revisions\/261502"}],"wp:featuredmedia":[{"embeddable":true,"href":"https:\/\/www.gaveanews.com\/index.php\/wp-json\/wp\/v2\/media\/258834"}],"wp:attachment":[{"href":"https:\/\/www.gaveanews.com\/index.php\/wp-json\/wp\/v2\/media?parent=261501"}],"wp:term":[{"taxonomy":"category","embeddable":true,"href":"https:\/\/www.gaveanews.com\/index.php\/wp-json\/wp\/v2\/categories?post=261501"},{"taxonomy":"post_tag","embeddable":true,"href":"https:\/\/www.gaveanews.com\/index.php\/wp-json\/wp\/v2\/tags?post=261501"}],"curies":[{"name":"wp","href":"https:\/\/api.w.org\/{rel}","templated":true}]}}