{"id":261578,"date":"2025-05-07T18:25:00","date_gmt":"2025-05-07T21:25:00","guid":{"rendered":"https:\/\/www.gaveanews.com\/?p=261578"},"modified":"2025-05-07T16:36:36","modified_gmt":"2025-05-07T19:36:36","slug":"veja-os-detalhes-da-negociacao-entre-dudu-e-atletico-mg","status":"publish","type":"post","link":"https:\/\/www.gaveanews.com\/index.php\/2025\/05\/07\/veja-os-detalhes-da-negociacao-entre-dudu-e-atletico-mg\/","title":{"rendered":"Veja os detalhes da negocia\u00e7\u00e3o entre Dudu e Atl\u00e9tico-MG"},"content":{"rendered":"\n<p>O acerto de Dudu com o Atl\u00e9tico-MG n\u00e3o foi apenas mais uma movimenta\u00e7\u00e3o comum no mercado da bola. O epis\u00f3dio envolveu articula\u00e7\u00e3o direta do t\u00e9cnico Cuca, disputas de bastidores com o Cruzeiro e at\u00e9 uma consider\u00e1vel ren\u00fancia financeira por parte do atacante, de 33 anos, que trocou a Toca da Raposa II pela Cidade do Galo em um intervalo de apenas quatro dias.<\/p>\n\n\n\n<p>A costura da negocia\u00e7\u00e3o come\u00e7ou ainda quando Dudu era oficialmente atleta do Cruzeiro. Ap\u00f3s uma derrota para o Mushuc Runa, pela Copa Sul-Americana, Cuca entrou em contato com o jogador, com quem mant\u00e9m boa rela\u00e7\u00e3o desde os tempos de Palmeiras. A sondagem foi discreta e visava abrir portas em caso de uma eventual rescis\u00e3o contratual. O tom da conversa foi positivo, mas n\u00e3o definitivo.<\/p>\n\n\n\n<p>Pouco tempo depois, o cen\u00e1rio come\u00e7ou a mudar. O empres\u00e1rio Andr\u00e9 Cury se deslocou para Belo Horizonte e teve reuni\u00f5es com representantes de ambos os clubes. No dia 1\u00ba de maio, encontrou-se com Alexandre Mattos, CEO do Cruzeiro, para tratar do distrato. Na mesma ocasi\u00e3o, reuniu-se com Paulo Bracks, executivo de futebol do Atl\u00e9tico-MG, para discutir o poss\u00edvel v\u00ednculo com o novo clube.<\/p>\n\n\n\n<h2 class=\"wp-block-heading\" id=\"h-acordo-com-reducao-salarial\">Acordo com redu\u00e7\u00e3o salarial<\/h2>\n\n\n\n<p>A transfer\u00eancia foi condicionada \u00e0 rescis\u00e3o amig\u00e1vel com o Cruzeiro. O contrato anterior previa pagamento de R$ 63 milh\u00f5es at\u00e9 dezembro de 2027. No entanto, Dudu aceitou um acordo que lhe garante R$ 15 milh\u00f5es pagos de forma parcelada, valor correspondente a menos de 25% do montante original. O gesto indicava claramente sua disposi\u00e7\u00e3o em buscar novos rumos.<\/p>\n\n\n\n<p>No Atl\u00e9tico, o jogador tamb\u00e9m aceitou uma significativa diminui\u00e7\u00e3o de sal\u00e1rio. Enquanto no Cruzeiro os vencimentos giravam em torno de R$ 2 milh\u00f5es mensais, o novo compromisso estipula valores entre R$ 1,2 milh\u00e3o e R$ 1,3 milh\u00e3o. Apesar do corte, o atacante assegurou um contrato mais longo, com dura\u00e7\u00e3o at\u00e9 o fim de 2027 \u2014 desejo seu desde o in\u00edcio das tratativas.<\/p>\n\n\n\n<h2 class=\"wp-block-heading\" id=\"h-resistencias-internas-e-movimentacao-rival\">Resist\u00eancias internas e movimenta\u00e7\u00e3o rival<\/h2>\n\n\n\n<p>A negocia\u00e7\u00e3o n\u00e3o foi isenta de atritos. No Cruzeiro, um integrante do departamento de futebol tentou oferecer o atacante a outras equipes como Corinthians e Fluminense, numa tentativa de barrar o acerto com o rival. Gr\u00eamio, Santos e Botafogo tamb\u00e9m demonstraram interesse, mas o Atl\u00e9tico tinha a prioridade.<\/p>\n\n\n\n<p>Internamente, o nome de Dudu n\u00e3o foi unanimidade entre os membros do Conselho de Administra\u00e7\u00e3o do Galo. Um dos conselheiros classificou a contrata\u00e7\u00e3o como \u201cde alto risco\u201d. Apesar disso, a diretoria seguiu firme no planejamento e recebeu aval suficiente para fechar o neg\u00f3cio.<\/p>\n\n\n\n<h2 class=\"wp-block-heading\" id=\"h-integracao-e-expectativa\">Integra\u00e7\u00e3o e expectativa<\/h2>\n\n\n\n<p>Mesmo com o contrato assinado, Dudu s\u00f3 poder\u00e1 atuar a partir de junho, ap\u00f3s a abertura da janela de transfer\u00eancias do meio do ano. O jogador, que vestir\u00e1 a camisa 92, deve ser apresentado na pr\u00f3xima semana. At\u00e9 l\u00e1, passar\u00e1 um breve per\u00edodo com a fam\u00edlia na Europa.<\/p>\n\n\n\n<p>A recep\u00e7\u00e3o inicial ao refor\u00e7o tem sido melhor que o esperado. Conforme apurado, integrantes da comiss\u00e3o t\u00e9cnica e do elenco aprovaram a chegada do atacante. A presen\u00e7a de ex-companheiros de Palmeiras \u2014 como Caio, Gustavo Scarpa, Gabriel Menino e Rony \u2014 tende a facilitar sua adapta\u00e7\u00e3o.<\/p>\n\n\n\n<p><\/p>\n","protected":false},"excerpt":{"rendered":"<p>O acerto de Dudu com o Atl\u00e9tico-MG n\u00e3o foi apenas mais uma movimenta\u00e7\u00e3o comum no mercado da bola. O epis\u00f3dio envolveu articula\u00e7\u00e3o direta do t\u00e9cnico Cuca, disputas de bastidores com o Cruzeiro e at\u00e9 uma consider\u00e1vel ren\u00fancia financeira por parte do atacante, de 33 anos, que trocou a Toca da Raposa II pela Cidade do [&hellip;]<\/p>\n","protected":false},"author":30,"featured_media":260860,"comment_status":"open","ping_status":"closed","sticky":false,"template":"","format":"standard","meta":{"footnotes":""},"categories":[136],"tags":[],"class_list":["post-261578","post","type-post","status-publish","format-standard","has-post-thumbnail","hentry","category-atletico-mg"],"yoast_head":"<!-- This site is optimized with the Yoast SEO Premium plugin v24.2 (Yoast SEO v26.9) - https:\/\/yoast.com\/product\/yoast-seo-premium-wordpress\/ -->\n<title>Veja os detalhes da negocia\u00e7\u00e3o entre Dudu e Atl\u00e9tico-MG<\/title>\n<meta name=\"robots\" content=\"index, follow, max-snippet:-1, max-image-preview:large, max-video-preview:-1\" \/>\n<link rel=\"canonical\" href=\"https:\/\/www.gaveanews.com\/index.php\/2025\/05\/07\/veja-os-detalhes-da-negociacao-entre-dudu-e-atletico-mg\/\" \/>\n<meta property=\"og:locale\" content=\"pt_BR\" \/>\n<meta property=\"og:type\" content=\"article\" \/>\n<meta property=\"og:title\" content=\"Veja os detalhes da negocia\u00e7\u00e3o entre Dudu e Atl\u00e9tico-MG\" \/>\n<meta property=\"og:description\" content=\"O acerto de Dudu com o Atl\u00e9tico-MG n\u00e3o foi apenas mais uma movimenta\u00e7\u00e3o comum no mercado da bola. O epis\u00f3dio envolveu articula\u00e7\u00e3o direta do t\u00e9cnico Cuca, disputas de bastidores com o Cruzeiro e at\u00e9 uma consider\u00e1vel ren\u00fancia financeira por parte do atacante, de 33 anos, que trocou a Toca da Raposa II pela Cidade do [&hellip;]\" \/>\n<meta property=\"og:url\" content=\"https:\/\/www.gaveanews.com\/index.php\/2025\/05\/07\/veja-os-detalhes-da-negociacao-entre-dudu-e-atletico-mg\/\" \/>\n<meta property=\"og:site_name\" content=\"G\u00e1vea News\" \/>\n<meta property=\"article:publisher\" content=\"https:\/\/facebook.com\/gaveaNews\/\" \/>\n<meta property=\"article:published_time\" content=\"2025-05-07T21:25:00+00:00\" \/>\n<meta property=\"og:image\" content=\"https:\/\/www.gaveanews.com\/wp-content\/uploads\/Atletico-MG.webp\" \/>\n\t<meta property=\"og:image:width\" content=\"1200\" \/>\n\t<meta property=\"og:image:height\" content=\"900\" \/>\n\t<meta property=\"og:image:type\" content=\"image\/webp\" \/>\n<meta name=\"author\" content=\"Ana Teixeira\" \/>\n<meta name=\"twitter:card\" content=\"summary_large_image\" \/>\n<meta name=\"twitter:label1\" content=\"Escrito por\" \/>\n\t<meta name=\"twitter:data1\" content=\"Ana Teixeira\" \/>\n\t<meta name=\"twitter:label2\" content=\"Est. tempo de leitura\" \/>\n\t<meta name=\"twitter:data2\" content=\"3 minutos\" \/>\n<script type=\"application\/ld+json\" class=\"yoast-schema-graph\">{\"@context\":\"https:\/\/schema.org\",\"@graph\":[{\"@type\":\"NewsArticle\",\"@id\":\"https:\/\/www.gaveanews.com\/index.php\/2025\/05\/07\/veja-os-detalhes-da-negociacao-entre-dudu-e-atletico-mg\/#article\",\"isPartOf\":{\"@id\":\"https:\/\/www.gaveanews.com\/index.php\/2025\/05\/07\/veja-os-detalhes-da-negociacao-entre-dudu-e-atletico-mg\/\"},\"author\":{\"name\":\"Ana Teixeira\",\"@id\":\"https:\/\/www.gaveanews.com\/#\/schema\/person\/3b19f7288b0ce20372991275e4f2e6c2\"},\"headline\":\"Veja os detalhes da negocia\u00e7\u00e3o entre Dudu e Atl\u00e9tico-MG\",\"datePublished\":\"2025-05-07T21:25:00+00:00\",\"mainEntityOfPage\":{\"@id\":\"https:\/\/www.gaveanews.com\/index.php\/2025\/05\/07\/veja-os-detalhes-da-negociacao-entre-dudu-e-atletico-mg\/\"},\"wordCount\":565,\"commentCount\":0,\"image\":{\"@id\":\"https:\/\/www.gaveanews.com\/index.php\/2025\/05\/07\/veja-os-detalhes-da-negociacao-entre-dudu-e-atletico-mg\/#primaryimage\"},\"thumbnailUrl\":\"https:\/\/www.gaveanews.com\/wp-content\/uploads\/Atletico-MG.webp\",\"articleSection\":[\"Atl\u00e9tico-MG\"],\"inLanguage\":\"pt-BR\",\"potentialAction\":[{\"@type\":\"CommentAction\",\"name\":\"Comment\",\"target\":[\"https:\/\/www.gaveanews.com\/index.php\/2025\/05\/07\/veja-os-detalhes-da-negociacao-entre-dudu-e-atletico-mg\/#respond\"]}],\"copyrightYear\":\"2025\",\"copyrightHolder\":{\"@id\":\"https:\/\/www.gaveanews.com\/#organization\"}},{\"@type\":\"WebPage\",\"@id\":\"https:\/\/www.gaveanews.com\/index.php\/2025\/05\/07\/veja-os-detalhes-da-negociacao-entre-dudu-e-atletico-mg\/\",\"url\":\"https:\/\/www.gaveanews.com\/index.php\/2025\/05\/07\/veja-os-detalhes-da-negociacao-entre-dudu-e-atletico-mg\/\",\"name\":\"Veja os detalhes da negocia\u00e7\u00e3o entre Dudu e Atl\u00e9tico-MG\",\"isPartOf\":{\"@id\":\"https:\/\/www.gaveanews.com\/#website\"},\"primaryImageOfPage\":{\"@id\":\"https:\/\/www.gaveanews.com\/index.php\/2025\/05\/07\/veja-os-detalhes-da-negociacao-entre-dudu-e-atletico-mg\/#primaryimage\"},\"image\":{\"@id\":\"https:\/\/www.gaveanews.com\/index.php\/2025\/05\/07\/veja-os-detalhes-da-negociacao-entre-dudu-e-atletico-mg\/#primaryimage\"},\"thumbnailUrl\":\"https:\/\/www.gaveanews.com\/wp-content\/uploads\/Atletico-MG.webp\",\"datePublished\":\"2025-05-07T21:25:00+00:00\",\"author\":{\"@id\":\"https:\/\/www.gaveanews.com\/#\/schema\/person\/3b19f7288b0ce20372991275e4f2e6c2\"},\"breadcrumb\":{\"@id\":\"https:\/\/www.gaveanews.com\/index.php\/2025\/05\/07\/veja-os-detalhes-da-negociacao-entre-dudu-e-atletico-mg\/#breadcrumb\"},\"inLanguage\":\"pt-BR\",\"potentialAction\":[{\"@type\":\"ReadAction\",\"target\":[\"https:\/\/www.gaveanews.com\/index.php\/2025\/05\/07\/veja-os-detalhes-da-negociacao-entre-dudu-e-atletico-mg\/\"]}]},{\"@type\":\"ImageObject\",\"inLanguage\":\"pt-BR\",\"@id\":\"https:\/\/www.gaveanews.com\/index.php\/2025\/05\/07\/veja-os-detalhes-da-negociacao-entre-dudu-e-atletico-mg\/#primaryimage\",\"url\":\"https:\/\/www.gaveanews.com\/wp-content\/uploads\/Atletico-MG.webp\",\"contentUrl\":\"https:\/\/www.gaveanews.com\/wp-content\/uploads\/Atletico-MG.webp\",\"width\":1200,\"height\":900,\"caption\":\"Atl\u00e9tico-MG (Foto: Divulga\u00e7\u00e3o\/Atl\u00e9tico)\"},{\"@type\":\"BreadcrumbList\",\"@id\":\"https:\/\/www.gaveanews.com\/index.php\/2025\/05\/07\/veja-os-detalhes-da-negociacao-entre-dudu-e-atletico-mg\/#breadcrumb\",\"itemListElement\":[{\"@type\":\"ListItem\",\"position\":1,\"name\":\"Home\",\"item\":\"https:\/\/www.gaveanews.com\/\"},{\"@type\":\"ListItem\",\"position\":2,\"name\":\"Veja os detalhes da negocia\u00e7\u00e3o entre Dudu e Atl\u00e9tico-MG\"}]},{\"@type\":\"WebSite\",\"@id\":\"https:\/\/www.gaveanews.com\/#website\",\"url\":\"https:\/\/www.gaveanews.com\/\",\"name\":\"G\u00e1vea News\",\"description\":\"Veja todas as not\u00edcias sobre o Flamengo: Contrata\u00e7\u00f5es, categorias de base, resultados das partidas, tabela de classifica\u00e7\u00e3o, pr\u00f3ximos jogos!\",\"potentialAction\":[{\"@type\":\"SearchAction\",\"target\":{\"@type\":\"EntryPoint\",\"urlTemplate\":\"https:\/\/www.gaveanews.com\/?s={search_term_string}\"},\"query-input\":{\"@type\":\"PropertyValueSpecification\",\"valueRequired\":true,\"valueName\":\"search_term_string\"}}],\"inLanguage\":\"pt-BR\"},{\"@type\":\"Person\",\"@id\":\"https:\/\/www.gaveanews.com\/#\/schema\/person\/3b19f7288b0ce20372991275e4f2e6c2\",\"name\":\"Ana Teixeira\",\"image\":{\"@type\":\"ImageObject\",\"inLanguage\":\"pt-BR\",\"@id\":\"https:\/\/www.gaveanews.com\/#\/schema\/person\/image\/\",\"url\":\"https:\/\/secure.gravatar.com\/avatar\/0a73f5a5258f3fed37fc2fa641892f3f7a4748456d4d4792f9bc550e6c19e06c?s=96&d=mm&r=g\",\"contentUrl\":\"https:\/\/secure.gravatar.com\/avatar\/0a73f5a5258f3fed37fc2fa641892f3f7a4748456d4d4792f9bc550e6c19e06c?s=96&d=mm&r=g\",\"caption\":\"Ana Teixeira\"}}]}<\/script>\n<!-- \/ Yoast SEO Premium plugin. -->","yoast_head_json":{"title":"Veja os detalhes da negocia\u00e7\u00e3o entre Dudu e Atl\u00e9tico-MG","robots":{"index":"index","follow":"follow","max-snippet":"max-snippet:-1","max-image-preview":"max-image-preview:large","max-video-preview":"max-video-preview:-1"},"canonical":"https:\/\/www.gaveanews.com\/index.php\/2025\/05\/07\/veja-os-detalhes-da-negociacao-entre-dudu-e-atletico-mg\/","og_locale":"pt_BR","og_type":"article","og_title":"Veja os detalhes da negocia\u00e7\u00e3o entre Dudu e Atl\u00e9tico-MG","og_description":"O acerto de Dudu com o Atl\u00e9tico-MG n\u00e3o foi apenas mais uma movimenta\u00e7\u00e3o comum no mercado da bola. O epis\u00f3dio envolveu articula\u00e7\u00e3o direta do t\u00e9cnico Cuca, disputas de bastidores com o Cruzeiro e at\u00e9 uma consider\u00e1vel ren\u00fancia financeira por parte do atacante, de 33 anos, que trocou a Toca da Raposa II pela Cidade do [&hellip;]","og_url":"https:\/\/www.gaveanews.com\/index.php\/2025\/05\/07\/veja-os-detalhes-da-negociacao-entre-dudu-e-atletico-mg\/","og_site_name":"G\u00e1vea News","article_publisher":"https:\/\/facebook.com\/gaveaNews\/","article_published_time":"2025-05-07T21:25:00+00:00","og_image":[{"width":1200,"height":900,"url":"https:\/\/www.gaveanews.com\/wp-content\/uploads\/Atletico-MG.webp","type":"image\/webp"}],"author":"Ana Teixeira","twitter_card":"summary_large_image","twitter_misc":{"Escrito por":"Ana Teixeira","Est. tempo de leitura":"3 minutos"},"schema":{"@context":"https:\/\/schema.org","@graph":[{"@type":"NewsArticle","@id":"https:\/\/www.gaveanews.com\/index.php\/2025\/05\/07\/veja-os-detalhes-da-negociacao-entre-dudu-e-atletico-mg\/#article","isPartOf":{"@id":"https:\/\/www.gaveanews.com\/index.php\/2025\/05\/07\/veja-os-detalhes-da-negociacao-entre-dudu-e-atletico-mg\/"},"author":{"name":"Ana Teixeira","@id":"https:\/\/www.gaveanews.com\/#\/schema\/person\/3b19f7288b0ce20372991275e4f2e6c2"},"headline":"Veja os detalhes da negocia\u00e7\u00e3o entre Dudu e Atl\u00e9tico-MG","datePublished":"2025-05-07T21:25:00+00:00","mainEntityOfPage":{"@id":"https:\/\/www.gaveanews.com\/index.php\/2025\/05\/07\/veja-os-detalhes-da-negociacao-entre-dudu-e-atletico-mg\/"},"wordCount":565,"commentCount":0,"image":{"@id":"https:\/\/www.gaveanews.com\/index.php\/2025\/05\/07\/veja-os-detalhes-da-negociacao-entre-dudu-e-atletico-mg\/#primaryimage"},"thumbnailUrl":"https:\/\/www.gaveanews.com\/wp-content\/uploads\/Atletico-MG.webp","articleSection":["Atl\u00e9tico-MG"],"inLanguage":"pt-BR","potentialAction":[{"@type":"CommentAction","name":"Comment","target":["https:\/\/www.gaveanews.com\/index.php\/2025\/05\/07\/veja-os-detalhes-da-negociacao-entre-dudu-e-atletico-mg\/#respond"]}],"copyrightYear":"2025","copyrightHolder":{"@id":"https:\/\/www.gaveanews.com\/#organization"}},{"@type":"WebPage","@id":"https:\/\/www.gaveanews.com\/index.php\/2025\/05\/07\/veja-os-detalhes-da-negociacao-entre-dudu-e-atletico-mg\/","url":"https:\/\/www.gaveanews.com\/index.php\/2025\/05\/07\/veja-os-detalhes-da-negociacao-entre-dudu-e-atletico-mg\/","name":"Veja os detalhes da negocia\u00e7\u00e3o entre Dudu e Atl\u00e9tico-MG","isPartOf":{"@id":"https:\/\/www.gaveanews.com\/#website"},"primaryImageOfPage":{"@id":"https:\/\/www.gaveanews.com\/index.php\/2025\/05\/07\/veja-os-detalhes-da-negociacao-entre-dudu-e-atletico-mg\/#primaryimage"},"image":{"@id":"https:\/\/www.gaveanews.com\/index.php\/2025\/05\/07\/veja-os-detalhes-da-negociacao-entre-dudu-e-atletico-mg\/#primaryimage"},"thumbnailUrl":"https:\/\/www.gaveanews.com\/wp-content\/uploads\/Atletico-MG.webp","datePublished":"2025-05-07T21:25:00+00:00","author":{"@id":"https:\/\/www.gaveanews.com\/#\/schema\/person\/3b19f7288b0ce20372991275e4f2e6c2"},"breadcrumb":{"@id":"https:\/\/www.gaveanews.com\/index.php\/2025\/05\/07\/veja-os-detalhes-da-negociacao-entre-dudu-e-atletico-mg\/#breadcrumb"},"inLanguage":"pt-BR","potentialAction":[{"@type":"ReadAction","target":["https:\/\/www.gaveanews.com\/index.php\/2025\/05\/07\/veja-os-detalhes-da-negociacao-entre-dudu-e-atletico-mg\/"]}]},{"@type":"ImageObject","inLanguage":"pt-BR","@id":"https:\/\/www.gaveanews.com\/index.php\/2025\/05\/07\/veja-os-detalhes-da-negociacao-entre-dudu-e-atletico-mg\/#primaryimage","url":"https:\/\/www.gaveanews.com\/wp-content\/uploads\/Atletico-MG.webp","contentUrl":"https:\/\/www.gaveanews.com\/wp-content\/uploads\/Atletico-MG.webp","width":1200,"height":900,"caption":"Atl\u00e9tico-MG (Foto: Divulga\u00e7\u00e3o\/Atl\u00e9tico)"},{"@type":"BreadcrumbList","@id":"https:\/\/www.gaveanews.com\/index.php\/2025\/05\/07\/veja-os-detalhes-da-negociacao-entre-dudu-e-atletico-mg\/#breadcrumb","itemListElement":[{"@type":"ListItem","position":1,"name":"Home","item":"https:\/\/www.gaveanews.com\/"},{"@type":"ListItem","position":2,"name":"Veja os detalhes da negocia\u00e7\u00e3o entre Dudu e Atl\u00e9tico-MG"}]},{"@type":"WebSite","@id":"https:\/\/www.gaveanews.com\/#website","url":"https:\/\/www.gaveanews.com\/","name":"G\u00e1vea News","description":"Veja todas as not\u00edcias sobre o Flamengo: Contrata\u00e7\u00f5es, categorias de base, resultados das partidas, tabela de classifica\u00e7\u00e3o, pr\u00f3ximos jogos!","potentialAction":[{"@type":"SearchAction","target":{"@type":"EntryPoint","urlTemplate":"https:\/\/www.gaveanews.com\/?s={search_term_string}"},"query-input":{"@type":"PropertyValueSpecification","valueRequired":true,"valueName":"search_term_string"}}],"inLanguage":"pt-BR"},{"@type":"Person","@id":"https:\/\/www.gaveanews.com\/#\/schema\/person\/3b19f7288b0ce20372991275e4f2e6c2","name":"Ana Teixeira","image":{"@type":"ImageObject","inLanguage":"pt-BR","@id":"https:\/\/www.gaveanews.com\/#\/schema\/person\/image\/","url":"https:\/\/secure.gravatar.com\/avatar\/0a73f5a5258f3fed37fc2fa641892f3f7a4748456d4d4792f9bc550e6c19e06c?s=96&d=mm&r=g","contentUrl":"https:\/\/secure.gravatar.com\/avatar\/0a73f5a5258f3fed37fc2fa641892f3f7a4748456d4d4792f9bc550e6c19e06c?s=96&d=mm&r=g","caption":"Ana Teixeira"}}]}},"_links":{"self":[{"href":"https:\/\/www.gaveanews.com\/index.php\/wp-json\/wp\/v2\/posts\/261578","targetHints":{"allow":["GET"]}}],"collection":[{"href":"https:\/\/www.gaveanews.com\/index.php\/wp-json\/wp\/v2\/posts"}],"about":[{"href":"https:\/\/www.gaveanews.com\/index.php\/wp-json\/wp\/v2\/types\/post"}],"author":[{"embeddable":true,"href":"https:\/\/www.gaveanews.com\/index.php\/wp-json\/wp\/v2\/users\/30"}],"replies":[{"embeddable":true,"href":"https:\/\/www.gaveanews.com\/index.php\/wp-json\/wp\/v2\/comments?post=261578"}],"version-history":[{"count":1,"href":"https:\/\/www.gaveanews.com\/index.php\/wp-json\/wp\/v2\/posts\/261578\/revisions"}],"predecessor-version":[{"id":261599,"href":"https:\/\/www.gaveanews.com\/index.php\/wp-json\/wp\/v2\/posts\/261578\/revisions\/261599"}],"wp:featuredmedia":[{"embeddable":true,"href":"https:\/\/www.gaveanews.com\/index.php\/wp-json\/wp\/v2\/media\/260860"}],"wp:attachment":[{"href":"https:\/\/www.gaveanews.com\/index.php\/wp-json\/wp\/v2\/media?parent=261578"}],"wp:term":[{"taxonomy":"category","embeddable":true,"href":"https:\/\/www.gaveanews.com\/index.php\/wp-json\/wp\/v2\/categories?post=261578"},{"taxonomy":"post_tag","embeddable":true,"href":"https:\/\/www.gaveanews.com\/index.php\/wp-json\/wp\/v2\/tags?post=261578"}],"curies":[{"name":"wp","href":"https:\/\/api.w.org\/{rel}","templated":true}]}}