{"id":261844,"date":"2025-05-08T13:15:00","date_gmt":"2025-05-08T16:15:00","guid":{"rendered":"https:\/\/www.gaveanews.com\/?p=261844"},"modified":"2025-05-08T12:41:47","modified_gmt":"2025-05-08T15:41:47","slug":"a-declaracao-de-filipe-luis-direcionada-a-pedro-do-flamengo-2","status":"publish","type":"post","link":"https:\/\/www.gaveanews.com\/index.php\/2025\/05\/08\/a-declaracao-de-filipe-luis-direcionada-a-pedro-do-flamengo-2\/","title":{"rendered":"A declara\u00e7\u00e3o de Filipe Lu\u00eds direcionada a Pedro, do Flamengo"},"content":{"rendered":"\n<p>Em uma noite de pouca inspira\u00e7\u00e3o e muitos erros, o Flamengo apenas empatou com o Central C\u00f3rdoba por 1 a 1, nesta quarta-feira (07), em jogo v\u00e1lido pela fase de grupos da Libertadores.&nbsp;<\/p>\n\n\n\n<p>Mas o que mais chamou aten\u00e7\u00e3o ap\u00f3s o apito final n\u00e3o foi o resultado em si, e sim a fala direta do t\u00e9cnico Filipe Lu\u00eds sobre a atua\u00e7\u00e3o de Pedro. Em entrevista, o treinador deixou claro que a substitui\u00e7\u00e3o do camisa 9 no intervalo foi estrat\u00e9gica, mas tamb\u00e9m baseada no desempenho f\u00edsico do atacante.<\/p>\n\n\n\n<h2 class=\"wp-block-heading\" id=\"h-troca-no-intervalo-e-justificativa-sincera\">Troca no intervalo e justificativa sincera<\/h2>\n\n\n\n<p>\u201cO Pedro n\u00e3o vinha fazendo um bom jogo, nem fisicamente, nem tecnicamente. Como toda a equipe, tecnicamente, ele estava abaixo. E fisicamente eu sentia que ele n\u00e3o estava com a for\u00e7a necess\u00e1ria para poder pressionar, para poder atacar os espa\u00e7os, porque eles estavam com a linha alta. E decidi pelo Juninho no intervalo. O Pedro&#8230; Tem que entender que vem de sete meses parado e nessa sequ\u00eancia ele vai sentir um pouco\u201d, afirmou Filipe Lu\u00eds ap\u00f3s a partida.<\/p>\n\n\n\n<h2 class=\"wp-block-heading\" id=\"h-flamengo-comeca-bem-mas-cai-de-rendimento\">Flamengo come\u00e7a bem, mas cai de rendimento<\/h2>\n\n\n\n<p>O Rubro-Negro at\u00e9 saiu na frente com um belo gol de Arrascaeta, logo aos 10 minutos do primeiro tempo, ap\u00f3s tabela com Gerson. Por\u00e9m, o que parecia o in\u00edcio de uma boa atua\u00e7\u00e3o logo se desfez. O time oscilou bastante, com falhas de marca\u00e7\u00e3o e muitos erros de passe.<\/p>\n\n\n\n<p>O Central C\u00f3rdoba cresceu, criou chances e chegou ao empate com Ver\u00f3n, de cabe\u00e7a. O advers\u00e1rio ainda teve um p\u00eanalti marcado, mas o VAR anulou o lance.<\/p>\n\n\n\n<p>Sendo assim, o empate manteve o Flamengo vivo na briga por vaga, porque ainda depende apenas de si. Mas, a equipe precisa reagir r\u00e1pido. Com isso, o pr\u00f3ximo compromisso contra o Bahia, no s\u00e1bado (10), pelo Brasileir\u00e3o, torna-se ainda mais importante para retomar a confian\u00e7a.<\/p>\n\n\n\n<p>Cabe ressaltar que a Libertadores exige intensidade e aten\u00e7\u00e3o durante os 90 minutos. Dessa maneira, cada deslize pode custar caro e Filipe Lu\u00eds parece saber disso.<\/p>\n","protected":false},"excerpt":{"rendered":"<p>Em uma noite de pouca inspira\u00e7\u00e3o e muitos erros, o Flamengo apenas empatou com o Central C\u00f3rdoba por 1 a 1, nesta quarta-feira (07), em jogo v\u00e1lido pela fase de grupos da Libertadores.&nbsp; Mas o que mais chamou aten\u00e7\u00e3o ap\u00f3s o apito final n\u00e3o foi o resultado em si, e sim a fala direta do [&hellip;]<\/p>\n","protected":false},"author":25,"featured_media":255013,"comment_status":"open","ping_status":"closed","sticky":false,"template":"","format":"standard","meta":{"footnotes":""},"categories":[1],"tags":[],"class_list":["post-261844","post","type-post","status-publish","format-standard","has-post-thumbnail","hentry","category-flamengo"],"yoast_head":"<!-- This site is optimized with the Yoast SEO Premium plugin v24.2 (Yoast SEO v26.9) - https:\/\/yoast.com\/product\/yoast-seo-premium-wordpress\/ -->\n<title>A declara\u00e7\u00e3o de Filipe Lu\u00eds direcionada a Pedro, do Flamengo<\/title>\n<meta name=\"robots\" content=\"index, follow, max-snippet:-1, max-image-preview:large, max-video-preview:-1\" \/>\n<link rel=\"canonical\" href=\"https:\/\/www.gaveanews.com\/index.php\/2025\/05\/08\/a-declaracao-de-filipe-luis-direcionada-a-pedro-do-flamengo-2\/\" \/>\n<meta property=\"og:locale\" content=\"pt_BR\" \/>\n<meta property=\"og:type\" content=\"article\" \/>\n<meta property=\"og:title\" content=\"A declara\u00e7\u00e3o de Filipe Lu\u00eds direcionada a Pedro, do Flamengo\" \/>\n<meta property=\"og:description\" content=\"Em uma noite de pouca inspira\u00e7\u00e3o e muitos erros, o Flamengo apenas empatou com o Central C\u00f3rdoba por 1 a 1, nesta quarta-feira (07), em jogo v\u00e1lido pela fase de grupos da Libertadores.&nbsp; Mas o que mais chamou aten\u00e7\u00e3o ap\u00f3s o apito final n\u00e3o foi o resultado em si, e sim a fala direta do [&hellip;]\" \/>\n<meta property=\"og:url\" content=\"https:\/\/www.gaveanews.com\/index.php\/2025\/05\/08\/a-declaracao-de-filipe-luis-direcionada-a-pedro-do-flamengo-2\/\" \/>\n<meta property=\"og:site_name\" content=\"G\u00e1vea News\" \/>\n<meta property=\"article:publisher\" content=\"https:\/\/facebook.com\/gaveaNews\/\" \/>\n<meta property=\"article:published_time\" content=\"2025-05-08T16:15:00+00:00\" \/>\n<meta property=\"og:image\" content=\"https:\/\/www.gaveanews.com\/wp-content\/uploads\/Pedro-embarca-com-a-delegacao-do-Flamengo.webp\" \/>\n\t<meta property=\"og:image:width\" content=\"1200\" \/>\n\t<meta property=\"og:image:height\" content=\"800\" \/>\n\t<meta property=\"og:image:type\" content=\"image\/png\" \/>\n<meta name=\"author\" content=\"Rafaela Ladeira\" \/>\n<meta name=\"twitter:card\" content=\"summary_large_image\" \/>\n<meta name=\"twitter:label1\" content=\"Escrito por\" \/>\n\t<meta name=\"twitter:data1\" content=\"Rafaela Ladeira\" \/>\n\t<meta name=\"twitter:label2\" content=\"Est. tempo de leitura\" \/>\n\t<meta name=\"twitter:data2\" content=\"2 minutos\" \/>\n<script type=\"application\/ld+json\" class=\"yoast-schema-graph\">{\"@context\":\"https:\/\/schema.org\",\"@graph\":[{\"@type\":\"NewsArticle\",\"@id\":\"https:\/\/www.gaveanews.com\/index.php\/2025\/05\/08\/a-declaracao-de-filipe-luis-direcionada-a-pedro-do-flamengo-2\/#article\",\"isPartOf\":{\"@id\":\"https:\/\/www.gaveanews.com\/index.php\/2025\/05\/08\/a-declaracao-de-filipe-luis-direcionada-a-pedro-do-flamengo-2\/\"},\"author\":{\"name\":\"Rafaela Ladeira\",\"@id\":\"https:\/\/www.gaveanews.com\/#\/schema\/person\/0eb3e3fe1754f0205218538adbe8f5ed\"},\"headline\":\"A declara\u00e7\u00e3o de Filipe Lu\u00eds direcionada a Pedro, do Flamengo\",\"datePublished\":\"2025-05-08T16:15:00+00:00\",\"mainEntityOfPage\":{\"@id\":\"https:\/\/www.gaveanews.com\/index.php\/2025\/05\/08\/a-declaracao-de-filipe-luis-direcionada-a-pedro-do-flamengo-2\/\"},\"wordCount\":370,\"commentCount\":0,\"image\":{\"@id\":\"https:\/\/www.gaveanews.com\/index.php\/2025\/05\/08\/a-declaracao-de-filipe-luis-direcionada-a-pedro-do-flamengo-2\/#primaryimage\"},\"thumbnailUrl\":\"https:\/\/www.gaveanews.com\/wp-content\/uploads\/Pedro-embarca-com-a-delegacao-do-Flamengo.webp\",\"articleSection\":[\"Flamengo\"],\"inLanguage\":\"pt-BR\",\"potentialAction\":[{\"@type\":\"CommentAction\",\"name\":\"Comment\",\"target\":[\"https:\/\/www.gaveanews.com\/index.php\/2025\/05\/08\/a-declaracao-de-filipe-luis-direcionada-a-pedro-do-flamengo-2\/#respond\"]}],\"copyrightYear\":\"2025\",\"copyrightHolder\":{\"@id\":\"https:\/\/www.gaveanews.com\/#organization\"}},{\"@type\":\"WebPage\",\"@id\":\"https:\/\/www.gaveanews.com\/index.php\/2025\/05\/08\/a-declaracao-de-filipe-luis-direcionada-a-pedro-do-flamengo-2\/\",\"url\":\"https:\/\/www.gaveanews.com\/index.php\/2025\/05\/08\/a-declaracao-de-filipe-luis-direcionada-a-pedro-do-flamengo-2\/\",\"name\":\"A declara\u00e7\u00e3o de Filipe Lu\u00eds direcionada a Pedro, do Flamengo\",\"isPartOf\":{\"@id\":\"https:\/\/www.gaveanews.com\/#website\"},\"primaryImageOfPage\":{\"@id\":\"https:\/\/www.gaveanews.com\/index.php\/2025\/05\/08\/a-declaracao-de-filipe-luis-direcionada-a-pedro-do-flamengo-2\/#primaryimage\"},\"image\":{\"@id\":\"https:\/\/www.gaveanews.com\/index.php\/2025\/05\/08\/a-declaracao-de-filipe-luis-direcionada-a-pedro-do-flamengo-2\/#primaryimage\"},\"thumbnailUrl\":\"https:\/\/www.gaveanews.com\/wp-content\/uploads\/Pedro-embarca-com-a-delegacao-do-Flamengo.webp\",\"datePublished\":\"2025-05-08T16:15:00+00:00\",\"author\":{\"@id\":\"https:\/\/www.gaveanews.com\/#\/schema\/person\/0eb3e3fe1754f0205218538adbe8f5ed\"},\"breadcrumb\":{\"@id\":\"https:\/\/www.gaveanews.com\/index.php\/2025\/05\/08\/a-declaracao-de-filipe-luis-direcionada-a-pedro-do-flamengo-2\/#breadcrumb\"},\"inLanguage\":\"pt-BR\",\"potentialAction\":[{\"@type\":\"ReadAction\",\"target\":[\"https:\/\/www.gaveanews.com\/index.php\/2025\/05\/08\/a-declaracao-de-filipe-luis-direcionada-a-pedro-do-flamengo-2\/\"]}]},{\"@type\":\"ImageObject\",\"inLanguage\":\"pt-BR\",\"@id\":\"https:\/\/www.gaveanews.com\/index.php\/2025\/05\/08\/a-declaracao-de-filipe-luis-direcionada-a-pedro-do-flamengo-2\/#primaryimage\",\"url\":\"https:\/\/www.gaveanews.com\/wp-content\/uploads\/Pedro-embarca-com-a-delegacao-do-Flamengo.webp\",\"contentUrl\":\"https:\/\/www.gaveanews.com\/wp-content\/uploads\/Pedro-embarca-com-a-delegacao-do-Flamengo.webp\",\"width\":1200,\"height\":800,\"caption\":\"Pedro embarca com a delega\u00e7\u00e3o do Flamengo - Foto: Adriano Fontes\/Flamengo\"},{\"@type\":\"BreadcrumbList\",\"@id\":\"https:\/\/www.gaveanews.com\/index.php\/2025\/05\/08\/a-declaracao-de-filipe-luis-direcionada-a-pedro-do-flamengo-2\/#breadcrumb\",\"itemListElement\":[{\"@type\":\"ListItem\",\"position\":1,\"name\":\"Home\",\"item\":\"https:\/\/www.gaveanews.com\/\"},{\"@type\":\"ListItem\",\"position\":2,\"name\":\"A declara\u00e7\u00e3o de Filipe Lu\u00eds direcionada a Pedro, do Flamengo\"}]},{\"@type\":\"WebSite\",\"@id\":\"https:\/\/www.gaveanews.com\/#website\",\"url\":\"https:\/\/www.gaveanews.com\/\",\"name\":\"G\u00e1vea News\",\"description\":\"Veja todas as not\u00edcias sobre o Flamengo: Contrata\u00e7\u00f5es, categorias de base, resultados das partidas, tabela de classifica\u00e7\u00e3o, pr\u00f3ximos jogos!\",\"potentialAction\":[{\"@type\":\"SearchAction\",\"target\":{\"@type\":\"EntryPoint\",\"urlTemplate\":\"https:\/\/www.gaveanews.com\/?s={search_term_string}\"},\"query-input\":{\"@type\":\"PropertyValueSpecification\",\"valueRequired\":true,\"valueName\":\"search_term_string\"}}],\"inLanguage\":\"pt-BR\"},{\"@type\":\"Person\",\"@id\":\"https:\/\/www.gaveanews.com\/#\/schema\/person\/0eb3e3fe1754f0205218538adbe8f5ed\",\"name\":\"Rafaela Ladeira\",\"image\":{\"@type\":\"ImageObject\",\"inLanguage\":\"pt-BR\",\"@id\":\"https:\/\/www.gaveanews.com\/#\/schema\/person\/image\/\",\"url\":\"https:\/\/secure.gravatar.com\/avatar\/c31f513acffd85eacab5730cbdfdbbf59f21ba5aeada8cd890acea879fbb2455?s=96&d=mm&r=g\",\"contentUrl\":\"https:\/\/secure.gravatar.com\/avatar\/c31f513acffd85eacab5730cbdfdbbf59f21ba5aeada8cd890acea879fbb2455?s=96&d=mm&r=g\",\"caption\":\"Rafaela Ladeira\"}}]}<\/script>\n<!-- \/ Yoast SEO Premium plugin. -->","yoast_head_json":{"title":"A declara\u00e7\u00e3o de Filipe Lu\u00eds direcionada a Pedro, do Flamengo","robots":{"index":"index","follow":"follow","max-snippet":"max-snippet:-1","max-image-preview":"max-image-preview:large","max-video-preview":"max-video-preview:-1"},"canonical":"https:\/\/www.gaveanews.com\/index.php\/2025\/05\/08\/a-declaracao-de-filipe-luis-direcionada-a-pedro-do-flamengo-2\/","og_locale":"pt_BR","og_type":"article","og_title":"A declara\u00e7\u00e3o de Filipe Lu\u00eds direcionada a Pedro, do Flamengo","og_description":"Em uma noite de pouca inspira\u00e7\u00e3o e muitos erros, o Flamengo apenas empatou com o Central C\u00f3rdoba por 1 a 1, nesta quarta-feira (07), em jogo v\u00e1lido pela fase de grupos da Libertadores.&nbsp; Mas o que mais chamou aten\u00e7\u00e3o ap\u00f3s o apito final n\u00e3o foi o resultado em si, e sim a fala direta do [&hellip;]","og_url":"https:\/\/www.gaveanews.com\/index.php\/2025\/05\/08\/a-declaracao-de-filipe-luis-direcionada-a-pedro-do-flamengo-2\/","og_site_name":"G\u00e1vea News","article_publisher":"https:\/\/facebook.com\/gaveaNews\/","article_published_time":"2025-05-08T16:15:00+00:00","og_image":[{"width":1200,"height":800,"url":"https:\/\/www.gaveanews.com\/wp-content\/uploads\/Pedro-embarca-com-a-delegacao-do-Flamengo.webp","type":"image\/png"}],"author":"Rafaela Ladeira","twitter_card":"summary_large_image","twitter_misc":{"Escrito por":"Rafaela Ladeira","Est. tempo de leitura":"2 minutos"},"schema":{"@context":"https:\/\/schema.org","@graph":[{"@type":"NewsArticle","@id":"https:\/\/www.gaveanews.com\/index.php\/2025\/05\/08\/a-declaracao-de-filipe-luis-direcionada-a-pedro-do-flamengo-2\/#article","isPartOf":{"@id":"https:\/\/www.gaveanews.com\/index.php\/2025\/05\/08\/a-declaracao-de-filipe-luis-direcionada-a-pedro-do-flamengo-2\/"},"author":{"name":"Rafaela Ladeira","@id":"https:\/\/www.gaveanews.com\/#\/schema\/person\/0eb3e3fe1754f0205218538adbe8f5ed"},"headline":"A declara\u00e7\u00e3o de Filipe Lu\u00eds direcionada a Pedro, do Flamengo","datePublished":"2025-05-08T16:15:00+00:00","mainEntityOfPage":{"@id":"https:\/\/www.gaveanews.com\/index.php\/2025\/05\/08\/a-declaracao-de-filipe-luis-direcionada-a-pedro-do-flamengo-2\/"},"wordCount":370,"commentCount":0,"image":{"@id":"https:\/\/www.gaveanews.com\/index.php\/2025\/05\/08\/a-declaracao-de-filipe-luis-direcionada-a-pedro-do-flamengo-2\/#primaryimage"},"thumbnailUrl":"https:\/\/www.gaveanews.com\/wp-content\/uploads\/Pedro-embarca-com-a-delegacao-do-Flamengo.webp","articleSection":["Flamengo"],"inLanguage":"pt-BR","potentialAction":[{"@type":"CommentAction","name":"Comment","target":["https:\/\/www.gaveanews.com\/index.php\/2025\/05\/08\/a-declaracao-de-filipe-luis-direcionada-a-pedro-do-flamengo-2\/#respond"]}],"copyrightYear":"2025","copyrightHolder":{"@id":"https:\/\/www.gaveanews.com\/#organization"}},{"@type":"WebPage","@id":"https:\/\/www.gaveanews.com\/index.php\/2025\/05\/08\/a-declaracao-de-filipe-luis-direcionada-a-pedro-do-flamengo-2\/","url":"https:\/\/www.gaveanews.com\/index.php\/2025\/05\/08\/a-declaracao-de-filipe-luis-direcionada-a-pedro-do-flamengo-2\/","name":"A declara\u00e7\u00e3o de Filipe Lu\u00eds direcionada a Pedro, do Flamengo","isPartOf":{"@id":"https:\/\/www.gaveanews.com\/#website"},"primaryImageOfPage":{"@id":"https:\/\/www.gaveanews.com\/index.php\/2025\/05\/08\/a-declaracao-de-filipe-luis-direcionada-a-pedro-do-flamengo-2\/#primaryimage"},"image":{"@id":"https:\/\/www.gaveanews.com\/index.php\/2025\/05\/08\/a-declaracao-de-filipe-luis-direcionada-a-pedro-do-flamengo-2\/#primaryimage"},"thumbnailUrl":"https:\/\/www.gaveanews.com\/wp-content\/uploads\/Pedro-embarca-com-a-delegacao-do-Flamengo.webp","datePublished":"2025-05-08T16:15:00+00:00","author":{"@id":"https:\/\/www.gaveanews.com\/#\/schema\/person\/0eb3e3fe1754f0205218538adbe8f5ed"},"breadcrumb":{"@id":"https:\/\/www.gaveanews.com\/index.php\/2025\/05\/08\/a-declaracao-de-filipe-luis-direcionada-a-pedro-do-flamengo-2\/#breadcrumb"},"inLanguage":"pt-BR","potentialAction":[{"@type":"ReadAction","target":["https:\/\/www.gaveanews.com\/index.php\/2025\/05\/08\/a-declaracao-de-filipe-luis-direcionada-a-pedro-do-flamengo-2\/"]}]},{"@type":"ImageObject","inLanguage":"pt-BR","@id":"https:\/\/www.gaveanews.com\/index.php\/2025\/05\/08\/a-declaracao-de-filipe-luis-direcionada-a-pedro-do-flamengo-2\/#primaryimage","url":"https:\/\/www.gaveanews.com\/wp-content\/uploads\/Pedro-embarca-com-a-delegacao-do-Flamengo.webp","contentUrl":"https:\/\/www.gaveanews.com\/wp-content\/uploads\/Pedro-embarca-com-a-delegacao-do-Flamengo.webp","width":1200,"height":800,"caption":"Pedro embarca com a delega\u00e7\u00e3o do Flamengo - Foto: Adriano Fontes\/Flamengo"},{"@type":"BreadcrumbList","@id":"https:\/\/www.gaveanews.com\/index.php\/2025\/05\/08\/a-declaracao-de-filipe-luis-direcionada-a-pedro-do-flamengo-2\/#breadcrumb","itemListElement":[{"@type":"ListItem","position":1,"name":"Home","item":"https:\/\/www.gaveanews.com\/"},{"@type":"ListItem","position":2,"name":"A declara\u00e7\u00e3o de Filipe Lu\u00eds direcionada a Pedro, do Flamengo"}]},{"@type":"WebSite","@id":"https:\/\/www.gaveanews.com\/#website","url":"https:\/\/www.gaveanews.com\/","name":"G\u00e1vea News","description":"Veja todas as not\u00edcias sobre o Flamengo: Contrata\u00e7\u00f5es, categorias de base, resultados das partidas, tabela de classifica\u00e7\u00e3o, pr\u00f3ximos jogos!","potentialAction":[{"@type":"SearchAction","target":{"@type":"EntryPoint","urlTemplate":"https:\/\/www.gaveanews.com\/?s={search_term_string}"},"query-input":{"@type":"PropertyValueSpecification","valueRequired":true,"valueName":"search_term_string"}}],"inLanguage":"pt-BR"},{"@type":"Person","@id":"https:\/\/www.gaveanews.com\/#\/schema\/person\/0eb3e3fe1754f0205218538adbe8f5ed","name":"Rafaela Ladeira","image":{"@type":"ImageObject","inLanguage":"pt-BR","@id":"https:\/\/www.gaveanews.com\/#\/schema\/person\/image\/","url":"https:\/\/secure.gravatar.com\/avatar\/c31f513acffd85eacab5730cbdfdbbf59f21ba5aeada8cd890acea879fbb2455?s=96&d=mm&r=g","contentUrl":"https:\/\/secure.gravatar.com\/avatar\/c31f513acffd85eacab5730cbdfdbbf59f21ba5aeada8cd890acea879fbb2455?s=96&d=mm&r=g","caption":"Rafaela Ladeira"}}]}},"_links":{"self":[{"href":"https:\/\/www.gaveanews.com\/index.php\/wp-json\/wp\/v2\/posts\/261844","targetHints":{"allow":["GET"]}}],"collection":[{"href":"https:\/\/www.gaveanews.com\/index.php\/wp-json\/wp\/v2\/posts"}],"about":[{"href":"https:\/\/www.gaveanews.com\/index.php\/wp-json\/wp\/v2\/types\/post"}],"author":[{"embeddable":true,"href":"https:\/\/www.gaveanews.com\/index.php\/wp-json\/wp\/v2\/users\/25"}],"replies":[{"embeddable":true,"href":"https:\/\/www.gaveanews.com\/index.php\/wp-json\/wp\/v2\/comments?post=261844"}],"version-history":[{"count":1,"href":"https:\/\/www.gaveanews.com\/index.php\/wp-json\/wp\/v2\/posts\/261844\/revisions"}],"predecessor-version":[{"id":261845,"href":"https:\/\/www.gaveanews.com\/index.php\/wp-json\/wp\/v2\/posts\/261844\/revisions\/261845"}],"wp:featuredmedia":[{"embeddable":true,"href":"https:\/\/www.gaveanews.com\/index.php\/wp-json\/wp\/v2\/media\/255013"}],"wp:attachment":[{"href":"https:\/\/www.gaveanews.com\/index.php\/wp-json\/wp\/v2\/media?parent=261844"}],"wp:term":[{"taxonomy":"category","embeddable":true,"href":"https:\/\/www.gaveanews.com\/index.php\/wp-json\/wp\/v2\/categories?post=261844"},{"taxonomy":"post_tag","embeddable":true,"href":"https:\/\/www.gaveanews.com\/index.php\/wp-json\/wp\/v2\/tags?post=261844"}],"curies":[{"name":"wp","href":"https:\/\/api.w.org\/{rel}","templated":true}]}}