{"id":261846,"date":"2025-05-08T13:20:00","date_gmt":"2025-05-08T16:20:00","guid":{"rendered":"https:\/\/www.gaveanews.com\/?p=261846"},"modified":"2025-05-08T12:48:11","modified_gmt":"2025-05-08T15:48:11","slug":"filipe-luis-e-sincero-ao-falar-sobre-danilo-do-flamengo","status":"publish","type":"post","link":"https:\/\/www.gaveanews.com\/index.php\/2025\/05\/08\/filipe-luis-e-sincero-ao-falar-sobre-danilo-do-flamengo\/","title":{"rendered":"Filipe Lu\u00eds \u00e9 sincero ao falar sobre Danilo, do Flamengo"},"content":{"rendered":"\n<p>O Flamengo voltou a frustrar seus torcedores ao empatar com o Central C\u00f3rdoba por 1 a 1, nesta quarta-feira (7), em jogo v\u00e1lido pela quarta rodada do Grupo C da Copa Libertadores. O resultado complicou a equipe na competi\u00e7\u00e3o, que precisar\u00e1 vencer os dois \u00faltimos jogos para avan\u00e7ar.&nbsp;<\/p>\n\n\n\n<p>No entanto, um ponto que se destacou ap\u00f3s a partida foi a declara\u00e7\u00e3o de Filipe Lu\u00eds sobre a escolha de Danilo, titular pela primeira vez em um confronto decisivo.<\/p>\n\n\n\n<h2 class=\"wp-block-heading\" id=\"h-a-confianca-em-danilo\">A confian\u00e7a em Danilo<\/h2>\n\n\n\n<p>Filipe Lu\u00eds foi direto e explicou a decis\u00e3o de escalar Danilo como titular:<\/p>\n\n\n\n<p>&#8220;O Danilo foi uma escolha. Eu tenho tr\u00eas zagueiros de sele\u00e7\u00e3o brasileira, no meu ver. Hoje, pelo plano de jogo, entendi que era melhor ter um canhoto do lado esquerdo para sair da press\u00e3o. E o Danilo, \u00e9 claro que para um jogador desse calibre eu vou dar minutos. O Danilo sempre que jogou tem jogado bem, \u00e9 um l\u00edder muito importante pra mim. E comigo \u00e9 assim, sem esperar, eles recebem uma oportunidade no jogo mais dif\u00edcil da temporada. E eu sei que eu posso contar com ele, tanto \u00e9 que rendeu da forma como eu esperava&#8221;, disse o t\u00e9cnico, evidenciando a confian\u00e7a que tem no jogador.<\/p>\n\n\n\n<h2 class=\"wp-block-heading\" id=\"h-como-o-flamengo-se-comportou-em-campo\">Como o Flamengo se comportou em campo<\/h2>\n\n\n\n<p>O Flamengo come\u00e7ou a partida controlando a posse de bola, mas logo viu o Central C\u00f3rdoba aumentar a press\u00e3o. Aos 9 minutos, Arrascaeta abriu o placar com um gol bem trabalhado, assistido por Gerson. No entanto, a equipe rubro-negra n\u00e3o conseguiu manter o ritmo e viu o advers\u00e1rio crescer na partida.<\/p>\n\n\n\n<p>Aos 23 minutos, Arrascaeta teve uma chance clara de ampliar, mas n\u00e3o aproveitou a oportunidade, o que gerou cr\u00edticas nas redes sociais. Como resposta, o Central C\u00f3rdoba, com o apoio de sua torcida, foi ao ataque e, aos 15 minutos do segundo tempo, empatou com um gol de Ver\u00f3n.<\/p>\n\n\n\n<p>Sendo assim, o Flamengo deixou a desejar mais uma vez na Libertadores, precisando de vit\u00f3rias nos pr\u00f3ximos jogos para ter alguma chance de classifica\u00e7\u00e3o. Com isso, o time de Filipe Lu\u00eds se v\u00ea cada vez mais pressionado, j\u00e1 que o empate n\u00e3o foi suficiente para garantir a estabilidade na competi\u00e7\u00e3o.<\/p>\n","protected":false},"excerpt":{"rendered":"<p>O Flamengo voltou a frustrar seus torcedores ao empatar com o Central C\u00f3rdoba por 1 a 1, nesta quarta-feira (7), em jogo v\u00e1lido pela quarta rodada do Grupo C da Copa Libertadores. O resultado complicou a equipe na competi\u00e7\u00e3o, que precisar\u00e1 vencer os dois \u00faltimos jogos para avan\u00e7ar.&nbsp; No entanto, um ponto que se destacou [&hellip;]<\/p>\n","protected":false},"author":25,"featured_media":256399,"comment_status":"open","ping_status":"closed","sticky":false,"template":"","format":"standard","meta":{"footnotes":""},"categories":[1],"tags":[],"class_list":["post-261846","post","type-post","status-publish","format-standard","has-post-thumbnail","hentry","category-flamengo"],"yoast_head":"<!-- This site is optimized with the Yoast SEO Premium plugin v24.2 (Yoast SEO v26.9) - https:\/\/yoast.com\/product\/yoast-seo-premium-wordpress\/ -->\n<title>Filipe Lu\u00eds \u00e9 sincero ao falar sobre Danilo, do Flamengo<\/title>\n<meta name=\"robots\" content=\"index, follow, max-snippet:-1, max-image-preview:large, max-video-preview:-1\" \/>\n<link rel=\"canonical\" href=\"https:\/\/www.gaveanews.com\/index.php\/2025\/05\/08\/filipe-luis-e-sincero-ao-falar-sobre-danilo-do-flamengo\/\" \/>\n<meta property=\"og:locale\" content=\"pt_BR\" \/>\n<meta property=\"og:type\" content=\"article\" \/>\n<meta property=\"og:title\" content=\"Filipe Lu\u00eds \u00e9 sincero ao falar sobre Danilo, do Flamengo\" \/>\n<meta property=\"og:description\" content=\"O Flamengo voltou a frustrar seus torcedores ao empatar com o Central C\u00f3rdoba por 1 a 1, nesta quarta-feira (7), em jogo v\u00e1lido pela quarta rodada do Grupo C da Copa Libertadores. O resultado complicou a equipe na competi\u00e7\u00e3o, que precisar\u00e1 vencer os dois \u00faltimos jogos para avan\u00e7ar.&nbsp; No entanto, um ponto que se destacou [&hellip;]\" \/>\n<meta property=\"og:url\" content=\"https:\/\/www.gaveanews.com\/index.php\/2025\/05\/08\/filipe-luis-e-sincero-ao-falar-sobre-danilo-do-flamengo\/\" \/>\n<meta property=\"og:site_name\" content=\"G\u00e1vea News\" \/>\n<meta property=\"article:publisher\" content=\"https:\/\/facebook.com\/gaveaNews\/\" \/>\n<meta property=\"article:published_time\" content=\"2025-05-08T16:20:00+00:00\" \/>\n<meta property=\"og:image\" content=\"https:\/\/www.gaveanews.com\/wp-content\/uploads\/Design-sem-nome-5.webp\" \/>\n\t<meta property=\"og:image:width\" content=\"1200\" \/>\n\t<meta property=\"og:image:height\" content=\"800\" \/>\n\t<meta property=\"og:image:type\" content=\"image\/webp\" \/>\n<meta name=\"author\" content=\"Rafaela Ladeira\" \/>\n<meta name=\"twitter:card\" content=\"summary_large_image\" \/>\n<meta name=\"twitter:label1\" content=\"Escrito por\" \/>\n\t<meta name=\"twitter:data1\" content=\"Rafaela Ladeira\" \/>\n\t<meta name=\"twitter:label2\" content=\"Est. tempo de leitura\" \/>\n\t<meta name=\"twitter:data2\" content=\"3 minutos\" \/>\n<script type=\"application\/ld+json\" class=\"yoast-schema-graph\">{\"@context\":\"https:\/\/schema.org\",\"@graph\":[{\"@type\":\"NewsArticle\",\"@id\":\"https:\/\/www.gaveanews.com\/index.php\/2025\/05\/08\/filipe-luis-e-sincero-ao-falar-sobre-danilo-do-flamengo\/#article\",\"isPartOf\":{\"@id\":\"https:\/\/www.gaveanews.com\/index.php\/2025\/05\/08\/filipe-luis-e-sincero-ao-falar-sobre-danilo-do-flamengo\/\"},\"author\":{\"name\":\"Rafaela Ladeira\",\"@id\":\"https:\/\/www.gaveanews.com\/#\/schema\/person\/0eb3e3fe1754f0205218538adbe8f5ed\"},\"headline\":\"Filipe Lu\u00eds \u00e9 sincero ao falar sobre Danilo, do Flamengo\",\"datePublished\":\"2025-05-08T16:20:00+00:00\",\"mainEntityOfPage\":{\"@id\":\"https:\/\/www.gaveanews.com\/index.php\/2025\/05\/08\/filipe-luis-e-sincero-ao-falar-sobre-danilo-do-flamengo\/\"},\"wordCount\":392,\"commentCount\":0,\"image\":{\"@id\":\"https:\/\/www.gaveanews.com\/index.php\/2025\/05\/08\/filipe-luis-e-sincero-ao-falar-sobre-danilo-do-flamengo\/#primaryimage\"},\"thumbnailUrl\":\"https:\/\/www.gaveanews.com\/wp-content\/uploads\/Design-sem-nome-5.webp\",\"articleSection\":[\"Flamengo\"],\"inLanguage\":\"pt-BR\",\"potentialAction\":[{\"@type\":\"CommentAction\",\"name\":\"Comment\",\"target\":[\"https:\/\/www.gaveanews.com\/index.php\/2025\/05\/08\/filipe-luis-e-sincero-ao-falar-sobre-danilo-do-flamengo\/#respond\"]}],\"copyrightYear\":\"2025\",\"copyrightHolder\":{\"@id\":\"https:\/\/www.gaveanews.com\/#organization\"}},{\"@type\":\"WebPage\",\"@id\":\"https:\/\/www.gaveanews.com\/index.php\/2025\/05\/08\/filipe-luis-e-sincero-ao-falar-sobre-danilo-do-flamengo\/\",\"url\":\"https:\/\/www.gaveanews.com\/index.php\/2025\/05\/08\/filipe-luis-e-sincero-ao-falar-sobre-danilo-do-flamengo\/\",\"name\":\"Filipe Lu\u00eds \u00e9 sincero ao falar sobre Danilo, do Flamengo\",\"isPartOf\":{\"@id\":\"https:\/\/www.gaveanews.com\/#website\"},\"primaryImageOfPage\":{\"@id\":\"https:\/\/www.gaveanews.com\/index.php\/2025\/05\/08\/filipe-luis-e-sincero-ao-falar-sobre-danilo-do-flamengo\/#primaryimage\"},\"image\":{\"@id\":\"https:\/\/www.gaveanews.com\/index.php\/2025\/05\/08\/filipe-luis-e-sincero-ao-falar-sobre-danilo-do-flamengo\/#primaryimage\"},\"thumbnailUrl\":\"https:\/\/www.gaveanews.com\/wp-content\/uploads\/Design-sem-nome-5.webp\",\"datePublished\":\"2025-05-08T16:20:00+00:00\",\"author\":{\"@id\":\"https:\/\/www.gaveanews.com\/#\/schema\/person\/0eb3e3fe1754f0205218538adbe8f5ed\"},\"breadcrumb\":{\"@id\":\"https:\/\/www.gaveanews.com\/index.php\/2025\/05\/08\/filipe-luis-e-sincero-ao-falar-sobre-danilo-do-flamengo\/#breadcrumb\"},\"inLanguage\":\"pt-BR\",\"potentialAction\":[{\"@type\":\"ReadAction\",\"target\":[\"https:\/\/www.gaveanews.com\/index.php\/2025\/05\/08\/filipe-luis-e-sincero-ao-falar-sobre-danilo-do-flamengo\/\"]}]},{\"@type\":\"ImageObject\",\"inLanguage\":\"pt-BR\",\"@id\":\"https:\/\/www.gaveanews.com\/index.php\/2025\/05\/08\/filipe-luis-e-sincero-ao-falar-sobre-danilo-do-flamengo\/#primaryimage\",\"url\":\"https:\/\/www.gaveanews.com\/wp-content\/uploads\/Design-sem-nome-5.webp\",\"contentUrl\":\"https:\/\/www.gaveanews.com\/wp-content\/uploads\/Design-sem-nome-5.webp\",\"width\":1200,\"height\":800,\"caption\":\"Filipe Lu\u00eds desembarcando com a delega\u00e7\u00e3o do Flamengo - Foto: Gilvan de Souza\/CRF\"},{\"@type\":\"BreadcrumbList\",\"@id\":\"https:\/\/www.gaveanews.com\/index.php\/2025\/05\/08\/filipe-luis-e-sincero-ao-falar-sobre-danilo-do-flamengo\/#breadcrumb\",\"itemListElement\":[{\"@type\":\"ListItem\",\"position\":1,\"name\":\"Home\",\"item\":\"https:\/\/www.gaveanews.com\/\"},{\"@type\":\"ListItem\",\"position\":2,\"name\":\"Filipe Lu\u00eds \u00e9 sincero ao falar sobre Danilo, do Flamengo\"}]},{\"@type\":\"WebSite\",\"@id\":\"https:\/\/www.gaveanews.com\/#website\",\"url\":\"https:\/\/www.gaveanews.com\/\",\"name\":\"G\u00e1vea News\",\"description\":\"Veja todas as not\u00edcias sobre o Flamengo: Contrata\u00e7\u00f5es, categorias de base, resultados das partidas, tabela de classifica\u00e7\u00e3o, pr\u00f3ximos jogos!\",\"potentialAction\":[{\"@type\":\"SearchAction\",\"target\":{\"@type\":\"EntryPoint\",\"urlTemplate\":\"https:\/\/www.gaveanews.com\/?s={search_term_string}\"},\"query-input\":{\"@type\":\"PropertyValueSpecification\",\"valueRequired\":true,\"valueName\":\"search_term_string\"}}],\"inLanguage\":\"pt-BR\"},{\"@type\":\"Person\",\"@id\":\"https:\/\/www.gaveanews.com\/#\/schema\/person\/0eb3e3fe1754f0205218538adbe8f5ed\",\"name\":\"Rafaela Ladeira\",\"image\":{\"@type\":\"ImageObject\",\"inLanguage\":\"pt-BR\",\"@id\":\"https:\/\/www.gaveanews.com\/#\/schema\/person\/image\/\",\"url\":\"https:\/\/secure.gravatar.com\/avatar\/c31f513acffd85eacab5730cbdfdbbf59f21ba5aeada8cd890acea879fbb2455?s=96&d=mm&r=g\",\"contentUrl\":\"https:\/\/secure.gravatar.com\/avatar\/c31f513acffd85eacab5730cbdfdbbf59f21ba5aeada8cd890acea879fbb2455?s=96&d=mm&r=g\",\"caption\":\"Rafaela Ladeira\"}}]}<\/script>\n<!-- \/ Yoast SEO Premium plugin. -->","yoast_head_json":{"title":"Filipe Lu\u00eds \u00e9 sincero ao falar sobre Danilo, do Flamengo","robots":{"index":"index","follow":"follow","max-snippet":"max-snippet:-1","max-image-preview":"max-image-preview:large","max-video-preview":"max-video-preview:-1"},"canonical":"https:\/\/www.gaveanews.com\/index.php\/2025\/05\/08\/filipe-luis-e-sincero-ao-falar-sobre-danilo-do-flamengo\/","og_locale":"pt_BR","og_type":"article","og_title":"Filipe Lu\u00eds \u00e9 sincero ao falar sobre Danilo, do Flamengo","og_description":"O Flamengo voltou a frustrar seus torcedores ao empatar com o Central C\u00f3rdoba por 1 a 1, nesta quarta-feira (7), em jogo v\u00e1lido pela quarta rodada do Grupo C da Copa Libertadores. O resultado complicou a equipe na competi\u00e7\u00e3o, que precisar\u00e1 vencer os dois \u00faltimos jogos para avan\u00e7ar.&nbsp; No entanto, um ponto que se destacou [&hellip;]","og_url":"https:\/\/www.gaveanews.com\/index.php\/2025\/05\/08\/filipe-luis-e-sincero-ao-falar-sobre-danilo-do-flamengo\/","og_site_name":"G\u00e1vea News","article_publisher":"https:\/\/facebook.com\/gaveaNews\/","article_published_time":"2025-05-08T16:20:00+00:00","og_image":[{"width":1200,"height":800,"url":"https:\/\/www.gaveanews.com\/wp-content\/uploads\/Design-sem-nome-5.webp","type":"image\/webp"}],"author":"Rafaela Ladeira","twitter_card":"summary_large_image","twitter_misc":{"Escrito por":"Rafaela Ladeira","Est. tempo de leitura":"3 minutos"},"schema":{"@context":"https:\/\/schema.org","@graph":[{"@type":"NewsArticle","@id":"https:\/\/www.gaveanews.com\/index.php\/2025\/05\/08\/filipe-luis-e-sincero-ao-falar-sobre-danilo-do-flamengo\/#article","isPartOf":{"@id":"https:\/\/www.gaveanews.com\/index.php\/2025\/05\/08\/filipe-luis-e-sincero-ao-falar-sobre-danilo-do-flamengo\/"},"author":{"name":"Rafaela Ladeira","@id":"https:\/\/www.gaveanews.com\/#\/schema\/person\/0eb3e3fe1754f0205218538adbe8f5ed"},"headline":"Filipe Lu\u00eds \u00e9 sincero ao falar sobre Danilo, do Flamengo","datePublished":"2025-05-08T16:20:00+00:00","mainEntityOfPage":{"@id":"https:\/\/www.gaveanews.com\/index.php\/2025\/05\/08\/filipe-luis-e-sincero-ao-falar-sobre-danilo-do-flamengo\/"},"wordCount":392,"commentCount":0,"image":{"@id":"https:\/\/www.gaveanews.com\/index.php\/2025\/05\/08\/filipe-luis-e-sincero-ao-falar-sobre-danilo-do-flamengo\/#primaryimage"},"thumbnailUrl":"https:\/\/www.gaveanews.com\/wp-content\/uploads\/Design-sem-nome-5.webp","articleSection":["Flamengo"],"inLanguage":"pt-BR","potentialAction":[{"@type":"CommentAction","name":"Comment","target":["https:\/\/www.gaveanews.com\/index.php\/2025\/05\/08\/filipe-luis-e-sincero-ao-falar-sobre-danilo-do-flamengo\/#respond"]}],"copyrightYear":"2025","copyrightHolder":{"@id":"https:\/\/www.gaveanews.com\/#organization"}},{"@type":"WebPage","@id":"https:\/\/www.gaveanews.com\/index.php\/2025\/05\/08\/filipe-luis-e-sincero-ao-falar-sobre-danilo-do-flamengo\/","url":"https:\/\/www.gaveanews.com\/index.php\/2025\/05\/08\/filipe-luis-e-sincero-ao-falar-sobre-danilo-do-flamengo\/","name":"Filipe Lu\u00eds \u00e9 sincero ao falar sobre Danilo, do Flamengo","isPartOf":{"@id":"https:\/\/www.gaveanews.com\/#website"},"primaryImageOfPage":{"@id":"https:\/\/www.gaveanews.com\/index.php\/2025\/05\/08\/filipe-luis-e-sincero-ao-falar-sobre-danilo-do-flamengo\/#primaryimage"},"image":{"@id":"https:\/\/www.gaveanews.com\/index.php\/2025\/05\/08\/filipe-luis-e-sincero-ao-falar-sobre-danilo-do-flamengo\/#primaryimage"},"thumbnailUrl":"https:\/\/www.gaveanews.com\/wp-content\/uploads\/Design-sem-nome-5.webp","datePublished":"2025-05-08T16:20:00+00:00","author":{"@id":"https:\/\/www.gaveanews.com\/#\/schema\/person\/0eb3e3fe1754f0205218538adbe8f5ed"},"breadcrumb":{"@id":"https:\/\/www.gaveanews.com\/index.php\/2025\/05\/08\/filipe-luis-e-sincero-ao-falar-sobre-danilo-do-flamengo\/#breadcrumb"},"inLanguage":"pt-BR","potentialAction":[{"@type":"ReadAction","target":["https:\/\/www.gaveanews.com\/index.php\/2025\/05\/08\/filipe-luis-e-sincero-ao-falar-sobre-danilo-do-flamengo\/"]}]},{"@type":"ImageObject","inLanguage":"pt-BR","@id":"https:\/\/www.gaveanews.com\/index.php\/2025\/05\/08\/filipe-luis-e-sincero-ao-falar-sobre-danilo-do-flamengo\/#primaryimage","url":"https:\/\/www.gaveanews.com\/wp-content\/uploads\/Design-sem-nome-5.webp","contentUrl":"https:\/\/www.gaveanews.com\/wp-content\/uploads\/Design-sem-nome-5.webp","width":1200,"height":800,"caption":"Filipe Lu\u00eds desembarcando com a delega\u00e7\u00e3o do Flamengo - Foto: Gilvan de Souza\/CRF"},{"@type":"BreadcrumbList","@id":"https:\/\/www.gaveanews.com\/index.php\/2025\/05\/08\/filipe-luis-e-sincero-ao-falar-sobre-danilo-do-flamengo\/#breadcrumb","itemListElement":[{"@type":"ListItem","position":1,"name":"Home","item":"https:\/\/www.gaveanews.com\/"},{"@type":"ListItem","position":2,"name":"Filipe Lu\u00eds \u00e9 sincero ao falar sobre Danilo, do Flamengo"}]},{"@type":"WebSite","@id":"https:\/\/www.gaveanews.com\/#website","url":"https:\/\/www.gaveanews.com\/","name":"G\u00e1vea News","description":"Veja todas as not\u00edcias sobre o Flamengo: Contrata\u00e7\u00f5es, categorias de base, resultados das partidas, tabela de classifica\u00e7\u00e3o, pr\u00f3ximos jogos!","potentialAction":[{"@type":"SearchAction","target":{"@type":"EntryPoint","urlTemplate":"https:\/\/www.gaveanews.com\/?s={search_term_string}"},"query-input":{"@type":"PropertyValueSpecification","valueRequired":true,"valueName":"search_term_string"}}],"inLanguage":"pt-BR"},{"@type":"Person","@id":"https:\/\/www.gaveanews.com\/#\/schema\/person\/0eb3e3fe1754f0205218538adbe8f5ed","name":"Rafaela Ladeira","image":{"@type":"ImageObject","inLanguage":"pt-BR","@id":"https:\/\/www.gaveanews.com\/#\/schema\/person\/image\/","url":"https:\/\/secure.gravatar.com\/avatar\/c31f513acffd85eacab5730cbdfdbbf59f21ba5aeada8cd890acea879fbb2455?s=96&d=mm&r=g","contentUrl":"https:\/\/secure.gravatar.com\/avatar\/c31f513acffd85eacab5730cbdfdbbf59f21ba5aeada8cd890acea879fbb2455?s=96&d=mm&r=g","caption":"Rafaela Ladeira"}}]}},"_links":{"self":[{"href":"https:\/\/www.gaveanews.com\/index.php\/wp-json\/wp\/v2\/posts\/261846","targetHints":{"allow":["GET"]}}],"collection":[{"href":"https:\/\/www.gaveanews.com\/index.php\/wp-json\/wp\/v2\/posts"}],"about":[{"href":"https:\/\/www.gaveanews.com\/index.php\/wp-json\/wp\/v2\/types\/post"}],"author":[{"embeddable":true,"href":"https:\/\/www.gaveanews.com\/index.php\/wp-json\/wp\/v2\/users\/25"}],"replies":[{"embeddable":true,"href":"https:\/\/www.gaveanews.com\/index.php\/wp-json\/wp\/v2\/comments?post=261846"}],"version-history":[{"count":1,"href":"https:\/\/www.gaveanews.com\/index.php\/wp-json\/wp\/v2\/posts\/261846\/revisions"}],"predecessor-version":[{"id":261849,"href":"https:\/\/www.gaveanews.com\/index.php\/wp-json\/wp\/v2\/posts\/261846\/revisions\/261849"}],"wp:featuredmedia":[{"embeddable":true,"href":"https:\/\/www.gaveanews.com\/index.php\/wp-json\/wp\/v2\/media\/256399"}],"wp:attachment":[{"href":"https:\/\/www.gaveanews.com\/index.php\/wp-json\/wp\/v2\/media?parent=261846"}],"wp:term":[{"taxonomy":"category","embeddable":true,"href":"https:\/\/www.gaveanews.com\/index.php\/wp-json\/wp\/v2\/categories?post=261846"},{"taxonomy":"post_tag","embeddable":true,"href":"https:\/\/www.gaveanews.com\/index.php\/wp-json\/wp\/v2\/tags?post=261846"}],"curies":[{"name":"wp","href":"https:\/\/api.w.org\/{rel}","templated":true}]}}