{"id":261847,"date":"2025-05-08T13:30:00","date_gmt":"2025-05-08T16:30:00","guid":{"rendered":"https:\/\/www.gaveanews.com\/?p=261847"},"modified":"2025-05-08T12:57:00","modified_gmt":"2025-05-08T15:57:00","slug":"fluminense-pode-ter-novidade-entre-titulares","status":"publish","type":"post","link":"https:\/\/www.gaveanews.com\/index.php\/2025\/05\/08\/fluminense-pode-ter-novidade-entre-titulares\/","title":{"rendered":"Fluminense pode ter novidade entre titulares"},"content":{"rendered":"\n<p>Sob a altitude de La Paz, o Fluminense se prepara para um novo desafio pela Copa Sul-Americana. A equipe carioca enfrentar\u00e1 o San Jos\u00e9 nesta quinta-feira (8), \u00e0s 21h30 (hor\u00e1rio de Bras\u00edlia), no Est\u00e1dio Hernando Siles. Com 3.600 metros acima do n\u00edvel do mar, o palco do confronto representa um obst\u00e1culo adicional para o time, que aposta em juventude e renova\u00e7\u00e3o para buscar a vit\u00f3ria fora de casa.<\/p>\n\n\n\n<p>Comandado por Alexandre Mendes, o Tricolor optou por escalar um time alternativo, enquanto os principais titulares permanecem no Rio de Janeiro. A estrat\u00e9gia, j\u00e1 adotada em outras ocasi\u00f5es sob a gest\u00e3o de Renato Ga\u00facho, visa preservar os principais jogadores para compromissos futuros. Entre os relacionados, destacam-se nomes como Guga, Ren\u00ea e Renato Augusto, que estar\u00e3o no banco de reservas, prontos para entrar em campo se necess\u00e1rio.<\/p>\n\n\n\n<figure class=\"wp-block-image size-full\"><img loading=\"lazy\" decoding=\"async\" width=\"992\" height=\"558\" src=\"http:\/\/www.gaveanews.com\/wp-content\/uploads\/fluminense-colo-colo-libertadores_-e1715306411656.webp\" alt=\"\" class=\"wp-image-144306\" srcset=\"https:\/\/www.gaveanews.com\/wp-content\/uploads\/fluminense-colo-colo-libertadores_-e1715306411656.webp 992w, https:\/\/www.gaveanews.com\/wp-content\/uploads\/fluminense-colo-colo-libertadores_-e1715306411656-300x169.webp 300w, https:\/\/www.gaveanews.com\/wp-content\/uploads\/fluminense-colo-colo-libertadores_-e1715306411656-768x432.webp 768w, https:\/\/www.gaveanews.com\/wp-content\/uploads\/fluminense-colo-colo-libertadores_-e1715306411656-747x420.webp 747w, https:\/\/www.gaveanews.com\/wp-content\/uploads\/fluminense-colo-colo-libertadores_-e1715306411656-640x360.webp 640w, https:\/\/www.gaveanews.com\/wp-content\/uploads\/fluminense-colo-colo-libertadores_-e1715306411656-681x383.webp 681w, https:\/\/www.gaveanews.com\/wp-content\/uploads\/fluminense-colo-colo-libertadores_-e1715306411656-100x56.webp 100w\" sizes=\"auto, (max-width: 992px) 100vw, 992px\" \/><figcaption class=\"wp-element-caption\">Reprodu\u00e7\u00e3o\/X\/Fluminense\n<\/figcaption><\/figure>\n\n\n\n<p>Entre as novidades no time titular, a aten\u00e7\u00e3o se volta para a dupla formada por Lezcano e Lavega. Lezcano, contratado por R$ 29 milh\u00f5es, chega como um refor\u00e7o de peso, mas ainda busca consolidar uma boa sequ\u00eancia de partidas. J\u00e1 Lavega, promessa uruguaia de apenas 20 anos, far\u00e1 sua estreia como titular pelo Fluminense. Na \u00faltima temporada, o atacante acumulou 11 gols e 4 assist\u00eancias em 35 jogos pelo River Plate-URU, despertando expectativas entre os torcedores.<\/p>\n\n\n\n<p>O confronto tamb\u00e9m servir\u00e1 como um term\u00f4metro para definir espa\u00e7os na equipe. Lezcano, que ainda n\u00e3o se firmou no time principal, disputar\u00e1 posi\u00e7\u00e3o diretamente com Ganso, que busca recuperar ritmo ap\u00f3s se recuperar de uma miocardite. Al\u00e9m dele, outros nomes como Lima e Nonato tamb\u00e9m surgem como alternativas para a cria\u00e7\u00e3o no meio-campo, aumentando a concorr\u00eancia interna.<\/p>\n\n\n\n<p>Mesmo com um elenco alternativo, o Fluminense mant\u00e9m altas expectativas para a partida. A aposta em jovens talentos como Lezcano e Lavega reflete o planejamento do clube em explorar novos nomes enquanto preserva seus principais jogadores para desafios mais intensos. A altitude de La Paz, no entanto, imp\u00f5e uma dificuldade extra, exigindo preparo f\u00edsico e resili\u00eancia dos atletas.<\/p>\n\n\n\n<p>A estrat\u00e9gia de rodar o elenco na Sul-Americana, al\u00e9m de oferecer oportunidades aos jovens, visa preparar o time para momentos decisivos. Sob a orienta\u00e7\u00e3o de Alexandre Mendes, o Tricolor espera repetir as boas atua\u00e7\u00f5es em solo internacional, mantendo viva a esperan\u00e7a de uma classifica\u00e7\u00e3o expressiva no torneio continental.<\/p>\n","protected":false},"excerpt":{"rendered":"<p>Sob a altitude de La Paz, o Fluminense se prepara para um novo desafio pela Copa Sul-Americana. A equipe carioca enfrentar\u00e1 o San Jos\u00e9 nesta quinta-feira (8), \u00e0s 21h30 (hor\u00e1rio de Bras\u00edlia), no Est\u00e1dio Hernando Siles. Com 3.600 metros acima do n\u00edvel do mar, o palco do confronto representa um obst\u00e1culo adicional para o time, [&hellip;]<\/p>\n","protected":false},"author":33,"featured_media":152558,"comment_status":"open","ping_status":"closed","sticky":false,"template":"","format":"standard","meta":{"footnotes":""},"categories":[145],"tags":[],"class_list":["post-261847","post","type-post","status-publish","format-standard","has-post-thumbnail","hentry","category-fluminense"],"yoast_head":"<!-- This site is optimized with the Yoast SEO Premium plugin v24.2 (Yoast SEO v26.9) - https:\/\/yoast.com\/product\/yoast-seo-premium-wordpress\/ -->\n<title>Fluminense pode ter novidade entre titulares<\/title>\n<meta name=\"robots\" content=\"index, follow, max-snippet:-1, max-image-preview:large, max-video-preview:-1\" \/>\n<link rel=\"canonical\" href=\"https:\/\/www.gaveanews.com\/index.php\/2025\/05\/08\/fluminense-pode-ter-novidade-entre-titulares\/\" \/>\n<meta property=\"og:locale\" content=\"pt_BR\" \/>\n<meta property=\"og:type\" content=\"article\" \/>\n<meta property=\"og:title\" content=\"Fluminense pode ter novidade entre titulares\" \/>\n<meta property=\"og:description\" content=\"Sob a altitude de La Paz, o Fluminense se prepara para um novo desafio pela Copa Sul-Americana. A equipe carioca enfrentar\u00e1 o San Jos\u00e9 nesta quinta-feira (8), \u00e0s 21h30 (hor\u00e1rio de Bras\u00edlia), no Est\u00e1dio Hernando Siles. Com 3.600 metros acima do n\u00edvel do mar, o palco do confronto representa um obst\u00e1culo adicional para o time, [&hellip;]\" \/>\n<meta property=\"og:url\" content=\"https:\/\/www.gaveanews.com\/index.php\/2025\/05\/08\/fluminense-pode-ter-novidade-entre-titulares\/\" \/>\n<meta property=\"og:site_name\" content=\"G\u00e1vea News\" \/>\n<meta property=\"article:publisher\" content=\"https:\/\/facebook.com\/gaveaNews\/\" \/>\n<meta property=\"article:published_time\" content=\"2025-05-08T16:30:00+00:00\" \/>\n<meta property=\"og:image\" content=\"https:\/\/www.gaveanews.com\/wp-content\/uploads\/Bandeira-do-Fluminense.webp\" \/>\n\t<meta property=\"og:image:width\" content=\"1440\" \/>\n\t<meta property=\"og:image:height\" content=\"1080\" \/>\n\t<meta property=\"og:image:type\" content=\"image\/webp\" \/>\n<meta name=\"author\" content=\"Brenda Cezillo\" \/>\n<meta name=\"twitter:card\" content=\"summary_large_image\" \/>\n<meta name=\"twitter:label1\" content=\"Escrito por\" \/>\n\t<meta name=\"twitter:data1\" content=\"Brenda Cezillo\" \/>\n\t<meta name=\"twitter:label2\" content=\"Est. tempo de leitura\" \/>\n\t<meta name=\"twitter:data2\" content=\"3 minutos\" \/>\n<script type=\"application\/ld+json\" class=\"yoast-schema-graph\">{\"@context\":\"https:\/\/schema.org\",\"@graph\":[{\"@type\":\"NewsArticle\",\"@id\":\"https:\/\/www.gaveanews.com\/index.php\/2025\/05\/08\/fluminense-pode-ter-novidade-entre-titulares\/#article\",\"isPartOf\":{\"@id\":\"https:\/\/www.gaveanews.com\/index.php\/2025\/05\/08\/fluminense-pode-ter-novidade-entre-titulares\/\"},\"author\":{\"name\":\"Brenda Cezillo\",\"@id\":\"https:\/\/www.gaveanews.com\/#\/schema\/person\/c79759ca337c40791ae8d08e2923d403\"},\"headline\":\"Fluminense pode ter novidade entre titulares\",\"datePublished\":\"2025-05-08T16:30:00+00:00\",\"mainEntityOfPage\":{\"@id\":\"https:\/\/www.gaveanews.com\/index.php\/2025\/05\/08\/fluminense-pode-ter-novidade-entre-titulares\/\"},\"wordCount\":414,\"commentCount\":0,\"image\":{\"@id\":\"https:\/\/www.gaveanews.com\/index.php\/2025\/05\/08\/fluminense-pode-ter-novidade-entre-titulares\/#primaryimage\"},\"thumbnailUrl\":\"https:\/\/www.gaveanews.com\/wp-content\/uploads\/Bandeira-do-Fluminense.webp\",\"articleSection\":[\"Fluminense\"],\"inLanguage\":\"pt-BR\",\"potentialAction\":[{\"@type\":\"CommentAction\",\"name\":\"Comment\",\"target\":[\"https:\/\/www.gaveanews.com\/index.php\/2025\/05\/08\/fluminense-pode-ter-novidade-entre-titulares\/#respond\"]}],\"copyrightYear\":\"2025\",\"copyrightHolder\":{\"@id\":\"https:\/\/www.gaveanews.com\/#organization\"}},{\"@type\":\"WebPage\",\"@id\":\"https:\/\/www.gaveanews.com\/index.php\/2025\/05\/08\/fluminense-pode-ter-novidade-entre-titulares\/\",\"url\":\"https:\/\/www.gaveanews.com\/index.php\/2025\/05\/08\/fluminense-pode-ter-novidade-entre-titulares\/\",\"name\":\"Fluminense pode ter novidade entre titulares\",\"isPartOf\":{\"@id\":\"https:\/\/www.gaveanews.com\/#website\"},\"primaryImageOfPage\":{\"@id\":\"https:\/\/www.gaveanews.com\/index.php\/2025\/05\/08\/fluminense-pode-ter-novidade-entre-titulares\/#primaryimage\"},\"image\":{\"@id\":\"https:\/\/www.gaveanews.com\/index.php\/2025\/05\/08\/fluminense-pode-ter-novidade-entre-titulares\/#primaryimage\"},\"thumbnailUrl\":\"https:\/\/www.gaveanews.com\/wp-content\/uploads\/Bandeira-do-Fluminense.webp\",\"datePublished\":\"2025-05-08T16:30:00+00:00\",\"author\":{\"@id\":\"https:\/\/www.gaveanews.com\/#\/schema\/person\/c79759ca337c40791ae8d08e2923d403\"},\"breadcrumb\":{\"@id\":\"https:\/\/www.gaveanews.com\/index.php\/2025\/05\/08\/fluminense-pode-ter-novidade-entre-titulares\/#breadcrumb\"},\"inLanguage\":\"pt-BR\",\"potentialAction\":[{\"@type\":\"ReadAction\",\"target\":[\"https:\/\/www.gaveanews.com\/index.php\/2025\/05\/08\/fluminense-pode-ter-novidade-entre-titulares\/\"]}]},{\"@type\":\"ImageObject\",\"inLanguage\":\"pt-BR\",\"@id\":\"https:\/\/www.gaveanews.com\/index.php\/2025\/05\/08\/fluminense-pode-ter-novidade-entre-titulares\/#primaryimage\",\"url\":\"https:\/\/www.gaveanews.com\/wp-content\/uploads\/Bandeira-do-Fluminense.webp\",\"contentUrl\":\"https:\/\/www.gaveanews.com\/wp-content\/uploads\/Bandeira-do-Fluminense.webp\",\"width\":1440,\"height\":1080,\"caption\":\"Bandeira do Fluminense (Foto: Reprodu\u00e7\u00e3o\/Fluminense)\"},{\"@type\":\"BreadcrumbList\",\"@id\":\"https:\/\/www.gaveanews.com\/index.php\/2025\/05\/08\/fluminense-pode-ter-novidade-entre-titulares\/#breadcrumb\",\"itemListElement\":[{\"@type\":\"ListItem\",\"position\":1,\"name\":\"Home\",\"item\":\"https:\/\/www.gaveanews.com\/\"},{\"@type\":\"ListItem\",\"position\":2,\"name\":\"Fluminense pode ter novidade entre titulares\"}]},{\"@type\":\"WebSite\",\"@id\":\"https:\/\/www.gaveanews.com\/#website\",\"url\":\"https:\/\/www.gaveanews.com\/\",\"name\":\"G\u00e1vea News\",\"description\":\"Veja todas as not\u00edcias sobre o Flamengo: Contrata\u00e7\u00f5es, categorias de base, resultados das partidas, tabela de classifica\u00e7\u00e3o, pr\u00f3ximos jogos!\",\"potentialAction\":[{\"@type\":\"SearchAction\",\"target\":{\"@type\":\"EntryPoint\",\"urlTemplate\":\"https:\/\/www.gaveanews.com\/?s={search_term_string}\"},\"query-input\":{\"@type\":\"PropertyValueSpecification\",\"valueRequired\":true,\"valueName\":\"search_term_string\"}}],\"inLanguage\":\"pt-BR\"},{\"@type\":\"Person\",\"@id\":\"https:\/\/www.gaveanews.com\/#\/schema\/person\/c79759ca337c40791ae8d08e2923d403\",\"name\":\"Brenda Cezillo\",\"image\":{\"@type\":\"ImageObject\",\"inLanguage\":\"pt-BR\",\"@id\":\"https:\/\/www.gaveanews.com\/#\/schema\/person\/image\/\",\"url\":\"https:\/\/secure.gravatar.com\/avatar\/1738d75cee7317f9c29ae61dd67620c5883d80a92e42a6fff88ae5d527af217a?s=96&d=mm&r=g\",\"contentUrl\":\"https:\/\/secure.gravatar.com\/avatar\/1738d75cee7317f9c29ae61dd67620c5883d80a92e42a6fff88ae5d527af217a?s=96&d=mm&r=g\",\"caption\":\"Brenda Cezillo\"}}]}<\/script>\n<!-- \/ Yoast SEO Premium plugin. -->","yoast_head_json":{"title":"Fluminense pode ter novidade entre titulares","robots":{"index":"index","follow":"follow","max-snippet":"max-snippet:-1","max-image-preview":"max-image-preview:large","max-video-preview":"max-video-preview:-1"},"canonical":"https:\/\/www.gaveanews.com\/index.php\/2025\/05\/08\/fluminense-pode-ter-novidade-entre-titulares\/","og_locale":"pt_BR","og_type":"article","og_title":"Fluminense pode ter novidade entre titulares","og_description":"Sob a altitude de La Paz, o Fluminense se prepara para um novo desafio pela Copa Sul-Americana. A equipe carioca enfrentar\u00e1 o San Jos\u00e9 nesta quinta-feira (8), \u00e0s 21h30 (hor\u00e1rio de Bras\u00edlia), no Est\u00e1dio Hernando Siles. Com 3.600 metros acima do n\u00edvel do mar, o palco do confronto representa um obst\u00e1culo adicional para o time, [&hellip;]","og_url":"https:\/\/www.gaveanews.com\/index.php\/2025\/05\/08\/fluminense-pode-ter-novidade-entre-titulares\/","og_site_name":"G\u00e1vea News","article_publisher":"https:\/\/facebook.com\/gaveaNews\/","article_published_time":"2025-05-08T16:30:00+00:00","og_image":[{"width":1440,"height":1080,"url":"https:\/\/www.gaveanews.com\/wp-content\/uploads\/Bandeira-do-Fluminense.webp","type":"image\/webp"}],"author":"Brenda Cezillo","twitter_card":"summary_large_image","twitter_misc":{"Escrito por":"Brenda Cezillo","Est. tempo de leitura":"3 minutos"},"schema":{"@context":"https:\/\/schema.org","@graph":[{"@type":"NewsArticle","@id":"https:\/\/www.gaveanews.com\/index.php\/2025\/05\/08\/fluminense-pode-ter-novidade-entre-titulares\/#article","isPartOf":{"@id":"https:\/\/www.gaveanews.com\/index.php\/2025\/05\/08\/fluminense-pode-ter-novidade-entre-titulares\/"},"author":{"name":"Brenda Cezillo","@id":"https:\/\/www.gaveanews.com\/#\/schema\/person\/c79759ca337c40791ae8d08e2923d403"},"headline":"Fluminense pode ter novidade entre titulares","datePublished":"2025-05-08T16:30:00+00:00","mainEntityOfPage":{"@id":"https:\/\/www.gaveanews.com\/index.php\/2025\/05\/08\/fluminense-pode-ter-novidade-entre-titulares\/"},"wordCount":414,"commentCount":0,"image":{"@id":"https:\/\/www.gaveanews.com\/index.php\/2025\/05\/08\/fluminense-pode-ter-novidade-entre-titulares\/#primaryimage"},"thumbnailUrl":"https:\/\/www.gaveanews.com\/wp-content\/uploads\/Bandeira-do-Fluminense.webp","articleSection":["Fluminense"],"inLanguage":"pt-BR","potentialAction":[{"@type":"CommentAction","name":"Comment","target":["https:\/\/www.gaveanews.com\/index.php\/2025\/05\/08\/fluminense-pode-ter-novidade-entre-titulares\/#respond"]}],"copyrightYear":"2025","copyrightHolder":{"@id":"https:\/\/www.gaveanews.com\/#organization"}},{"@type":"WebPage","@id":"https:\/\/www.gaveanews.com\/index.php\/2025\/05\/08\/fluminense-pode-ter-novidade-entre-titulares\/","url":"https:\/\/www.gaveanews.com\/index.php\/2025\/05\/08\/fluminense-pode-ter-novidade-entre-titulares\/","name":"Fluminense pode ter novidade entre titulares","isPartOf":{"@id":"https:\/\/www.gaveanews.com\/#website"},"primaryImageOfPage":{"@id":"https:\/\/www.gaveanews.com\/index.php\/2025\/05\/08\/fluminense-pode-ter-novidade-entre-titulares\/#primaryimage"},"image":{"@id":"https:\/\/www.gaveanews.com\/index.php\/2025\/05\/08\/fluminense-pode-ter-novidade-entre-titulares\/#primaryimage"},"thumbnailUrl":"https:\/\/www.gaveanews.com\/wp-content\/uploads\/Bandeira-do-Fluminense.webp","datePublished":"2025-05-08T16:30:00+00:00","author":{"@id":"https:\/\/www.gaveanews.com\/#\/schema\/person\/c79759ca337c40791ae8d08e2923d403"},"breadcrumb":{"@id":"https:\/\/www.gaveanews.com\/index.php\/2025\/05\/08\/fluminense-pode-ter-novidade-entre-titulares\/#breadcrumb"},"inLanguage":"pt-BR","potentialAction":[{"@type":"ReadAction","target":["https:\/\/www.gaveanews.com\/index.php\/2025\/05\/08\/fluminense-pode-ter-novidade-entre-titulares\/"]}]},{"@type":"ImageObject","inLanguage":"pt-BR","@id":"https:\/\/www.gaveanews.com\/index.php\/2025\/05\/08\/fluminense-pode-ter-novidade-entre-titulares\/#primaryimage","url":"https:\/\/www.gaveanews.com\/wp-content\/uploads\/Bandeira-do-Fluminense.webp","contentUrl":"https:\/\/www.gaveanews.com\/wp-content\/uploads\/Bandeira-do-Fluminense.webp","width":1440,"height":1080,"caption":"Bandeira do Fluminense (Foto: Reprodu\u00e7\u00e3o\/Fluminense)"},{"@type":"BreadcrumbList","@id":"https:\/\/www.gaveanews.com\/index.php\/2025\/05\/08\/fluminense-pode-ter-novidade-entre-titulares\/#breadcrumb","itemListElement":[{"@type":"ListItem","position":1,"name":"Home","item":"https:\/\/www.gaveanews.com\/"},{"@type":"ListItem","position":2,"name":"Fluminense pode ter novidade entre titulares"}]},{"@type":"WebSite","@id":"https:\/\/www.gaveanews.com\/#website","url":"https:\/\/www.gaveanews.com\/","name":"G\u00e1vea News","description":"Veja todas as not\u00edcias sobre o Flamengo: Contrata\u00e7\u00f5es, categorias de base, resultados das partidas, tabela de classifica\u00e7\u00e3o, pr\u00f3ximos jogos!","potentialAction":[{"@type":"SearchAction","target":{"@type":"EntryPoint","urlTemplate":"https:\/\/www.gaveanews.com\/?s={search_term_string}"},"query-input":{"@type":"PropertyValueSpecification","valueRequired":true,"valueName":"search_term_string"}}],"inLanguage":"pt-BR"},{"@type":"Person","@id":"https:\/\/www.gaveanews.com\/#\/schema\/person\/c79759ca337c40791ae8d08e2923d403","name":"Brenda Cezillo","image":{"@type":"ImageObject","inLanguage":"pt-BR","@id":"https:\/\/www.gaveanews.com\/#\/schema\/person\/image\/","url":"https:\/\/secure.gravatar.com\/avatar\/1738d75cee7317f9c29ae61dd67620c5883d80a92e42a6fff88ae5d527af217a?s=96&d=mm&r=g","contentUrl":"https:\/\/secure.gravatar.com\/avatar\/1738d75cee7317f9c29ae61dd67620c5883d80a92e42a6fff88ae5d527af217a?s=96&d=mm&r=g","caption":"Brenda Cezillo"}}]}},"_links":{"self":[{"href":"https:\/\/www.gaveanews.com\/index.php\/wp-json\/wp\/v2\/posts\/261847","targetHints":{"allow":["GET"]}}],"collection":[{"href":"https:\/\/www.gaveanews.com\/index.php\/wp-json\/wp\/v2\/posts"}],"about":[{"href":"https:\/\/www.gaveanews.com\/index.php\/wp-json\/wp\/v2\/types\/post"}],"author":[{"embeddable":true,"href":"https:\/\/www.gaveanews.com\/index.php\/wp-json\/wp\/v2\/users\/33"}],"replies":[{"embeddable":true,"href":"https:\/\/www.gaveanews.com\/index.php\/wp-json\/wp\/v2\/comments?post=261847"}],"version-history":[{"count":1,"href":"https:\/\/www.gaveanews.com\/index.php\/wp-json\/wp\/v2\/posts\/261847\/revisions"}],"predecessor-version":[{"id":261852,"href":"https:\/\/www.gaveanews.com\/index.php\/wp-json\/wp\/v2\/posts\/261847\/revisions\/261852"}],"wp:featuredmedia":[{"embeddable":true,"href":"https:\/\/www.gaveanews.com\/index.php\/wp-json\/wp\/v2\/media\/152558"}],"wp:attachment":[{"href":"https:\/\/www.gaveanews.com\/index.php\/wp-json\/wp\/v2\/media?parent=261847"}],"wp:term":[{"taxonomy":"category","embeddable":true,"href":"https:\/\/www.gaveanews.com\/index.php\/wp-json\/wp\/v2\/categories?post=261847"},{"taxonomy":"post_tag","embeddable":true,"href":"https:\/\/www.gaveanews.com\/index.php\/wp-json\/wp\/v2\/tags?post=261847"}],"curies":[{"name":"wp","href":"https:\/\/api.w.org\/{rel}","templated":true}]}}