{"id":261854,"date":"2025-05-08T13:45:00","date_gmt":"2025-05-08T16:45:00","guid":{"rendered":"https:\/\/www.gaveanews.com\/?p=261854"},"modified":"2025-05-08T13:15:09","modified_gmt":"2025-05-08T16:15:09","slug":"crise-divida-do-cruzeiro-atinge-valor-surreal","status":"publish","type":"post","link":"https:\/\/www.gaveanews.com\/index.php\/2025\/05\/08\/crise-divida-do-cruzeiro-atinge-valor-surreal\/","title":{"rendered":"Crise!? D\u00edvida do Cruzeiro atinge valor surreal"},"content":{"rendered":"\n<p>A transi\u00e7\u00e3o do controle da SAF do Cruzeiro, conclu\u00edda em abril de 2023, representou mais do que a substitui\u00e7\u00e3o de um acionista. A troca de Ronaldo por Pedro Louren\u00e7o, empres\u00e1rio do setor varejista e dono dos Supermercados BH, marcou uma inflex\u00e3o na pol\u00edtica financeira do clube. Anteriormente focado na conten\u00e7\u00e3o de gastos, a Raposa passou a adotar uma abordagem mais agressiva em investimentos, sobretudo no departamento de futebol.<\/p>\n\n\n\n<p>Pedro Louren\u00e7o assumiu o comando com 90% das a\u00e7\u00f5es, enquanto os 10% restantes permaneceram com a associa\u00e7\u00e3o civil, presidida por Lidson Potsch. Desde ent\u00e3o, a diretoria composta por Pedro Junio e Alexandre Mattos intensificou os aportes na montagem do elenco.<\/p>\n\n\n\n<h2 class=\"wp-block-heading\" id=\"h-avanco-nas-receitas-desequilibrio-financeiro\">Avan\u00e7o nas receitas, desequil\u00edbrio financeiro<\/h2>\n\n\n\n<p>Conforme o balan\u00e7o financeiro divulgado em abril deste ano, a receita operacional l\u00edquida do Cruzeiro cresceu de R$ 207,6 milh\u00f5es, em 2023, para R$ 282,7 milh\u00f5es em 2024. O valor superou com folga o m\u00ednimo de R$ 350 milh\u00f5es estipulado no acordo de acionistas para ser atingido at\u00e9 2027.<\/p>\n\n\n\n<p>Entre as principais fontes de arrecada\u00e7\u00e3o em 2024, destacam-se os direitos de transmiss\u00e3o e premia\u00e7\u00f5es (R$ 138,1 milh\u00f5es), patroc\u00ednios (R$ 57,9 milh\u00f5es), bilheteria (R$ 51,1 milh\u00f5es) e o programa S\u00f3cio 5 Estrelas (R$ 32,4 milh\u00f5es). Houve ainda receitas com royalties e licenciamentos (R$ 15,4 milh\u00f5es), al\u00e9m do mecanismo de solidariedade da FIFA (R$ 10,9 milh\u00f5es).<\/p>\n\n\n\n<p>Entretanto, esse avan\u00e7o n\u00e3o impediu o desequil\u00edbrio financeiro. A despesa total com o futebol profissional atingiu R$ 395 milh\u00f5es, mais que o dobro dos R$ 176 milh\u00f5es gastos no exerc\u00edcio anterior. O rombo do clube chegou a quase R$ 170 milh\u00f5es, com preju\u00edzo operacional estimado em R$ 112 milh\u00f5es.<\/p>\n\n\n\n<h2 class=\"wp-block-heading\" id=\"h-aumento-expressivo-do-endividamento\">Aumento expressivo do endividamento<\/h2>\n\n\n\n<p>O passivo total da SAF celeste saltou de R$ 903 milh\u00f5es, em 2023, para R$ 1,31 bilh\u00e3o em 2024. Considerando os ativos, a d\u00edvida l\u00edquida fechou o ano em R$ 981 milh\u00f5es, contra R$ 749 milh\u00f5es no fim do ano anterior.<\/p>\n\n\n\n<p>Grande parte dessas obriga\u00e7\u00f5es est\u00e1 relacionada \u00e0 recupera\u00e7\u00e3o judicial da associa\u00e7\u00e3o civil, que totaliza R$ 590 milh\u00f5es. Outro componente relevante \u00e9 a compra dos centros de treinamento Toca da Raposa 1 e 2, avaliada em mais de R$ 200 milh\u00f5es.<\/p>\n\n\n\n<p>Al\u00e9m disso, as d\u00edvidas tribut\u00e1rias cresceram e alcan\u00e7aram R$ 236,7 milh\u00f5es, aumento de quase R$ 40 milh\u00f5es em rela\u00e7\u00e3o ao per\u00edodo anterior. O clube tamb\u00e9m precisar\u00e1 continuar desembolsando cerca de R$ 30 milh\u00f5es anuais ao ex-dono Ronaldo, em parcelas da aquisi\u00e7\u00e3o da SAF.<\/p>\n\n\n\n<h2 class=\"wp-block-heading\" id=\"h-contratacoes-pesam-no-balanco\">Contrata\u00e7\u00f5es pesam no balan\u00e7o<\/h2>\n\n\n\n<p>A nova administra\u00e7\u00e3o apostou em refor\u00e7os de peso para tentar acelerar o crescimento esportivo. O relat\u00f3rio aponta que foram investidos R$ 331,9 milh\u00f5es em aquisi\u00e7\u00f5es de jogadores, valor registrado como ativo intang\u00edvel. Entre os principais nomes contratados est\u00e3o Walace, Matheus Henrique e Kaio Jorge. <\/p>\n\n\n\n<p>Em contrapartida, o montante devido por contrata\u00e7\u00f5es aumentou de R$ 29 milh\u00f5es, em 2023, para R$ 183 milh\u00f5es ao fim de 2024.<\/p>\n\n\n\n<p>Importante destacar que esses n\u00fameros ainda n\u00e3o incluem valores de refor\u00e7os anunciados mais recentemente, como Gabigol, Dudu e Fabr\u00edcio Bruno. Ali\u00e1s, Dudu j\u00e1 deixou o elenco antes mesmo de completar um ciclo no clube, mantendo pend\u00eancias contratuais a serem quitadas.<\/p>\n\n\n\n<h2 class=\"wp-block-heading\" id=\"h-cenario-desafiador\">Cen\u00e1rio desafiador <\/h2>\n\n\n\n<p>Apesar da eleva\u00e7\u00e3o nas receitas e do empenho em quitar d\u00edvidas herdadas, as corre\u00e7\u00f5es monet\u00e1rias e os juros superaram os pagamentos realizados, o que impediu a redu\u00e7\u00e3o efetiva do passivo. A d\u00edvida do Cruzeiro, que havia diminu\u00eddo em 2022, voltou a subir, atingindo o maior patamar da s\u00e9rie hist\u00f3rica iniciada em 2017.<\/p>\n\n\n\n<p><\/p>\n","protected":false},"excerpt":{"rendered":"<p>A transi\u00e7\u00e3o do controle da SAF do Cruzeiro, conclu\u00edda em abril de 2023, representou mais do que a substitui\u00e7\u00e3o de um acionista. A troca de Ronaldo por Pedro Louren\u00e7o, empres\u00e1rio do setor varejista e dono dos Supermercados BH, marcou uma inflex\u00e3o na pol\u00edtica financeira do clube. Anteriormente focado na conten\u00e7\u00e3o de gastos, a Raposa passou [&hellip;]<\/p>\n","protected":false},"author":30,"featured_media":175601,"comment_status":"open","ping_status":"closed","sticky":false,"template":"","format":"standard","meta":{"footnotes":""},"categories":[143],"tags":[],"class_list":["post-261854","post","type-post","status-publish","format-standard","has-post-thumbnail","hentry","category-cruzeiro"],"yoast_head":"<!-- This site is optimized with the Yoast SEO Premium plugin v24.2 (Yoast SEO v26.9) - https:\/\/yoast.com\/product\/yoast-seo-premium-wordpress\/ -->\n<title>Crise!? D\u00edvida do Cruzeiro atinge valor surreal<\/title>\n<meta name=\"robots\" content=\"index, follow, max-snippet:-1, max-image-preview:large, max-video-preview:-1\" \/>\n<link rel=\"canonical\" href=\"https:\/\/www.gaveanews.com\/index.php\/2025\/05\/08\/crise-divida-do-cruzeiro-atinge-valor-surreal\/\" \/>\n<meta property=\"og:locale\" content=\"pt_BR\" \/>\n<meta property=\"og:type\" content=\"article\" \/>\n<meta property=\"og:title\" content=\"Crise!? D\u00edvida do Cruzeiro atinge valor surreal\" \/>\n<meta property=\"og:description\" content=\"A transi\u00e7\u00e3o do controle da SAF do Cruzeiro, conclu\u00edda em abril de 2023, representou mais do que a substitui\u00e7\u00e3o de um acionista. A troca de Ronaldo por Pedro Louren\u00e7o, empres\u00e1rio do setor varejista e dono dos Supermercados BH, marcou uma inflex\u00e3o na pol\u00edtica financeira do clube. Anteriormente focado na conten\u00e7\u00e3o de gastos, a Raposa passou [&hellip;]\" \/>\n<meta property=\"og:url\" content=\"https:\/\/www.gaveanews.com\/index.php\/2025\/05\/08\/crise-divida-do-cruzeiro-atinge-valor-surreal\/\" \/>\n<meta property=\"og:site_name\" content=\"G\u00e1vea News\" \/>\n<meta property=\"article:publisher\" content=\"https:\/\/facebook.com\/gaveaNews\/\" \/>\n<meta property=\"article:published_time\" content=\"2025-05-08T16:45:00+00:00\" \/>\n<meta property=\"og:image\" content=\"https:\/\/www.gaveanews.com\/wp-content\/uploads\/Bandeira-do-Cruzeiro.webp\" \/>\n\t<meta property=\"og:image:width\" content=\"1062\" \/>\n\t<meta property=\"og:image:height\" content=\"708\" \/>\n\t<meta property=\"og:image:type\" content=\"image\/webp\" \/>\n<meta name=\"author\" content=\"Ana Teixeira\" \/>\n<meta name=\"twitter:card\" content=\"summary_large_image\" \/>\n<meta name=\"twitter:label1\" content=\"Escrito por\" \/>\n\t<meta name=\"twitter:data1\" content=\"Ana Teixeira\" \/>\n\t<meta name=\"twitter:label2\" content=\"Est. tempo de leitura\" \/>\n\t<meta name=\"twitter:data2\" content=\"4 minutos\" \/>\n<script type=\"application\/ld+json\" class=\"yoast-schema-graph\">{\"@context\":\"https:\/\/schema.org\",\"@graph\":[{\"@type\":\"NewsArticle\",\"@id\":\"https:\/\/www.gaveanews.com\/index.php\/2025\/05\/08\/crise-divida-do-cruzeiro-atinge-valor-surreal\/#article\",\"isPartOf\":{\"@id\":\"https:\/\/www.gaveanews.com\/index.php\/2025\/05\/08\/crise-divida-do-cruzeiro-atinge-valor-surreal\/\"},\"author\":{\"name\":\"Ana Teixeira\",\"@id\":\"https:\/\/www.gaveanews.com\/#\/schema\/person\/3b19f7288b0ce20372991275e4f2e6c2\"},\"headline\":\"Crise!? D\u00edvida do Cruzeiro atinge valor surreal\",\"datePublished\":\"2025-05-08T16:45:00+00:00\",\"mainEntityOfPage\":{\"@id\":\"https:\/\/www.gaveanews.com\/index.php\/2025\/05\/08\/crise-divida-do-cruzeiro-atinge-valor-surreal\/\"},\"wordCount\":614,\"commentCount\":0,\"image\":{\"@id\":\"https:\/\/www.gaveanews.com\/index.php\/2025\/05\/08\/crise-divida-do-cruzeiro-atinge-valor-surreal\/#primaryimage\"},\"thumbnailUrl\":\"https:\/\/www.gaveanews.com\/wp-content\/uploads\/Bandeira-do-Cruzeiro.webp\",\"articleSection\":[\"Cruzeiro\"],\"inLanguage\":\"pt-BR\",\"potentialAction\":[{\"@type\":\"CommentAction\",\"name\":\"Comment\",\"target\":[\"https:\/\/www.gaveanews.com\/index.php\/2025\/05\/08\/crise-divida-do-cruzeiro-atinge-valor-surreal\/#respond\"]}],\"copyrightYear\":\"2025\",\"copyrightHolder\":{\"@id\":\"https:\/\/www.gaveanews.com\/#organization\"}},{\"@type\":\"WebPage\",\"@id\":\"https:\/\/www.gaveanews.com\/index.php\/2025\/05\/08\/crise-divida-do-cruzeiro-atinge-valor-surreal\/\",\"url\":\"https:\/\/www.gaveanews.com\/index.php\/2025\/05\/08\/crise-divida-do-cruzeiro-atinge-valor-surreal\/\",\"name\":\"Crise!? D\u00edvida do Cruzeiro atinge valor surreal\",\"isPartOf\":{\"@id\":\"https:\/\/www.gaveanews.com\/#website\"},\"primaryImageOfPage\":{\"@id\":\"https:\/\/www.gaveanews.com\/index.php\/2025\/05\/08\/crise-divida-do-cruzeiro-atinge-valor-surreal\/#primaryimage\"},\"image\":{\"@id\":\"https:\/\/www.gaveanews.com\/index.php\/2025\/05\/08\/crise-divida-do-cruzeiro-atinge-valor-surreal\/#primaryimage\"},\"thumbnailUrl\":\"https:\/\/www.gaveanews.com\/wp-content\/uploads\/Bandeira-do-Cruzeiro.webp\",\"datePublished\":\"2025-05-08T16:45:00+00:00\",\"author\":{\"@id\":\"https:\/\/www.gaveanews.com\/#\/schema\/person\/3b19f7288b0ce20372991275e4f2e6c2\"},\"breadcrumb\":{\"@id\":\"https:\/\/www.gaveanews.com\/index.php\/2025\/05\/08\/crise-divida-do-cruzeiro-atinge-valor-surreal\/#breadcrumb\"},\"inLanguage\":\"pt-BR\",\"potentialAction\":[{\"@type\":\"ReadAction\",\"target\":[\"https:\/\/www.gaveanews.com\/index.php\/2025\/05\/08\/crise-divida-do-cruzeiro-atinge-valor-surreal\/\"]}]},{\"@type\":\"ImageObject\",\"inLanguage\":\"pt-BR\",\"@id\":\"https:\/\/www.gaveanews.com\/index.php\/2025\/05\/08\/crise-divida-do-cruzeiro-atinge-valor-surreal\/#primaryimage\",\"url\":\"https:\/\/www.gaveanews.com\/wp-content\/uploads\/Bandeira-do-Cruzeiro.webp\",\"contentUrl\":\"https:\/\/www.gaveanews.com\/wp-content\/uploads\/Bandeira-do-Cruzeiro.webp\",\"width\":1062,\"height\":708,\"caption\":\"Bandeira do Cruzeiro (Foto: Reprodu\u00e7\u00e3o\/Cruzeiro)\"},{\"@type\":\"BreadcrumbList\",\"@id\":\"https:\/\/www.gaveanews.com\/index.php\/2025\/05\/08\/crise-divida-do-cruzeiro-atinge-valor-surreal\/#breadcrumb\",\"itemListElement\":[{\"@type\":\"ListItem\",\"position\":1,\"name\":\"Home\",\"item\":\"https:\/\/www.gaveanews.com\/\"},{\"@type\":\"ListItem\",\"position\":2,\"name\":\"Crise!? D\u00edvida do Cruzeiro atinge valor surreal\"}]},{\"@type\":\"WebSite\",\"@id\":\"https:\/\/www.gaveanews.com\/#website\",\"url\":\"https:\/\/www.gaveanews.com\/\",\"name\":\"G\u00e1vea News\",\"description\":\"Veja todas as not\u00edcias sobre o Flamengo: Contrata\u00e7\u00f5es, categorias de base, resultados das partidas, tabela de classifica\u00e7\u00e3o, pr\u00f3ximos jogos!\",\"potentialAction\":[{\"@type\":\"SearchAction\",\"target\":{\"@type\":\"EntryPoint\",\"urlTemplate\":\"https:\/\/www.gaveanews.com\/?s={search_term_string}\"},\"query-input\":{\"@type\":\"PropertyValueSpecification\",\"valueRequired\":true,\"valueName\":\"search_term_string\"}}],\"inLanguage\":\"pt-BR\"},{\"@type\":\"Person\",\"@id\":\"https:\/\/www.gaveanews.com\/#\/schema\/person\/3b19f7288b0ce20372991275e4f2e6c2\",\"name\":\"Ana Teixeira\",\"image\":{\"@type\":\"ImageObject\",\"inLanguage\":\"pt-BR\",\"@id\":\"https:\/\/www.gaveanews.com\/#\/schema\/person\/image\/\",\"url\":\"https:\/\/secure.gravatar.com\/avatar\/0a73f5a5258f3fed37fc2fa641892f3f7a4748456d4d4792f9bc550e6c19e06c?s=96&d=mm&r=g\",\"contentUrl\":\"https:\/\/secure.gravatar.com\/avatar\/0a73f5a5258f3fed37fc2fa641892f3f7a4748456d4d4792f9bc550e6c19e06c?s=96&d=mm&r=g\",\"caption\":\"Ana Teixeira\"}}]}<\/script>\n<!-- \/ Yoast SEO Premium plugin. -->","yoast_head_json":{"title":"Crise!? D\u00edvida do Cruzeiro atinge valor surreal","robots":{"index":"index","follow":"follow","max-snippet":"max-snippet:-1","max-image-preview":"max-image-preview:large","max-video-preview":"max-video-preview:-1"},"canonical":"https:\/\/www.gaveanews.com\/index.php\/2025\/05\/08\/crise-divida-do-cruzeiro-atinge-valor-surreal\/","og_locale":"pt_BR","og_type":"article","og_title":"Crise!? D\u00edvida do Cruzeiro atinge valor surreal","og_description":"A transi\u00e7\u00e3o do controle da SAF do Cruzeiro, conclu\u00edda em abril de 2023, representou mais do que a substitui\u00e7\u00e3o de um acionista. A troca de Ronaldo por Pedro Louren\u00e7o, empres\u00e1rio do setor varejista e dono dos Supermercados BH, marcou uma inflex\u00e3o na pol\u00edtica financeira do clube. Anteriormente focado na conten\u00e7\u00e3o de gastos, a Raposa passou [&hellip;]","og_url":"https:\/\/www.gaveanews.com\/index.php\/2025\/05\/08\/crise-divida-do-cruzeiro-atinge-valor-surreal\/","og_site_name":"G\u00e1vea News","article_publisher":"https:\/\/facebook.com\/gaveaNews\/","article_published_time":"2025-05-08T16:45:00+00:00","og_image":[{"width":1062,"height":708,"url":"https:\/\/www.gaveanews.com\/wp-content\/uploads\/Bandeira-do-Cruzeiro.webp","type":"image\/webp"}],"author":"Ana Teixeira","twitter_card":"summary_large_image","twitter_misc":{"Escrito por":"Ana Teixeira","Est. tempo de leitura":"4 minutos"},"schema":{"@context":"https:\/\/schema.org","@graph":[{"@type":"NewsArticle","@id":"https:\/\/www.gaveanews.com\/index.php\/2025\/05\/08\/crise-divida-do-cruzeiro-atinge-valor-surreal\/#article","isPartOf":{"@id":"https:\/\/www.gaveanews.com\/index.php\/2025\/05\/08\/crise-divida-do-cruzeiro-atinge-valor-surreal\/"},"author":{"name":"Ana Teixeira","@id":"https:\/\/www.gaveanews.com\/#\/schema\/person\/3b19f7288b0ce20372991275e4f2e6c2"},"headline":"Crise!? D\u00edvida do Cruzeiro atinge valor surreal","datePublished":"2025-05-08T16:45:00+00:00","mainEntityOfPage":{"@id":"https:\/\/www.gaveanews.com\/index.php\/2025\/05\/08\/crise-divida-do-cruzeiro-atinge-valor-surreal\/"},"wordCount":614,"commentCount":0,"image":{"@id":"https:\/\/www.gaveanews.com\/index.php\/2025\/05\/08\/crise-divida-do-cruzeiro-atinge-valor-surreal\/#primaryimage"},"thumbnailUrl":"https:\/\/www.gaveanews.com\/wp-content\/uploads\/Bandeira-do-Cruzeiro.webp","articleSection":["Cruzeiro"],"inLanguage":"pt-BR","potentialAction":[{"@type":"CommentAction","name":"Comment","target":["https:\/\/www.gaveanews.com\/index.php\/2025\/05\/08\/crise-divida-do-cruzeiro-atinge-valor-surreal\/#respond"]}],"copyrightYear":"2025","copyrightHolder":{"@id":"https:\/\/www.gaveanews.com\/#organization"}},{"@type":"WebPage","@id":"https:\/\/www.gaveanews.com\/index.php\/2025\/05\/08\/crise-divida-do-cruzeiro-atinge-valor-surreal\/","url":"https:\/\/www.gaveanews.com\/index.php\/2025\/05\/08\/crise-divida-do-cruzeiro-atinge-valor-surreal\/","name":"Crise!? D\u00edvida do Cruzeiro atinge valor surreal","isPartOf":{"@id":"https:\/\/www.gaveanews.com\/#website"},"primaryImageOfPage":{"@id":"https:\/\/www.gaveanews.com\/index.php\/2025\/05\/08\/crise-divida-do-cruzeiro-atinge-valor-surreal\/#primaryimage"},"image":{"@id":"https:\/\/www.gaveanews.com\/index.php\/2025\/05\/08\/crise-divida-do-cruzeiro-atinge-valor-surreal\/#primaryimage"},"thumbnailUrl":"https:\/\/www.gaveanews.com\/wp-content\/uploads\/Bandeira-do-Cruzeiro.webp","datePublished":"2025-05-08T16:45:00+00:00","author":{"@id":"https:\/\/www.gaveanews.com\/#\/schema\/person\/3b19f7288b0ce20372991275e4f2e6c2"},"breadcrumb":{"@id":"https:\/\/www.gaveanews.com\/index.php\/2025\/05\/08\/crise-divida-do-cruzeiro-atinge-valor-surreal\/#breadcrumb"},"inLanguage":"pt-BR","potentialAction":[{"@type":"ReadAction","target":["https:\/\/www.gaveanews.com\/index.php\/2025\/05\/08\/crise-divida-do-cruzeiro-atinge-valor-surreal\/"]}]},{"@type":"ImageObject","inLanguage":"pt-BR","@id":"https:\/\/www.gaveanews.com\/index.php\/2025\/05\/08\/crise-divida-do-cruzeiro-atinge-valor-surreal\/#primaryimage","url":"https:\/\/www.gaveanews.com\/wp-content\/uploads\/Bandeira-do-Cruzeiro.webp","contentUrl":"https:\/\/www.gaveanews.com\/wp-content\/uploads\/Bandeira-do-Cruzeiro.webp","width":1062,"height":708,"caption":"Bandeira do Cruzeiro (Foto: Reprodu\u00e7\u00e3o\/Cruzeiro)"},{"@type":"BreadcrumbList","@id":"https:\/\/www.gaveanews.com\/index.php\/2025\/05\/08\/crise-divida-do-cruzeiro-atinge-valor-surreal\/#breadcrumb","itemListElement":[{"@type":"ListItem","position":1,"name":"Home","item":"https:\/\/www.gaveanews.com\/"},{"@type":"ListItem","position":2,"name":"Crise!? D\u00edvida do Cruzeiro atinge valor surreal"}]},{"@type":"WebSite","@id":"https:\/\/www.gaveanews.com\/#website","url":"https:\/\/www.gaveanews.com\/","name":"G\u00e1vea News","description":"Veja todas as not\u00edcias sobre o Flamengo: Contrata\u00e7\u00f5es, categorias de base, resultados das partidas, tabela de classifica\u00e7\u00e3o, pr\u00f3ximos jogos!","potentialAction":[{"@type":"SearchAction","target":{"@type":"EntryPoint","urlTemplate":"https:\/\/www.gaveanews.com\/?s={search_term_string}"},"query-input":{"@type":"PropertyValueSpecification","valueRequired":true,"valueName":"search_term_string"}}],"inLanguage":"pt-BR"},{"@type":"Person","@id":"https:\/\/www.gaveanews.com\/#\/schema\/person\/3b19f7288b0ce20372991275e4f2e6c2","name":"Ana Teixeira","image":{"@type":"ImageObject","inLanguage":"pt-BR","@id":"https:\/\/www.gaveanews.com\/#\/schema\/person\/image\/","url":"https:\/\/secure.gravatar.com\/avatar\/0a73f5a5258f3fed37fc2fa641892f3f7a4748456d4d4792f9bc550e6c19e06c?s=96&d=mm&r=g","contentUrl":"https:\/\/secure.gravatar.com\/avatar\/0a73f5a5258f3fed37fc2fa641892f3f7a4748456d4d4792f9bc550e6c19e06c?s=96&d=mm&r=g","caption":"Ana Teixeira"}}]}},"_links":{"self":[{"href":"https:\/\/www.gaveanews.com\/index.php\/wp-json\/wp\/v2\/posts\/261854","targetHints":{"allow":["GET"]}}],"collection":[{"href":"https:\/\/www.gaveanews.com\/index.php\/wp-json\/wp\/v2\/posts"}],"about":[{"href":"https:\/\/www.gaveanews.com\/index.php\/wp-json\/wp\/v2\/types\/post"}],"author":[{"embeddable":true,"href":"https:\/\/www.gaveanews.com\/index.php\/wp-json\/wp\/v2\/users\/30"}],"replies":[{"embeddable":true,"href":"https:\/\/www.gaveanews.com\/index.php\/wp-json\/wp\/v2\/comments?post=261854"}],"version-history":[{"count":1,"href":"https:\/\/www.gaveanews.com\/index.php\/wp-json\/wp\/v2\/posts\/261854\/revisions"}],"predecessor-version":[{"id":261859,"href":"https:\/\/www.gaveanews.com\/index.php\/wp-json\/wp\/v2\/posts\/261854\/revisions\/261859"}],"wp:featuredmedia":[{"embeddable":true,"href":"https:\/\/www.gaveanews.com\/index.php\/wp-json\/wp\/v2\/media\/175601"}],"wp:attachment":[{"href":"https:\/\/www.gaveanews.com\/index.php\/wp-json\/wp\/v2\/media?parent=261854"}],"wp:term":[{"taxonomy":"category","embeddable":true,"href":"https:\/\/www.gaveanews.com\/index.php\/wp-json\/wp\/v2\/categories?post=261854"},{"taxonomy":"post_tag","embeddable":true,"href":"https:\/\/www.gaveanews.com\/index.php\/wp-json\/wp\/v2\/tags?post=261854"}],"curies":[{"name":"wp","href":"https:\/\/api.w.org\/{rel}","templated":true}]}}