{"id":261855,"date":"2025-05-08T13:50:00","date_gmt":"2025-05-08T16:50:00","guid":{"rendered":"https:\/\/www.gaveanews.com\/?p=261855"},"modified":"2025-05-08T13:15:17","modified_gmt":"2025-05-08T16:15:17","slug":"ednaldo-rodrigues-pode-impedir-chegada-de-ancelotti-na-selecao-brasileira-entenda","status":"publish","type":"post","link":"https:\/\/www.gaveanews.com\/index.php\/2025\/05\/08\/ednaldo-rodrigues-pode-impedir-chegada-de-ancelotti-na-selecao-brasileira-entenda\/","title":{"rendered":"Ednaldo Rodrigues pode impedir chegada de Ancelotti na Sele\u00e7\u00e3o Brasileira; entenda"},"content":{"rendered":"\n<p>A aproxima\u00e7\u00e3o entre Carlo Ancelotti e a CBF para o comando t\u00e9cnico da Sele\u00e7\u00e3o Brasileira, inicialmente marcada por grande expectativa, tornou-se, nos bastidores, uma opera\u00e7\u00e3o jur\u00eddica e pol\u00edtica de alta complexidade. A recente movimenta\u00e7\u00e3o do estafe do t\u00e9cnico italiano, que acionou um dos mais conceituados escrit\u00f3rios de advocacia do Rio de Janeiro, ilustra a preocupa\u00e7\u00e3o com os desdobramentos jur\u00eddicos envolvendo Ednaldo Rodrigues, atual presidente da entidade.<\/p>\n\n\n\n<h2 class=\"wp-block-heading\" id=\"h-avaliacao-juridica-um-movimento-estrategico\">Avalia\u00e7\u00e3o jur\u00eddica: um movimento estrat\u00e9gico <\/h2>\n\n\n\n<p>Conforme revelou a colunista Alicia Klein, do UOL Esporte, a equipe de Ancelotti contratou advogados especializados em direito civil e empresarial para avaliar o impacto que a instabilidade pol\u00edtica da CBF pode gerar sobre o contrato com o treinador. <\/p>\n\n\n\n<p>O principal foco \u00e9 entender se uma poss\u00edvel destitui\u00e7\u00e3o de Ednaldo comprometeria acordos firmados com sua gest\u00e3o \u2014 especialmente o v\u00ednculo pretendido com Ancelotti, que j\u00e1 teve cl\u00e1usulas e valores discutidos.<\/p>\n\n\n\n<p>O temor reside, primordialmente, na possibilidade de o Supremo Tribunal Federal (STF) anular o Termo de Ajustamento de Conduta (TAC) celebrado entre o Minist\u00e9rio P\u00fablico e a CBF. Se isso ocorrer, a elei\u00e7\u00e3o que reconduziu Ednaldo \u00e0 presid\u00eancia em 2022 pode ser invalidada, o que implicaria na sa\u00edda de toda a chapa eleita. Nessa hip\u00f3tese, um interventor judicial voltaria a comandar a confedera\u00e7\u00e3o, como j\u00e1 ocorreu anteriormente.<\/p>\n\n\n\n<h2 class=\"wp-block-heading\" id=\"h-pressao-internacional-e-cuidados-contratuais\">Press\u00e3o internacional e cuidados contratuais<\/h2>\n\n\n\n<p>Apesar de a assinatura do contrato com o treinador ser considerada iminente, a repercuss\u00e3o internacional do caso e a incerteza jur\u00eddica levaram o estafe de Ancelotti a agir com cautela. Os advogados foram incumbidos de apurar a legalidade e a seguran\u00e7a institucional da gest\u00e3o da CBF, caso haja uma troca de comando. Afinal, qualquer mudan\u00e7a pode afetar diretamente os compromissos assumidos com a nova comiss\u00e3o t\u00e9cnica.<\/p>\n\n\n\n<p>Ali\u00e1s, essa n\u00e3o \u00e9 a primeira vez que Ednaldo v\u00ea em Ancelotti um trunfo pol\u00edtico. Desde 2023, o dirigente articula a contrata\u00e7\u00e3o do italiano como forma de consolidar sua autoridade. Na \u00e9poca, uma decis\u00e3o judicial o afastou temporariamente da presid\u00eancia, o que fez Ancelotti renovar com o Real Madrid. Quando o dirigente foi reintegrado por liminar, a CBF recorreu a Dorival J\u00fanior.<\/p>\n\n\n\n<h2 class=\"wp-block-heading\" id=\"h-o-impacto-politico-da-chegada-de-ancelotti\">O impacto pol\u00edtico da chegada de Ancelotti<\/h2>\n\n\n\n<p>Enquanto a negocia\u00e7\u00e3o segue em compasso de espera, a figura de Ancelotti ganhou ainda mais import\u00e2ncia pol\u00edtica. Segundo reportagem do Lance!, a chegada do treinador \u00e9 vista internamente como essencial para conter a press\u00e3o que Ednaldo sofre tanto no STF quanto na esfera legislativa. <\/p>\n\n\n\n<p>A deputada federal Daniela Carneiro, do Uni\u00e3o Brasil-RJ, solicitou formalmente o afastamento do presidente, alegando irregularidades na homologa\u00e7\u00e3o da elei\u00e7\u00e3o \u2014 entre elas, a suposta falsifica\u00e7\u00e3o da assinatura do ex-presidente Coronel Nunes, quest\u00e3o que tamb\u00e9m foi levada ao Minist\u00e9rio P\u00fablico.<\/p>\n\n\n\n<p>Nesse contexto, Ancelotti passou a representar mais do que um refor\u00e7o t\u00e9cnico. Sua confirma\u00e7\u00e3o \u00e9 tratada como o principal ativo de Ednaldo para manter-se \u00e0 frente da entidade, conforme o julgamento do STF, previsto para quarta-feira (28), se aproxima. A CBF, por sua vez, emitiu nota reafirmando \u201co compromisso com a transpar\u00eancia, a legalidade e a boa-f\u00e9\u201d.<\/p>\n\n\n\n<h2 class=\"wp-block-heading\" id=\"h-a-urgencia-e-os-desafios-com-o-real-madrid\">A urg\u00eancia e os desafios com o Real Madrid<\/h2>\n\n\n\n<p>A Sele\u00e7\u00e3o Brasileira segue sem t\u00e9cnico h\u00e1 mais de 40 dias. Rodrigo Caetano, coordenador da sele\u00e7\u00e3o, indicou que o an\u00fancio do novo comandante pode ocorrer na pr\u00f3xima semana. \u201cEstamos constantemente em reuni\u00f5es internas [&#8230;] com a inten\u00e7\u00e3o de, num prazo m\u00e1ximo, ainda na pr\u00f3xima semana, ter essa defini\u00e7\u00e3o\u201d, afirmou o dirigente \u00e0 emissora Sportv.<\/p>\n\n\n\n<p>Contudo, o acordo com Ancelotti enfrenta mais um obst\u00e1culo. O t\u00e9cnico italiano tem v\u00ednculo com o Real Madrid at\u00e9 2026 e n\u00e3o pretende rescindir unilateralmente. O clube espanhol, por sua vez, aceitaria a libera\u00e7\u00e3o ao fim da atual temporada, desde que o treinador abra m\u00e3o de valores a receber at\u00e9 o fim do contrato.<\/p>\n\n\n\n<p>A expectativa \u00e9 que, ap\u00f3s o cl\u00e1ssico contra o Barcelona no s\u00e1bado (11), Ancelotti esteja liberado para oficializar o acerto. Isso \u00e9 crucial para que o novo comandante assuma a equipe antes dos duelos contra Equador e Paraguai, nos dias 5 e 10 de junho, v\u00e1lidos pelas Eliminat\u00f3rias da Copa do Mundo de 2026. A lista de convocados precisa ser enviada \u00e0 Fifa at\u00e9 s\u00e1bado (18), o que aumenta a press\u00e3o por uma defini\u00e7\u00e3o.<\/p>\n\n\n\n<h2 class=\"wp-block-heading\" id=\"h-ancelotti-o-elo-entre-estabilidade-esportiva-e-politica\">Ancelotti, o elo entre estabilidade esportiva e pol\u00edtica<\/h2>\n\n\n\n<p>Enquanto o t\u00e9cnico evita se pronunciar publicamente, os desdobramentos jur\u00eddicos e pol\u00edticos refor\u00e7am seu papel como pe\u00e7a-chave para a perman\u00eancia de Ednaldo no comando da CBF. Eventualmente, o treinador poder\u00e1 ser anunciado mesmo antes do fim da temporada europeia, mas somente se as garantias jur\u00eddicas forem consideradas s\u00f3lidas.<\/p>\n\n\n\n<p><\/p>\n","protected":false},"excerpt":{"rendered":"<p>A aproxima\u00e7\u00e3o entre Carlo Ancelotti e a CBF para o comando t\u00e9cnico da Sele\u00e7\u00e3o Brasileira, inicialmente marcada por grande expectativa, tornou-se, nos bastidores, uma opera\u00e7\u00e3o jur\u00eddica e pol\u00edtica de alta complexidade. A recente movimenta\u00e7\u00e3o do estafe do t\u00e9cnico italiano, que acionou um dos mais conceituados escrit\u00f3rios de advocacia do Rio de Janeiro, ilustra a preocupa\u00e7\u00e3o [&hellip;]<\/p>\n","protected":false},"author":30,"featured_media":114931,"comment_status":"open","ping_status":"closed","sticky":false,"template":"","format":"standard","meta":{"footnotes":""},"categories":[478,477],"tags":[],"class_list":["post-261855","post","type-post","status-publish","format-standard","has-post-thumbnail","hentry","category-brasil","category-selecoes"],"yoast_head":"<!-- This site is optimized with the Yoast SEO Premium plugin v24.2 (Yoast SEO v26.9) - https:\/\/yoast.com\/product\/yoast-seo-premium-wordpress\/ -->\n<title>Ednaldo Rodrigues pode impedir chegada de Ancelotti na Sele\u00e7\u00e3o Brasileira; entenda<\/title>\n<meta name=\"robots\" content=\"index, follow, max-snippet:-1, max-image-preview:large, max-video-preview:-1\" \/>\n<link rel=\"canonical\" href=\"https:\/\/www.gaveanews.com\/index.php\/2025\/05\/08\/ednaldo-rodrigues-pode-impedir-chegada-de-ancelotti-na-selecao-brasileira-entenda\/\" \/>\n<meta property=\"og:locale\" content=\"pt_BR\" \/>\n<meta property=\"og:type\" content=\"article\" \/>\n<meta property=\"og:title\" content=\"Ednaldo Rodrigues pode impedir chegada de Ancelotti na Sele\u00e7\u00e3o Brasileira; entenda\" \/>\n<meta property=\"og:description\" content=\"A aproxima\u00e7\u00e3o entre Carlo Ancelotti e a CBF para o comando t\u00e9cnico da Sele\u00e7\u00e3o Brasileira, inicialmente marcada por grande expectativa, tornou-se, nos bastidores, uma opera\u00e7\u00e3o jur\u00eddica e pol\u00edtica de alta complexidade. A recente movimenta\u00e7\u00e3o do estafe do t\u00e9cnico italiano, que acionou um dos mais conceituados escrit\u00f3rios de advocacia do Rio de Janeiro, ilustra a preocupa\u00e7\u00e3o [&hellip;]\" \/>\n<meta property=\"og:url\" content=\"https:\/\/www.gaveanews.com\/index.php\/2025\/05\/08\/ednaldo-rodrigues-pode-impedir-chegada-de-ancelotti-na-selecao-brasileira-entenda\/\" \/>\n<meta property=\"og:site_name\" content=\"G\u00e1vea News\" \/>\n<meta property=\"article:publisher\" content=\"https:\/\/facebook.com\/gaveaNews\/\" \/>\n<meta property=\"article:published_time\" content=\"2025-05-08T16:50:00+00:00\" \/>\n<meta property=\"og:image\" content=\"https:\/\/www.gaveanews.com\/wp-content\/uploads\/1_ednaldo_rodrigues_cbf_selecao_brasileira__2_-23258960.webp\" \/>\n\t<meta property=\"og:image:width\" content=\"818\" \/>\n\t<meta property=\"og:image:height\" content=\"459\" \/>\n\t<meta property=\"og:image:type\" content=\"image\/jpeg\" \/>\n<meta name=\"author\" content=\"Ana Teixeira\" \/>\n<meta name=\"twitter:card\" content=\"summary_large_image\" \/>\n<meta name=\"twitter:label1\" content=\"Escrito por\" \/>\n\t<meta name=\"twitter:data1\" content=\"Ana Teixeira\" \/>\n\t<meta name=\"twitter:label2\" content=\"Est. tempo de leitura\" \/>\n\t<meta name=\"twitter:data2\" content=\"5 minutos\" \/>\n<script type=\"application\/ld+json\" class=\"yoast-schema-graph\">{\"@context\":\"https:\/\/schema.org\",\"@graph\":[{\"@type\":\"NewsArticle\",\"@id\":\"https:\/\/www.gaveanews.com\/index.php\/2025\/05\/08\/ednaldo-rodrigues-pode-impedir-chegada-de-ancelotti-na-selecao-brasileira-entenda\/#article\",\"isPartOf\":{\"@id\":\"https:\/\/www.gaveanews.com\/index.php\/2025\/05\/08\/ednaldo-rodrigues-pode-impedir-chegada-de-ancelotti-na-selecao-brasileira-entenda\/\"},\"author\":{\"name\":\"Ana Teixeira\",\"@id\":\"https:\/\/www.gaveanews.com\/#\/schema\/person\/3b19f7288b0ce20372991275e4f2e6c2\"},\"headline\":\"Ednaldo Rodrigues pode impedir chegada de Ancelotti na Sele\u00e7\u00e3o Brasileira; entenda\",\"datePublished\":\"2025-05-08T16:50:00+00:00\",\"mainEntityOfPage\":{\"@id\":\"https:\/\/www.gaveanews.com\/index.php\/2025\/05\/08\/ednaldo-rodrigues-pode-impedir-chegada-de-ancelotti-na-selecao-brasileira-entenda\/\"},\"wordCount\":818,\"commentCount\":0,\"image\":{\"@id\":\"https:\/\/www.gaveanews.com\/index.php\/2025\/05\/08\/ednaldo-rodrigues-pode-impedir-chegada-de-ancelotti-na-selecao-brasileira-entenda\/#primaryimage\"},\"thumbnailUrl\":\"https:\/\/www.gaveanews.com\/wp-content\/uploads\/1_ednaldo_rodrigues_cbf_selecao_brasileira__2_-23258960.webp\",\"articleSection\":[\"Brasil\",\"Sele\u00e7\u00f5es\"],\"inLanguage\":\"pt-BR\",\"potentialAction\":[{\"@type\":\"CommentAction\",\"name\":\"Comment\",\"target\":[\"https:\/\/www.gaveanews.com\/index.php\/2025\/05\/08\/ednaldo-rodrigues-pode-impedir-chegada-de-ancelotti-na-selecao-brasileira-entenda\/#respond\"]}],\"copyrightYear\":\"2025\",\"copyrightHolder\":{\"@id\":\"https:\/\/www.gaveanews.com\/#organization\"}},{\"@type\":\"WebPage\",\"@id\":\"https:\/\/www.gaveanews.com\/index.php\/2025\/05\/08\/ednaldo-rodrigues-pode-impedir-chegada-de-ancelotti-na-selecao-brasileira-entenda\/\",\"url\":\"https:\/\/www.gaveanews.com\/index.php\/2025\/05\/08\/ednaldo-rodrigues-pode-impedir-chegada-de-ancelotti-na-selecao-brasileira-entenda\/\",\"name\":\"Ednaldo Rodrigues pode impedir chegada de Ancelotti na Sele\u00e7\u00e3o Brasileira; entenda\",\"isPartOf\":{\"@id\":\"https:\/\/www.gaveanews.com\/#website\"},\"primaryImageOfPage\":{\"@id\":\"https:\/\/www.gaveanews.com\/index.php\/2025\/05\/08\/ednaldo-rodrigues-pode-impedir-chegada-de-ancelotti-na-selecao-brasileira-entenda\/#primaryimage\"},\"image\":{\"@id\":\"https:\/\/www.gaveanews.com\/index.php\/2025\/05\/08\/ednaldo-rodrigues-pode-impedir-chegada-de-ancelotti-na-selecao-brasileira-entenda\/#primaryimage\"},\"thumbnailUrl\":\"https:\/\/www.gaveanews.com\/wp-content\/uploads\/1_ednaldo_rodrigues_cbf_selecao_brasileira__2_-23258960.webp\",\"datePublished\":\"2025-05-08T16:50:00+00:00\",\"author\":{\"@id\":\"https:\/\/www.gaveanews.com\/#\/schema\/person\/3b19f7288b0ce20372991275e4f2e6c2\"},\"breadcrumb\":{\"@id\":\"https:\/\/www.gaveanews.com\/index.php\/2025\/05\/08\/ednaldo-rodrigues-pode-impedir-chegada-de-ancelotti-na-selecao-brasileira-entenda\/#breadcrumb\"},\"inLanguage\":\"pt-BR\",\"potentialAction\":[{\"@type\":\"ReadAction\",\"target\":[\"https:\/\/www.gaveanews.com\/index.php\/2025\/05\/08\/ednaldo-rodrigues-pode-impedir-chegada-de-ancelotti-na-selecao-brasileira-entenda\/\"]}]},{\"@type\":\"ImageObject\",\"inLanguage\":\"pt-BR\",\"@id\":\"https:\/\/www.gaveanews.com\/index.php\/2025\/05\/08\/ednaldo-rodrigues-pode-impedir-chegada-de-ancelotti-na-selecao-brasileira-entenda\/#primaryimage\",\"url\":\"https:\/\/www.gaveanews.com\/wp-content\/uploads\/1_ednaldo_rodrigues_cbf_selecao_brasileira__2_-23258960.webp\",\"contentUrl\":\"https:\/\/www.gaveanews.com\/wp-content\/uploads\/1_ednaldo_rodrigues_cbf_selecao_brasileira__2_-23258960.webp\",\"width\":818,\"height\":459,\"caption\":\"Ednaldo Rodrigues, presidente da CBF, em entrevista coletiva da sele\u00e7\u00e3o brasileira feminina (Foto: Thais Magalh\u00e3es\/CBF)\"},{\"@type\":\"BreadcrumbList\",\"@id\":\"https:\/\/www.gaveanews.com\/index.php\/2025\/05\/08\/ednaldo-rodrigues-pode-impedir-chegada-de-ancelotti-na-selecao-brasileira-entenda\/#breadcrumb\",\"itemListElement\":[{\"@type\":\"ListItem\",\"position\":1,\"name\":\"Home\",\"item\":\"https:\/\/www.gaveanews.com\/\"},{\"@type\":\"ListItem\",\"position\":2,\"name\":\"Ednaldo Rodrigues pode impedir chegada de Ancelotti na Sele\u00e7\u00e3o Brasileira; entenda\"}]},{\"@type\":\"WebSite\",\"@id\":\"https:\/\/www.gaveanews.com\/#website\",\"url\":\"https:\/\/www.gaveanews.com\/\",\"name\":\"G\u00e1vea News\",\"description\":\"Veja todas as not\u00edcias sobre o Flamengo: Contrata\u00e7\u00f5es, categorias de base, resultados das partidas, tabela de classifica\u00e7\u00e3o, pr\u00f3ximos jogos!\",\"potentialAction\":[{\"@type\":\"SearchAction\",\"target\":{\"@type\":\"EntryPoint\",\"urlTemplate\":\"https:\/\/www.gaveanews.com\/?s={search_term_string}\"},\"query-input\":{\"@type\":\"PropertyValueSpecification\",\"valueRequired\":true,\"valueName\":\"search_term_string\"}}],\"inLanguage\":\"pt-BR\"},{\"@type\":\"Person\",\"@id\":\"https:\/\/www.gaveanews.com\/#\/schema\/person\/3b19f7288b0ce20372991275e4f2e6c2\",\"name\":\"Ana Teixeira\",\"image\":{\"@type\":\"ImageObject\",\"inLanguage\":\"pt-BR\",\"@id\":\"https:\/\/www.gaveanews.com\/#\/schema\/person\/image\/\",\"url\":\"https:\/\/secure.gravatar.com\/avatar\/0a73f5a5258f3fed37fc2fa641892f3f7a4748456d4d4792f9bc550e6c19e06c?s=96&d=mm&r=g\",\"contentUrl\":\"https:\/\/secure.gravatar.com\/avatar\/0a73f5a5258f3fed37fc2fa641892f3f7a4748456d4d4792f9bc550e6c19e06c?s=96&d=mm&r=g\",\"caption\":\"Ana Teixeira\"}}]}<\/script>\n<!-- \/ Yoast SEO Premium plugin. -->","yoast_head_json":{"title":"Ednaldo Rodrigues pode impedir chegada de Ancelotti na Sele\u00e7\u00e3o Brasileira; entenda","robots":{"index":"index","follow":"follow","max-snippet":"max-snippet:-1","max-image-preview":"max-image-preview:large","max-video-preview":"max-video-preview:-1"},"canonical":"https:\/\/www.gaveanews.com\/index.php\/2025\/05\/08\/ednaldo-rodrigues-pode-impedir-chegada-de-ancelotti-na-selecao-brasileira-entenda\/","og_locale":"pt_BR","og_type":"article","og_title":"Ednaldo Rodrigues pode impedir chegada de Ancelotti na Sele\u00e7\u00e3o Brasileira; entenda","og_description":"A aproxima\u00e7\u00e3o entre Carlo Ancelotti e a CBF para o comando t\u00e9cnico da Sele\u00e7\u00e3o Brasileira, inicialmente marcada por grande expectativa, tornou-se, nos bastidores, uma opera\u00e7\u00e3o jur\u00eddica e pol\u00edtica de alta complexidade. A recente movimenta\u00e7\u00e3o do estafe do t\u00e9cnico italiano, que acionou um dos mais conceituados escrit\u00f3rios de advocacia do Rio de Janeiro, ilustra a preocupa\u00e7\u00e3o [&hellip;]","og_url":"https:\/\/www.gaveanews.com\/index.php\/2025\/05\/08\/ednaldo-rodrigues-pode-impedir-chegada-de-ancelotti-na-selecao-brasileira-entenda\/","og_site_name":"G\u00e1vea News","article_publisher":"https:\/\/facebook.com\/gaveaNews\/","article_published_time":"2025-05-08T16:50:00+00:00","og_image":[{"width":818,"height":459,"url":"https:\/\/www.gaveanews.com\/wp-content\/uploads\/1_ednaldo_rodrigues_cbf_selecao_brasileira__2_-23258960.webp","type":"image\/jpeg"}],"author":"Ana Teixeira","twitter_card":"summary_large_image","twitter_misc":{"Escrito por":"Ana Teixeira","Est. tempo de leitura":"5 minutos"},"schema":{"@context":"https:\/\/schema.org","@graph":[{"@type":"NewsArticle","@id":"https:\/\/www.gaveanews.com\/index.php\/2025\/05\/08\/ednaldo-rodrigues-pode-impedir-chegada-de-ancelotti-na-selecao-brasileira-entenda\/#article","isPartOf":{"@id":"https:\/\/www.gaveanews.com\/index.php\/2025\/05\/08\/ednaldo-rodrigues-pode-impedir-chegada-de-ancelotti-na-selecao-brasileira-entenda\/"},"author":{"name":"Ana Teixeira","@id":"https:\/\/www.gaveanews.com\/#\/schema\/person\/3b19f7288b0ce20372991275e4f2e6c2"},"headline":"Ednaldo Rodrigues pode impedir chegada de Ancelotti na Sele\u00e7\u00e3o Brasileira; entenda","datePublished":"2025-05-08T16:50:00+00:00","mainEntityOfPage":{"@id":"https:\/\/www.gaveanews.com\/index.php\/2025\/05\/08\/ednaldo-rodrigues-pode-impedir-chegada-de-ancelotti-na-selecao-brasileira-entenda\/"},"wordCount":818,"commentCount":0,"image":{"@id":"https:\/\/www.gaveanews.com\/index.php\/2025\/05\/08\/ednaldo-rodrigues-pode-impedir-chegada-de-ancelotti-na-selecao-brasileira-entenda\/#primaryimage"},"thumbnailUrl":"https:\/\/www.gaveanews.com\/wp-content\/uploads\/1_ednaldo_rodrigues_cbf_selecao_brasileira__2_-23258960.webp","articleSection":["Brasil","Sele\u00e7\u00f5es"],"inLanguage":"pt-BR","potentialAction":[{"@type":"CommentAction","name":"Comment","target":["https:\/\/www.gaveanews.com\/index.php\/2025\/05\/08\/ednaldo-rodrigues-pode-impedir-chegada-de-ancelotti-na-selecao-brasileira-entenda\/#respond"]}],"copyrightYear":"2025","copyrightHolder":{"@id":"https:\/\/www.gaveanews.com\/#organization"}},{"@type":"WebPage","@id":"https:\/\/www.gaveanews.com\/index.php\/2025\/05\/08\/ednaldo-rodrigues-pode-impedir-chegada-de-ancelotti-na-selecao-brasileira-entenda\/","url":"https:\/\/www.gaveanews.com\/index.php\/2025\/05\/08\/ednaldo-rodrigues-pode-impedir-chegada-de-ancelotti-na-selecao-brasileira-entenda\/","name":"Ednaldo Rodrigues pode impedir chegada de Ancelotti na Sele\u00e7\u00e3o Brasileira; entenda","isPartOf":{"@id":"https:\/\/www.gaveanews.com\/#website"},"primaryImageOfPage":{"@id":"https:\/\/www.gaveanews.com\/index.php\/2025\/05\/08\/ednaldo-rodrigues-pode-impedir-chegada-de-ancelotti-na-selecao-brasileira-entenda\/#primaryimage"},"image":{"@id":"https:\/\/www.gaveanews.com\/index.php\/2025\/05\/08\/ednaldo-rodrigues-pode-impedir-chegada-de-ancelotti-na-selecao-brasileira-entenda\/#primaryimage"},"thumbnailUrl":"https:\/\/www.gaveanews.com\/wp-content\/uploads\/1_ednaldo_rodrigues_cbf_selecao_brasileira__2_-23258960.webp","datePublished":"2025-05-08T16:50:00+00:00","author":{"@id":"https:\/\/www.gaveanews.com\/#\/schema\/person\/3b19f7288b0ce20372991275e4f2e6c2"},"breadcrumb":{"@id":"https:\/\/www.gaveanews.com\/index.php\/2025\/05\/08\/ednaldo-rodrigues-pode-impedir-chegada-de-ancelotti-na-selecao-brasileira-entenda\/#breadcrumb"},"inLanguage":"pt-BR","potentialAction":[{"@type":"ReadAction","target":["https:\/\/www.gaveanews.com\/index.php\/2025\/05\/08\/ednaldo-rodrigues-pode-impedir-chegada-de-ancelotti-na-selecao-brasileira-entenda\/"]}]},{"@type":"ImageObject","inLanguage":"pt-BR","@id":"https:\/\/www.gaveanews.com\/index.php\/2025\/05\/08\/ednaldo-rodrigues-pode-impedir-chegada-de-ancelotti-na-selecao-brasileira-entenda\/#primaryimage","url":"https:\/\/www.gaveanews.com\/wp-content\/uploads\/1_ednaldo_rodrigues_cbf_selecao_brasileira__2_-23258960.webp","contentUrl":"https:\/\/www.gaveanews.com\/wp-content\/uploads\/1_ednaldo_rodrigues_cbf_selecao_brasileira__2_-23258960.webp","width":818,"height":459,"caption":"Ednaldo Rodrigues, presidente da CBF, em entrevista coletiva da sele\u00e7\u00e3o brasileira feminina (Foto: Thais Magalh\u00e3es\/CBF)"},{"@type":"BreadcrumbList","@id":"https:\/\/www.gaveanews.com\/index.php\/2025\/05\/08\/ednaldo-rodrigues-pode-impedir-chegada-de-ancelotti-na-selecao-brasileira-entenda\/#breadcrumb","itemListElement":[{"@type":"ListItem","position":1,"name":"Home","item":"https:\/\/www.gaveanews.com\/"},{"@type":"ListItem","position":2,"name":"Ednaldo Rodrigues pode impedir chegada de Ancelotti na Sele\u00e7\u00e3o Brasileira; entenda"}]},{"@type":"WebSite","@id":"https:\/\/www.gaveanews.com\/#website","url":"https:\/\/www.gaveanews.com\/","name":"G\u00e1vea News","description":"Veja todas as not\u00edcias sobre o Flamengo: Contrata\u00e7\u00f5es, categorias de base, resultados das partidas, tabela de classifica\u00e7\u00e3o, pr\u00f3ximos jogos!","potentialAction":[{"@type":"SearchAction","target":{"@type":"EntryPoint","urlTemplate":"https:\/\/www.gaveanews.com\/?s={search_term_string}"},"query-input":{"@type":"PropertyValueSpecification","valueRequired":true,"valueName":"search_term_string"}}],"inLanguage":"pt-BR"},{"@type":"Person","@id":"https:\/\/www.gaveanews.com\/#\/schema\/person\/3b19f7288b0ce20372991275e4f2e6c2","name":"Ana Teixeira","image":{"@type":"ImageObject","inLanguage":"pt-BR","@id":"https:\/\/www.gaveanews.com\/#\/schema\/person\/image\/","url":"https:\/\/secure.gravatar.com\/avatar\/0a73f5a5258f3fed37fc2fa641892f3f7a4748456d4d4792f9bc550e6c19e06c?s=96&d=mm&r=g","contentUrl":"https:\/\/secure.gravatar.com\/avatar\/0a73f5a5258f3fed37fc2fa641892f3f7a4748456d4d4792f9bc550e6c19e06c?s=96&d=mm&r=g","caption":"Ana Teixeira"}}]}},"_links":{"self":[{"href":"https:\/\/www.gaveanews.com\/index.php\/wp-json\/wp\/v2\/posts\/261855","targetHints":{"allow":["GET"]}}],"collection":[{"href":"https:\/\/www.gaveanews.com\/index.php\/wp-json\/wp\/v2\/posts"}],"about":[{"href":"https:\/\/www.gaveanews.com\/index.php\/wp-json\/wp\/v2\/types\/post"}],"author":[{"embeddable":true,"href":"https:\/\/www.gaveanews.com\/index.php\/wp-json\/wp\/v2\/users\/30"}],"replies":[{"embeddable":true,"href":"https:\/\/www.gaveanews.com\/index.php\/wp-json\/wp\/v2\/comments?post=261855"}],"version-history":[{"count":1,"href":"https:\/\/www.gaveanews.com\/index.php\/wp-json\/wp\/v2\/posts\/261855\/revisions"}],"predecessor-version":[{"id":261860,"href":"https:\/\/www.gaveanews.com\/index.php\/wp-json\/wp\/v2\/posts\/261855\/revisions\/261860"}],"wp:featuredmedia":[{"embeddable":true,"href":"https:\/\/www.gaveanews.com\/index.php\/wp-json\/wp\/v2\/media\/114931"}],"wp:attachment":[{"href":"https:\/\/www.gaveanews.com\/index.php\/wp-json\/wp\/v2\/media?parent=261855"}],"wp:term":[{"taxonomy":"category","embeddable":true,"href":"https:\/\/www.gaveanews.com\/index.php\/wp-json\/wp\/v2\/categories?post=261855"},{"taxonomy":"post_tag","embeddable":true,"href":"https:\/\/www.gaveanews.com\/index.php\/wp-json\/wp\/v2\/tags?post=261855"}],"curies":[{"name":"wp","href":"https:\/\/api.w.org\/{rel}","templated":true}]}}