{"id":261856,"date":"2025-05-08T13:55:00","date_gmt":"2025-05-08T16:55:00","guid":{"rendered":"https:\/\/www.gaveanews.com\/?p=261856"},"modified":"2025-05-08T13:15:26","modified_gmt":"2025-05-08T16:15:26","slug":"a-declaracao-de-rogerio-ceni-apos-a-derrota-do-bahia-na-libertadores","status":"publish","type":"post","link":"https:\/\/www.gaveanews.com\/index.php\/2025\/05\/08\/a-declaracao-de-rogerio-ceni-apos-a-derrota-do-bahia-na-libertadores\/","title":{"rendered":"A declara\u00e7\u00e3o de Rog\u00e9rio Ceni ap\u00f3s a derrota do Bahia na Libertadores"},"content":{"rendered":"\n<p>Na noite de quarta-feira (07), o Bahia foi superado pelo Nacional, do Uruguai, por 3 a 1 em plena Arena Fonte Nova, em partida v\u00e1lida pela quarta rodada da fase de grupos da Libertadores. Apesar do rev\u00e9s, o time baiano ainda lidera o Grupo F, somando sete pontos. Contudo, a derrota acendeu o sinal de alerta sobre o desempenho da equipe em momentos decisivos da temporada.<\/p>\n\n\n\n<p>Ap\u00f3s abrir o placar ainda na primeira etapa, o Tricolor de A\u00e7o n\u00e3o conseguiu sustentar a vantagem. Conforme o pr\u00f3prio t\u00e9cnico Rog\u00e9rio Ceni avaliou em entrevista coletiva ap\u00f3s o confronto, a equipe perdeu o controle emocional e t\u00e1tico ap\u00f3s o gol marcado. <\/p>\n\n\n\n<p>\u201cFizemos um bom primeiro tempo. Em todas as bolas que eles contra-atacaram, est\u00e1vamos bem posicionados. O nosso gol nos fez mal, parecia que tinha sido 1 a 0 para eles\u201d, declarou o treinador.<\/p>\n\n\n\n<h2 class=\"wp-block-heading\" id=\"h-excesso-de-ofensividade-e-desequilibrio\">Excesso de ofensividade e desequil\u00edbrio <\/h2>\n\n\n\n<p>A cr\u00edtica mais contundente de Ceni foi direcionada \u00e0 mudan\u00e7a de postura do Bahia ap\u00f3s balan\u00e7ar as redes. Segundo ele, o time abandonou seu padr\u00e3o de jogo, passando a apostar em transi\u00e7\u00f5es ofensivas desordenadas. <\/p>\n\n\n\n<p>\u201cCome\u00e7amos a sair muito ofensivos, com muitos jogadores \u00e0 frente da linha da bola, e passamos a ceder espa\u00e7os. N\u00f3s fugimos do nosso padr\u00e3o depois de marcar\u201d, afirmou.<\/p>\n\n\n\n<p>Essa quebra de estrat\u00e9gia permitiu ao Nacional explorar os contra-ataques com mais liberdade. O Bahia passou a sofrer com transi\u00e7\u00f5es r\u00e1pidas do advers\u00e1rio, cedendo escanteios e oportunidades que culminaram na virada uruguaia.<\/p>\n\n\n\n<h2 class=\"wp-block-heading\" id=\"h-falta-de-calma-e-erros-tecnicos\">Falta de calma e erros t\u00e9cnicos <\/h2>\n\n\n\n<p>Outro ponto abordado pelo comandante tricolor foi a precipita\u00e7\u00e3o na constru\u00e7\u00e3o das jogadas ofensivas. Para Ceni, faltou serenidade para manter a posse de bola e impedir que o ritmo do jogo se tornasse favor\u00e1vel ao advers\u00e1rio. <\/p>\n\n\n\n<p>\u201cFaltou um pouco de calma. Erramos passes e puxadas de contra-ataques. A parte mais estranha \u00e9 que sofremos com as transi\u00e7\u00f5es depois que fizemos 1 a 0\u201d, comentou.<\/p>\n\n\n\n<p>Em meio a uma sequ\u00eancia intensa de jogos, o treinador tamb\u00e9m destacou o desgaste f\u00edsico e emocional como fatores que impactaram a performance. <\/p>\n\n\n\n<p>\u201cA sequ\u00eancia j\u00e1 vem dura h\u00e1 muito tempo. \u00c9 que as vit\u00f3rias acabam mascarando as dificuldades enfrentadas. Contra times como Palmeiras e Botafogo, por exemplo, tamb\u00e9m sofremos bastante. S\u00f3 que isso n\u00e3o aparece com a mesma intensidade quando vencemos\u201d, explicou.<\/p>\n\n\n\n<h2 class=\"wp-block-heading\" id=\"h-exposicao-desnecessaria-e-riscos-mal-calculados\">Exposi\u00e7\u00e3o desnecess\u00e1ria e riscos mal calculados<\/h2>\n\n\n\n<p>A tentativa do Bahia de acelerar o jogo ap\u00f3s sair em vantagem custou caro. Rog\u00e9rio Ceni criticou a exposi\u00e7\u00e3o exagerada da equipe em momentos em que o jogo pedia mais conten\u00e7\u00e3o. \u201cN\u00f3s nos perdemos por oito ou dez minutos. Faltou energia para voltar e se reposicionar. Fomos com muita gente para o ataque, e n\u00e3o precisava disso\u201d, apontou.<\/p>\n\n\n\n<p>O treinador ainda relembrou um lance espec\u00edfico em que o ataque foi mal executado e gerou um contra-ataque perigoso. \u201cTivemos um contra-ataque em que Pulga erra o passe, e a bola bate nas costas de Willian Jos\u00e9. Tentamos aumentar a velocidade do jogo quando est\u00e1vamos ganhando. A\u00ed pagamos o pre\u00e7o\u201d, complementou.<\/p>\n\n\n\n<h2 class=\"wp-block-heading\" id=\"h-situacao-do-bahia-na-temporada\">Situa\u00e7\u00e3o do Bahia na temporada<\/h2>\n\n\n\n<p>Apesar da derrota na Libertadores, o Bahia mant\u00e9m-se na lideran\u00e7a do seu grupo, com duas vit\u00f3rias, um empate e uma derrota. No Campeonato Brasileiro, a equipe ocupa a sexta coloca\u00e7\u00e3o, com doze pontos em sete rodadas \u2013 somando tr\u00eas vit\u00f3rias, tr\u00eas empates e uma derrota.<\/p>\n\n\n\n<p>O pr\u00f3ximo desafio do time comandado por Rog\u00e9rio Ceni ser\u00e1 no s\u00e1bado (10), diante do Flamengo, no Maracan\u00e3, \u00e0s 21h. A partida promete testar novamente o equil\u00edbrio emocional e t\u00e1tico da equipe em mais um confronto exigente no calend\u00e1rio.<\/p>\n","protected":false},"excerpt":{"rendered":"<p>Na noite de quarta-feira (07), o Bahia foi superado pelo Nacional, do Uruguai, por 3 a 1 em plena Arena Fonte Nova, em partida v\u00e1lida pela quarta rodada da fase de grupos da Libertadores. Apesar do rev\u00e9s, o time baiano ainda lidera o Grupo F, somando sete pontos. Contudo, a derrota acendeu o sinal de [&hellip;]<\/p>\n","protected":false},"author":30,"featured_media":148504,"comment_status":"open","ping_status":"closed","sticky":false,"template":"","format":"standard","meta":{"footnotes":""},"categories":[137],"tags":[],"class_list":["post-261856","post","type-post","status-publish","format-standard","has-post-thumbnail","hentry","category-bahia"],"yoast_head":"<!-- This site is optimized with the Yoast SEO Premium plugin v24.2 (Yoast SEO v26.9) - https:\/\/yoast.com\/product\/yoast-seo-premium-wordpress\/ -->\n<title>A declara\u00e7\u00e3o de Rog\u00e9rio Ceni ap\u00f3s a derrota do Bahia na Libertadores<\/title>\n<meta name=\"robots\" content=\"index, follow, max-snippet:-1, max-image-preview:large, max-video-preview:-1\" \/>\n<link rel=\"canonical\" href=\"https:\/\/www.gaveanews.com\/index.php\/2025\/05\/08\/a-declaracao-de-rogerio-ceni-apos-a-derrota-do-bahia-na-libertadores\/\" \/>\n<meta property=\"og:locale\" content=\"pt_BR\" \/>\n<meta property=\"og:type\" content=\"article\" \/>\n<meta property=\"og:title\" content=\"A declara\u00e7\u00e3o de Rog\u00e9rio Ceni ap\u00f3s a derrota do Bahia na Libertadores\" \/>\n<meta property=\"og:description\" content=\"Na noite de quarta-feira (07), o Bahia foi superado pelo Nacional, do Uruguai, por 3 a 1 em plena Arena Fonte Nova, em partida v\u00e1lida pela quarta rodada da fase de grupos da Libertadores. Apesar do rev\u00e9s, o time baiano ainda lidera o Grupo F, somando sete pontos. Contudo, a derrota acendeu o sinal de [&hellip;]\" \/>\n<meta property=\"og:url\" content=\"https:\/\/www.gaveanews.com\/index.php\/2025\/05\/08\/a-declaracao-de-rogerio-ceni-apos-a-derrota-do-bahia-na-libertadores\/\" \/>\n<meta property=\"og:site_name\" content=\"G\u00e1vea News\" \/>\n<meta property=\"article:publisher\" content=\"https:\/\/facebook.com\/gaveaNews\/\" \/>\n<meta property=\"article:published_time\" content=\"2025-05-08T16:55:00+00:00\" \/>\n<meta property=\"og:image\" content=\"https:\/\/www.gaveanews.com\/wp-content\/uploads\/Rogerio-Ceni-tecnico-do-Bahia-em-entrevista-coletiva-apos-o-classico-contra-o-Vitoria.webp\" \/>\n\t<meta property=\"og:image:width\" content=\"874\" \/>\n\t<meta property=\"og:image:height\" content=\"463\" \/>\n\t<meta property=\"og:image:type\" content=\"image\/webp\" \/>\n<meta name=\"author\" content=\"Ana Teixeira\" \/>\n<meta name=\"twitter:card\" content=\"summary_large_image\" \/>\n<meta name=\"twitter:label1\" content=\"Escrito por\" \/>\n\t<meta name=\"twitter:data1\" content=\"Ana Teixeira\" \/>\n\t<meta name=\"twitter:label2\" content=\"Est. tempo de leitura\" \/>\n\t<meta name=\"twitter:data2\" content=\"4 minutos\" \/>\n<script type=\"application\/ld+json\" class=\"yoast-schema-graph\">{\"@context\":\"https:\/\/schema.org\",\"@graph\":[{\"@type\":\"NewsArticle\",\"@id\":\"https:\/\/www.gaveanews.com\/index.php\/2025\/05\/08\/a-declaracao-de-rogerio-ceni-apos-a-derrota-do-bahia-na-libertadores\/#article\",\"isPartOf\":{\"@id\":\"https:\/\/www.gaveanews.com\/index.php\/2025\/05\/08\/a-declaracao-de-rogerio-ceni-apos-a-derrota-do-bahia-na-libertadores\/\"},\"author\":{\"name\":\"Ana Teixeira\",\"@id\":\"https:\/\/www.gaveanews.com\/#\/schema\/person\/3b19f7288b0ce20372991275e4f2e6c2\"},\"headline\":\"A declara\u00e7\u00e3o de Rog\u00e9rio Ceni ap\u00f3s a derrota do Bahia na Libertadores\",\"datePublished\":\"2025-05-08T16:55:00+00:00\",\"mainEntityOfPage\":{\"@id\":\"https:\/\/www.gaveanews.com\/index.php\/2025\/05\/08\/a-declaracao-de-rogerio-ceni-apos-a-derrota-do-bahia-na-libertadores\/\"},\"wordCount\":644,\"commentCount\":0,\"image\":{\"@id\":\"https:\/\/www.gaveanews.com\/index.php\/2025\/05\/08\/a-declaracao-de-rogerio-ceni-apos-a-derrota-do-bahia-na-libertadores\/#primaryimage\"},\"thumbnailUrl\":\"https:\/\/www.gaveanews.com\/wp-content\/uploads\/Rogerio-Ceni-tecnico-do-Bahia-em-entrevista-coletiva-apos-o-classico-contra-o-Vitoria.webp\",\"articleSection\":[\"Bahia\"],\"inLanguage\":\"pt-BR\",\"potentialAction\":[{\"@type\":\"CommentAction\",\"name\":\"Comment\",\"target\":[\"https:\/\/www.gaveanews.com\/index.php\/2025\/05\/08\/a-declaracao-de-rogerio-ceni-apos-a-derrota-do-bahia-na-libertadores\/#respond\"]}],\"copyrightYear\":\"2025\",\"copyrightHolder\":{\"@id\":\"https:\/\/www.gaveanews.com\/#organization\"}},{\"@type\":\"WebPage\",\"@id\":\"https:\/\/www.gaveanews.com\/index.php\/2025\/05\/08\/a-declaracao-de-rogerio-ceni-apos-a-derrota-do-bahia-na-libertadores\/\",\"url\":\"https:\/\/www.gaveanews.com\/index.php\/2025\/05\/08\/a-declaracao-de-rogerio-ceni-apos-a-derrota-do-bahia-na-libertadores\/\",\"name\":\"A declara\u00e7\u00e3o de Rog\u00e9rio Ceni ap\u00f3s a derrota do Bahia na Libertadores\",\"isPartOf\":{\"@id\":\"https:\/\/www.gaveanews.com\/#website\"},\"primaryImageOfPage\":{\"@id\":\"https:\/\/www.gaveanews.com\/index.php\/2025\/05\/08\/a-declaracao-de-rogerio-ceni-apos-a-derrota-do-bahia-na-libertadores\/#primaryimage\"},\"image\":{\"@id\":\"https:\/\/www.gaveanews.com\/index.php\/2025\/05\/08\/a-declaracao-de-rogerio-ceni-apos-a-derrota-do-bahia-na-libertadores\/#primaryimage\"},\"thumbnailUrl\":\"https:\/\/www.gaveanews.com\/wp-content\/uploads\/Rogerio-Ceni-tecnico-do-Bahia-em-entrevista-coletiva-apos-o-classico-contra-o-Vitoria.webp\",\"datePublished\":\"2025-05-08T16:55:00+00:00\",\"author\":{\"@id\":\"https:\/\/www.gaveanews.com\/#\/schema\/person\/3b19f7288b0ce20372991275e4f2e6c2\"},\"breadcrumb\":{\"@id\":\"https:\/\/www.gaveanews.com\/index.php\/2025\/05\/08\/a-declaracao-de-rogerio-ceni-apos-a-derrota-do-bahia-na-libertadores\/#breadcrumb\"},\"inLanguage\":\"pt-BR\",\"potentialAction\":[{\"@type\":\"ReadAction\",\"target\":[\"https:\/\/www.gaveanews.com\/index.php\/2025\/05\/08\/a-declaracao-de-rogerio-ceni-apos-a-derrota-do-bahia-na-libertadores\/\"]}]},{\"@type\":\"ImageObject\",\"inLanguage\":\"pt-BR\",\"@id\":\"https:\/\/www.gaveanews.com\/index.php\/2025\/05\/08\/a-declaracao-de-rogerio-ceni-apos-a-derrota-do-bahia-na-libertadores\/#primaryimage\",\"url\":\"https:\/\/www.gaveanews.com\/wp-content\/uploads\/Rogerio-Ceni-tecnico-do-Bahia-em-entrevista-coletiva-apos-o-classico-contra-o-Vitoria.webp\",\"contentUrl\":\"https:\/\/www.gaveanews.com\/wp-content\/uploads\/Rogerio-Ceni-tecnico-do-Bahia-em-entrevista-coletiva-apos-o-classico-contra-o-Vitoria.webp\",\"width\":874,\"height\":463,\"caption\":\"Rog\u00e9rio Ceni - Foto: Let\u00edcia Martins \/ EC Bahia\"},{\"@type\":\"BreadcrumbList\",\"@id\":\"https:\/\/www.gaveanews.com\/index.php\/2025\/05\/08\/a-declaracao-de-rogerio-ceni-apos-a-derrota-do-bahia-na-libertadores\/#breadcrumb\",\"itemListElement\":[{\"@type\":\"ListItem\",\"position\":1,\"name\":\"Home\",\"item\":\"https:\/\/www.gaveanews.com\/\"},{\"@type\":\"ListItem\",\"position\":2,\"name\":\"A declara\u00e7\u00e3o de Rog\u00e9rio Ceni ap\u00f3s a derrota do Bahia na Libertadores\"}]},{\"@type\":\"WebSite\",\"@id\":\"https:\/\/www.gaveanews.com\/#website\",\"url\":\"https:\/\/www.gaveanews.com\/\",\"name\":\"G\u00e1vea News\",\"description\":\"Veja todas as not\u00edcias sobre o Flamengo: Contrata\u00e7\u00f5es, categorias de base, resultados das partidas, tabela de classifica\u00e7\u00e3o, pr\u00f3ximos jogos!\",\"potentialAction\":[{\"@type\":\"SearchAction\",\"target\":{\"@type\":\"EntryPoint\",\"urlTemplate\":\"https:\/\/www.gaveanews.com\/?s={search_term_string}\"},\"query-input\":{\"@type\":\"PropertyValueSpecification\",\"valueRequired\":true,\"valueName\":\"search_term_string\"}}],\"inLanguage\":\"pt-BR\"},{\"@type\":\"Person\",\"@id\":\"https:\/\/www.gaveanews.com\/#\/schema\/person\/3b19f7288b0ce20372991275e4f2e6c2\",\"name\":\"Ana Teixeira\",\"image\":{\"@type\":\"ImageObject\",\"inLanguage\":\"pt-BR\",\"@id\":\"https:\/\/www.gaveanews.com\/#\/schema\/person\/image\/\",\"url\":\"https:\/\/secure.gravatar.com\/avatar\/0a73f5a5258f3fed37fc2fa641892f3f7a4748456d4d4792f9bc550e6c19e06c?s=96&d=mm&r=g\",\"contentUrl\":\"https:\/\/secure.gravatar.com\/avatar\/0a73f5a5258f3fed37fc2fa641892f3f7a4748456d4d4792f9bc550e6c19e06c?s=96&d=mm&r=g\",\"caption\":\"Ana Teixeira\"}}]}<\/script>\n<!-- \/ Yoast SEO Premium plugin. -->","yoast_head_json":{"title":"A declara\u00e7\u00e3o de Rog\u00e9rio Ceni ap\u00f3s a derrota do Bahia na Libertadores","robots":{"index":"index","follow":"follow","max-snippet":"max-snippet:-1","max-image-preview":"max-image-preview:large","max-video-preview":"max-video-preview:-1"},"canonical":"https:\/\/www.gaveanews.com\/index.php\/2025\/05\/08\/a-declaracao-de-rogerio-ceni-apos-a-derrota-do-bahia-na-libertadores\/","og_locale":"pt_BR","og_type":"article","og_title":"A declara\u00e7\u00e3o de Rog\u00e9rio Ceni ap\u00f3s a derrota do Bahia na Libertadores","og_description":"Na noite de quarta-feira (07), o Bahia foi superado pelo Nacional, do Uruguai, por 3 a 1 em plena Arena Fonte Nova, em partida v\u00e1lida pela quarta rodada da fase de grupos da Libertadores. Apesar do rev\u00e9s, o time baiano ainda lidera o Grupo F, somando sete pontos. Contudo, a derrota acendeu o sinal de [&hellip;]","og_url":"https:\/\/www.gaveanews.com\/index.php\/2025\/05\/08\/a-declaracao-de-rogerio-ceni-apos-a-derrota-do-bahia-na-libertadores\/","og_site_name":"G\u00e1vea News","article_publisher":"https:\/\/facebook.com\/gaveaNews\/","article_published_time":"2025-05-08T16:55:00+00:00","og_image":[{"width":874,"height":463,"url":"https:\/\/www.gaveanews.com\/wp-content\/uploads\/Rogerio-Ceni-tecnico-do-Bahia-em-entrevista-coletiva-apos-o-classico-contra-o-Vitoria.webp","type":"image\/webp"}],"author":"Ana Teixeira","twitter_card":"summary_large_image","twitter_misc":{"Escrito por":"Ana Teixeira","Est. tempo de leitura":"4 minutos"},"schema":{"@context":"https:\/\/schema.org","@graph":[{"@type":"NewsArticle","@id":"https:\/\/www.gaveanews.com\/index.php\/2025\/05\/08\/a-declaracao-de-rogerio-ceni-apos-a-derrota-do-bahia-na-libertadores\/#article","isPartOf":{"@id":"https:\/\/www.gaveanews.com\/index.php\/2025\/05\/08\/a-declaracao-de-rogerio-ceni-apos-a-derrota-do-bahia-na-libertadores\/"},"author":{"name":"Ana Teixeira","@id":"https:\/\/www.gaveanews.com\/#\/schema\/person\/3b19f7288b0ce20372991275e4f2e6c2"},"headline":"A declara\u00e7\u00e3o de Rog\u00e9rio Ceni ap\u00f3s a derrota do Bahia na Libertadores","datePublished":"2025-05-08T16:55:00+00:00","mainEntityOfPage":{"@id":"https:\/\/www.gaveanews.com\/index.php\/2025\/05\/08\/a-declaracao-de-rogerio-ceni-apos-a-derrota-do-bahia-na-libertadores\/"},"wordCount":644,"commentCount":0,"image":{"@id":"https:\/\/www.gaveanews.com\/index.php\/2025\/05\/08\/a-declaracao-de-rogerio-ceni-apos-a-derrota-do-bahia-na-libertadores\/#primaryimage"},"thumbnailUrl":"https:\/\/www.gaveanews.com\/wp-content\/uploads\/Rogerio-Ceni-tecnico-do-Bahia-em-entrevista-coletiva-apos-o-classico-contra-o-Vitoria.webp","articleSection":["Bahia"],"inLanguage":"pt-BR","potentialAction":[{"@type":"CommentAction","name":"Comment","target":["https:\/\/www.gaveanews.com\/index.php\/2025\/05\/08\/a-declaracao-de-rogerio-ceni-apos-a-derrota-do-bahia-na-libertadores\/#respond"]}],"copyrightYear":"2025","copyrightHolder":{"@id":"https:\/\/www.gaveanews.com\/#organization"}},{"@type":"WebPage","@id":"https:\/\/www.gaveanews.com\/index.php\/2025\/05\/08\/a-declaracao-de-rogerio-ceni-apos-a-derrota-do-bahia-na-libertadores\/","url":"https:\/\/www.gaveanews.com\/index.php\/2025\/05\/08\/a-declaracao-de-rogerio-ceni-apos-a-derrota-do-bahia-na-libertadores\/","name":"A declara\u00e7\u00e3o de Rog\u00e9rio Ceni ap\u00f3s a derrota do Bahia na Libertadores","isPartOf":{"@id":"https:\/\/www.gaveanews.com\/#website"},"primaryImageOfPage":{"@id":"https:\/\/www.gaveanews.com\/index.php\/2025\/05\/08\/a-declaracao-de-rogerio-ceni-apos-a-derrota-do-bahia-na-libertadores\/#primaryimage"},"image":{"@id":"https:\/\/www.gaveanews.com\/index.php\/2025\/05\/08\/a-declaracao-de-rogerio-ceni-apos-a-derrota-do-bahia-na-libertadores\/#primaryimage"},"thumbnailUrl":"https:\/\/www.gaveanews.com\/wp-content\/uploads\/Rogerio-Ceni-tecnico-do-Bahia-em-entrevista-coletiva-apos-o-classico-contra-o-Vitoria.webp","datePublished":"2025-05-08T16:55:00+00:00","author":{"@id":"https:\/\/www.gaveanews.com\/#\/schema\/person\/3b19f7288b0ce20372991275e4f2e6c2"},"breadcrumb":{"@id":"https:\/\/www.gaveanews.com\/index.php\/2025\/05\/08\/a-declaracao-de-rogerio-ceni-apos-a-derrota-do-bahia-na-libertadores\/#breadcrumb"},"inLanguage":"pt-BR","potentialAction":[{"@type":"ReadAction","target":["https:\/\/www.gaveanews.com\/index.php\/2025\/05\/08\/a-declaracao-de-rogerio-ceni-apos-a-derrota-do-bahia-na-libertadores\/"]}]},{"@type":"ImageObject","inLanguage":"pt-BR","@id":"https:\/\/www.gaveanews.com\/index.php\/2025\/05\/08\/a-declaracao-de-rogerio-ceni-apos-a-derrota-do-bahia-na-libertadores\/#primaryimage","url":"https:\/\/www.gaveanews.com\/wp-content\/uploads\/Rogerio-Ceni-tecnico-do-Bahia-em-entrevista-coletiva-apos-o-classico-contra-o-Vitoria.webp","contentUrl":"https:\/\/www.gaveanews.com\/wp-content\/uploads\/Rogerio-Ceni-tecnico-do-Bahia-em-entrevista-coletiva-apos-o-classico-contra-o-Vitoria.webp","width":874,"height":463,"caption":"Rog\u00e9rio Ceni - Foto: Let\u00edcia Martins \/ EC Bahia"},{"@type":"BreadcrumbList","@id":"https:\/\/www.gaveanews.com\/index.php\/2025\/05\/08\/a-declaracao-de-rogerio-ceni-apos-a-derrota-do-bahia-na-libertadores\/#breadcrumb","itemListElement":[{"@type":"ListItem","position":1,"name":"Home","item":"https:\/\/www.gaveanews.com\/"},{"@type":"ListItem","position":2,"name":"A declara\u00e7\u00e3o de Rog\u00e9rio Ceni ap\u00f3s a derrota do Bahia na Libertadores"}]},{"@type":"WebSite","@id":"https:\/\/www.gaveanews.com\/#website","url":"https:\/\/www.gaveanews.com\/","name":"G\u00e1vea News","description":"Veja todas as not\u00edcias sobre o Flamengo: Contrata\u00e7\u00f5es, categorias de base, resultados das partidas, tabela de classifica\u00e7\u00e3o, pr\u00f3ximos jogos!","potentialAction":[{"@type":"SearchAction","target":{"@type":"EntryPoint","urlTemplate":"https:\/\/www.gaveanews.com\/?s={search_term_string}"},"query-input":{"@type":"PropertyValueSpecification","valueRequired":true,"valueName":"search_term_string"}}],"inLanguage":"pt-BR"},{"@type":"Person","@id":"https:\/\/www.gaveanews.com\/#\/schema\/person\/3b19f7288b0ce20372991275e4f2e6c2","name":"Ana Teixeira","image":{"@type":"ImageObject","inLanguage":"pt-BR","@id":"https:\/\/www.gaveanews.com\/#\/schema\/person\/image\/","url":"https:\/\/secure.gravatar.com\/avatar\/0a73f5a5258f3fed37fc2fa641892f3f7a4748456d4d4792f9bc550e6c19e06c?s=96&d=mm&r=g","contentUrl":"https:\/\/secure.gravatar.com\/avatar\/0a73f5a5258f3fed37fc2fa641892f3f7a4748456d4d4792f9bc550e6c19e06c?s=96&d=mm&r=g","caption":"Ana Teixeira"}}]}},"_links":{"self":[{"href":"https:\/\/www.gaveanews.com\/index.php\/wp-json\/wp\/v2\/posts\/261856","targetHints":{"allow":["GET"]}}],"collection":[{"href":"https:\/\/www.gaveanews.com\/index.php\/wp-json\/wp\/v2\/posts"}],"about":[{"href":"https:\/\/www.gaveanews.com\/index.php\/wp-json\/wp\/v2\/types\/post"}],"author":[{"embeddable":true,"href":"https:\/\/www.gaveanews.com\/index.php\/wp-json\/wp\/v2\/users\/30"}],"replies":[{"embeddable":true,"href":"https:\/\/www.gaveanews.com\/index.php\/wp-json\/wp\/v2\/comments?post=261856"}],"version-history":[{"count":1,"href":"https:\/\/www.gaveanews.com\/index.php\/wp-json\/wp\/v2\/posts\/261856\/revisions"}],"predecessor-version":[{"id":261861,"href":"https:\/\/www.gaveanews.com\/index.php\/wp-json\/wp\/v2\/posts\/261856\/revisions\/261861"}],"wp:featuredmedia":[{"embeddable":true,"href":"https:\/\/www.gaveanews.com\/index.php\/wp-json\/wp\/v2\/media\/148504"}],"wp:attachment":[{"href":"https:\/\/www.gaveanews.com\/index.php\/wp-json\/wp\/v2\/media?parent=261856"}],"wp:term":[{"taxonomy":"category","embeddable":true,"href":"https:\/\/www.gaveanews.com\/index.php\/wp-json\/wp\/v2\/categories?post=261856"},{"taxonomy":"post_tag","embeddable":true,"href":"https:\/\/www.gaveanews.com\/index.php\/wp-json\/wp\/v2\/tags?post=261856"}],"curies":[{"name":"wp","href":"https:\/\/api.w.org\/{rel}","templated":true}]}}