{"id":261857,"date":"2025-05-08T13:40:00","date_gmt":"2025-05-08T16:40:00","guid":{"rendered":"https:\/\/www.gaveanews.com\/?p=261857"},"modified":"2025-05-08T13:15:02","modified_gmt":"2025-05-08T16:15:02","slug":"confirmado-santos-x-ceara-sera-disputado-em-estadio-alternativo","status":"publish","type":"post","link":"https:\/\/www.gaveanews.com\/index.php\/2025\/05\/08\/confirmado-santos-x-ceara-sera-disputado-em-estadio-alternativo\/","title":{"rendered":"Confirmado! Santos x Cear\u00e1 ser\u00e1 disputado em est\u00e1dio alternativo"},"content":{"rendered":"\n<p>A Confedera\u00e7\u00e3o Brasileira de Futebol (CBF) oficializou que o duelo entre Santos e Cear\u00e1, v\u00e1lido pela oitava rodada do Campeonato Brasileiro, ocorrer\u00e1 na pr\u00f3xima segunda-feira (12), \u00e0s 20 horas (hor\u00e1rio de Bras\u00edlia), no Allianz Parque. A escolha pelo est\u00e1dio do Palmeiras foi resultado de uma s\u00e9rie de fatores, sobretudo log\u00edsticos e administrativos.<\/p>\n\n\n\n<p>Inicialmente, o Santos pretendia mandar a partida na rec\u00e9m-reformada Arena Pacaembu, agora sob gest\u00e3o do Cons\u00f3rcio Allegra. Contudo, a op\u00e7\u00e3o foi descartada devido \u00e0 aus\u00eancia de documenta\u00e7\u00e3o atualizada. <\/p>\n\n\n\n<p>O clube alegou que a concession\u00e1ria n\u00e3o apresentou, em tempo h\u00e1bil, os alvar\u00e1s necess\u00e1rios exigidos pela Prefeitura de S\u00e3o Paulo e pela pr\u00f3pria CBF. Embora a administradora tenha afirmado ter conseguido a renova\u00e7\u00e3o provis\u00f3ria at\u00e9 setembro, a indefini\u00e7\u00e3o sobre o tr\u00e2mite inviabilizou o uso do est\u00e1dio.<\/p>\n\n\n\n<h2 class=\"wp-block-heading\" id=\"h-escolha-pelo-allianz-e-bastidores-da-negociacao\">Escolha pelo Allianz e bastidores da negocia\u00e7\u00e3o<\/h2>\n\n\n\n<p>A partir do impasse com o Pacaembu, a diretoria santista retomou conversas com Palmeiras e WTorre, respons\u00e1vel pelo Allianz Parque. A negocia\u00e7\u00e3o foi r\u00e1pida e bem-sucedida, facilitada pela boa rela\u00e7\u00e3o entre as diretorias. A libera\u00e7\u00e3o foi poss\u00edvel, em parte, porque o Verd\u00e3o atua no domingo (11), na Arena Barueri, \u00e0s 17h30, contra o S\u00e3o Paulo.<\/p>\n\n\n\n<p>Esta ser\u00e1 a primeira vez na temporada que o Peixe exercer\u00e1 o mando de campo na capital paulista. O movimento est\u00e1 alinhado ao planejamento do presidente Marcelo Teixeira, que havia demonstrado inten\u00e7\u00e3o de fortalecer os la\u00e7os do clube com os torcedores da Grande S\u00e3o Paulo. <\/p>\n\n\n\n<p>Conforme destacou a diretoria, \u201catuar em S\u00e3o Paulo \u00e9 tamb\u00e9m uma forma de reaproximar o clube daqueles que n\u00e3o conseguem acompanhar os jogos na Baixada Santista com frequ\u00eancia\u201d.<\/p>\n\n\n\n<h2 class=\"wp-block-heading\" id=\"h-historico-da-tentativa-e-gramado-sintetico\">Hist\u00f3rico da tentativa e gramado sint\u00e9tico<\/h2>\n\n\n\n<p>Durante o Campeonato Paulista, houve sondagens para que o time disputasse compromissos no Allianz Parque. Entretanto, o clube optou por n\u00e3o avan\u00e7ar na ocasi\u00e3o, considerando o estado f\u00edsico do atacante Neymar, ainda em fase de reabilita\u00e7\u00e3o. <\/p>\n\n\n\n<p>A comiss\u00e3o m\u00e9dica do Santos desaconselhou o uso do gramado sint\u00e9tico por receio de comprometer o processo de recupera\u00e7\u00e3o do camisa 10, que segue afastado e tem previs\u00e3o de retorno aos treinamentos f\u00edsicos em cerca de tr\u00eas semanas.<\/p>\n\n\n\n<h2 class=\"wp-block-heading\" id=\"h-situacao-no-campeonato-e-importancia-da-partida\">Situa\u00e7\u00e3o no campeonato e import\u00e2ncia da partida<\/h2>\n\n\n\n<p>O confronto contra o Cear\u00e1 \u00e9 considerado crucial para as pretens\u00f5es santistas na competi\u00e7\u00e3o. O time da Vila Belmiro ocupa atualmente a 19\u00aa coloca\u00e7\u00e3o, com apenas 4 pontos somados, estando, portanto, na zona de rebaixamento. J\u00e1 o advers\u00e1rio cearense aparece em s\u00e9timo lugar, com 11 pontos, em um momento mais est\u00e1vel na tabela.<\/p>\n\n\n\n<p>Assim sendo, a vit\u00f3ria \u00e9 vista internamente como essencial para tentar iniciar uma recupera\u00e7\u00e3o no campeonato. A defini\u00e7\u00e3o do local com anteced\u00eancia foi, portanto, vital para os aspectos log\u00edsticos, incluindo seguran\u00e7a, deslocamento, estrutura de apoio e in\u00edcio da comercializa\u00e7\u00e3o dos ingressos.<\/p>\n\n\n\n<h2 class=\"wp-block-heading\" id=\"h-expectativa-de-publico-e-engajamento-regional\">Expectativa de p\u00fablico e engajamento regional<\/h2>\n\n\n\n<p>Ao apostar na capital paulista como palco do duelo, a diretoria santista tamb\u00e9m visa um aumento no comparecimento do p\u00fablico. Afinal, a proximidade com torcedores da Regi\u00e3o Metropolitana de S\u00e3o Paulo pode gerar uma atmosfera mais favor\u00e1vel e impactar positivamente no desempenho da equipe dentro de campo.<\/p>\n\n\n\n<p>O jogo entre Santos e Cear\u00e1 marca mais do que uma disputa de tr\u00eas pontos. Representa, sobretudo, um esfor\u00e7o da gest\u00e3o atual em resgatar a for\u00e7a do clube em regi\u00f5es estrat\u00e9gicas, onde h\u00e1 grande concentra\u00e7\u00e3o de torcedores santistas. Al\u00e9m disso, \u00e9 reflexo de uma postura mais pragm\u00e1tica da diretoria em rela\u00e7\u00e3o \u00e0s adversidades estruturais enfrentadas na temporada.<\/p>\n","protected":false},"excerpt":{"rendered":"<p>A Confedera\u00e7\u00e3o Brasileira de Futebol (CBF) oficializou que o duelo entre Santos e Cear\u00e1, v\u00e1lido pela oitava rodada do Campeonato Brasileiro, ocorrer\u00e1 na pr\u00f3xima segunda-feira (12), \u00e0s 20 horas (hor\u00e1rio de Bras\u00edlia), no Allianz Parque. A escolha pelo est\u00e1dio do Palmeiras foi resultado de uma s\u00e9rie de fatores, sobretudo log\u00edsticos e administrativos. Inicialmente, o Santos [&hellip;]<\/p>\n","protected":false},"author":30,"featured_media":260115,"comment_status":"open","ping_status":"closed","sticky":false,"template":"","format":"standard","meta":{"footnotes":""},"categories":[133,158,139],"tags":[],"class_list":["post-261857","post","type-post","status-publish","format-standard","has-post-thumbnail","hentry","category-brasileirao","category-ceara","category-santos"],"yoast_head":"<!-- This site is optimized with the Yoast SEO Premium plugin v24.2 (Yoast SEO v26.9) - https:\/\/yoast.com\/product\/yoast-seo-premium-wordpress\/ -->\n<title>Confirmado! Santos x Cear\u00e1 ser\u00e1 disputado em est\u00e1dio alternativo<\/title>\n<meta name=\"robots\" content=\"index, follow, max-snippet:-1, max-image-preview:large, max-video-preview:-1\" \/>\n<link rel=\"canonical\" href=\"https:\/\/www.gaveanews.com\/index.php\/2025\/05\/08\/confirmado-santos-x-ceara-sera-disputado-em-estadio-alternativo\/\" \/>\n<meta property=\"og:locale\" content=\"pt_BR\" \/>\n<meta property=\"og:type\" content=\"article\" \/>\n<meta property=\"og:title\" content=\"Confirmado! Santos x Cear\u00e1 ser\u00e1 disputado em est\u00e1dio alternativo\" \/>\n<meta property=\"og:description\" content=\"A Confedera\u00e7\u00e3o Brasileira de Futebol (CBF) oficializou que o duelo entre Santos e Cear\u00e1, v\u00e1lido pela oitava rodada do Campeonato Brasileiro, ocorrer\u00e1 na pr\u00f3xima segunda-feira (12), \u00e0s 20 horas (hor\u00e1rio de Bras\u00edlia), no Allianz Parque. A escolha pelo est\u00e1dio do Palmeiras foi resultado de uma s\u00e9rie de fatores, sobretudo log\u00edsticos e administrativos. Inicialmente, o Santos [&hellip;]\" \/>\n<meta property=\"og:url\" content=\"https:\/\/www.gaveanews.com\/index.php\/2025\/05\/08\/confirmado-santos-x-ceara-sera-disputado-em-estadio-alternativo\/\" \/>\n<meta property=\"og:site_name\" content=\"G\u00e1vea News\" \/>\n<meta property=\"article:publisher\" content=\"https:\/\/facebook.com\/gaveaNews\/\" \/>\n<meta property=\"article:published_time\" content=\"2025-05-08T16:40:00+00:00\" \/>\n<meta property=\"og:image\" content=\"https:\/\/www.gaveanews.com\/wp-content\/uploads\/Campeonato-Brasileiro-Serie-A.webp\" \/>\n\t<meta property=\"og:image:width\" content=\"1200\" \/>\n\t<meta property=\"og:image:height\" content=\"900\" \/>\n\t<meta property=\"og:image:type\" content=\"image\/webp\" \/>\n<meta name=\"author\" content=\"Ana Teixeira\" \/>\n<meta name=\"twitter:card\" content=\"summary_large_image\" \/>\n<meta name=\"twitter:label1\" content=\"Escrito por\" \/>\n\t<meta name=\"twitter:data1\" content=\"Ana Teixeira\" \/>\n\t<meta name=\"twitter:label2\" content=\"Est. tempo de leitura\" \/>\n\t<meta name=\"twitter:data2\" content=\"4 minutos\" \/>\n<script type=\"application\/ld+json\" class=\"yoast-schema-graph\">{\"@context\":\"https:\/\/schema.org\",\"@graph\":[{\"@type\":\"NewsArticle\",\"@id\":\"https:\/\/www.gaveanews.com\/index.php\/2025\/05\/08\/confirmado-santos-x-ceara-sera-disputado-em-estadio-alternativo\/#article\",\"isPartOf\":{\"@id\":\"https:\/\/www.gaveanews.com\/index.php\/2025\/05\/08\/confirmado-santos-x-ceara-sera-disputado-em-estadio-alternativo\/\"},\"author\":{\"name\":\"Ana Teixeira\",\"@id\":\"https:\/\/www.gaveanews.com\/#\/schema\/person\/3b19f7288b0ce20372991275e4f2e6c2\"},\"headline\":\"Confirmado! Santos x Cear\u00e1 ser\u00e1 disputado em est\u00e1dio alternativo\",\"datePublished\":\"2025-05-08T16:40:00+00:00\",\"mainEntityOfPage\":{\"@id\":\"https:\/\/www.gaveanews.com\/index.php\/2025\/05\/08\/confirmado-santos-x-ceara-sera-disputado-em-estadio-alternativo\/\"},\"wordCount\":638,\"commentCount\":0,\"image\":{\"@id\":\"https:\/\/www.gaveanews.com\/index.php\/2025\/05\/08\/confirmado-santos-x-ceara-sera-disputado-em-estadio-alternativo\/#primaryimage\"},\"thumbnailUrl\":\"https:\/\/www.gaveanews.com\/wp-content\/uploads\/Campeonato-Brasileiro-Serie-A.webp\",\"articleSection\":[\"Brasileir\u00e3o\",\"Cear\u00e1\",\"Santos\"],\"inLanguage\":\"pt-BR\",\"potentialAction\":[{\"@type\":\"CommentAction\",\"name\":\"Comment\",\"target\":[\"https:\/\/www.gaveanews.com\/index.php\/2025\/05\/08\/confirmado-santos-x-ceara-sera-disputado-em-estadio-alternativo\/#respond\"]}],\"copyrightYear\":\"2025\",\"copyrightHolder\":{\"@id\":\"https:\/\/www.gaveanews.com\/#organization\"}},{\"@type\":\"WebPage\",\"@id\":\"https:\/\/www.gaveanews.com\/index.php\/2025\/05\/08\/confirmado-santos-x-ceara-sera-disputado-em-estadio-alternativo\/\",\"url\":\"https:\/\/www.gaveanews.com\/index.php\/2025\/05\/08\/confirmado-santos-x-ceara-sera-disputado-em-estadio-alternativo\/\",\"name\":\"Confirmado! Santos x Cear\u00e1 ser\u00e1 disputado em est\u00e1dio alternativo\",\"isPartOf\":{\"@id\":\"https:\/\/www.gaveanews.com\/#website\"},\"primaryImageOfPage\":{\"@id\":\"https:\/\/www.gaveanews.com\/index.php\/2025\/05\/08\/confirmado-santos-x-ceara-sera-disputado-em-estadio-alternativo\/#primaryimage\"},\"image\":{\"@id\":\"https:\/\/www.gaveanews.com\/index.php\/2025\/05\/08\/confirmado-santos-x-ceara-sera-disputado-em-estadio-alternativo\/#primaryimage\"},\"thumbnailUrl\":\"https:\/\/www.gaveanews.com\/wp-content\/uploads\/Campeonato-Brasileiro-Serie-A.webp\",\"datePublished\":\"2025-05-08T16:40:00+00:00\",\"author\":{\"@id\":\"https:\/\/www.gaveanews.com\/#\/schema\/person\/3b19f7288b0ce20372991275e4f2e6c2\"},\"breadcrumb\":{\"@id\":\"https:\/\/www.gaveanews.com\/index.php\/2025\/05\/08\/confirmado-santos-x-ceara-sera-disputado-em-estadio-alternativo\/#breadcrumb\"},\"inLanguage\":\"pt-BR\",\"potentialAction\":[{\"@type\":\"ReadAction\",\"target\":[\"https:\/\/www.gaveanews.com\/index.php\/2025\/05\/08\/confirmado-santos-x-ceara-sera-disputado-em-estadio-alternativo\/\"]}]},{\"@type\":\"ImageObject\",\"inLanguage\":\"pt-BR\",\"@id\":\"https:\/\/www.gaveanews.com\/index.php\/2025\/05\/08\/confirmado-santos-x-ceara-sera-disputado-em-estadio-alternativo\/#primaryimage\",\"url\":\"https:\/\/www.gaveanews.com\/wp-content\/uploads\/Campeonato-Brasileiro-Serie-A.webp\",\"contentUrl\":\"https:\/\/www.gaveanews.com\/wp-content\/uploads\/Campeonato-Brasileiro-Serie-A.webp\",\"width\":1200,\"height\":900},{\"@type\":\"BreadcrumbList\",\"@id\":\"https:\/\/www.gaveanews.com\/index.php\/2025\/05\/08\/confirmado-santos-x-ceara-sera-disputado-em-estadio-alternativo\/#breadcrumb\",\"itemListElement\":[{\"@type\":\"ListItem\",\"position\":1,\"name\":\"Home\",\"item\":\"https:\/\/www.gaveanews.com\/\"},{\"@type\":\"ListItem\",\"position\":2,\"name\":\"Confirmado! Santos x Cear\u00e1 ser\u00e1 disputado em est\u00e1dio alternativo\"}]},{\"@type\":\"WebSite\",\"@id\":\"https:\/\/www.gaveanews.com\/#website\",\"url\":\"https:\/\/www.gaveanews.com\/\",\"name\":\"G\u00e1vea News\",\"description\":\"Veja todas as not\u00edcias sobre o Flamengo: Contrata\u00e7\u00f5es, categorias de base, resultados das partidas, tabela de classifica\u00e7\u00e3o, pr\u00f3ximos jogos!\",\"potentialAction\":[{\"@type\":\"SearchAction\",\"target\":{\"@type\":\"EntryPoint\",\"urlTemplate\":\"https:\/\/www.gaveanews.com\/?s={search_term_string}\"},\"query-input\":{\"@type\":\"PropertyValueSpecification\",\"valueRequired\":true,\"valueName\":\"search_term_string\"}}],\"inLanguage\":\"pt-BR\"},{\"@type\":\"Person\",\"@id\":\"https:\/\/www.gaveanews.com\/#\/schema\/person\/3b19f7288b0ce20372991275e4f2e6c2\",\"name\":\"Ana Teixeira\",\"image\":{\"@type\":\"ImageObject\",\"inLanguage\":\"pt-BR\",\"@id\":\"https:\/\/www.gaveanews.com\/#\/schema\/person\/image\/\",\"url\":\"https:\/\/secure.gravatar.com\/avatar\/0a73f5a5258f3fed37fc2fa641892f3f7a4748456d4d4792f9bc550e6c19e06c?s=96&d=mm&r=g\",\"contentUrl\":\"https:\/\/secure.gravatar.com\/avatar\/0a73f5a5258f3fed37fc2fa641892f3f7a4748456d4d4792f9bc550e6c19e06c?s=96&d=mm&r=g\",\"caption\":\"Ana Teixeira\"}}]}<\/script>\n<!-- \/ Yoast SEO Premium plugin. -->","yoast_head_json":{"title":"Confirmado! Santos x Cear\u00e1 ser\u00e1 disputado em est\u00e1dio alternativo","robots":{"index":"index","follow":"follow","max-snippet":"max-snippet:-1","max-image-preview":"max-image-preview:large","max-video-preview":"max-video-preview:-1"},"canonical":"https:\/\/www.gaveanews.com\/index.php\/2025\/05\/08\/confirmado-santos-x-ceara-sera-disputado-em-estadio-alternativo\/","og_locale":"pt_BR","og_type":"article","og_title":"Confirmado! Santos x Cear\u00e1 ser\u00e1 disputado em est\u00e1dio alternativo","og_description":"A Confedera\u00e7\u00e3o Brasileira de Futebol (CBF) oficializou que o duelo entre Santos e Cear\u00e1, v\u00e1lido pela oitava rodada do Campeonato Brasileiro, ocorrer\u00e1 na pr\u00f3xima segunda-feira (12), \u00e0s 20 horas (hor\u00e1rio de Bras\u00edlia), no Allianz Parque. A escolha pelo est\u00e1dio do Palmeiras foi resultado de uma s\u00e9rie de fatores, sobretudo log\u00edsticos e administrativos. Inicialmente, o Santos [&hellip;]","og_url":"https:\/\/www.gaveanews.com\/index.php\/2025\/05\/08\/confirmado-santos-x-ceara-sera-disputado-em-estadio-alternativo\/","og_site_name":"G\u00e1vea News","article_publisher":"https:\/\/facebook.com\/gaveaNews\/","article_published_time":"2025-05-08T16:40:00+00:00","og_image":[{"width":1200,"height":900,"url":"https:\/\/www.gaveanews.com\/wp-content\/uploads\/Campeonato-Brasileiro-Serie-A.webp","type":"image\/webp"}],"author":"Ana Teixeira","twitter_card":"summary_large_image","twitter_misc":{"Escrito por":"Ana Teixeira","Est. tempo de leitura":"4 minutos"},"schema":{"@context":"https:\/\/schema.org","@graph":[{"@type":"NewsArticle","@id":"https:\/\/www.gaveanews.com\/index.php\/2025\/05\/08\/confirmado-santos-x-ceara-sera-disputado-em-estadio-alternativo\/#article","isPartOf":{"@id":"https:\/\/www.gaveanews.com\/index.php\/2025\/05\/08\/confirmado-santos-x-ceara-sera-disputado-em-estadio-alternativo\/"},"author":{"name":"Ana Teixeira","@id":"https:\/\/www.gaveanews.com\/#\/schema\/person\/3b19f7288b0ce20372991275e4f2e6c2"},"headline":"Confirmado! Santos x Cear\u00e1 ser\u00e1 disputado em est\u00e1dio alternativo","datePublished":"2025-05-08T16:40:00+00:00","mainEntityOfPage":{"@id":"https:\/\/www.gaveanews.com\/index.php\/2025\/05\/08\/confirmado-santos-x-ceara-sera-disputado-em-estadio-alternativo\/"},"wordCount":638,"commentCount":0,"image":{"@id":"https:\/\/www.gaveanews.com\/index.php\/2025\/05\/08\/confirmado-santos-x-ceara-sera-disputado-em-estadio-alternativo\/#primaryimage"},"thumbnailUrl":"https:\/\/www.gaveanews.com\/wp-content\/uploads\/Campeonato-Brasileiro-Serie-A.webp","articleSection":["Brasileir\u00e3o","Cear\u00e1","Santos"],"inLanguage":"pt-BR","potentialAction":[{"@type":"CommentAction","name":"Comment","target":["https:\/\/www.gaveanews.com\/index.php\/2025\/05\/08\/confirmado-santos-x-ceara-sera-disputado-em-estadio-alternativo\/#respond"]}],"copyrightYear":"2025","copyrightHolder":{"@id":"https:\/\/www.gaveanews.com\/#organization"}},{"@type":"WebPage","@id":"https:\/\/www.gaveanews.com\/index.php\/2025\/05\/08\/confirmado-santos-x-ceara-sera-disputado-em-estadio-alternativo\/","url":"https:\/\/www.gaveanews.com\/index.php\/2025\/05\/08\/confirmado-santos-x-ceara-sera-disputado-em-estadio-alternativo\/","name":"Confirmado! Santos x Cear\u00e1 ser\u00e1 disputado em est\u00e1dio alternativo","isPartOf":{"@id":"https:\/\/www.gaveanews.com\/#website"},"primaryImageOfPage":{"@id":"https:\/\/www.gaveanews.com\/index.php\/2025\/05\/08\/confirmado-santos-x-ceara-sera-disputado-em-estadio-alternativo\/#primaryimage"},"image":{"@id":"https:\/\/www.gaveanews.com\/index.php\/2025\/05\/08\/confirmado-santos-x-ceara-sera-disputado-em-estadio-alternativo\/#primaryimage"},"thumbnailUrl":"https:\/\/www.gaveanews.com\/wp-content\/uploads\/Campeonato-Brasileiro-Serie-A.webp","datePublished":"2025-05-08T16:40:00+00:00","author":{"@id":"https:\/\/www.gaveanews.com\/#\/schema\/person\/3b19f7288b0ce20372991275e4f2e6c2"},"breadcrumb":{"@id":"https:\/\/www.gaveanews.com\/index.php\/2025\/05\/08\/confirmado-santos-x-ceara-sera-disputado-em-estadio-alternativo\/#breadcrumb"},"inLanguage":"pt-BR","potentialAction":[{"@type":"ReadAction","target":["https:\/\/www.gaveanews.com\/index.php\/2025\/05\/08\/confirmado-santos-x-ceara-sera-disputado-em-estadio-alternativo\/"]}]},{"@type":"ImageObject","inLanguage":"pt-BR","@id":"https:\/\/www.gaveanews.com\/index.php\/2025\/05\/08\/confirmado-santos-x-ceara-sera-disputado-em-estadio-alternativo\/#primaryimage","url":"https:\/\/www.gaveanews.com\/wp-content\/uploads\/Campeonato-Brasileiro-Serie-A.webp","contentUrl":"https:\/\/www.gaveanews.com\/wp-content\/uploads\/Campeonato-Brasileiro-Serie-A.webp","width":1200,"height":900},{"@type":"BreadcrumbList","@id":"https:\/\/www.gaveanews.com\/index.php\/2025\/05\/08\/confirmado-santos-x-ceara-sera-disputado-em-estadio-alternativo\/#breadcrumb","itemListElement":[{"@type":"ListItem","position":1,"name":"Home","item":"https:\/\/www.gaveanews.com\/"},{"@type":"ListItem","position":2,"name":"Confirmado! Santos x Cear\u00e1 ser\u00e1 disputado em est\u00e1dio alternativo"}]},{"@type":"WebSite","@id":"https:\/\/www.gaveanews.com\/#website","url":"https:\/\/www.gaveanews.com\/","name":"G\u00e1vea News","description":"Veja todas as not\u00edcias sobre o Flamengo: Contrata\u00e7\u00f5es, categorias de base, resultados das partidas, tabela de classifica\u00e7\u00e3o, pr\u00f3ximos jogos!","potentialAction":[{"@type":"SearchAction","target":{"@type":"EntryPoint","urlTemplate":"https:\/\/www.gaveanews.com\/?s={search_term_string}"},"query-input":{"@type":"PropertyValueSpecification","valueRequired":true,"valueName":"search_term_string"}}],"inLanguage":"pt-BR"},{"@type":"Person","@id":"https:\/\/www.gaveanews.com\/#\/schema\/person\/3b19f7288b0ce20372991275e4f2e6c2","name":"Ana Teixeira","image":{"@type":"ImageObject","inLanguage":"pt-BR","@id":"https:\/\/www.gaveanews.com\/#\/schema\/person\/image\/","url":"https:\/\/secure.gravatar.com\/avatar\/0a73f5a5258f3fed37fc2fa641892f3f7a4748456d4d4792f9bc550e6c19e06c?s=96&d=mm&r=g","contentUrl":"https:\/\/secure.gravatar.com\/avatar\/0a73f5a5258f3fed37fc2fa641892f3f7a4748456d4d4792f9bc550e6c19e06c?s=96&d=mm&r=g","caption":"Ana Teixeira"}}]}},"_links":{"self":[{"href":"https:\/\/www.gaveanews.com\/index.php\/wp-json\/wp\/v2\/posts\/261857","targetHints":{"allow":["GET"]}}],"collection":[{"href":"https:\/\/www.gaveanews.com\/index.php\/wp-json\/wp\/v2\/posts"}],"about":[{"href":"https:\/\/www.gaveanews.com\/index.php\/wp-json\/wp\/v2\/types\/post"}],"author":[{"embeddable":true,"href":"https:\/\/www.gaveanews.com\/index.php\/wp-json\/wp\/v2\/users\/30"}],"replies":[{"embeddable":true,"href":"https:\/\/www.gaveanews.com\/index.php\/wp-json\/wp\/v2\/comments?post=261857"}],"version-history":[{"count":1,"href":"https:\/\/www.gaveanews.com\/index.php\/wp-json\/wp\/v2\/posts\/261857\/revisions"}],"predecessor-version":[{"id":261858,"href":"https:\/\/www.gaveanews.com\/index.php\/wp-json\/wp\/v2\/posts\/261857\/revisions\/261858"}],"wp:featuredmedia":[{"embeddable":true,"href":"https:\/\/www.gaveanews.com\/index.php\/wp-json\/wp\/v2\/media\/260115"}],"wp:attachment":[{"href":"https:\/\/www.gaveanews.com\/index.php\/wp-json\/wp\/v2\/media?parent=261857"}],"wp:term":[{"taxonomy":"category","embeddable":true,"href":"https:\/\/www.gaveanews.com\/index.php\/wp-json\/wp\/v2\/categories?post=261857"},{"taxonomy":"post_tag","embeddable":true,"href":"https:\/\/www.gaveanews.com\/index.php\/wp-json\/wp\/v2\/tags?post=261857"}],"curies":[{"name":"wp","href":"https:\/\/api.w.org\/{rel}","templated":true}]}}