{"id":261862,"date":"2025-05-08T14:00:00","date_gmt":"2025-05-08T17:00:00","guid":{"rendered":"https:\/\/www.gaveanews.com\/?p=261862"},"modified":"2025-05-08T13:47:51","modified_gmt":"2025-05-08T16:47:51","slug":"milton-neves-crava-brasileiro-favorito-na-libertadores-2025","status":"publish","type":"post","link":"https:\/\/www.gaveanews.com\/index.php\/2025\/05\/08\/milton-neves-crava-brasileiro-favorito-na-libertadores-2025\/","title":{"rendered":"Milton Neves crava brasileiro favorito na Libertadores 2025"},"content":{"rendered":"\n<p>O Palmeiras segue firme na Copa Libertadores, sustentando uma campanha com 100% de aproveitamento na fase de grupos. Entretanto, o destaque recente n\u00e3o foi apenas a vit\u00f3ria por 2 a 0 sobre o Cerro Porte\u00f1o, fora de casa, na noite de quarta-feira (07), mas a veem\u00eancia de Milton Neves em cravar o Verd\u00e3o como favorito ao torneio.  <\/p>\n\n\n\n<p>\u201cQuem \u00e9 louco de dizer que o Palmeiras n\u00e3o \u00e9 favorito na Libertadores?\u201d, questionou. <\/p>\n\n\n\n<p>Segundo Milton, a maneira como o time controla os jogos \u00e9 \u201cincr\u00edvel\u201d, especialmente fora de casa, onde demonstrou dom\u00ednio absoluto diante do advers\u00e1rio paraguaio. \u201cO Palestra controla, amansa e domina seus advers\u00e1rios com qualidade \u00edmpar\u201d, escreveu.<\/p>\n\n\n\n<p>Embora reconhe\u00e7a que a apresenta\u00e7\u00e3o contra o Cerro Porte\u00f1o n\u00e3o foi esteticamente brilhante, o colunista destacou a efici\u00eancia palmeirense, sobretudo a solidez coletiva. Para Milton, o gol nos acr\u00e9scimos de Vitor Roque \u2014 que j\u00e1 havia protagonizado um lance inacredit\u00e1vel \u2014 serviu como uma esp\u00e9cie de reden\u00e7\u00e3o e evitou que o jovem atacante fosse pressionado por sua falha anterior. <\/p>\n\n\n\n<p>\u201cSe n\u00e3o tivesse fechado o placar, certamente a falha da primeira etapa acabaria abalando sua confian\u00e7a\u201d, opinou.<\/p>\n\n\n\n<p>Al\u00e9m disso, Milton Neves ponderou que o \u00fanico fator que poderia desestabilizar a campanha do time alviverde seria uma poss\u00edvel convoca\u00e7\u00e3o de Abel Ferreira para a sele\u00e7\u00e3o brasileira, o que, segundo ele, parece improv\u00e1vel. \u201cIsso, \u00e9 claro, se a CBF n\u00e3o acabar levando Abel para a sele\u00e7\u00e3o, algo que, pelo andar da carruagem, parece dif\u00edcil de acontecer\u201d, escreveu.<\/p>\n\n\n\n<h2 class=\"wp-block-heading\" id=\"h-palmeiras-na-libertadores\">Palmeiras na Libertadores<\/h2>\n\n\n\n<p>A avalia\u00e7\u00e3o feita pelo colunista \u00e9 sustentada por n\u00fameros e desempenho em campo. O t\u00e9cnico portugu\u00eas optou por mudan\u00e7as pontuais na equipe em compara\u00e7\u00e3o ao jogo anterior na altitude de La Paz, mas isso n\u00e3o comprometeu a performance coletiva. A consist\u00eancia se manteve, revelando um elenco equilibrado, com pe\u00e7as de reposi\u00e7\u00e3o capazes de sustentar o padr\u00e3o t\u00e1tico.<\/p>\n\n\n\n<p>O gola\u00e7o de Est\u00eav\u00e3o foi destacado como um dos momentos de brilho individual, mas, conforme a reportagem, seria injusto centralizar o protagonismo em apenas um atleta, dado o desempenho coeso de toda a equipe. A solidez defensiva, o controle do meio de campo e a capacidade ofensiva \u2014 mesmo com algumas chances desperdi\u00e7adas \u2014 confirmam a maturidade do elenco.<\/p>\n\n\n\n<p>Ainda assim, a partida apresentou momentos de tens\u00e3o. Aos 43 minutos da segunda etapa, o time paraguaio acertou a trave em duas ocasi\u00f5es consecutivas, o que poderia ter mudado o cen\u00e1rio caso as finaliza\u00e7\u00f5es fossem levemente mais precisas. <\/p>\n\n\n\n<p>No entanto, o susto serviu de alerta e, nos acr\u00e9scimos, Vitor Roque tratou de dissipar qualquer d\u00favida ao marcar o segundo gol.<\/p>\n\n\n\n<p>Agora classificado para as oitavas de final com duas rodadas de anteced\u00eancia, o Palmeiras tem como pr\u00f3xima meta garantir a lideran\u00e7a geral da fase de grupos. Para isso, precisa vencer o Bol\u00edvar na quinta-feira seguinte e ao menos empatar na \u00faltima rodada diante do Sporting Cristal. <\/p>\n\n\n\n<p>De acordo com o hist\u00f3rico recente \u2014 cinco vezes melhor campanha em sete edi\u00e7\u00f5es \u2014, esse objetivo parece plenamente vi\u00e1vel.<\/p>\n\n\n\n<p><\/p>\n","protected":false},"excerpt":{"rendered":"<p>O Palmeiras segue firme na Copa Libertadores, sustentando uma campanha com 100% de aproveitamento na fase de grupos. Entretanto, o destaque recente n\u00e3o foi apenas a vit\u00f3ria por 2 a 0 sobre o Cerro Porte\u00f1o, fora de casa, na noite de quarta-feira (07), mas a veem\u00eancia de Milton Neves em cravar o Verd\u00e3o como favorito [&hellip;]<\/p>\n","protected":false},"author":30,"featured_media":161999,"comment_status":"open","ping_status":"closed","sticky":false,"template":"","format":"standard","meta":{"footnotes":""},"categories":[478,150],"tags":[],"class_list":["post-261862","post","type-post","status-publish","format-standard","has-post-thumbnail","hentry","category-brasil","category-palmeiras"],"yoast_head":"<!-- This site is optimized with the Yoast SEO Premium plugin v24.2 (Yoast SEO v26.9) - https:\/\/yoast.com\/product\/yoast-seo-premium-wordpress\/ -->\n<title>Milton Neves crava brasileiro favorito na Libertadores 2025<\/title>\n<meta name=\"robots\" content=\"index, follow, max-snippet:-1, max-image-preview:large, max-video-preview:-1\" \/>\n<link rel=\"canonical\" href=\"https:\/\/www.gaveanews.com\/index.php\/2025\/05\/08\/milton-neves-crava-brasileiro-favorito-na-libertadores-2025\/\" \/>\n<meta property=\"og:locale\" content=\"pt_BR\" \/>\n<meta property=\"og:type\" content=\"article\" \/>\n<meta property=\"og:title\" content=\"Milton Neves crava brasileiro favorito na Libertadores 2025\" \/>\n<meta property=\"og:description\" content=\"O Palmeiras segue firme na Copa Libertadores, sustentando uma campanha com 100% de aproveitamento na fase de grupos. Entretanto, o destaque recente n\u00e3o foi apenas a vit\u00f3ria por 2 a 0 sobre o Cerro Porte\u00f1o, fora de casa, na noite de quarta-feira (07), mas a veem\u00eancia de Milton Neves em cravar o Verd\u00e3o como favorito [&hellip;]\" \/>\n<meta property=\"og:url\" content=\"https:\/\/www.gaveanews.com\/index.php\/2025\/05\/08\/milton-neves-crava-brasileiro-favorito-na-libertadores-2025\/\" \/>\n<meta property=\"og:site_name\" content=\"G\u00e1vea News\" \/>\n<meta property=\"article:publisher\" content=\"https:\/\/facebook.com\/gaveaNews\/\" \/>\n<meta property=\"article:published_time\" content=\"2025-05-08T17:00:00+00:00\" \/>\n<meta property=\"og:image\" content=\"https:\/\/www.gaveanews.com\/wp-content\/uploads\/01gx90cs775egcrqn617-1-aspect-ratio-512-320.webp\" \/>\n\t<meta property=\"og:image:width\" content=\"1080\" \/>\n\t<meta property=\"og:image:height\" content=\"675\" \/>\n\t<meta property=\"og:image:type\" content=\"image\/webp\" \/>\n<meta name=\"author\" content=\"Ana Teixeira\" \/>\n<meta name=\"twitter:card\" content=\"summary_large_image\" \/>\n<meta name=\"twitter:label1\" content=\"Escrito por\" \/>\n\t<meta name=\"twitter:data1\" content=\"Ana Teixeira\" \/>\n\t<meta name=\"twitter:label2\" content=\"Est. tempo de leitura\" \/>\n\t<meta name=\"twitter:data2\" content=\"3 minutos\" \/>\n<script type=\"application\/ld+json\" class=\"yoast-schema-graph\">{\"@context\":\"https:\/\/schema.org\",\"@graph\":[{\"@type\":\"NewsArticle\",\"@id\":\"https:\/\/www.gaveanews.com\/index.php\/2025\/05\/08\/milton-neves-crava-brasileiro-favorito-na-libertadores-2025\/#article\",\"isPartOf\":{\"@id\":\"https:\/\/www.gaveanews.com\/index.php\/2025\/05\/08\/milton-neves-crava-brasileiro-favorito-na-libertadores-2025\/\"},\"author\":{\"name\":\"Ana Teixeira\",\"@id\":\"https:\/\/www.gaveanews.com\/#\/schema\/person\/3b19f7288b0ce20372991275e4f2e6c2\"},\"headline\":\"Milton Neves crava brasileiro favorito na Libertadores 2025\",\"datePublished\":\"2025-05-08T17:00:00+00:00\",\"mainEntityOfPage\":{\"@id\":\"https:\/\/www.gaveanews.com\/index.php\/2025\/05\/08\/milton-neves-crava-brasileiro-favorito-na-libertadores-2025\/\"},\"wordCount\":535,\"commentCount\":0,\"image\":{\"@id\":\"https:\/\/www.gaveanews.com\/index.php\/2025\/05\/08\/milton-neves-crava-brasileiro-favorito-na-libertadores-2025\/#primaryimage\"},\"thumbnailUrl\":\"https:\/\/www.gaveanews.com\/wp-content\/uploads\/01gx90cs775egcrqn617-1-aspect-ratio-512-320.webp\",\"articleSection\":[\"Brasil\",\"Palmeiras\"],\"inLanguage\":\"pt-BR\",\"potentialAction\":[{\"@type\":\"CommentAction\",\"name\":\"Comment\",\"target\":[\"https:\/\/www.gaveanews.com\/index.php\/2025\/05\/08\/milton-neves-crava-brasileiro-favorito-na-libertadores-2025\/#respond\"]}],\"copyrightYear\":\"2025\",\"copyrightHolder\":{\"@id\":\"https:\/\/www.gaveanews.com\/#organization\"}},{\"@type\":\"WebPage\",\"@id\":\"https:\/\/www.gaveanews.com\/index.php\/2025\/05\/08\/milton-neves-crava-brasileiro-favorito-na-libertadores-2025\/\",\"url\":\"https:\/\/www.gaveanews.com\/index.php\/2025\/05\/08\/milton-neves-crava-brasileiro-favorito-na-libertadores-2025\/\",\"name\":\"Milton Neves crava brasileiro favorito na Libertadores 2025\",\"isPartOf\":{\"@id\":\"https:\/\/www.gaveanews.com\/#website\"},\"primaryImageOfPage\":{\"@id\":\"https:\/\/www.gaveanews.com\/index.php\/2025\/05\/08\/milton-neves-crava-brasileiro-favorito-na-libertadores-2025\/#primaryimage\"},\"image\":{\"@id\":\"https:\/\/www.gaveanews.com\/index.php\/2025\/05\/08\/milton-neves-crava-brasileiro-favorito-na-libertadores-2025\/#primaryimage\"},\"thumbnailUrl\":\"https:\/\/www.gaveanews.com\/wp-content\/uploads\/01gx90cs775egcrqn617-1-aspect-ratio-512-320.webp\",\"datePublished\":\"2025-05-08T17:00:00+00:00\",\"author\":{\"@id\":\"https:\/\/www.gaveanews.com\/#\/schema\/person\/3b19f7288b0ce20372991275e4f2e6c2\"},\"breadcrumb\":{\"@id\":\"https:\/\/www.gaveanews.com\/index.php\/2025\/05\/08\/milton-neves-crava-brasileiro-favorito-na-libertadores-2025\/#breadcrumb\"},\"inLanguage\":\"pt-BR\",\"potentialAction\":[{\"@type\":\"ReadAction\",\"target\":[\"https:\/\/www.gaveanews.com\/index.php\/2025\/05\/08\/milton-neves-crava-brasileiro-favorito-na-libertadores-2025\/\"]}]},{\"@type\":\"ImageObject\",\"inLanguage\":\"pt-BR\",\"@id\":\"https:\/\/www.gaveanews.com\/index.php\/2025\/05\/08\/milton-neves-crava-brasileiro-favorito-na-libertadores-2025\/#primaryimage\",\"url\":\"https:\/\/www.gaveanews.com\/wp-content\/uploads\/01gx90cs775egcrqn617-1-aspect-ratio-512-320.webp\",\"contentUrl\":\"https:\/\/www.gaveanews.com\/wp-content\/uploads\/01gx90cs775egcrqn617-1-aspect-ratio-512-320.webp\",\"width\":1080,\"height\":675,\"caption\":\"Ta\u00e7a da Libertadores. (Foto: Divulga\u00e7\u00e3o)\"},{\"@type\":\"BreadcrumbList\",\"@id\":\"https:\/\/www.gaveanews.com\/index.php\/2025\/05\/08\/milton-neves-crava-brasileiro-favorito-na-libertadores-2025\/#breadcrumb\",\"itemListElement\":[{\"@type\":\"ListItem\",\"position\":1,\"name\":\"Home\",\"item\":\"https:\/\/www.gaveanews.com\/\"},{\"@type\":\"ListItem\",\"position\":2,\"name\":\"Milton Neves crava brasileiro favorito na Libertadores 2025\"}]},{\"@type\":\"WebSite\",\"@id\":\"https:\/\/www.gaveanews.com\/#website\",\"url\":\"https:\/\/www.gaveanews.com\/\",\"name\":\"G\u00e1vea News\",\"description\":\"Veja todas as not\u00edcias sobre o Flamengo: Contrata\u00e7\u00f5es, categorias de base, resultados das partidas, tabela de classifica\u00e7\u00e3o, pr\u00f3ximos jogos!\",\"potentialAction\":[{\"@type\":\"SearchAction\",\"target\":{\"@type\":\"EntryPoint\",\"urlTemplate\":\"https:\/\/www.gaveanews.com\/?s={search_term_string}\"},\"query-input\":{\"@type\":\"PropertyValueSpecification\",\"valueRequired\":true,\"valueName\":\"search_term_string\"}}],\"inLanguage\":\"pt-BR\"},{\"@type\":\"Person\",\"@id\":\"https:\/\/www.gaveanews.com\/#\/schema\/person\/3b19f7288b0ce20372991275e4f2e6c2\",\"name\":\"Ana Teixeira\",\"image\":{\"@type\":\"ImageObject\",\"inLanguage\":\"pt-BR\",\"@id\":\"https:\/\/www.gaveanews.com\/#\/schema\/person\/image\/\",\"url\":\"https:\/\/secure.gravatar.com\/avatar\/0a73f5a5258f3fed37fc2fa641892f3f7a4748456d4d4792f9bc550e6c19e06c?s=96&d=mm&r=g\",\"contentUrl\":\"https:\/\/secure.gravatar.com\/avatar\/0a73f5a5258f3fed37fc2fa641892f3f7a4748456d4d4792f9bc550e6c19e06c?s=96&d=mm&r=g\",\"caption\":\"Ana Teixeira\"}}]}<\/script>\n<!-- \/ Yoast SEO Premium plugin. -->","yoast_head_json":{"title":"Milton Neves crava brasileiro favorito na Libertadores 2025","robots":{"index":"index","follow":"follow","max-snippet":"max-snippet:-1","max-image-preview":"max-image-preview:large","max-video-preview":"max-video-preview:-1"},"canonical":"https:\/\/www.gaveanews.com\/index.php\/2025\/05\/08\/milton-neves-crava-brasileiro-favorito-na-libertadores-2025\/","og_locale":"pt_BR","og_type":"article","og_title":"Milton Neves crava brasileiro favorito na Libertadores 2025","og_description":"O Palmeiras segue firme na Copa Libertadores, sustentando uma campanha com 100% de aproveitamento na fase de grupos. Entretanto, o destaque recente n\u00e3o foi apenas a vit\u00f3ria por 2 a 0 sobre o Cerro Porte\u00f1o, fora de casa, na noite de quarta-feira (07), mas a veem\u00eancia de Milton Neves em cravar o Verd\u00e3o como favorito [&hellip;]","og_url":"https:\/\/www.gaveanews.com\/index.php\/2025\/05\/08\/milton-neves-crava-brasileiro-favorito-na-libertadores-2025\/","og_site_name":"G\u00e1vea News","article_publisher":"https:\/\/facebook.com\/gaveaNews\/","article_published_time":"2025-05-08T17:00:00+00:00","og_image":[{"width":1080,"height":675,"url":"https:\/\/www.gaveanews.com\/wp-content\/uploads\/01gx90cs775egcrqn617-1-aspect-ratio-512-320.webp","type":"image\/webp"}],"author":"Ana Teixeira","twitter_card":"summary_large_image","twitter_misc":{"Escrito por":"Ana Teixeira","Est. tempo de leitura":"3 minutos"},"schema":{"@context":"https:\/\/schema.org","@graph":[{"@type":"NewsArticle","@id":"https:\/\/www.gaveanews.com\/index.php\/2025\/05\/08\/milton-neves-crava-brasileiro-favorito-na-libertadores-2025\/#article","isPartOf":{"@id":"https:\/\/www.gaveanews.com\/index.php\/2025\/05\/08\/milton-neves-crava-brasileiro-favorito-na-libertadores-2025\/"},"author":{"name":"Ana Teixeira","@id":"https:\/\/www.gaveanews.com\/#\/schema\/person\/3b19f7288b0ce20372991275e4f2e6c2"},"headline":"Milton Neves crava brasileiro favorito na Libertadores 2025","datePublished":"2025-05-08T17:00:00+00:00","mainEntityOfPage":{"@id":"https:\/\/www.gaveanews.com\/index.php\/2025\/05\/08\/milton-neves-crava-brasileiro-favorito-na-libertadores-2025\/"},"wordCount":535,"commentCount":0,"image":{"@id":"https:\/\/www.gaveanews.com\/index.php\/2025\/05\/08\/milton-neves-crava-brasileiro-favorito-na-libertadores-2025\/#primaryimage"},"thumbnailUrl":"https:\/\/www.gaveanews.com\/wp-content\/uploads\/01gx90cs775egcrqn617-1-aspect-ratio-512-320.webp","articleSection":["Brasil","Palmeiras"],"inLanguage":"pt-BR","potentialAction":[{"@type":"CommentAction","name":"Comment","target":["https:\/\/www.gaveanews.com\/index.php\/2025\/05\/08\/milton-neves-crava-brasileiro-favorito-na-libertadores-2025\/#respond"]}],"copyrightYear":"2025","copyrightHolder":{"@id":"https:\/\/www.gaveanews.com\/#organization"}},{"@type":"WebPage","@id":"https:\/\/www.gaveanews.com\/index.php\/2025\/05\/08\/milton-neves-crava-brasileiro-favorito-na-libertadores-2025\/","url":"https:\/\/www.gaveanews.com\/index.php\/2025\/05\/08\/milton-neves-crava-brasileiro-favorito-na-libertadores-2025\/","name":"Milton Neves crava brasileiro favorito na Libertadores 2025","isPartOf":{"@id":"https:\/\/www.gaveanews.com\/#website"},"primaryImageOfPage":{"@id":"https:\/\/www.gaveanews.com\/index.php\/2025\/05\/08\/milton-neves-crava-brasileiro-favorito-na-libertadores-2025\/#primaryimage"},"image":{"@id":"https:\/\/www.gaveanews.com\/index.php\/2025\/05\/08\/milton-neves-crava-brasileiro-favorito-na-libertadores-2025\/#primaryimage"},"thumbnailUrl":"https:\/\/www.gaveanews.com\/wp-content\/uploads\/01gx90cs775egcrqn617-1-aspect-ratio-512-320.webp","datePublished":"2025-05-08T17:00:00+00:00","author":{"@id":"https:\/\/www.gaveanews.com\/#\/schema\/person\/3b19f7288b0ce20372991275e4f2e6c2"},"breadcrumb":{"@id":"https:\/\/www.gaveanews.com\/index.php\/2025\/05\/08\/milton-neves-crava-brasileiro-favorito-na-libertadores-2025\/#breadcrumb"},"inLanguage":"pt-BR","potentialAction":[{"@type":"ReadAction","target":["https:\/\/www.gaveanews.com\/index.php\/2025\/05\/08\/milton-neves-crava-brasileiro-favorito-na-libertadores-2025\/"]}]},{"@type":"ImageObject","inLanguage":"pt-BR","@id":"https:\/\/www.gaveanews.com\/index.php\/2025\/05\/08\/milton-neves-crava-brasileiro-favorito-na-libertadores-2025\/#primaryimage","url":"https:\/\/www.gaveanews.com\/wp-content\/uploads\/01gx90cs775egcrqn617-1-aspect-ratio-512-320.webp","contentUrl":"https:\/\/www.gaveanews.com\/wp-content\/uploads\/01gx90cs775egcrqn617-1-aspect-ratio-512-320.webp","width":1080,"height":675,"caption":"Ta\u00e7a da Libertadores. (Foto: Divulga\u00e7\u00e3o)"},{"@type":"BreadcrumbList","@id":"https:\/\/www.gaveanews.com\/index.php\/2025\/05\/08\/milton-neves-crava-brasileiro-favorito-na-libertadores-2025\/#breadcrumb","itemListElement":[{"@type":"ListItem","position":1,"name":"Home","item":"https:\/\/www.gaveanews.com\/"},{"@type":"ListItem","position":2,"name":"Milton Neves crava brasileiro favorito na Libertadores 2025"}]},{"@type":"WebSite","@id":"https:\/\/www.gaveanews.com\/#website","url":"https:\/\/www.gaveanews.com\/","name":"G\u00e1vea News","description":"Veja todas as not\u00edcias sobre o Flamengo: Contrata\u00e7\u00f5es, categorias de base, resultados das partidas, tabela de classifica\u00e7\u00e3o, pr\u00f3ximos jogos!","potentialAction":[{"@type":"SearchAction","target":{"@type":"EntryPoint","urlTemplate":"https:\/\/www.gaveanews.com\/?s={search_term_string}"},"query-input":{"@type":"PropertyValueSpecification","valueRequired":true,"valueName":"search_term_string"}}],"inLanguage":"pt-BR"},{"@type":"Person","@id":"https:\/\/www.gaveanews.com\/#\/schema\/person\/3b19f7288b0ce20372991275e4f2e6c2","name":"Ana Teixeira","image":{"@type":"ImageObject","inLanguage":"pt-BR","@id":"https:\/\/www.gaveanews.com\/#\/schema\/person\/image\/","url":"https:\/\/secure.gravatar.com\/avatar\/0a73f5a5258f3fed37fc2fa641892f3f7a4748456d4d4792f9bc550e6c19e06c?s=96&d=mm&r=g","contentUrl":"https:\/\/secure.gravatar.com\/avatar\/0a73f5a5258f3fed37fc2fa641892f3f7a4748456d4d4792f9bc550e6c19e06c?s=96&d=mm&r=g","caption":"Ana Teixeira"}}]}},"_links":{"self":[{"href":"https:\/\/www.gaveanews.com\/index.php\/wp-json\/wp\/v2\/posts\/261862","targetHints":{"allow":["GET"]}}],"collection":[{"href":"https:\/\/www.gaveanews.com\/index.php\/wp-json\/wp\/v2\/posts"}],"about":[{"href":"https:\/\/www.gaveanews.com\/index.php\/wp-json\/wp\/v2\/types\/post"}],"author":[{"embeddable":true,"href":"https:\/\/www.gaveanews.com\/index.php\/wp-json\/wp\/v2\/users\/30"}],"replies":[{"embeddable":true,"href":"https:\/\/www.gaveanews.com\/index.php\/wp-json\/wp\/v2\/comments?post=261862"}],"version-history":[{"count":1,"href":"https:\/\/www.gaveanews.com\/index.php\/wp-json\/wp\/v2\/posts\/261862\/revisions"}],"predecessor-version":[{"id":261873,"href":"https:\/\/www.gaveanews.com\/index.php\/wp-json\/wp\/v2\/posts\/261862\/revisions\/261873"}],"wp:featuredmedia":[{"embeddable":true,"href":"https:\/\/www.gaveanews.com\/index.php\/wp-json\/wp\/v2\/media\/161999"}],"wp:attachment":[{"href":"https:\/\/www.gaveanews.com\/index.php\/wp-json\/wp\/v2\/media?parent=261862"}],"wp:term":[{"taxonomy":"category","embeddable":true,"href":"https:\/\/www.gaveanews.com\/index.php\/wp-json\/wp\/v2\/categories?post=261862"},{"taxonomy":"post_tag","embeddable":true,"href":"https:\/\/www.gaveanews.com\/index.php\/wp-json\/wp\/v2\/tags?post=261862"}],"curies":[{"name":"wp","href":"https:\/\/api.w.org\/{rel}","templated":true}]}}