{"id":261863,"date":"2025-05-08T14:05:00","date_gmt":"2025-05-08T17:05:00","guid":{"rendered":"https:\/\/www.gaveanews.com\/?p=261863"},"modified":"2025-05-08T13:48:00","modified_gmt":"2025-05-08T16:48:00","slug":"a-declaracao-de-mauro-cezar-pereira-direcionada-ao-elenco-do-flamengo","status":"publish","type":"post","link":"https:\/\/www.gaveanews.com\/index.php\/2025\/05\/08\/a-declaracao-de-mauro-cezar-pereira-direcionada-ao-elenco-do-flamengo\/","title":{"rendered":"A declara\u00e7\u00e3o de Mauro Cezar Pereira direcionada ao elenco do Flamengo"},"content":{"rendered":"\n<p>Mauro Cezar Pereira foi enf\u00e1tico ao analisar o atual momento do Flamengo. Ap\u00f3s o empate em 1 a 1 com o Central C\u00f3rdoba, na Argentina, o jornalista apontou que a equipe carioca vive uma crise evidente por uma combina\u00e7\u00e3o de fatores f\u00edsicos, t\u00e9cnicos e estruturais. Conforme relatado, &#8220;o elenco mais caro do continente parece sem pernas\u201d em pleno m\u00eas de maio, falhando em jogos-chave da Libertadores e se colocando sob risco iminente de elimina\u00e7\u00e3o precoce.<\/p>\n\n\n\n<p>Segundo Mauro Cezar, o desgaste f\u00edsico \u00e9 percept\u00edvel e alarmante, a ponto de comprometer lances decisivos, como o protagonizado por Arrascaeta, que desperdi\u00e7ou grande chance por n\u00e3o conseguir concluir com for\u00e7a ap\u00f3s arrancada. <\/p>\n\n\n\n<p>O comentarista destacou que a comiss\u00e3o t\u00e9cnica j\u00e1 identificou a debilidade, mas, at\u00e9 o momento, as medidas adotadas n\u00e3o surtiram efeitos. \u201cTime que n\u00e3o corre, n\u00e3o vence\u201d, resumiu o colunista ao expor a urg\u00eancia por renova\u00e7\u00e3o no elenco. Nesse cen\u00e1rio, h\u00e1, inclusive, planejamento para buscar refor\u00e7os com maior vigor f\u00edsico na janela de transfer\u00eancias do meio do ano.<\/p>\n\n\n\n<p>Ali\u00e1s, Mauro tamb\u00e9m enfatizou a resist\u00eancia do treinador Filipe Lu\u00eds em flexibilizar suas convic\u00e7\u00f5es, mesmo diante de um cen\u00e1rio desfavor\u00e1vel. A insist\u00eancia em um modelo que prioriza a posse e o controle da bola, sem adapta\u00e7\u00e3o \u00e0s dificuldades impostas por advers\u00e1rios aguerridos, como o Central C\u00f3rdoba, tem resultado em atua\u00e7\u00f5es vulner\u00e1veis. <\/p>\n\n\n\n<p>\u201cO treinador segue agarrado \u00e0s suas ideias\u201d, pontuou Mauro, refor\u00e7ando que a cobran\u00e7a interna feita por Jos\u00e9 Boto, diretor de futebol, ainda n\u00e3o produziu resposta pr\u00e1tica.<\/p>\n\n\n\n<p>Al\u00e9m disso, ele destacou que o ambiente nos bastidores j\u00e1 acusa sinais de tens\u00e3o. O pr\u00f3prio departamento de futebol solicitou \u00e0 presid\u00eancia mudan\u00e7as no perfil da torcida presente nos jogos, sugerindo a redu\u00e7\u00e3o dos pre\u00e7os dos ingressos como forma de reconectar o time ao apoio das arquibancadas. .<\/p>\n\n\n\n<p>No vesti\u00e1rio, conforme as an\u00e1lises dos rep\u00f3rteres do <em>ge<\/em>, o discurso \u00e9 alinhado: jogadores e comiss\u00e3o t\u00e9cnica admitem os erros. Filipe Lu\u00eds, em coletiva, afirmou que \u201cos erros t\u00e9cnicos nos levam a perder a bola e temos que correr atr\u00e1s dela\u201d, expondo a fragilidade da equipe fora de sua zona de conforto. Danilo e Gerson foram exemplos de autocr\u00edtica, assumindo falhas individuais e cobrando uma postura mais exigente internamente.<\/p>\n\n\n\n<p>Entretanto, os n\u00fameros da \u00faltima partida escancaram a falta de concentra\u00e7\u00e3o e preparo. Foram 66 passes errados em 495 tentativas, com destaque negativo para Gerson, Danilo e Ayrton Lucas. Apesar da posse de bola de 57%, o Flamengo n\u00e3o transformou o dom\u00ednio territorial em perigo real ao advers\u00e1rio. <\/p>\n\n\n\n<p>O gol de empate do time argentino surgiu, inclusive, com superioridade num\u00e9rica rubro-negra dentro da \u00e1rea, mas sem capacidade de impedir a finaliza\u00e7\u00e3o.<\/p>\n\n\n\n<p>A an\u00e1lise do colunista se soma \u00e0s declara\u00e7\u00f5es dos pr\u00f3prios jogadores, que reconhecem a m\u00e1 fase e o esgotamento f\u00edsico. A sequ\u00eancia de viagens, somada \u00e0 maratona de jogos, \u00e9 uma das justificativas apontadas, mas insuficiente para justificar a falta de desempenho.<\/p>\n\n\n\n<h2 class=\"wp-block-heading\" id=\"h-situacao-na-libertadores\">Situa\u00e7\u00e3o na Libertadores<\/h2>\n\n\n\n<p>A situa\u00e7\u00e3o \u00e9 clara: para evitar um vexame internacional, o clube precisa vencer seus dois pr\u00f3ximos compromissos na fase de grupos da Libertadores, ambos no Maracan\u00e3. O primeiro deles ser\u00e1 contra a LDU, na quinta-feira (15), e a exig\u00eancia \u00e9 de vit\u00f3ria com saldo de dois ou mais gols. Do contr\u00e1rio, o risco de elimina\u00e7\u00e3o se concretiza diante de sua torcida.<\/p>\n\n\n\n<p><\/p>\n","protected":false},"excerpt":{"rendered":"<p>Mauro Cezar Pereira foi enf\u00e1tico ao analisar o atual momento do Flamengo. Ap\u00f3s o empate em 1 a 1 com o Central C\u00f3rdoba, na Argentina, o jornalista apontou que a equipe carioca vive uma crise evidente por uma combina\u00e7\u00e3o de fatores f\u00edsicos, t\u00e9cnicos e estruturais. Conforme relatado, &#8220;o elenco mais caro do continente parece sem [&hellip;]<\/p>\n","protected":false},"author":30,"featured_media":101020,"comment_status":"open","ping_status":"closed","sticky":false,"template":"","format":"standard","meta":{"footnotes":""},"categories":[1],"tags":[],"class_list":["post-261863","post","type-post","status-publish","format-standard","has-post-thumbnail","hentry","category-flamengo"],"yoast_head":"<!-- This site is optimized with the Yoast SEO Premium plugin v24.2 (Yoast SEO v26.9) - https:\/\/yoast.com\/product\/yoast-seo-premium-wordpress\/ -->\n<title>A declara\u00e7\u00e3o de Mauro Cezar Pereira direcionada ao elenco do Flamengo<\/title>\n<meta name=\"robots\" content=\"index, follow, max-snippet:-1, max-image-preview:large, max-video-preview:-1\" \/>\n<link rel=\"canonical\" href=\"https:\/\/www.gaveanews.com\/index.php\/2025\/05\/08\/a-declaracao-de-mauro-cezar-pereira-direcionada-ao-elenco-do-flamengo\/\" \/>\n<meta property=\"og:locale\" content=\"pt_BR\" \/>\n<meta property=\"og:type\" content=\"article\" \/>\n<meta property=\"og:title\" content=\"A declara\u00e7\u00e3o de Mauro Cezar Pereira direcionada ao elenco do Flamengo\" \/>\n<meta property=\"og:description\" content=\"Mauro Cezar Pereira foi enf\u00e1tico ao analisar o atual momento do Flamengo. Ap\u00f3s o empate em 1 a 1 com o Central C\u00f3rdoba, na Argentina, o jornalista apontou que a equipe carioca vive uma crise evidente por uma combina\u00e7\u00e3o de fatores f\u00edsicos, t\u00e9cnicos e estruturais. Conforme relatado, &#8220;o elenco mais caro do continente parece sem [&hellip;]\" \/>\n<meta property=\"og:url\" content=\"https:\/\/www.gaveanews.com\/index.php\/2025\/05\/08\/a-declaracao-de-mauro-cezar-pereira-direcionada-ao-elenco-do-flamengo\/\" \/>\n<meta property=\"og:site_name\" content=\"G\u00e1vea News\" \/>\n<meta property=\"article:publisher\" content=\"https:\/\/facebook.com\/gaveaNews\/\" \/>\n<meta property=\"article:published_time\" content=\"2025-05-08T17:05:00+00:00\" \/>\n<meta property=\"og:image\" content=\"https:\/\/www.gaveanews.com\/wp-content\/uploads\/Mauro-Cezar.webp\" \/>\n\t<meta property=\"og:image:width\" content=\"846\" \/>\n\t<meta property=\"og:image:height\" content=\"564\" \/>\n\t<meta property=\"og:image:type\" content=\"image\/webp\" \/>\n<meta name=\"author\" content=\"Ana Teixeira\" \/>\n<meta name=\"twitter:card\" content=\"summary_large_image\" \/>\n<meta name=\"twitter:label1\" content=\"Escrito por\" \/>\n\t<meta name=\"twitter:data1\" content=\"Ana Teixeira\" \/>\n\t<meta name=\"twitter:label2\" content=\"Est. tempo de leitura\" \/>\n\t<meta name=\"twitter:data2\" content=\"4 minutos\" \/>\n<script type=\"application\/ld+json\" class=\"yoast-schema-graph\">{\"@context\":\"https:\/\/schema.org\",\"@graph\":[{\"@type\":\"NewsArticle\",\"@id\":\"https:\/\/www.gaveanews.com\/index.php\/2025\/05\/08\/a-declaracao-de-mauro-cezar-pereira-direcionada-ao-elenco-do-flamengo\/#article\",\"isPartOf\":{\"@id\":\"https:\/\/www.gaveanews.com\/index.php\/2025\/05\/08\/a-declaracao-de-mauro-cezar-pereira-direcionada-ao-elenco-do-flamengo\/\"},\"author\":{\"name\":\"Ana Teixeira\",\"@id\":\"https:\/\/www.gaveanews.com\/#\/schema\/person\/3b19f7288b0ce20372991275e4f2e6c2\"},\"headline\":\"A declara\u00e7\u00e3o de Mauro Cezar Pereira direcionada ao elenco do Flamengo\",\"datePublished\":\"2025-05-08T17:05:00+00:00\",\"mainEntityOfPage\":{\"@id\":\"https:\/\/www.gaveanews.com\/index.php\/2025\/05\/08\/a-declaracao-de-mauro-cezar-pereira-direcionada-ao-elenco-do-flamengo\/\"},\"wordCount\":612,\"commentCount\":0,\"image\":{\"@id\":\"https:\/\/www.gaveanews.com\/index.php\/2025\/05\/08\/a-declaracao-de-mauro-cezar-pereira-direcionada-ao-elenco-do-flamengo\/#primaryimage\"},\"thumbnailUrl\":\"https:\/\/www.gaveanews.com\/wp-content\/uploads\/Mauro-Cezar.webp\",\"articleSection\":[\"Flamengo\"],\"inLanguage\":\"pt-BR\",\"potentialAction\":[{\"@type\":\"CommentAction\",\"name\":\"Comment\",\"target\":[\"https:\/\/www.gaveanews.com\/index.php\/2025\/05\/08\/a-declaracao-de-mauro-cezar-pereira-direcionada-ao-elenco-do-flamengo\/#respond\"]}],\"copyrightYear\":\"2025\",\"copyrightHolder\":{\"@id\":\"https:\/\/www.gaveanews.com\/#organization\"}},{\"@type\":\"WebPage\",\"@id\":\"https:\/\/www.gaveanews.com\/index.php\/2025\/05\/08\/a-declaracao-de-mauro-cezar-pereira-direcionada-ao-elenco-do-flamengo\/\",\"url\":\"https:\/\/www.gaveanews.com\/index.php\/2025\/05\/08\/a-declaracao-de-mauro-cezar-pereira-direcionada-ao-elenco-do-flamengo\/\",\"name\":\"A declara\u00e7\u00e3o de Mauro Cezar Pereira direcionada ao elenco do Flamengo\",\"isPartOf\":{\"@id\":\"https:\/\/www.gaveanews.com\/#website\"},\"primaryImageOfPage\":{\"@id\":\"https:\/\/www.gaveanews.com\/index.php\/2025\/05\/08\/a-declaracao-de-mauro-cezar-pereira-direcionada-ao-elenco-do-flamengo\/#primaryimage\"},\"image\":{\"@id\":\"https:\/\/www.gaveanews.com\/index.php\/2025\/05\/08\/a-declaracao-de-mauro-cezar-pereira-direcionada-ao-elenco-do-flamengo\/#primaryimage\"},\"thumbnailUrl\":\"https:\/\/www.gaveanews.com\/wp-content\/uploads\/Mauro-Cezar.webp\",\"datePublished\":\"2025-05-08T17:05:00+00:00\",\"author\":{\"@id\":\"https:\/\/www.gaveanews.com\/#\/schema\/person\/3b19f7288b0ce20372991275e4f2e6c2\"},\"breadcrumb\":{\"@id\":\"https:\/\/www.gaveanews.com\/index.php\/2025\/05\/08\/a-declaracao-de-mauro-cezar-pereira-direcionada-ao-elenco-do-flamengo\/#breadcrumb\"},\"inLanguage\":\"pt-BR\",\"potentialAction\":[{\"@type\":\"ReadAction\",\"target\":[\"https:\/\/www.gaveanews.com\/index.php\/2025\/05\/08\/a-declaracao-de-mauro-cezar-pereira-direcionada-ao-elenco-do-flamengo\/\"]}]},{\"@type\":\"ImageObject\",\"inLanguage\":\"pt-BR\",\"@id\":\"https:\/\/www.gaveanews.com\/index.php\/2025\/05\/08\/a-declaracao-de-mauro-cezar-pereira-direcionada-ao-elenco-do-flamengo\/#primaryimage\",\"url\":\"https:\/\/www.gaveanews.com\/wp-content\/uploads\/Mauro-Cezar.webp\",\"contentUrl\":\"https:\/\/www.gaveanews.com\/wp-content\/uploads\/Mauro-Cezar.webp\",\"width\":846,\"height\":564,\"caption\":\"Mauro Cesar em Programa pela Jovem Pan - Foto: Reprodu\u00e7\u00e3o\/Jovem Pan\"},{\"@type\":\"BreadcrumbList\",\"@id\":\"https:\/\/www.gaveanews.com\/index.php\/2025\/05\/08\/a-declaracao-de-mauro-cezar-pereira-direcionada-ao-elenco-do-flamengo\/#breadcrumb\",\"itemListElement\":[{\"@type\":\"ListItem\",\"position\":1,\"name\":\"Home\",\"item\":\"https:\/\/www.gaveanews.com\/\"},{\"@type\":\"ListItem\",\"position\":2,\"name\":\"A declara\u00e7\u00e3o de Mauro Cezar Pereira direcionada ao elenco do Flamengo\"}]},{\"@type\":\"WebSite\",\"@id\":\"https:\/\/www.gaveanews.com\/#website\",\"url\":\"https:\/\/www.gaveanews.com\/\",\"name\":\"G\u00e1vea News\",\"description\":\"Veja todas as not\u00edcias sobre o Flamengo: Contrata\u00e7\u00f5es, categorias de base, resultados das partidas, tabela de classifica\u00e7\u00e3o, pr\u00f3ximos jogos!\",\"potentialAction\":[{\"@type\":\"SearchAction\",\"target\":{\"@type\":\"EntryPoint\",\"urlTemplate\":\"https:\/\/www.gaveanews.com\/?s={search_term_string}\"},\"query-input\":{\"@type\":\"PropertyValueSpecification\",\"valueRequired\":true,\"valueName\":\"search_term_string\"}}],\"inLanguage\":\"pt-BR\"},{\"@type\":\"Person\",\"@id\":\"https:\/\/www.gaveanews.com\/#\/schema\/person\/3b19f7288b0ce20372991275e4f2e6c2\",\"name\":\"Ana Teixeira\",\"image\":{\"@type\":\"ImageObject\",\"inLanguage\":\"pt-BR\",\"@id\":\"https:\/\/www.gaveanews.com\/#\/schema\/person\/image\/\",\"url\":\"https:\/\/secure.gravatar.com\/avatar\/0a73f5a5258f3fed37fc2fa641892f3f7a4748456d4d4792f9bc550e6c19e06c?s=96&d=mm&r=g\",\"contentUrl\":\"https:\/\/secure.gravatar.com\/avatar\/0a73f5a5258f3fed37fc2fa641892f3f7a4748456d4d4792f9bc550e6c19e06c?s=96&d=mm&r=g\",\"caption\":\"Ana Teixeira\"}}]}<\/script>\n<!-- \/ Yoast SEO Premium plugin. -->","yoast_head_json":{"title":"A declara\u00e7\u00e3o de Mauro Cezar Pereira direcionada ao elenco do Flamengo","robots":{"index":"index","follow":"follow","max-snippet":"max-snippet:-1","max-image-preview":"max-image-preview:large","max-video-preview":"max-video-preview:-1"},"canonical":"https:\/\/www.gaveanews.com\/index.php\/2025\/05\/08\/a-declaracao-de-mauro-cezar-pereira-direcionada-ao-elenco-do-flamengo\/","og_locale":"pt_BR","og_type":"article","og_title":"A declara\u00e7\u00e3o de Mauro Cezar Pereira direcionada ao elenco do Flamengo","og_description":"Mauro Cezar Pereira foi enf\u00e1tico ao analisar o atual momento do Flamengo. Ap\u00f3s o empate em 1 a 1 com o Central C\u00f3rdoba, na Argentina, o jornalista apontou que a equipe carioca vive uma crise evidente por uma combina\u00e7\u00e3o de fatores f\u00edsicos, t\u00e9cnicos e estruturais. Conforme relatado, &#8220;o elenco mais caro do continente parece sem [&hellip;]","og_url":"https:\/\/www.gaveanews.com\/index.php\/2025\/05\/08\/a-declaracao-de-mauro-cezar-pereira-direcionada-ao-elenco-do-flamengo\/","og_site_name":"G\u00e1vea News","article_publisher":"https:\/\/facebook.com\/gaveaNews\/","article_published_time":"2025-05-08T17:05:00+00:00","og_image":[{"width":846,"height":564,"url":"https:\/\/www.gaveanews.com\/wp-content\/uploads\/Mauro-Cezar.webp","type":"image\/webp"}],"author":"Ana Teixeira","twitter_card":"summary_large_image","twitter_misc":{"Escrito por":"Ana Teixeira","Est. tempo de leitura":"4 minutos"},"schema":{"@context":"https:\/\/schema.org","@graph":[{"@type":"NewsArticle","@id":"https:\/\/www.gaveanews.com\/index.php\/2025\/05\/08\/a-declaracao-de-mauro-cezar-pereira-direcionada-ao-elenco-do-flamengo\/#article","isPartOf":{"@id":"https:\/\/www.gaveanews.com\/index.php\/2025\/05\/08\/a-declaracao-de-mauro-cezar-pereira-direcionada-ao-elenco-do-flamengo\/"},"author":{"name":"Ana Teixeira","@id":"https:\/\/www.gaveanews.com\/#\/schema\/person\/3b19f7288b0ce20372991275e4f2e6c2"},"headline":"A declara\u00e7\u00e3o de Mauro Cezar Pereira direcionada ao elenco do Flamengo","datePublished":"2025-05-08T17:05:00+00:00","mainEntityOfPage":{"@id":"https:\/\/www.gaveanews.com\/index.php\/2025\/05\/08\/a-declaracao-de-mauro-cezar-pereira-direcionada-ao-elenco-do-flamengo\/"},"wordCount":612,"commentCount":0,"image":{"@id":"https:\/\/www.gaveanews.com\/index.php\/2025\/05\/08\/a-declaracao-de-mauro-cezar-pereira-direcionada-ao-elenco-do-flamengo\/#primaryimage"},"thumbnailUrl":"https:\/\/www.gaveanews.com\/wp-content\/uploads\/Mauro-Cezar.webp","articleSection":["Flamengo"],"inLanguage":"pt-BR","potentialAction":[{"@type":"CommentAction","name":"Comment","target":["https:\/\/www.gaveanews.com\/index.php\/2025\/05\/08\/a-declaracao-de-mauro-cezar-pereira-direcionada-ao-elenco-do-flamengo\/#respond"]}],"copyrightYear":"2025","copyrightHolder":{"@id":"https:\/\/www.gaveanews.com\/#organization"}},{"@type":"WebPage","@id":"https:\/\/www.gaveanews.com\/index.php\/2025\/05\/08\/a-declaracao-de-mauro-cezar-pereira-direcionada-ao-elenco-do-flamengo\/","url":"https:\/\/www.gaveanews.com\/index.php\/2025\/05\/08\/a-declaracao-de-mauro-cezar-pereira-direcionada-ao-elenco-do-flamengo\/","name":"A declara\u00e7\u00e3o de Mauro Cezar Pereira direcionada ao elenco do Flamengo","isPartOf":{"@id":"https:\/\/www.gaveanews.com\/#website"},"primaryImageOfPage":{"@id":"https:\/\/www.gaveanews.com\/index.php\/2025\/05\/08\/a-declaracao-de-mauro-cezar-pereira-direcionada-ao-elenco-do-flamengo\/#primaryimage"},"image":{"@id":"https:\/\/www.gaveanews.com\/index.php\/2025\/05\/08\/a-declaracao-de-mauro-cezar-pereira-direcionada-ao-elenco-do-flamengo\/#primaryimage"},"thumbnailUrl":"https:\/\/www.gaveanews.com\/wp-content\/uploads\/Mauro-Cezar.webp","datePublished":"2025-05-08T17:05:00+00:00","author":{"@id":"https:\/\/www.gaveanews.com\/#\/schema\/person\/3b19f7288b0ce20372991275e4f2e6c2"},"breadcrumb":{"@id":"https:\/\/www.gaveanews.com\/index.php\/2025\/05\/08\/a-declaracao-de-mauro-cezar-pereira-direcionada-ao-elenco-do-flamengo\/#breadcrumb"},"inLanguage":"pt-BR","potentialAction":[{"@type":"ReadAction","target":["https:\/\/www.gaveanews.com\/index.php\/2025\/05\/08\/a-declaracao-de-mauro-cezar-pereira-direcionada-ao-elenco-do-flamengo\/"]}]},{"@type":"ImageObject","inLanguage":"pt-BR","@id":"https:\/\/www.gaveanews.com\/index.php\/2025\/05\/08\/a-declaracao-de-mauro-cezar-pereira-direcionada-ao-elenco-do-flamengo\/#primaryimage","url":"https:\/\/www.gaveanews.com\/wp-content\/uploads\/Mauro-Cezar.webp","contentUrl":"https:\/\/www.gaveanews.com\/wp-content\/uploads\/Mauro-Cezar.webp","width":846,"height":564,"caption":"Mauro Cesar em Programa pela Jovem Pan - Foto: Reprodu\u00e7\u00e3o\/Jovem Pan"},{"@type":"BreadcrumbList","@id":"https:\/\/www.gaveanews.com\/index.php\/2025\/05\/08\/a-declaracao-de-mauro-cezar-pereira-direcionada-ao-elenco-do-flamengo\/#breadcrumb","itemListElement":[{"@type":"ListItem","position":1,"name":"Home","item":"https:\/\/www.gaveanews.com\/"},{"@type":"ListItem","position":2,"name":"A declara\u00e7\u00e3o de Mauro Cezar Pereira direcionada ao elenco do Flamengo"}]},{"@type":"WebSite","@id":"https:\/\/www.gaveanews.com\/#website","url":"https:\/\/www.gaveanews.com\/","name":"G\u00e1vea News","description":"Veja todas as not\u00edcias sobre o Flamengo: Contrata\u00e7\u00f5es, categorias de base, resultados das partidas, tabela de classifica\u00e7\u00e3o, pr\u00f3ximos jogos!","potentialAction":[{"@type":"SearchAction","target":{"@type":"EntryPoint","urlTemplate":"https:\/\/www.gaveanews.com\/?s={search_term_string}"},"query-input":{"@type":"PropertyValueSpecification","valueRequired":true,"valueName":"search_term_string"}}],"inLanguage":"pt-BR"},{"@type":"Person","@id":"https:\/\/www.gaveanews.com\/#\/schema\/person\/3b19f7288b0ce20372991275e4f2e6c2","name":"Ana Teixeira","image":{"@type":"ImageObject","inLanguage":"pt-BR","@id":"https:\/\/www.gaveanews.com\/#\/schema\/person\/image\/","url":"https:\/\/secure.gravatar.com\/avatar\/0a73f5a5258f3fed37fc2fa641892f3f7a4748456d4d4792f9bc550e6c19e06c?s=96&d=mm&r=g","contentUrl":"https:\/\/secure.gravatar.com\/avatar\/0a73f5a5258f3fed37fc2fa641892f3f7a4748456d4d4792f9bc550e6c19e06c?s=96&d=mm&r=g","caption":"Ana Teixeira"}}]}},"_links":{"self":[{"href":"https:\/\/www.gaveanews.com\/index.php\/wp-json\/wp\/v2\/posts\/261863","targetHints":{"allow":["GET"]}}],"collection":[{"href":"https:\/\/www.gaveanews.com\/index.php\/wp-json\/wp\/v2\/posts"}],"about":[{"href":"https:\/\/www.gaveanews.com\/index.php\/wp-json\/wp\/v2\/types\/post"}],"author":[{"embeddable":true,"href":"https:\/\/www.gaveanews.com\/index.php\/wp-json\/wp\/v2\/users\/30"}],"replies":[{"embeddable":true,"href":"https:\/\/www.gaveanews.com\/index.php\/wp-json\/wp\/v2\/comments?post=261863"}],"version-history":[{"count":1,"href":"https:\/\/www.gaveanews.com\/index.php\/wp-json\/wp\/v2\/posts\/261863\/revisions"}],"predecessor-version":[{"id":261874,"href":"https:\/\/www.gaveanews.com\/index.php\/wp-json\/wp\/v2\/posts\/261863\/revisions\/261874"}],"wp:featuredmedia":[{"embeddable":true,"href":"https:\/\/www.gaveanews.com\/index.php\/wp-json\/wp\/v2\/media\/101020"}],"wp:attachment":[{"href":"https:\/\/www.gaveanews.com\/index.php\/wp-json\/wp\/v2\/media?parent=261863"}],"wp:term":[{"taxonomy":"category","embeddable":true,"href":"https:\/\/www.gaveanews.com\/index.php\/wp-json\/wp\/v2\/categories?post=261863"},{"taxonomy":"post_tag","embeddable":true,"href":"https:\/\/www.gaveanews.com\/index.php\/wp-json\/wp\/v2\/tags?post=261863"}],"curies":[{"name":"wp","href":"https:\/\/api.w.org\/{rel}","templated":true}]}}