{"id":261936,"date":"2025-05-08T17:05:00","date_gmt":"2025-05-08T20:05:00","guid":{"rendered":"https:\/\/www.gaveanews.com\/?p=261936"},"modified":"2025-05-08T15:35:46","modified_gmt":"2025-05-08T18:35:46","slug":"a-declaracao-de-abel-ferreira-direcionada-vitor-roque-do-palmeiras","status":"publish","type":"post","link":"https:\/\/www.gaveanews.com\/index.php\/2025\/05\/08\/a-declaracao-de-abel-ferreira-direcionada-vitor-roque-do-palmeiras\/","title":{"rendered":"A declara\u00e7\u00e3o de Abel Ferreira direcionada Vitor Roque, do Palmeiras"},"content":{"rendered":"\n<p>A postura de Abel Ferreira ao falar sobre Vitor Roque, ap\u00f3s a vit\u00f3ria do Palmeiras sobre o Cerro Porte\u00f1o, revelou mais do que uma simples an\u00e1lise t\u00e9cnica. O treinador portugu\u00eas usou o epis\u00f3dio envolvendo o jovem atacante para destacar a ess\u00eancia do que considera um atleta resiliente, tra\u00e7ando um paralelo entre futebol, supera\u00e7\u00e3o e o esp\u00edrito competitivo necess\u00e1rio para alcan\u00e7ar a excel\u00eancia.<\/p>\n\n\n\n<p>Durante a entrevista coletiva realizada na noite de quarta-feira (07), Abel fez quest\u00e3o de abordar o lance desperdi\u00e7ado por Vitor Roque ainda no primeiro tempo da partida disputada no Paraguai. Para ele, o epis\u00f3dio simboliza a dificuldade enfrentada por jogadores em momentos decisivos, mas tamb\u00e9m serve como refer\u00eancia de recupera\u00e7\u00e3o e mentalidade. <\/p>\n\n\n\n<p>\u201cHoje vimos em campo o exemplo do que \u00e9 a resili\u00eancia de um jogador. O Vitor Roque. Perdeu um gol que todo mundo estava esperando que falhasse, que todo mundo com certeza o criticou, e a resili\u00eancia \u00e9 isso, como que dou a resposta na adversidade\u201d, declarou.<\/p>\n\n\n\n<p>Segundo Abel, a transforma\u00e7\u00e3o de um erro em motiva\u00e7\u00e3o foi o que permitiu ao camisa 9 fechar o placar com um belo gol aos 47 minutos da etapa final. O t\u00e9cnico ainda refor\u00e7ou que essa capacidade de resposta n\u00e3o \u00e9 comum e deve ser valorizada: <\/p>\n\n\n\n<p>\u201cEle ficou l\u00e1 dentro, lutou e fez um gola\u00e7o, com capacidade f\u00edsica, com for\u00e7a, com t\u00e9cnica. Resili\u00eancia \u00e9 isso. Nossa equipe \u00e9 resiliente.\u201d<\/p>\n\n\n\n<p>Ao ampliar o tema, o treinador incluiu uma met\u00e1fora que fugiu do futebol para explicar sua filosofia. Usando como exemplo o tenista Novak Djokovic, Abel refletiu sobre a inevitabilidade das derrotas at\u00e9 mesmo para os maiores campe\u00f5es: <\/p>\n\n\n\n<p>\u201cN\u00e3o tem uma explica\u00e7\u00e3o espec\u00edfica. Seja onde for, contra quem for, n\u00f3s jogamos para ganhar. Se vamos ganhar? N\u00e3o sei. Se vamos perder? Sim, muito. Porque n\u00e3o h\u00e1 uma equipe que ganhe sempre. Esses dias estava vendo, acho que era o Djokovic, ele tem 24 Grand Slams, mas tem 50 perdidos. Mesmo os que ganham mais vezes, t\u00eam mais derrotas do que vit\u00f3rias.\u201d<\/p>\n\n\n\n<p>Al\u00e9m do respaldo ao centroavante, o treinador refor\u00e7ou a import\u00e2ncia de manter o equil\u00edbrio emocional diante das oscila\u00e7\u00f5es do futebol. Segundo ele, a forma como o grupo apoiou Vitor Roque no vesti\u00e1rio foi decisiva para a virada individual do jogador em campo: \u201cNem digo para voc\u00eas o que o grupo fez no intervalo com o Vitor Roque, porque ningu\u00e9m mais do que ele queria fazer o gol.\u201d<\/p>\n\n\n\n<p>A fala de Abel tamb\u00e9m serviu como alerta quanto \u00e0 continuidade da temporada, mesmo ap\u00f3s a classifica\u00e7\u00e3o antecipada \u00e0s oitavas de final da Libertadores. Em tom firme, o t\u00e9cnico refor\u00e7ou que o time precisa seguir focado, sem relaxar: \u201cN\u00e3o d\u00e1 pra tirar o p\u00e9 do acelerador. \u00c9 continuar a preparar, rodar quem temos que rodar e continuar nesta. Queremos continuar com h\u00e1bito de ganhar.\u201d<\/p>\n\n\n\n<p>Adotando um discurso cauteloso, ele deixou claro que a euforia provocada por vit\u00f3rias pode ser enganosa. \u201cP\u00e9s no ch\u00e3o, porque toda gente agora vai massagear o ego. Equil\u00edbrio tem que vir do treinador, da presidente, dos capit\u00e3es, n\u00e3o ganhamos nada, h\u00e1 muito jogo pela frente, \u00e9 rezar que n\u00e3o tenha mais les\u00f5es\u201d, afirmou.<\/p>\n\n\n\n<p><\/p>\n","protected":false},"excerpt":{"rendered":"<p>A postura de Abel Ferreira ao falar sobre Vitor Roque, ap\u00f3s a vit\u00f3ria do Palmeiras sobre o Cerro Porte\u00f1o, revelou mais do que uma simples an\u00e1lise t\u00e9cnica. O treinador portugu\u00eas usou o epis\u00f3dio envolvendo o jovem atacante para destacar a ess\u00eancia do que considera um atleta resiliente, tra\u00e7ando um paralelo entre futebol, supera\u00e7\u00e3o e o [&hellip;]<\/p>\n","protected":false},"author":30,"featured_media":142773,"comment_status":"open","ping_status":"closed","sticky":false,"template":"","format":"standard","meta":{"footnotes":""},"categories":[150],"tags":[],"class_list":["post-261936","post","type-post","status-publish","format-standard","has-post-thumbnail","hentry","category-palmeiras"],"yoast_head":"<!-- This site is optimized with the Yoast SEO Premium plugin v24.2 (Yoast SEO v26.9) - https:\/\/yoast.com\/product\/yoast-seo-premium-wordpress\/ -->\n<title>A declara\u00e7\u00e3o de Abel Ferreira direcionada Vitor Roque, do Palmeiras<\/title>\n<meta name=\"robots\" content=\"index, follow, max-snippet:-1, max-image-preview:large, max-video-preview:-1\" \/>\n<link rel=\"canonical\" href=\"https:\/\/www.gaveanews.com\/index.php\/2025\/05\/08\/a-declaracao-de-abel-ferreira-direcionada-vitor-roque-do-palmeiras\/\" \/>\n<meta property=\"og:locale\" content=\"pt_BR\" \/>\n<meta property=\"og:type\" content=\"article\" \/>\n<meta property=\"og:title\" content=\"A declara\u00e7\u00e3o de Abel Ferreira direcionada Vitor Roque, do Palmeiras\" \/>\n<meta property=\"og:description\" content=\"A postura de Abel Ferreira ao falar sobre Vitor Roque, ap\u00f3s a vit\u00f3ria do Palmeiras sobre o Cerro Porte\u00f1o, revelou mais do que uma simples an\u00e1lise t\u00e9cnica. O treinador portugu\u00eas usou o epis\u00f3dio envolvendo o jovem atacante para destacar a ess\u00eancia do que considera um atleta resiliente, tra\u00e7ando um paralelo entre futebol, supera\u00e7\u00e3o e o [&hellip;]\" \/>\n<meta property=\"og:url\" content=\"https:\/\/www.gaveanews.com\/index.php\/2025\/05\/08\/a-declaracao-de-abel-ferreira-direcionada-vitor-roque-do-palmeiras\/\" \/>\n<meta property=\"og:site_name\" content=\"G\u00e1vea News\" \/>\n<meta property=\"article:publisher\" content=\"https:\/\/facebook.com\/gaveaNews\/\" \/>\n<meta property=\"article:published_time\" content=\"2025-05-08T20:05:00+00:00\" \/>\n<meta name=\"author\" content=\"Ana Teixeira\" \/>\n<meta name=\"twitter:card\" content=\"summary_large_image\" \/>\n<meta name=\"twitter:label1\" content=\"Escrito por\" \/>\n\t<meta name=\"twitter:data1\" content=\"Ana Teixeira\" \/>\n\t<meta name=\"twitter:label2\" content=\"Est. tempo de leitura\" \/>\n\t<meta name=\"twitter:data2\" content=\"4 minutos\" \/>\n<script type=\"application\/ld+json\" class=\"yoast-schema-graph\">{\"@context\":\"https:\/\/schema.org\",\"@graph\":[{\"@type\":\"NewsArticle\",\"@id\":\"https:\/\/www.gaveanews.com\/index.php\/2025\/05\/08\/a-declaracao-de-abel-ferreira-direcionada-vitor-roque-do-palmeiras\/#article\",\"isPartOf\":{\"@id\":\"https:\/\/www.gaveanews.com\/index.php\/2025\/05\/08\/a-declaracao-de-abel-ferreira-direcionada-vitor-roque-do-palmeiras\/\"},\"author\":{\"name\":\"Ana Teixeira\",\"@id\":\"https:\/\/www.gaveanews.com\/#\/schema\/person\/3b19f7288b0ce20372991275e4f2e6c2\"},\"headline\":\"A declara\u00e7\u00e3o de Abel Ferreira direcionada Vitor Roque, do Palmeiras\",\"datePublished\":\"2025-05-08T20:05:00+00:00\",\"mainEntityOfPage\":{\"@id\":\"https:\/\/www.gaveanews.com\/index.php\/2025\/05\/08\/a-declaracao-de-abel-ferreira-direcionada-vitor-roque-do-palmeiras\/\"},\"wordCount\":576,\"commentCount\":0,\"image\":{\"@id\":\"https:\/\/www.gaveanews.com\/index.php\/2025\/05\/08\/a-declaracao-de-abel-ferreira-direcionada-vitor-roque-do-palmeiras\/#primaryimage\"},\"thumbnailUrl\":\"https:\/\/www.gaveanews.com\/wp-content\/uploads\/rib2564.avif\",\"articleSection\":[\"Palmeiras\"],\"inLanguage\":\"pt-BR\",\"potentialAction\":[{\"@type\":\"CommentAction\",\"name\":\"Comment\",\"target\":[\"https:\/\/www.gaveanews.com\/index.php\/2025\/05\/08\/a-declaracao-de-abel-ferreira-direcionada-vitor-roque-do-palmeiras\/#respond\"]}],\"copyrightYear\":\"2025\",\"copyrightHolder\":{\"@id\":\"https:\/\/www.gaveanews.com\/#organization\"}},{\"@type\":\"WebPage\",\"@id\":\"https:\/\/www.gaveanews.com\/index.php\/2025\/05\/08\/a-declaracao-de-abel-ferreira-direcionada-vitor-roque-do-palmeiras\/\",\"url\":\"https:\/\/www.gaveanews.com\/index.php\/2025\/05\/08\/a-declaracao-de-abel-ferreira-direcionada-vitor-roque-do-palmeiras\/\",\"name\":\"A declara\u00e7\u00e3o de Abel Ferreira direcionada Vitor Roque, do Palmeiras\",\"isPartOf\":{\"@id\":\"https:\/\/www.gaveanews.com\/#website\"},\"primaryImageOfPage\":{\"@id\":\"https:\/\/www.gaveanews.com\/index.php\/2025\/05\/08\/a-declaracao-de-abel-ferreira-direcionada-vitor-roque-do-palmeiras\/#primaryimage\"},\"image\":{\"@id\":\"https:\/\/www.gaveanews.com\/index.php\/2025\/05\/08\/a-declaracao-de-abel-ferreira-direcionada-vitor-roque-do-palmeiras\/#primaryimage\"},\"thumbnailUrl\":\"https:\/\/www.gaveanews.com\/wp-content\/uploads\/rib2564.avif\",\"datePublished\":\"2025-05-08T20:05:00+00:00\",\"author\":{\"@id\":\"https:\/\/www.gaveanews.com\/#\/schema\/person\/3b19f7288b0ce20372991275e4f2e6c2\"},\"breadcrumb\":{\"@id\":\"https:\/\/www.gaveanews.com\/index.php\/2025\/05\/08\/a-declaracao-de-abel-ferreira-direcionada-vitor-roque-do-palmeiras\/#breadcrumb\"},\"inLanguage\":\"pt-BR\",\"potentialAction\":[{\"@type\":\"ReadAction\",\"target\":[\"https:\/\/www.gaveanews.com\/index.php\/2025\/05\/08\/a-declaracao-de-abel-ferreira-direcionada-vitor-roque-do-palmeiras\/\"]}]},{\"@type\":\"ImageObject\",\"inLanguage\":\"pt-BR\",\"@id\":\"https:\/\/www.gaveanews.com\/index.php\/2025\/05\/08\/a-declaracao-de-abel-ferreira-direcionada-vitor-roque-do-palmeiras\/#primaryimage\",\"url\":\"https:\/\/www.gaveanews.com\/wp-content\/uploads\/rib2564.avif\",\"contentUrl\":\"https:\/\/www.gaveanews.com\/wp-content\/uploads\/rib2564.avif\",\"width\":984,\"height\":677,\"caption\":\"Abel Ferreira em Palmeiras x Athletico \u2014 Foto: Marcos Ribolli\"},{\"@type\":\"BreadcrumbList\",\"@id\":\"https:\/\/www.gaveanews.com\/index.php\/2025\/05\/08\/a-declaracao-de-abel-ferreira-direcionada-vitor-roque-do-palmeiras\/#breadcrumb\",\"itemListElement\":[{\"@type\":\"ListItem\",\"position\":1,\"name\":\"Home\",\"item\":\"https:\/\/www.gaveanews.com\/\"},{\"@type\":\"ListItem\",\"position\":2,\"name\":\"A declara\u00e7\u00e3o de Abel Ferreira direcionada Vitor Roque, do Palmeiras\"}]},{\"@type\":\"WebSite\",\"@id\":\"https:\/\/www.gaveanews.com\/#website\",\"url\":\"https:\/\/www.gaveanews.com\/\",\"name\":\"G\u00e1vea News\",\"description\":\"Veja todas as not\u00edcias sobre o Flamengo: Contrata\u00e7\u00f5es, categorias de base, resultados das partidas, tabela de classifica\u00e7\u00e3o, pr\u00f3ximos jogos!\",\"potentialAction\":[{\"@type\":\"SearchAction\",\"target\":{\"@type\":\"EntryPoint\",\"urlTemplate\":\"https:\/\/www.gaveanews.com\/?s={search_term_string}\"},\"query-input\":{\"@type\":\"PropertyValueSpecification\",\"valueRequired\":true,\"valueName\":\"search_term_string\"}}],\"inLanguage\":\"pt-BR\"},{\"@type\":\"Person\",\"@id\":\"https:\/\/www.gaveanews.com\/#\/schema\/person\/3b19f7288b0ce20372991275e4f2e6c2\",\"name\":\"Ana Teixeira\",\"image\":{\"@type\":\"ImageObject\",\"inLanguage\":\"pt-BR\",\"@id\":\"https:\/\/www.gaveanews.com\/#\/schema\/person\/image\/\",\"url\":\"https:\/\/secure.gravatar.com\/avatar\/0a73f5a5258f3fed37fc2fa641892f3f7a4748456d4d4792f9bc550e6c19e06c?s=96&d=mm&r=g\",\"contentUrl\":\"https:\/\/secure.gravatar.com\/avatar\/0a73f5a5258f3fed37fc2fa641892f3f7a4748456d4d4792f9bc550e6c19e06c?s=96&d=mm&r=g\",\"caption\":\"Ana Teixeira\"}}]}<\/script>\n<!-- \/ Yoast SEO Premium plugin. -->","yoast_head_json":{"title":"A declara\u00e7\u00e3o de Abel Ferreira direcionada Vitor Roque, do Palmeiras","robots":{"index":"index","follow":"follow","max-snippet":"max-snippet:-1","max-image-preview":"max-image-preview:large","max-video-preview":"max-video-preview:-1"},"canonical":"https:\/\/www.gaveanews.com\/index.php\/2025\/05\/08\/a-declaracao-de-abel-ferreira-direcionada-vitor-roque-do-palmeiras\/","og_locale":"pt_BR","og_type":"article","og_title":"A declara\u00e7\u00e3o de Abel Ferreira direcionada Vitor Roque, do Palmeiras","og_description":"A postura de Abel Ferreira ao falar sobre Vitor Roque, ap\u00f3s a vit\u00f3ria do Palmeiras sobre o Cerro Porte\u00f1o, revelou mais do que uma simples an\u00e1lise t\u00e9cnica. O treinador portugu\u00eas usou o epis\u00f3dio envolvendo o jovem atacante para destacar a ess\u00eancia do que considera um atleta resiliente, tra\u00e7ando um paralelo entre futebol, supera\u00e7\u00e3o e o [&hellip;]","og_url":"https:\/\/www.gaveanews.com\/index.php\/2025\/05\/08\/a-declaracao-de-abel-ferreira-direcionada-vitor-roque-do-palmeiras\/","og_site_name":"G\u00e1vea News","article_publisher":"https:\/\/facebook.com\/gaveaNews\/","article_published_time":"2025-05-08T20:05:00+00:00","author":"Ana Teixeira","twitter_card":"summary_large_image","twitter_misc":{"Escrito por":"Ana Teixeira","Est. tempo de leitura":"4 minutos"},"schema":{"@context":"https:\/\/schema.org","@graph":[{"@type":"NewsArticle","@id":"https:\/\/www.gaveanews.com\/index.php\/2025\/05\/08\/a-declaracao-de-abel-ferreira-direcionada-vitor-roque-do-palmeiras\/#article","isPartOf":{"@id":"https:\/\/www.gaveanews.com\/index.php\/2025\/05\/08\/a-declaracao-de-abel-ferreira-direcionada-vitor-roque-do-palmeiras\/"},"author":{"name":"Ana Teixeira","@id":"https:\/\/www.gaveanews.com\/#\/schema\/person\/3b19f7288b0ce20372991275e4f2e6c2"},"headline":"A declara\u00e7\u00e3o de Abel Ferreira direcionada Vitor Roque, do Palmeiras","datePublished":"2025-05-08T20:05:00+00:00","mainEntityOfPage":{"@id":"https:\/\/www.gaveanews.com\/index.php\/2025\/05\/08\/a-declaracao-de-abel-ferreira-direcionada-vitor-roque-do-palmeiras\/"},"wordCount":576,"commentCount":0,"image":{"@id":"https:\/\/www.gaveanews.com\/index.php\/2025\/05\/08\/a-declaracao-de-abel-ferreira-direcionada-vitor-roque-do-palmeiras\/#primaryimage"},"thumbnailUrl":"https:\/\/www.gaveanews.com\/wp-content\/uploads\/rib2564.avif","articleSection":["Palmeiras"],"inLanguage":"pt-BR","potentialAction":[{"@type":"CommentAction","name":"Comment","target":["https:\/\/www.gaveanews.com\/index.php\/2025\/05\/08\/a-declaracao-de-abel-ferreira-direcionada-vitor-roque-do-palmeiras\/#respond"]}],"copyrightYear":"2025","copyrightHolder":{"@id":"https:\/\/www.gaveanews.com\/#organization"}},{"@type":"WebPage","@id":"https:\/\/www.gaveanews.com\/index.php\/2025\/05\/08\/a-declaracao-de-abel-ferreira-direcionada-vitor-roque-do-palmeiras\/","url":"https:\/\/www.gaveanews.com\/index.php\/2025\/05\/08\/a-declaracao-de-abel-ferreira-direcionada-vitor-roque-do-palmeiras\/","name":"A declara\u00e7\u00e3o de Abel Ferreira direcionada Vitor Roque, do Palmeiras","isPartOf":{"@id":"https:\/\/www.gaveanews.com\/#website"},"primaryImageOfPage":{"@id":"https:\/\/www.gaveanews.com\/index.php\/2025\/05\/08\/a-declaracao-de-abel-ferreira-direcionada-vitor-roque-do-palmeiras\/#primaryimage"},"image":{"@id":"https:\/\/www.gaveanews.com\/index.php\/2025\/05\/08\/a-declaracao-de-abel-ferreira-direcionada-vitor-roque-do-palmeiras\/#primaryimage"},"thumbnailUrl":"https:\/\/www.gaveanews.com\/wp-content\/uploads\/rib2564.avif","datePublished":"2025-05-08T20:05:00+00:00","author":{"@id":"https:\/\/www.gaveanews.com\/#\/schema\/person\/3b19f7288b0ce20372991275e4f2e6c2"},"breadcrumb":{"@id":"https:\/\/www.gaveanews.com\/index.php\/2025\/05\/08\/a-declaracao-de-abel-ferreira-direcionada-vitor-roque-do-palmeiras\/#breadcrumb"},"inLanguage":"pt-BR","potentialAction":[{"@type":"ReadAction","target":["https:\/\/www.gaveanews.com\/index.php\/2025\/05\/08\/a-declaracao-de-abel-ferreira-direcionada-vitor-roque-do-palmeiras\/"]}]},{"@type":"ImageObject","inLanguage":"pt-BR","@id":"https:\/\/www.gaveanews.com\/index.php\/2025\/05\/08\/a-declaracao-de-abel-ferreira-direcionada-vitor-roque-do-palmeiras\/#primaryimage","url":"https:\/\/www.gaveanews.com\/wp-content\/uploads\/rib2564.avif","contentUrl":"https:\/\/www.gaveanews.com\/wp-content\/uploads\/rib2564.avif","width":984,"height":677,"caption":"Abel Ferreira em Palmeiras x Athletico \u2014 Foto: Marcos Ribolli"},{"@type":"BreadcrumbList","@id":"https:\/\/www.gaveanews.com\/index.php\/2025\/05\/08\/a-declaracao-de-abel-ferreira-direcionada-vitor-roque-do-palmeiras\/#breadcrumb","itemListElement":[{"@type":"ListItem","position":1,"name":"Home","item":"https:\/\/www.gaveanews.com\/"},{"@type":"ListItem","position":2,"name":"A declara\u00e7\u00e3o de Abel Ferreira direcionada Vitor Roque, do Palmeiras"}]},{"@type":"WebSite","@id":"https:\/\/www.gaveanews.com\/#website","url":"https:\/\/www.gaveanews.com\/","name":"G\u00e1vea News","description":"Veja todas as not\u00edcias sobre o Flamengo: Contrata\u00e7\u00f5es, categorias de base, resultados das partidas, tabela de classifica\u00e7\u00e3o, pr\u00f3ximos jogos!","potentialAction":[{"@type":"SearchAction","target":{"@type":"EntryPoint","urlTemplate":"https:\/\/www.gaveanews.com\/?s={search_term_string}"},"query-input":{"@type":"PropertyValueSpecification","valueRequired":true,"valueName":"search_term_string"}}],"inLanguage":"pt-BR"},{"@type":"Person","@id":"https:\/\/www.gaveanews.com\/#\/schema\/person\/3b19f7288b0ce20372991275e4f2e6c2","name":"Ana Teixeira","image":{"@type":"ImageObject","inLanguage":"pt-BR","@id":"https:\/\/www.gaveanews.com\/#\/schema\/person\/image\/","url":"https:\/\/secure.gravatar.com\/avatar\/0a73f5a5258f3fed37fc2fa641892f3f7a4748456d4d4792f9bc550e6c19e06c?s=96&d=mm&r=g","contentUrl":"https:\/\/secure.gravatar.com\/avatar\/0a73f5a5258f3fed37fc2fa641892f3f7a4748456d4d4792f9bc550e6c19e06c?s=96&d=mm&r=g","caption":"Ana Teixeira"}}]}},"_links":{"self":[{"href":"https:\/\/www.gaveanews.com\/index.php\/wp-json\/wp\/v2\/posts\/261936","targetHints":{"allow":["GET"]}}],"collection":[{"href":"https:\/\/www.gaveanews.com\/index.php\/wp-json\/wp\/v2\/posts"}],"about":[{"href":"https:\/\/www.gaveanews.com\/index.php\/wp-json\/wp\/v2\/types\/post"}],"author":[{"embeddable":true,"href":"https:\/\/www.gaveanews.com\/index.php\/wp-json\/wp\/v2\/users\/30"}],"replies":[{"embeddable":true,"href":"https:\/\/www.gaveanews.com\/index.php\/wp-json\/wp\/v2\/comments?post=261936"}],"version-history":[{"count":1,"href":"https:\/\/www.gaveanews.com\/index.php\/wp-json\/wp\/v2\/posts\/261936\/revisions"}],"predecessor-version":[{"id":261950,"href":"https:\/\/www.gaveanews.com\/index.php\/wp-json\/wp\/v2\/posts\/261936\/revisions\/261950"}],"wp:featuredmedia":[{"embeddable":true,"href":"https:\/\/www.gaveanews.com\/index.php\/wp-json\/wp\/v2\/media\/142773"}],"wp:attachment":[{"href":"https:\/\/www.gaveanews.com\/index.php\/wp-json\/wp\/v2\/media?parent=261936"}],"wp:term":[{"taxonomy":"category","embeddable":true,"href":"https:\/\/www.gaveanews.com\/index.php\/wp-json\/wp\/v2\/categories?post=261936"},{"taxonomy":"post_tag","embeddable":true,"href":"https:\/\/www.gaveanews.com\/index.php\/wp-json\/wp\/v2\/tags?post=261936"}],"curies":[{"name":"wp","href":"https:\/\/api.w.org\/{rel}","templated":true}]}}