{"id":261937,"date":"2025-05-08T17:10:00","date_gmt":"2025-05-08T20:10:00","guid":{"rendered":"https:\/\/www.gaveanews.com\/?p=261937"},"modified":"2025-05-08T15:35:55","modified_gmt":"2025-05-08T18:35:55","slug":"ex-real-madrid-detona-raphinha-e-yamal-do-barcelona","status":"publish","type":"post","link":"https:\/\/www.gaveanews.com\/index.php\/2025\/05\/08\/ex-real-madrid-detona-raphinha-e-yamal-do-barcelona\/","title":{"rendered":"Ex-Real Madrid detona Raphinha e Yamal, do Barcelona"},"content":{"rendered":"\n<p>A celebra\u00e7\u00e3o do t\u00edtulo da Copa do Rei pelo Barcelona continua repercutindo fora das quatro linhas. A vit\u00f3ria por 3 a 2 sobre o Real Madrid, em um cl\u00e1ssico decidido apenas na prorroga\u00e7\u00e3o, foi marcada por emo\u00e7\u00e3o e gola\u00e7os. No entanto, a comemora\u00e7\u00e3o protagonizada por alguns atletas do time catal\u00e3o dividiu opini\u00f5es, especialmente a de Tote, ex-atacante do clube merengue, que fez duras cr\u00edticas a Raphinha e Lamine Yamal.<\/p>\n\n\n\n<p>Durante a cerim\u00f4nia de premia\u00e7\u00e3o, os dois jogadores apareceram usando \u00f3culos escuros enquanto subiam ao palco para cumprimentar o rei da Espanha. O gesto, considerado irreverente por alguns torcedores, foi interpretado como falta de respeito por Tote, que atuou no Real Madrid entre o fim da d\u00e9cada de 1990 e o in\u00edcio dos anos 2000. <\/p>\n\n\n\n<p>\u201cH\u00e1 c\u00f3digos que n\u00e3o se pode quebrar. Na minha \u00e9poca, esses gestos n\u00e3o eram permitidos\u201d, afirmou o ex-atacante ao site espanhol <em>El Desmarque<\/em>.<\/p>\n\n\n\n<p>Tote enfatizou que, embora Yamal tenha apenas 17 anos e seja considerado uma joia do futebol espanhol, precisa de orienta\u00e7\u00e3o. \u201cEle tem um talento espetacular, mas \u00e9 fundamental que tenha pessoas ao seu redor que o alertem sobre o que \u00e9 apropriado ou n\u00e3o\u201d, declarou. <\/p>\n\n\n\n<p>A cr\u00edtica mais contundente, no entanto, foi direcionada a Raphinha. Segundo o ex-jogador, o fato de o brasileiro ser mais experiente torna a atitude ainda menos justific\u00e1vel: \u201cNo caso do Raphinha, \u00e9 ainda mais pecado\u201d.<\/p>\n\n\n\n<p>Ainda durante sua fala, Tote destacou que \u00eddolos hist\u00f3ricos como Fernando Hierro e Fernando Redondo jamais permitiriam esse tipo de comportamento. \u201cSe um jogador subisse ao palco com \u00f3culos brilhantes, eles diriam: \u2018Onde vai assim?\u2019\u201d, comentou. Para o espanhol, esse tipo de atitude fere tradi\u00e7\u00f5es e protocolos que sempre fizeram parte das cerim\u00f4nias do futebol europeu.<\/p>\n\n\n\n<p>O ex-atleta tamb\u00e9m criticou a postura do pai de Yamal, que teria sido excessivamente ativo nas redes sociais durante a comemora\u00e7\u00e3o. \u201cMeu pai jamais faria algo semelhante. Ele ia para a arquibancada, ficava em um canto e n\u00e3o dizia nada. A fam\u00edlia deve servir como apoio silencioso, n\u00e3o como centro das aten\u00e7\u00f5es\u201d, afirmou Tote.<\/p>\n\n\n\n<p>A pol\u00eamica ganhou ainda mais for\u00e7a porque o Barcelona comemorava um t\u00edtulo conquistado justamente sobre o maior rival, em um cl\u00e1ssico decisivo. Com gols de Pedri, Ferran Torres e Kound\u00e9, o clube catal\u00e3o superou o Real Madrid na prorroga\u00e7\u00e3o, consolidando uma temporada de recupera\u00e7\u00e3o e reafirmando a for\u00e7a de sua nova gera\u00e7\u00e3o.<\/p>\n\n\n\n<p><\/p>\n","protected":false},"excerpt":{"rendered":"<p>A celebra\u00e7\u00e3o do t\u00edtulo da Copa do Rei pelo Barcelona continua repercutindo fora das quatro linhas. A vit\u00f3ria por 3 a 2 sobre o Real Madrid, em um cl\u00e1ssico decidido apenas na prorroga\u00e7\u00e3o, foi marcada por emo\u00e7\u00e3o e gola\u00e7os. No entanto, a comemora\u00e7\u00e3o protagonizada por alguns atletas do time catal\u00e3o dividiu opini\u00f5es, especialmente a de [&hellip;]<\/p>\n","protected":false},"author":30,"featured_media":122108,"comment_status":"open","ping_status":"closed","sticky":false,"template":"","format":"standard","meta":{"footnotes":""},"categories":[87,78,88],"tags":[],"class_list":["post-261937","post","type-post","status-publish","format-standard","has-post-thumbnail","hentry","category-barcelona","category-futebol-internacional","category-real-madrid"],"yoast_head":"<!-- This site is optimized with the Yoast SEO Premium plugin v24.2 (Yoast SEO v26.9) - https:\/\/yoast.com\/product\/yoast-seo-premium-wordpress\/ -->\n<title>Ex-Real Madrid detona Raphinha e Yamal, do Barcelona<\/title>\n<meta name=\"robots\" content=\"index, follow, max-snippet:-1, max-image-preview:large, max-video-preview:-1\" \/>\n<link rel=\"canonical\" href=\"https:\/\/www.gaveanews.com\/index.php\/2025\/05\/08\/ex-real-madrid-detona-raphinha-e-yamal-do-barcelona\/\" \/>\n<meta property=\"og:locale\" content=\"pt_BR\" \/>\n<meta property=\"og:type\" content=\"article\" \/>\n<meta property=\"og:title\" content=\"Ex-Real Madrid detona Raphinha e Yamal, do Barcelona\" \/>\n<meta property=\"og:description\" content=\"A celebra\u00e7\u00e3o do t\u00edtulo da Copa do Rei pelo Barcelona continua repercutindo fora das quatro linhas. A vit\u00f3ria por 3 a 2 sobre o Real Madrid, em um cl\u00e1ssico decidido apenas na prorroga\u00e7\u00e3o, foi marcada por emo\u00e7\u00e3o e gola\u00e7os. No entanto, a comemora\u00e7\u00e3o protagonizada por alguns atletas do time catal\u00e3o dividiu opini\u00f5es, especialmente a de [&hellip;]\" \/>\n<meta property=\"og:url\" content=\"https:\/\/www.gaveanews.com\/index.php\/2025\/05\/08\/ex-real-madrid-detona-raphinha-e-yamal-do-barcelona\/\" \/>\n<meta property=\"og:site_name\" content=\"G\u00e1vea News\" \/>\n<meta property=\"article:publisher\" content=\"https:\/\/facebook.com\/gaveaNews\/\" \/>\n<meta property=\"article:published_time\" content=\"2025-05-08T20:10:00+00:00\" \/>\n<meta property=\"og:image\" content=\"https:\/\/www.gaveanews.com\/wp-content\/uploads\/barca.webp\" \/>\n\t<meta property=\"og:image:width\" content=\"1000\" \/>\n\t<meta property=\"og:image:height\" content=\"658\" \/>\n\t<meta property=\"og:image:type\" content=\"image\/webp\" \/>\n<meta name=\"author\" content=\"Ana Teixeira\" \/>\n<meta name=\"twitter:card\" content=\"summary_large_image\" \/>\n<meta name=\"twitter:label1\" content=\"Escrito por\" \/>\n\t<meta name=\"twitter:data1\" content=\"Ana Teixeira\" \/>\n\t<meta name=\"twitter:label2\" content=\"Est. tempo de leitura\" \/>\n\t<meta name=\"twitter:data2\" content=\"3 minutos\" \/>\n<script type=\"application\/ld+json\" class=\"yoast-schema-graph\">{\"@context\":\"https:\/\/schema.org\",\"@graph\":[{\"@type\":\"NewsArticle\",\"@id\":\"https:\/\/www.gaveanews.com\/index.php\/2025\/05\/08\/ex-real-madrid-detona-raphinha-e-yamal-do-barcelona\/#article\",\"isPartOf\":{\"@id\":\"https:\/\/www.gaveanews.com\/index.php\/2025\/05\/08\/ex-real-madrid-detona-raphinha-e-yamal-do-barcelona\/\"},\"author\":{\"name\":\"Ana Teixeira\",\"@id\":\"https:\/\/www.gaveanews.com\/#\/schema\/person\/3b19f7288b0ce20372991275e4f2e6c2\"},\"headline\":\"Ex-Real Madrid detona Raphinha e Yamal, do Barcelona\",\"datePublished\":\"2025-05-08T20:10:00+00:00\",\"mainEntityOfPage\":{\"@id\":\"https:\/\/www.gaveanews.com\/index.php\/2025\/05\/08\/ex-real-madrid-detona-raphinha-e-yamal-do-barcelona\/\"},\"wordCount\":429,\"commentCount\":0,\"image\":{\"@id\":\"https:\/\/www.gaveanews.com\/index.php\/2025\/05\/08\/ex-real-madrid-detona-raphinha-e-yamal-do-barcelona\/#primaryimage\"},\"thumbnailUrl\":\"https:\/\/www.gaveanews.com\/wp-content\/uploads\/barca.webp\",\"articleSection\":[\"Barcelona\",\"Futebol Internacional\",\"Real Madrid\"],\"inLanguage\":\"pt-BR\",\"potentialAction\":[{\"@type\":\"CommentAction\",\"name\":\"Comment\",\"target\":[\"https:\/\/www.gaveanews.com\/index.php\/2025\/05\/08\/ex-real-madrid-detona-raphinha-e-yamal-do-barcelona\/#respond\"]}],\"copyrightYear\":\"2025\",\"copyrightHolder\":{\"@id\":\"https:\/\/www.gaveanews.com\/#organization\"}},{\"@type\":\"WebPage\",\"@id\":\"https:\/\/www.gaveanews.com\/index.php\/2025\/05\/08\/ex-real-madrid-detona-raphinha-e-yamal-do-barcelona\/\",\"url\":\"https:\/\/www.gaveanews.com\/index.php\/2025\/05\/08\/ex-real-madrid-detona-raphinha-e-yamal-do-barcelona\/\",\"name\":\"Ex-Real Madrid detona Raphinha e Yamal, do Barcelona\",\"isPartOf\":{\"@id\":\"https:\/\/www.gaveanews.com\/#website\"},\"primaryImageOfPage\":{\"@id\":\"https:\/\/www.gaveanews.com\/index.php\/2025\/05\/08\/ex-real-madrid-detona-raphinha-e-yamal-do-barcelona\/#primaryimage\"},\"image\":{\"@id\":\"https:\/\/www.gaveanews.com\/index.php\/2025\/05\/08\/ex-real-madrid-detona-raphinha-e-yamal-do-barcelona\/#primaryimage\"},\"thumbnailUrl\":\"https:\/\/www.gaveanews.com\/wp-content\/uploads\/barca.webp\",\"datePublished\":\"2025-05-08T20:10:00+00:00\",\"author\":{\"@id\":\"https:\/\/www.gaveanews.com\/#\/schema\/person\/3b19f7288b0ce20372991275e4f2e6c2\"},\"breadcrumb\":{\"@id\":\"https:\/\/www.gaveanews.com\/index.php\/2025\/05\/08\/ex-real-madrid-detona-raphinha-e-yamal-do-barcelona\/#breadcrumb\"},\"inLanguage\":\"pt-BR\",\"potentialAction\":[{\"@type\":\"ReadAction\",\"target\":[\"https:\/\/www.gaveanews.com\/index.php\/2025\/05\/08\/ex-real-madrid-detona-raphinha-e-yamal-do-barcelona\/\"]}]},{\"@type\":\"ImageObject\",\"inLanguage\":\"pt-BR\",\"@id\":\"https:\/\/www.gaveanews.com\/index.php\/2025\/05\/08\/ex-real-madrid-detona-raphinha-e-yamal-do-barcelona\/#primaryimage\",\"url\":\"https:\/\/www.gaveanews.com\/wp-content\/uploads\/barca.webp\",\"contentUrl\":\"https:\/\/www.gaveanews.com\/wp-content\/uploads\/barca.webp\",\"width\":1000,\"height\":658,\"caption\":\"Escudo do Barcelona (Foto: Reprodu\u00e7\u00e3o)\"},{\"@type\":\"BreadcrumbList\",\"@id\":\"https:\/\/www.gaveanews.com\/index.php\/2025\/05\/08\/ex-real-madrid-detona-raphinha-e-yamal-do-barcelona\/#breadcrumb\",\"itemListElement\":[{\"@type\":\"ListItem\",\"position\":1,\"name\":\"Home\",\"item\":\"https:\/\/www.gaveanews.com\/\"},{\"@type\":\"ListItem\",\"position\":2,\"name\":\"Ex-Real Madrid detona Raphinha e Yamal, do Barcelona\"}]},{\"@type\":\"WebSite\",\"@id\":\"https:\/\/www.gaveanews.com\/#website\",\"url\":\"https:\/\/www.gaveanews.com\/\",\"name\":\"G\u00e1vea News\",\"description\":\"Veja todas as not\u00edcias sobre o Flamengo: Contrata\u00e7\u00f5es, categorias de base, resultados das partidas, tabela de classifica\u00e7\u00e3o, pr\u00f3ximos jogos!\",\"potentialAction\":[{\"@type\":\"SearchAction\",\"target\":{\"@type\":\"EntryPoint\",\"urlTemplate\":\"https:\/\/www.gaveanews.com\/?s={search_term_string}\"},\"query-input\":{\"@type\":\"PropertyValueSpecification\",\"valueRequired\":true,\"valueName\":\"search_term_string\"}}],\"inLanguage\":\"pt-BR\"},{\"@type\":\"Person\",\"@id\":\"https:\/\/www.gaveanews.com\/#\/schema\/person\/3b19f7288b0ce20372991275e4f2e6c2\",\"name\":\"Ana Teixeira\",\"image\":{\"@type\":\"ImageObject\",\"inLanguage\":\"pt-BR\",\"@id\":\"https:\/\/www.gaveanews.com\/#\/schema\/person\/image\/\",\"url\":\"https:\/\/secure.gravatar.com\/avatar\/0a73f5a5258f3fed37fc2fa641892f3f7a4748456d4d4792f9bc550e6c19e06c?s=96&d=mm&r=g\",\"contentUrl\":\"https:\/\/secure.gravatar.com\/avatar\/0a73f5a5258f3fed37fc2fa641892f3f7a4748456d4d4792f9bc550e6c19e06c?s=96&d=mm&r=g\",\"caption\":\"Ana Teixeira\"}}]}<\/script>\n<!-- \/ Yoast SEO Premium plugin. -->","yoast_head_json":{"title":"Ex-Real Madrid detona Raphinha e Yamal, do Barcelona","robots":{"index":"index","follow":"follow","max-snippet":"max-snippet:-1","max-image-preview":"max-image-preview:large","max-video-preview":"max-video-preview:-1"},"canonical":"https:\/\/www.gaveanews.com\/index.php\/2025\/05\/08\/ex-real-madrid-detona-raphinha-e-yamal-do-barcelona\/","og_locale":"pt_BR","og_type":"article","og_title":"Ex-Real Madrid detona Raphinha e Yamal, do Barcelona","og_description":"A celebra\u00e7\u00e3o do t\u00edtulo da Copa do Rei pelo Barcelona continua repercutindo fora das quatro linhas. A vit\u00f3ria por 3 a 2 sobre o Real Madrid, em um cl\u00e1ssico decidido apenas na prorroga\u00e7\u00e3o, foi marcada por emo\u00e7\u00e3o e gola\u00e7os. No entanto, a comemora\u00e7\u00e3o protagonizada por alguns atletas do time catal\u00e3o dividiu opini\u00f5es, especialmente a de [&hellip;]","og_url":"https:\/\/www.gaveanews.com\/index.php\/2025\/05\/08\/ex-real-madrid-detona-raphinha-e-yamal-do-barcelona\/","og_site_name":"G\u00e1vea News","article_publisher":"https:\/\/facebook.com\/gaveaNews\/","article_published_time":"2025-05-08T20:10:00+00:00","og_image":[{"width":1000,"height":658,"url":"https:\/\/www.gaveanews.com\/wp-content\/uploads\/barca.webp","type":"image\/webp"}],"author":"Ana Teixeira","twitter_card":"summary_large_image","twitter_misc":{"Escrito por":"Ana Teixeira","Est. tempo de leitura":"3 minutos"},"schema":{"@context":"https:\/\/schema.org","@graph":[{"@type":"NewsArticle","@id":"https:\/\/www.gaveanews.com\/index.php\/2025\/05\/08\/ex-real-madrid-detona-raphinha-e-yamal-do-barcelona\/#article","isPartOf":{"@id":"https:\/\/www.gaveanews.com\/index.php\/2025\/05\/08\/ex-real-madrid-detona-raphinha-e-yamal-do-barcelona\/"},"author":{"name":"Ana Teixeira","@id":"https:\/\/www.gaveanews.com\/#\/schema\/person\/3b19f7288b0ce20372991275e4f2e6c2"},"headline":"Ex-Real Madrid detona Raphinha e Yamal, do Barcelona","datePublished":"2025-05-08T20:10:00+00:00","mainEntityOfPage":{"@id":"https:\/\/www.gaveanews.com\/index.php\/2025\/05\/08\/ex-real-madrid-detona-raphinha-e-yamal-do-barcelona\/"},"wordCount":429,"commentCount":0,"image":{"@id":"https:\/\/www.gaveanews.com\/index.php\/2025\/05\/08\/ex-real-madrid-detona-raphinha-e-yamal-do-barcelona\/#primaryimage"},"thumbnailUrl":"https:\/\/www.gaveanews.com\/wp-content\/uploads\/barca.webp","articleSection":["Barcelona","Futebol Internacional","Real Madrid"],"inLanguage":"pt-BR","potentialAction":[{"@type":"CommentAction","name":"Comment","target":["https:\/\/www.gaveanews.com\/index.php\/2025\/05\/08\/ex-real-madrid-detona-raphinha-e-yamal-do-barcelona\/#respond"]}],"copyrightYear":"2025","copyrightHolder":{"@id":"https:\/\/www.gaveanews.com\/#organization"}},{"@type":"WebPage","@id":"https:\/\/www.gaveanews.com\/index.php\/2025\/05\/08\/ex-real-madrid-detona-raphinha-e-yamal-do-barcelona\/","url":"https:\/\/www.gaveanews.com\/index.php\/2025\/05\/08\/ex-real-madrid-detona-raphinha-e-yamal-do-barcelona\/","name":"Ex-Real Madrid detona Raphinha e Yamal, do Barcelona","isPartOf":{"@id":"https:\/\/www.gaveanews.com\/#website"},"primaryImageOfPage":{"@id":"https:\/\/www.gaveanews.com\/index.php\/2025\/05\/08\/ex-real-madrid-detona-raphinha-e-yamal-do-barcelona\/#primaryimage"},"image":{"@id":"https:\/\/www.gaveanews.com\/index.php\/2025\/05\/08\/ex-real-madrid-detona-raphinha-e-yamal-do-barcelona\/#primaryimage"},"thumbnailUrl":"https:\/\/www.gaveanews.com\/wp-content\/uploads\/barca.webp","datePublished":"2025-05-08T20:10:00+00:00","author":{"@id":"https:\/\/www.gaveanews.com\/#\/schema\/person\/3b19f7288b0ce20372991275e4f2e6c2"},"breadcrumb":{"@id":"https:\/\/www.gaveanews.com\/index.php\/2025\/05\/08\/ex-real-madrid-detona-raphinha-e-yamal-do-barcelona\/#breadcrumb"},"inLanguage":"pt-BR","potentialAction":[{"@type":"ReadAction","target":["https:\/\/www.gaveanews.com\/index.php\/2025\/05\/08\/ex-real-madrid-detona-raphinha-e-yamal-do-barcelona\/"]}]},{"@type":"ImageObject","inLanguage":"pt-BR","@id":"https:\/\/www.gaveanews.com\/index.php\/2025\/05\/08\/ex-real-madrid-detona-raphinha-e-yamal-do-barcelona\/#primaryimage","url":"https:\/\/www.gaveanews.com\/wp-content\/uploads\/barca.webp","contentUrl":"https:\/\/www.gaveanews.com\/wp-content\/uploads\/barca.webp","width":1000,"height":658,"caption":"Escudo do Barcelona (Foto: Reprodu\u00e7\u00e3o)"},{"@type":"BreadcrumbList","@id":"https:\/\/www.gaveanews.com\/index.php\/2025\/05\/08\/ex-real-madrid-detona-raphinha-e-yamal-do-barcelona\/#breadcrumb","itemListElement":[{"@type":"ListItem","position":1,"name":"Home","item":"https:\/\/www.gaveanews.com\/"},{"@type":"ListItem","position":2,"name":"Ex-Real Madrid detona Raphinha e Yamal, do Barcelona"}]},{"@type":"WebSite","@id":"https:\/\/www.gaveanews.com\/#website","url":"https:\/\/www.gaveanews.com\/","name":"G\u00e1vea News","description":"Veja todas as not\u00edcias sobre o Flamengo: Contrata\u00e7\u00f5es, categorias de base, resultados das partidas, tabela de classifica\u00e7\u00e3o, pr\u00f3ximos jogos!","potentialAction":[{"@type":"SearchAction","target":{"@type":"EntryPoint","urlTemplate":"https:\/\/www.gaveanews.com\/?s={search_term_string}"},"query-input":{"@type":"PropertyValueSpecification","valueRequired":true,"valueName":"search_term_string"}}],"inLanguage":"pt-BR"},{"@type":"Person","@id":"https:\/\/www.gaveanews.com\/#\/schema\/person\/3b19f7288b0ce20372991275e4f2e6c2","name":"Ana Teixeira","image":{"@type":"ImageObject","inLanguage":"pt-BR","@id":"https:\/\/www.gaveanews.com\/#\/schema\/person\/image\/","url":"https:\/\/secure.gravatar.com\/avatar\/0a73f5a5258f3fed37fc2fa641892f3f7a4748456d4d4792f9bc550e6c19e06c?s=96&d=mm&r=g","contentUrl":"https:\/\/secure.gravatar.com\/avatar\/0a73f5a5258f3fed37fc2fa641892f3f7a4748456d4d4792f9bc550e6c19e06c?s=96&d=mm&r=g","caption":"Ana Teixeira"}}]}},"_links":{"self":[{"href":"https:\/\/www.gaveanews.com\/index.php\/wp-json\/wp\/v2\/posts\/261937","targetHints":{"allow":["GET"]}}],"collection":[{"href":"https:\/\/www.gaveanews.com\/index.php\/wp-json\/wp\/v2\/posts"}],"about":[{"href":"https:\/\/www.gaveanews.com\/index.php\/wp-json\/wp\/v2\/types\/post"}],"author":[{"embeddable":true,"href":"https:\/\/www.gaveanews.com\/index.php\/wp-json\/wp\/v2\/users\/30"}],"replies":[{"embeddable":true,"href":"https:\/\/www.gaveanews.com\/index.php\/wp-json\/wp\/v2\/comments?post=261937"}],"version-history":[{"count":1,"href":"https:\/\/www.gaveanews.com\/index.php\/wp-json\/wp\/v2\/posts\/261937\/revisions"}],"predecessor-version":[{"id":261951,"href":"https:\/\/www.gaveanews.com\/index.php\/wp-json\/wp\/v2\/posts\/261937\/revisions\/261951"}],"wp:featuredmedia":[{"embeddable":true,"href":"https:\/\/www.gaveanews.com\/index.php\/wp-json\/wp\/v2\/media\/122108"}],"wp:attachment":[{"href":"https:\/\/www.gaveanews.com\/index.php\/wp-json\/wp\/v2\/media?parent=261937"}],"wp:term":[{"taxonomy":"category","embeddable":true,"href":"https:\/\/www.gaveanews.com\/index.php\/wp-json\/wp\/v2\/categories?post=261937"},{"taxonomy":"post_tag","embeddable":true,"href":"https:\/\/www.gaveanews.com\/index.php\/wp-json\/wp\/v2\/tags?post=261937"}],"curies":[{"name":"wp","href":"https:\/\/api.w.org\/{rel}","templated":true}]}}