{"id":261968,"date":"2025-05-08T18:10:00","date_gmt":"2025-05-08T21:10:00","guid":{"rendered":"https:\/\/www.gaveanews.com\/?p=261968"},"modified":"2025-05-08T16:05:50","modified_gmt":"2025-05-08T19:05:50","slug":"a-declaracao-de-edmundo-direcionada-a-coutinho-do-vasco","status":"publish","type":"post","link":"https:\/\/www.gaveanews.com\/index.php\/2025\/05\/08\/a-declaracao-de-edmundo-direcionada-a-coutinho-do-vasco\/","title":{"rendered":"A declara\u00e7\u00e3o de Edmundo direcionada a Coutinho, do Vasco"},"content":{"rendered":"\n<p>A volta de Philippe Coutinho ao Vasco, celebrada por parte da torcida, tem despertado uma onda de questionamentos nos bastidores de S\u00e3o Janu\u00e1rio. Principalmente ap\u00f3s declara\u00e7\u00f5es de Edmundo, \u00eddolo hist\u00f3rico do clube, que demonstrou total inconformismo com a forma como o processo foi conduzido pela diretoria da Sociedade An\u00f4nima do Futebol (SAF), liderada por Pedrinho.<\/p>\n\n\n\n<p>Em entrevista concedida \u00e0 CNN, Edmundo criticou abertamente o meia revelado nas categorias de base do Vasco, sobretudo pelas exig\u00eancias feitas por ele antes de selar seu retorno em julho de 2024.<\/p>\n\n\n\n<p>\u201cEle n\u00e3o tem hist\u00f3ria no Vasco para isso. Saiu cedo e n\u00e3o marcou uma era. Deveria ver essa volta como uma oportunidade, n\u00e3o como barganha\u201d, afirmou o ex-jogador. Edmundo entende, portanto, que Coutinho n\u00e3o teria acumulado feitos suficientes no clube para ter tamanho poder de influ\u00eancia nas decis\u00f5es da c\u00fapula vasca\u00edna.<\/p>\n\n\n\n<p>As cr\u00edticas, contudo, n\u00e3o se limitaram ao jogador. O alvo principal de Edmundo foi a gest\u00e3o da SAF. Para ele, aceitar imposi\u00e7\u00f5es feitas por um atleta rec\u00e9m-chegado fere o planejamento financeiro e a identidade do elenco. <\/p>\n\n\n\n<p>Segundo informa\u00e7\u00f5es apuradas, Coutinho teria solicitado a contrata\u00e7\u00e3o de dois nomes conhecidos: Alex Teixeira e Souza, ambos com sal\u00e1rios na faixa de R$ 600 mil mensais. Al\u00e9m disso, defendeu a perman\u00eancia do franc\u00eas Dimitri Payet, cuja performance em campo at\u00e9 ent\u00e3o n\u00e3o havia justificado o investimento feito.<\/p>\n\n\n\n<p>\u201cEstamos falando de quase R$ 4 milh\u00f5es por m\u00eas apenas com quatro jogadores. Isso n\u00e3o condiz com a realidade do clube e nem com o retorno t\u00e9cnico\u201d, ressaltou o Animal, ao comentar os gastos mensais que, segundo ele, sobrecarregam a folha salarial sem contrapartida esportiva \u00e0 altura. Edmundo ainda reiterou que n\u00e3o se op\u00f4s \u00e0 volta de Coutinho em si, mas \u00e0 forma como tudo foi arquitetado. <\/p>\n\n\n\n<p>\u201cVoltar ao Vasco deveria ter sido a melhor coisa da vida dele. Mas exigir refor\u00e7os e sal\u00e1rios astron\u00f4micos? \u00c9 um absurdo\u201d, disparou.<\/p>\n\n\n\n<p>Enquanto isso, dentro de campo, a equipe atravessa momento delicado. Ap\u00f3s a derrota para o Palmeiras pelo Brasileir\u00e3o na s\u00e9tima rodada, o Vasco sofreu novo rev\u00e9s, desta vez pela Copa Sul-Americana. O time foi goleado por 4 a 1 pelo Puerto Cabello, em jogo disputado na ter\u00e7a-feira (06), resultado que agravou ainda mais a instabilidade t\u00e9cnica e acentuou as cobran\u00e7as por mudan\u00e7as.<\/p>\n\n\n\n<p>A atua\u00e7\u00e3o desastrosa, marcada por erros individuais e coletivos, teve falhas evidentes em lances cruciais, como na sa\u00edda de bola e na recomposi\u00e7\u00e3o defensiva. Jogadores como Mateus Carvalho, Hugo Moura e Lucas Piton protagonizaram momentos decisivos para a derrota, culminando no placar el\u00e1stico a favor dos venezuelanos. <\/p>\n\n\n\n<p>Segundo Edmundo, insistir em montar um elenco baseado em nomes de peso, mas sem rendimento concreto, coloca em risco o pr\u00f3prio futuro da institui\u00e7\u00e3o. \u201cMontar um time caro para agradar exig\u00eancias de um jogador que ainda nem rendeu o esperado \u00e9 perigoso. O clube precisa pensar no todo, n\u00e3o em casos isolados\u201d, alertou.<\/p>\n\n\n\n<p>A insatisfa\u00e7\u00e3o do ex-atacante tamb\u00e9m se estendeu ao atual presidente da SAF vasca\u00edna. Edmundo considera que Pedrinho deveria adotar uma postura mais r\u00edgida, capaz de equilibrar as finan\u00e7as e o desempenho em campo com maior responsabilidade. <\/p>\n\n\n\n<p>A recente sequ\u00eancia de resultados negativos amplia a press\u00e3o por uma resposta contundente da gest\u00e3o, que, segundo o \u00eddolo cruzmaltino, deve agir \u201ccom mais estrat\u00e9gia e menos concess\u00f5es personalistas\u201d.<\/p>\n\n\n\n<p><\/p>\n","protected":false},"excerpt":{"rendered":"<p>A volta de Philippe Coutinho ao Vasco, celebrada por parte da torcida, tem despertado uma onda de questionamentos nos bastidores de S\u00e3o Janu\u00e1rio. Principalmente ap\u00f3s declara\u00e7\u00f5es de Edmundo, \u00eddolo hist\u00f3rico do clube, que demonstrou total inconformismo com a forma como o processo foi conduzido pela diretoria da Sociedade An\u00f4nima do Futebol (SAF), liderada por Pedrinho. [&hellip;]<\/p>\n","protected":false},"author":30,"featured_media":145853,"comment_status":"open","ping_status":"closed","sticky":false,"template":"","format":"standard","meta":{"footnotes":""},"categories":[152],"tags":[],"class_list":["post-261968","post","type-post","status-publish","format-standard","has-post-thumbnail","hentry","category-vasco"],"yoast_head":"<!-- This site is optimized with the Yoast SEO Premium plugin v24.2 (Yoast SEO v26.9) - https:\/\/yoast.com\/product\/yoast-seo-premium-wordpress\/ -->\n<title>A declara\u00e7\u00e3o de Edmundo direcionada a Coutinho, do Vasco<\/title>\n<meta name=\"robots\" content=\"index, follow, max-snippet:-1, max-image-preview:large, max-video-preview:-1\" \/>\n<link rel=\"canonical\" href=\"https:\/\/www.gaveanews.com\/index.php\/2025\/05\/08\/a-declaracao-de-edmundo-direcionada-a-coutinho-do-vasco\/\" \/>\n<meta property=\"og:locale\" content=\"pt_BR\" \/>\n<meta property=\"og:type\" content=\"article\" \/>\n<meta property=\"og:title\" content=\"A declara\u00e7\u00e3o de Edmundo direcionada a Coutinho, do Vasco\" \/>\n<meta property=\"og:description\" content=\"A volta de Philippe Coutinho ao Vasco, celebrada por parte da torcida, tem despertado uma onda de questionamentos nos bastidores de S\u00e3o Janu\u00e1rio. Principalmente ap\u00f3s declara\u00e7\u00f5es de Edmundo, \u00eddolo hist\u00f3rico do clube, que demonstrou total inconformismo com a forma como o processo foi conduzido pela diretoria da Sociedade An\u00f4nima do Futebol (SAF), liderada por Pedrinho. [&hellip;]\" \/>\n<meta property=\"og:url\" content=\"https:\/\/www.gaveanews.com\/index.php\/2025\/05\/08\/a-declaracao-de-edmundo-direcionada-a-coutinho-do-vasco\/\" \/>\n<meta property=\"og:site_name\" content=\"G\u00e1vea News\" \/>\n<meta property=\"article:publisher\" content=\"https:\/\/facebook.com\/gaveaNews\/\" \/>\n<meta property=\"article:published_time\" content=\"2025-05-08T21:10:00+00:00\" \/>\n<meta property=\"og:image\" content=\"https:\/\/www.gaveanews.com\/wp-content\/uploads\/edmundo-band-729x400-1.webp\" \/>\n\t<meta property=\"og:image:width\" content=\"729\" \/>\n\t<meta property=\"og:image:height\" content=\"400\" \/>\n\t<meta property=\"og:image:type\" content=\"image\/jpeg\" \/>\n<meta name=\"author\" content=\"Ana Teixeira\" \/>\n<meta name=\"twitter:card\" content=\"summary_large_image\" \/>\n<meta name=\"twitter:label1\" content=\"Escrito por\" \/>\n\t<meta name=\"twitter:data1\" content=\"Ana Teixeira\" \/>\n\t<meta name=\"twitter:label2\" content=\"Est. tempo de leitura\" \/>\n\t<meta name=\"twitter:data2\" content=\"4 minutos\" \/>\n<script type=\"application\/ld+json\" class=\"yoast-schema-graph\">{\"@context\":\"https:\/\/schema.org\",\"@graph\":[{\"@type\":\"NewsArticle\",\"@id\":\"https:\/\/www.gaveanews.com\/index.php\/2025\/05\/08\/a-declaracao-de-edmundo-direcionada-a-coutinho-do-vasco\/#article\",\"isPartOf\":{\"@id\":\"https:\/\/www.gaveanews.com\/index.php\/2025\/05\/08\/a-declaracao-de-edmundo-direcionada-a-coutinho-do-vasco\/\"},\"author\":{\"name\":\"Ana Teixeira\",\"@id\":\"https:\/\/www.gaveanews.com\/#\/schema\/person\/3b19f7288b0ce20372991275e4f2e6c2\"},\"headline\":\"A declara\u00e7\u00e3o de Edmundo direcionada a Coutinho, do Vasco\",\"datePublished\":\"2025-05-08T21:10:00+00:00\",\"mainEntityOfPage\":{\"@id\":\"https:\/\/www.gaveanews.com\/index.php\/2025\/05\/08\/a-declaracao-de-edmundo-direcionada-a-coutinho-do-vasco\/\"},\"wordCount\":599,\"commentCount\":0,\"image\":{\"@id\":\"https:\/\/www.gaveanews.com\/index.php\/2025\/05\/08\/a-declaracao-de-edmundo-direcionada-a-coutinho-do-vasco\/#primaryimage\"},\"thumbnailUrl\":\"https:\/\/www.gaveanews.com\/wp-content\/uploads\/edmundo-band-729x400-1.webp\",\"articleSection\":[\"Vasco\"],\"inLanguage\":\"pt-BR\",\"potentialAction\":[{\"@type\":\"CommentAction\",\"name\":\"Comment\",\"target\":[\"https:\/\/www.gaveanews.com\/index.php\/2025\/05\/08\/a-declaracao-de-edmundo-direcionada-a-coutinho-do-vasco\/#respond\"]}],\"copyrightYear\":\"2025\",\"copyrightHolder\":{\"@id\":\"https:\/\/www.gaveanews.com\/#organization\"}},{\"@type\":\"WebPage\",\"@id\":\"https:\/\/www.gaveanews.com\/index.php\/2025\/05\/08\/a-declaracao-de-edmundo-direcionada-a-coutinho-do-vasco\/\",\"url\":\"https:\/\/www.gaveanews.com\/index.php\/2025\/05\/08\/a-declaracao-de-edmundo-direcionada-a-coutinho-do-vasco\/\",\"name\":\"A declara\u00e7\u00e3o de Edmundo direcionada a Coutinho, do Vasco\",\"isPartOf\":{\"@id\":\"https:\/\/www.gaveanews.com\/#website\"},\"primaryImageOfPage\":{\"@id\":\"https:\/\/www.gaveanews.com\/index.php\/2025\/05\/08\/a-declaracao-de-edmundo-direcionada-a-coutinho-do-vasco\/#primaryimage\"},\"image\":{\"@id\":\"https:\/\/www.gaveanews.com\/index.php\/2025\/05\/08\/a-declaracao-de-edmundo-direcionada-a-coutinho-do-vasco\/#primaryimage\"},\"thumbnailUrl\":\"https:\/\/www.gaveanews.com\/wp-content\/uploads\/edmundo-band-729x400-1.webp\",\"datePublished\":\"2025-05-08T21:10:00+00:00\",\"author\":{\"@id\":\"https:\/\/www.gaveanews.com\/#\/schema\/person\/3b19f7288b0ce20372991275e4f2e6c2\"},\"breadcrumb\":{\"@id\":\"https:\/\/www.gaveanews.com\/index.php\/2025\/05\/08\/a-declaracao-de-edmundo-direcionada-a-coutinho-do-vasco\/#breadcrumb\"},\"inLanguage\":\"pt-BR\",\"potentialAction\":[{\"@type\":\"ReadAction\",\"target\":[\"https:\/\/www.gaveanews.com\/index.php\/2025\/05\/08\/a-declaracao-de-edmundo-direcionada-a-coutinho-do-vasco\/\"]}]},{\"@type\":\"ImageObject\",\"inLanguage\":\"pt-BR\",\"@id\":\"https:\/\/www.gaveanews.com\/index.php\/2025\/05\/08\/a-declaracao-de-edmundo-direcionada-a-coutinho-do-vasco\/#primaryimage\",\"url\":\"https:\/\/www.gaveanews.com\/wp-content\/uploads\/edmundo-band-729x400-1.webp\",\"contentUrl\":\"https:\/\/www.gaveanews.com\/wp-content\/uploads\/edmundo-band-729x400-1.webp\",\"width\":729,\"height\":400,\"caption\":\"Edmundo (Foto: Reprodu\u00e7\u00e3o)\"},{\"@type\":\"BreadcrumbList\",\"@id\":\"https:\/\/www.gaveanews.com\/index.php\/2025\/05\/08\/a-declaracao-de-edmundo-direcionada-a-coutinho-do-vasco\/#breadcrumb\",\"itemListElement\":[{\"@type\":\"ListItem\",\"position\":1,\"name\":\"Home\",\"item\":\"https:\/\/www.gaveanews.com\/\"},{\"@type\":\"ListItem\",\"position\":2,\"name\":\"A declara\u00e7\u00e3o de Edmundo direcionada a Coutinho, do Vasco\"}]},{\"@type\":\"WebSite\",\"@id\":\"https:\/\/www.gaveanews.com\/#website\",\"url\":\"https:\/\/www.gaveanews.com\/\",\"name\":\"G\u00e1vea News\",\"description\":\"Veja todas as not\u00edcias sobre o Flamengo: Contrata\u00e7\u00f5es, categorias de base, resultados das partidas, tabela de classifica\u00e7\u00e3o, pr\u00f3ximos jogos!\",\"potentialAction\":[{\"@type\":\"SearchAction\",\"target\":{\"@type\":\"EntryPoint\",\"urlTemplate\":\"https:\/\/www.gaveanews.com\/?s={search_term_string}\"},\"query-input\":{\"@type\":\"PropertyValueSpecification\",\"valueRequired\":true,\"valueName\":\"search_term_string\"}}],\"inLanguage\":\"pt-BR\"},{\"@type\":\"Person\",\"@id\":\"https:\/\/www.gaveanews.com\/#\/schema\/person\/3b19f7288b0ce20372991275e4f2e6c2\",\"name\":\"Ana Teixeira\",\"image\":{\"@type\":\"ImageObject\",\"inLanguage\":\"pt-BR\",\"@id\":\"https:\/\/www.gaveanews.com\/#\/schema\/person\/image\/\",\"url\":\"https:\/\/secure.gravatar.com\/avatar\/0a73f5a5258f3fed37fc2fa641892f3f7a4748456d4d4792f9bc550e6c19e06c?s=96&d=mm&r=g\",\"contentUrl\":\"https:\/\/secure.gravatar.com\/avatar\/0a73f5a5258f3fed37fc2fa641892f3f7a4748456d4d4792f9bc550e6c19e06c?s=96&d=mm&r=g\",\"caption\":\"Ana Teixeira\"}}]}<\/script>\n<!-- \/ Yoast SEO Premium plugin. -->","yoast_head_json":{"title":"A declara\u00e7\u00e3o de Edmundo direcionada a Coutinho, do Vasco","robots":{"index":"index","follow":"follow","max-snippet":"max-snippet:-1","max-image-preview":"max-image-preview:large","max-video-preview":"max-video-preview:-1"},"canonical":"https:\/\/www.gaveanews.com\/index.php\/2025\/05\/08\/a-declaracao-de-edmundo-direcionada-a-coutinho-do-vasco\/","og_locale":"pt_BR","og_type":"article","og_title":"A declara\u00e7\u00e3o de Edmundo direcionada a Coutinho, do Vasco","og_description":"A volta de Philippe Coutinho ao Vasco, celebrada por parte da torcida, tem despertado uma onda de questionamentos nos bastidores de S\u00e3o Janu\u00e1rio. Principalmente ap\u00f3s declara\u00e7\u00f5es de Edmundo, \u00eddolo hist\u00f3rico do clube, que demonstrou total inconformismo com a forma como o processo foi conduzido pela diretoria da Sociedade An\u00f4nima do Futebol (SAF), liderada por Pedrinho. [&hellip;]","og_url":"https:\/\/www.gaveanews.com\/index.php\/2025\/05\/08\/a-declaracao-de-edmundo-direcionada-a-coutinho-do-vasco\/","og_site_name":"G\u00e1vea News","article_publisher":"https:\/\/facebook.com\/gaveaNews\/","article_published_time":"2025-05-08T21:10:00+00:00","og_image":[{"width":729,"height":400,"url":"https:\/\/www.gaveanews.com\/wp-content\/uploads\/edmundo-band-729x400-1.webp","type":"image\/jpeg"}],"author":"Ana Teixeira","twitter_card":"summary_large_image","twitter_misc":{"Escrito por":"Ana Teixeira","Est. tempo de leitura":"4 minutos"},"schema":{"@context":"https:\/\/schema.org","@graph":[{"@type":"NewsArticle","@id":"https:\/\/www.gaveanews.com\/index.php\/2025\/05\/08\/a-declaracao-de-edmundo-direcionada-a-coutinho-do-vasco\/#article","isPartOf":{"@id":"https:\/\/www.gaveanews.com\/index.php\/2025\/05\/08\/a-declaracao-de-edmundo-direcionada-a-coutinho-do-vasco\/"},"author":{"name":"Ana Teixeira","@id":"https:\/\/www.gaveanews.com\/#\/schema\/person\/3b19f7288b0ce20372991275e4f2e6c2"},"headline":"A declara\u00e7\u00e3o de Edmundo direcionada a Coutinho, do Vasco","datePublished":"2025-05-08T21:10:00+00:00","mainEntityOfPage":{"@id":"https:\/\/www.gaveanews.com\/index.php\/2025\/05\/08\/a-declaracao-de-edmundo-direcionada-a-coutinho-do-vasco\/"},"wordCount":599,"commentCount":0,"image":{"@id":"https:\/\/www.gaveanews.com\/index.php\/2025\/05\/08\/a-declaracao-de-edmundo-direcionada-a-coutinho-do-vasco\/#primaryimage"},"thumbnailUrl":"https:\/\/www.gaveanews.com\/wp-content\/uploads\/edmundo-band-729x400-1.webp","articleSection":["Vasco"],"inLanguage":"pt-BR","potentialAction":[{"@type":"CommentAction","name":"Comment","target":["https:\/\/www.gaveanews.com\/index.php\/2025\/05\/08\/a-declaracao-de-edmundo-direcionada-a-coutinho-do-vasco\/#respond"]}],"copyrightYear":"2025","copyrightHolder":{"@id":"https:\/\/www.gaveanews.com\/#organization"}},{"@type":"WebPage","@id":"https:\/\/www.gaveanews.com\/index.php\/2025\/05\/08\/a-declaracao-de-edmundo-direcionada-a-coutinho-do-vasco\/","url":"https:\/\/www.gaveanews.com\/index.php\/2025\/05\/08\/a-declaracao-de-edmundo-direcionada-a-coutinho-do-vasco\/","name":"A declara\u00e7\u00e3o de Edmundo direcionada a Coutinho, do Vasco","isPartOf":{"@id":"https:\/\/www.gaveanews.com\/#website"},"primaryImageOfPage":{"@id":"https:\/\/www.gaveanews.com\/index.php\/2025\/05\/08\/a-declaracao-de-edmundo-direcionada-a-coutinho-do-vasco\/#primaryimage"},"image":{"@id":"https:\/\/www.gaveanews.com\/index.php\/2025\/05\/08\/a-declaracao-de-edmundo-direcionada-a-coutinho-do-vasco\/#primaryimage"},"thumbnailUrl":"https:\/\/www.gaveanews.com\/wp-content\/uploads\/edmundo-band-729x400-1.webp","datePublished":"2025-05-08T21:10:00+00:00","author":{"@id":"https:\/\/www.gaveanews.com\/#\/schema\/person\/3b19f7288b0ce20372991275e4f2e6c2"},"breadcrumb":{"@id":"https:\/\/www.gaveanews.com\/index.php\/2025\/05\/08\/a-declaracao-de-edmundo-direcionada-a-coutinho-do-vasco\/#breadcrumb"},"inLanguage":"pt-BR","potentialAction":[{"@type":"ReadAction","target":["https:\/\/www.gaveanews.com\/index.php\/2025\/05\/08\/a-declaracao-de-edmundo-direcionada-a-coutinho-do-vasco\/"]}]},{"@type":"ImageObject","inLanguage":"pt-BR","@id":"https:\/\/www.gaveanews.com\/index.php\/2025\/05\/08\/a-declaracao-de-edmundo-direcionada-a-coutinho-do-vasco\/#primaryimage","url":"https:\/\/www.gaveanews.com\/wp-content\/uploads\/edmundo-band-729x400-1.webp","contentUrl":"https:\/\/www.gaveanews.com\/wp-content\/uploads\/edmundo-band-729x400-1.webp","width":729,"height":400,"caption":"Edmundo (Foto: Reprodu\u00e7\u00e3o)"},{"@type":"BreadcrumbList","@id":"https:\/\/www.gaveanews.com\/index.php\/2025\/05\/08\/a-declaracao-de-edmundo-direcionada-a-coutinho-do-vasco\/#breadcrumb","itemListElement":[{"@type":"ListItem","position":1,"name":"Home","item":"https:\/\/www.gaveanews.com\/"},{"@type":"ListItem","position":2,"name":"A declara\u00e7\u00e3o de Edmundo direcionada a Coutinho, do Vasco"}]},{"@type":"WebSite","@id":"https:\/\/www.gaveanews.com\/#website","url":"https:\/\/www.gaveanews.com\/","name":"G\u00e1vea News","description":"Veja todas as not\u00edcias sobre o Flamengo: Contrata\u00e7\u00f5es, categorias de base, resultados das partidas, tabela de classifica\u00e7\u00e3o, pr\u00f3ximos jogos!","potentialAction":[{"@type":"SearchAction","target":{"@type":"EntryPoint","urlTemplate":"https:\/\/www.gaveanews.com\/?s={search_term_string}"},"query-input":{"@type":"PropertyValueSpecification","valueRequired":true,"valueName":"search_term_string"}}],"inLanguage":"pt-BR"},{"@type":"Person","@id":"https:\/\/www.gaveanews.com\/#\/schema\/person\/3b19f7288b0ce20372991275e4f2e6c2","name":"Ana Teixeira","image":{"@type":"ImageObject","inLanguage":"pt-BR","@id":"https:\/\/www.gaveanews.com\/#\/schema\/person\/image\/","url":"https:\/\/secure.gravatar.com\/avatar\/0a73f5a5258f3fed37fc2fa641892f3f7a4748456d4d4792f9bc550e6c19e06c?s=96&d=mm&r=g","contentUrl":"https:\/\/secure.gravatar.com\/avatar\/0a73f5a5258f3fed37fc2fa641892f3f7a4748456d4d4792f9bc550e6c19e06c?s=96&d=mm&r=g","caption":"Ana Teixeira"}}]}},"_links":{"self":[{"href":"https:\/\/www.gaveanews.com\/index.php\/wp-json\/wp\/v2\/posts\/261968","targetHints":{"allow":["GET"]}}],"collection":[{"href":"https:\/\/www.gaveanews.com\/index.php\/wp-json\/wp\/v2\/posts"}],"about":[{"href":"https:\/\/www.gaveanews.com\/index.php\/wp-json\/wp\/v2\/types\/post"}],"author":[{"embeddable":true,"href":"https:\/\/www.gaveanews.com\/index.php\/wp-json\/wp\/v2\/users\/30"}],"replies":[{"embeddable":true,"href":"https:\/\/www.gaveanews.com\/index.php\/wp-json\/wp\/v2\/comments?post=261968"}],"version-history":[{"count":1,"href":"https:\/\/www.gaveanews.com\/index.php\/wp-json\/wp\/v2\/posts\/261968\/revisions"}],"predecessor-version":[{"id":261976,"href":"https:\/\/www.gaveanews.com\/index.php\/wp-json\/wp\/v2\/posts\/261968\/revisions\/261976"}],"wp:featuredmedia":[{"embeddable":true,"href":"https:\/\/www.gaveanews.com\/index.php\/wp-json\/wp\/v2\/media\/145853"}],"wp:attachment":[{"href":"https:\/\/www.gaveanews.com\/index.php\/wp-json\/wp\/v2\/media?parent=261968"}],"wp:term":[{"taxonomy":"category","embeddable":true,"href":"https:\/\/www.gaveanews.com\/index.php\/wp-json\/wp\/v2\/categories?post=261968"},{"taxonomy":"post_tag","embeddable":true,"href":"https:\/\/www.gaveanews.com\/index.php\/wp-json\/wp\/v2\/tags?post=261968"}],"curies":[{"name":"wp","href":"https:\/\/api.w.org\/{rel}","templated":true}]}}