{"id":261972,"date":"2025-05-08T18:20:00","date_gmt":"2025-05-08T21:20:00","guid":{"rendered":"https:\/\/www.gaveanews.com\/?p=261972"},"modified":"2025-05-08T16:01:17","modified_gmt":"2025-05-08T19:01:17","slug":"a-declaracao-de-luis-roberto-direcionada-ao-flamengo-de-filipe-luis","status":"publish","type":"post","link":"https:\/\/www.gaveanews.com\/index.php\/2025\/05\/08\/a-declaracao-de-luis-roberto-direcionada-ao-flamengo-de-filipe-luis\/","title":{"rendered":"A declara\u00e7\u00e3o de Luis Roberto direcionada ao Flamengo de Filipe Lu\u00eds"},"content":{"rendered":"\n<p>O Flamengo vive um momento delicado na temporada, e a mais recente atua\u00e7\u00e3o contra o Central C\u00f3rdoba (ARG) na quarta-feira (07), pela Libertadores, s\u00f3 refor\u00e7ou essa fase inst\u00e1vel.&nbsp;<\/p>\n\n\n\n<p>O empate por 1 a 1, que mant\u00e9m o time na terceira coloca\u00e7\u00e3o do Grupo C, evidenciou a oscila\u00e7\u00e3o do elenco rubro-negro. A situa\u00e7\u00e3o gerou cr\u00edticas, incluindo uma declara\u00e7\u00e3o do narrador Luis Roberto, que analisou o desempenho do Flamengo sob o comando de Filipe Lu\u00eds.<\/p>\n\n\n\n<h2 class=\"wp-block-heading\" id=\"h-o-momento-turbulento-do-flamengo\">O momento turbulento do Flamengo<\/h2>\n\n\n\n<p>Luis Roberto foi direto ao avaliar a fase do Flamengo: &#8220;O Flamengo vive, claramente, seu momento mais turbulento na temporada. N\u00e3o s\u00f3 do ponto de vista dos resultados, mas de performance mesmo&#8221;, comentou o narrador, durante a transmiss\u00e3o do jogo.&nbsp;<\/p>\n\n\n\n<p>Para ele, a queda no desempenho da equipe \u00e9 evidente, principalmente quando comparado ao come\u00e7o do ano, onde o time parecia imbat\u00edvel.&nbsp;<\/p>\n\n\n\n<p>&#8220;\u00c9 impressionante a profus\u00e3o de erros hoje&#8221;, afirmou, destacando o contraste com o futebol envolvente mostrado pela equipe anteriormente.<\/p>\n\n\n\n<h2 class=\"wp-block-heading\" id=\"h-flamengo-enfrenta-desafios-em-diversas-frentes\">Flamengo enfrenta desafios em diversas frentes<\/h2>\n\n\n\n<p>Vale destacar que, al\u00e9m do desempenho abaixo das expectativas, os n\u00fameros tamb\u00e9m geram apreens\u00e3o entre os torcedores. Nos \u00faltimos cinco jogos, o Flamengo conquistou apenas duas vit\u00f3rias, dois empates e uma derrota.&nbsp;<\/p>\n\n\n\n<p>Al\u00e9m disso, a derrota para o Cruzeiro no \u00faltimo domingo (04) fez com que o time perdesse a lideran\u00e7a do Campeonato Brasileiro. Agora, o Flamengo ocupa a terceira posi\u00e7\u00e3o, com 14 pontos, atr\u00e1s de Palmeiras e Red Bull Bragantino, que possuem 16.<\/p>\n\n\n\n<h2 class=\"wp-block-heading\" id=\"h-situacao-delicada-na-libertadores\">Situa\u00e7\u00e3o delicada na Libertadores<\/h2>\n\n\n\n<p>Sendo assim, a situa\u00e7\u00e3o na Libertadores tamb\u00e9m n\u00e3o \u00e9 favor\u00e1vel. Com cinco pontos em quatro jogos, o Flamengo est\u00e1 fora da zona de classifica\u00e7\u00e3o para as oitavas de final.&nbsp;<\/p>\n\n\n\n<p>No entanto, o time ainda depende apenas de si para seguir adiante no torneio. Caso ven\u00e7a a LDU (EQU) por dois gols de diferen\u00e7a na pr\u00f3xima quinta-feira (15), o Flamengo ultrapassa o advers\u00e1rio equatoriano.&nbsp;<\/p>\n\n\n\n<p>Dessa maneira, mesmo que o time n\u00e3o consiga uma grande vit\u00f3ria, a classifica\u00e7\u00e3o ainda est\u00e1 nas m\u00e3os do Rubro-Negro, que tamb\u00e9m jogar\u00e1 contra o Deportivo T\u00e1chira (VEN).<\/p>\n\n\n\n<h2 class=\"wp-block-heading\" id=\"h-foco-no-campeonato-brasileiro\">Foco no Campeonato Brasileiro<\/h2>\n\n\n\n<p>Com isso, o Flamengo ter\u00e1 que virar a chave rapidamente e se concentrar no Campeonato Brasileiro. Neste s\u00e1bado (10), o time de Filipe Lu\u00eds enfrentar\u00e1 o Bahia, no Maracan\u00e3, pela oitava rodada do torneio nacional.&nbsp;<\/p>\n\n\n\n<p>O Meng\u00e3o precisar\u00e1 de uma recupera\u00e7\u00e3o urgente, tanto na Libertadores quanto no Brasileiro, para dar uma resposta \u00e0 press\u00e3o crescente.<\/p>\n","protected":false},"excerpt":{"rendered":"<p>O Flamengo vive um momento delicado na temporada, e a mais recente atua\u00e7\u00e3o contra o Central C\u00f3rdoba (ARG) na quarta-feira (07), pela Libertadores, s\u00f3 refor\u00e7ou essa fase inst\u00e1vel.&nbsp; O empate por 1 a 1, que mant\u00e9m o time na terceira coloca\u00e7\u00e3o do Grupo C, evidenciou a oscila\u00e7\u00e3o do elenco rubro-negro. A situa\u00e7\u00e3o gerou cr\u00edticas, incluindo [&hellip;]<\/p>\n","protected":false},"author":24,"featured_media":117989,"comment_status":"open","ping_status":"closed","sticky":false,"template":"","format":"standard","meta":{"footnotes":""},"categories":[1],"tags":[],"class_list":["post-261972","post","type-post","status-publish","format-standard","has-post-thumbnail","hentry","category-flamengo"],"yoast_head":"<!-- This site is optimized with the Yoast SEO Premium plugin v24.2 (Yoast SEO v26.9) - https:\/\/yoast.com\/product\/yoast-seo-premium-wordpress\/ -->\n<title>A declara\u00e7\u00e3o de Luis Roberto direcionada ao Flamengo de Filipe Lu\u00eds<\/title>\n<meta name=\"robots\" content=\"index, follow, max-snippet:-1, max-image-preview:large, max-video-preview:-1\" \/>\n<link rel=\"canonical\" href=\"https:\/\/www.gaveanews.com\/index.php\/2025\/05\/08\/a-declaracao-de-luis-roberto-direcionada-ao-flamengo-de-filipe-luis\/\" \/>\n<meta property=\"og:locale\" content=\"pt_BR\" \/>\n<meta property=\"og:type\" content=\"article\" \/>\n<meta property=\"og:title\" content=\"A declara\u00e7\u00e3o de Luis Roberto direcionada ao Flamengo de Filipe Lu\u00eds\" \/>\n<meta property=\"og:description\" content=\"O Flamengo vive um momento delicado na temporada, e a mais recente atua\u00e7\u00e3o contra o Central C\u00f3rdoba (ARG) na quarta-feira (07), pela Libertadores, s\u00f3 refor\u00e7ou essa fase inst\u00e1vel.&nbsp; O empate por 1 a 1, que mant\u00e9m o time na terceira coloca\u00e7\u00e3o do Grupo C, evidenciou a oscila\u00e7\u00e3o do elenco rubro-negro. A situa\u00e7\u00e3o gerou cr\u00edticas, incluindo [&hellip;]\" \/>\n<meta property=\"og:url\" content=\"https:\/\/www.gaveanews.com\/index.php\/2025\/05\/08\/a-declaracao-de-luis-roberto-direcionada-ao-flamengo-de-filipe-luis\/\" \/>\n<meta property=\"og:site_name\" content=\"G\u00e1vea News\" \/>\n<meta property=\"article:publisher\" content=\"https:\/\/facebook.com\/gaveaNews\/\" \/>\n<meta property=\"article:published_time\" content=\"2025-05-08T21:20:00+00:00\" \/>\n<meta property=\"og:image\" content=\"https:\/\/www.gaveanews.com\/wp-content\/uploads\/luis-roberto-junior-e-roger-flores.webp\" \/>\n\t<meta property=\"og:image:width\" content=\"1280\" \/>\n\t<meta property=\"og:image:height\" content=\"675\" \/>\n\t<meta property=\"og:image:type\" content=\"image\/jpeg\" \/>\n<meta name=\"author\" content=\"Leandro Cardoso\" \/>\n<meta name=\"twitter:card\" content=\"summary_large_image\" \/>\n<meta name=\"twitter:label1\" content=\"Escrito por\" \/>\n\t<meta name=\"twitter:data1\" content=\"Leandro Cardoso\" \/>\n\t<meta name=\"twitter:label2\" content=\"Est. tempo de leitura\" \/>\n\t<meta name=\"twitter:data2\" content=\"3 minutos\" \/>\n<script type=\"application\/ld+json\" class=\"yoast-schema-graph\">{\"@context\":\"https:\/\/schema.org\",\"@graph\":[{\"@type\":\"NewsArticle\",\"@id\":\"https:\/\/www.gaveanews.com\/index.php\/2025\/05\/08\/a-declaracao-de-luis-roberto-direcionada-ao-flamengo-de-filipe-luis\/#article\",\"isPartOf\":{\"@id\":\"https:\/\/www.gaveanews.com\/index.php\/2025\/05\/08\/a-declaracao-de-luis-roberto-direcionada-ao-flamengo-de-filipe-luis\/\"},\"author\":{\"name\":\"Leandro Cardoso\",\"@id\":\"https:\/\/www.gaveanews.com\/#\/schema\/person\/2424ec6409bc3f068411fc5e4e9b6168\"},\"headline\":\"A declara\u00e7\u00e3o de Luis Roberto direcionada ao Flamengo de Filipe Lu\u00eds\",\"datePublished\":\"2025-05-08T21:20:00+00:00\",\"mainEntityOfPage\":{\"@id\":\"https:\/\/www.gaveanews.com\/index.php\/2025\/05\/08\/a-declaracao-de-luis-roberto-direcionada-ao-flamengo-de-filipe-luis\/\"},\"wordCount\":446,\"commentCount\":0,\"image\":{\"@id\":\"https:\/\/www.gaveanews.com\/index.php\/2025\/05\/08\/a-declaracao-de-luis-roberto-direcionada-ao-flamengo-de-filipe-luis\/#primaryimage\"},\"thumbnailUrl\":\"https:\/\/www.gaveanews.com\/wp-content\/uploads\/luis-roberto-junior-e-roger-flores.webp\",\"articleSection\":[\"Flamengo\"],\"inLanguage\":\"pt-BR\",\"potentialAction\":[{\"@type\":\"CommentAction\",\"name\":\"Comment\",\"target\":[\"https:\/\/www.gaveanews.com\/index.php\/2025\/05\/08\/a-declaracao-de-luis-roberto-direcionada-ao-flamengo-de-filipe-luis\/#respond\"]}],\"copyrightYear\":\"2025\",\"copyrightHolder\":{\"@id\":\"https:\/\/www.gaveanews.com\/#organization\"}},{\"@type\":\"WebPage\",\"@id\":\"https:\/\/www.gaveanews.com\/index.php\/2025\/05\/08\/a-declaracao-de-luis-roberto-direcionada-ao-flamengo-de-filipe-luis\/\",\"url\":\"https:\/\/www.gaveanews.com\/index.php\/2025\/05\/08\/a-declaracao-de-luis-roberto-direcionada-ao-flamengo-de-filipe-luis\/\",\"name\":\"A declara\u00e7\u00e3o de Luis Roberto direcionada ao Flamengo de Filipe Lu\u00eds\",\"isPartOf\":{\"@id\":\"https:\/\/www.gaveanews.com\/#website\"},\"primaryImageOfPage\":{\"@id\":\"https:\/\/www.gaveanews.com\/index.php\/2025\/05\/08\/a-declaracao-de-luis-roberto-direcionada-ao-flamengo-de-filipe-luis\/#primaryimage\"},\"image\":{\"@id\":\"https:\/\/www.gaveanews.com\/index.php\/2025\/05\/08\/a-declaracao-de-luis-roberto-direcionada-ao-flamengo-de-filipe-luis\/#primaryimage\"},\"thumbnailUrl\":\"https:\/\/www.gaveanews.com\/wp-content\/uploads\/luis-roberto-junior-e-roger-flores.webp\",\"datePublished\":\"2025-05-08T21:20:00+00:00\",\"author\":{\"@id\":\"https:\/\/www.gaveanews.com\/#\/schema\/person\/2424ec6409bc3f068411fc5e4e9b6168\"},\"breadcrumb\":{\"@id\":\"https:\/\/www.gaveanews.com\/index.php\/2025\/05\/08\/a-declaracao-de-luis-roberto-direcionada-ao-flamengo-de-filipe-luis\/#breadcrumb\"},\"inLanguage\":\"pt-BR\",\"potentialAction\":[{\"@type\":\"ReadAction\",\"target\":[\"https:\/\/www.gaveanews.com\/index.php\/2025\/05\/08\/a-declaracao-de-luis-roberto-direcionada-ao-flamengo-de-filipe-luis\/\"]}]},{\"@type\":\"ImageObject\",\"inLanguage\":\"pt-BR\",\"@id\":\"https:\/\/www.gaveanews.com\/index.php\/2025\/05\/08\/a-declaracao-de-luis-roberto-direcionada-ao-flamengo-de-filipe-luis\/#primaryimage\",\"url\":\"https:\/\/www.gaveanews.com\/wp-content\/uploads\/luis-roberto-junior-e-roger-flores.webp\",\"contentUrl\":\"https:\/\/www.gaveanews.com\/wp-content\/uploads\/luis-roberto-junior-e-roger-flores.webp\",\"width\":1280,\"height\":675,\"caption\":\"J\u00fanior, Lu\u00eds Roberto e Roger Flores durante transmiss\u00e3o da Globo (Foto: Reprodu\u00e7\u00e3o)\"},{\"@type\":\"BreadcrumbList\",\"@id\":\"https:\/\/www.gaveanews.com\/index.php\/2025\/05\/08\/a-declaracao-de-luis-roberto-direcionada-ao-flamengo-de-filipe-luis\/#breadcrumb\",\"itemListElement\":[{\"@type\":\"ListItem\",\"position\":1,\"name\":\"Home\",\"item\":\"https:\/\/www.gaveanews.com\/\"},{\"@type\":\"ListItem\",\"position\":2,\"name\":\"A declara\u00e7\u00e3o de Luis Roberto direcionada ao Flamengo de Filipe Lu\u00eds\"}]},{\"@type\":\"WebSite\",\"@id\":\"https:\/\/www.gaveanews.com\/#website\",\"url\":\"https:\/\/www.gaveanews.com\/\",\"name\":\"G\u00e1vea News\",\"description\":\"Veja todas as not\u00edcias sobre o Flamengo: Contrata\u00e7\u00f5es, categorias de base, resultados das partidas, tabela de classifica\u00e7\u00e3o, pr\u00f3ximos jogos!\",\"potentialAction\":[{\"@type\":\"SearchAction\",\"target\":{\"@type\":\"EntryPoint\",\"urlTemplate\":\"https:\/\/www.gaveanews.com\/?s={search_term_string}\"},\"query-input\":{\"@type\":\"PropertyValueSpecification\",\"valueRequired\":true,\"valueName\":\"search_term_string\"}}],\"inLanguage\":\"pt-BR\"},{\"@type\":\"Person\",\"@id\":\"https:\/\/www.gaveanews.com\/#\/schema\/person\/2424ec6409bc3f068411fc5e4e9b6168\",\"name\":\"Leandro Cardoso\",\"image\":{\"@type\":\"ImageObject\",\"inLanguage\":\"pt-BR\",\"@id\":\"https:\/\/www.gaveanews.com\/#\/schema\/person\/image\/\",\"url\":\"https:\/\/secure.gravatar.com\/avatar\/8ca179f9b55eefe9f376f5493ef25475bfa59fbc28ce937f6076ce20e523098f?s=96&d=mm&r=g\",\"contentUrl\":\"https:\/\/secure.gravatar.com\/avatar\/8ca179f9b55eefe9f376f5493ef25475bfa59fbc28ce937f6076ce20e523098f?s=96&d=mm&r=g\",\"caption\":\"Leandro Cardoso\"}}]}<\/script>\n<!-- \/ Yoast SEO Premium plugin. -->","yoast_head_json":{"title":"A declara\u00e7\u00e3o de Luis Roberto direcionada ao Flamengo de Filipe Lu\u00eds","robots":{"index":"index","follow":"follow","max-snippet":"max-snippet:-1","max-image-preview":"max-image-preview:large","max-video-preview":"max-video-preview:-1"},"canonical":"https:\/\/www.gaveanews.com\/index.php\/2025\/05\/08\/a-declaracao-de-luis-roberto-direcionada-ao-flamengo-de-filipe-luis\/","og_locale":"pt_BR","og_type":"article","og_title":"A declara\u00e7\u00e3o de Luis Roberto direcionada ao Flamengo de Filipe Lu\u00eds","og_description":"O Flamengo vive um momento delicado na temporada, e a mais recente atua\u00e7\u00e3o contra o Central C\u00f3rdoba (ARG) na quarta-feira (07), pela Libertadores, s\u00f3 refor\u00e7ou essa fase inst\u00e1vel.&nbsp; O empate por 1 a 1, que mant\u00e9m o time na terceira coloca\u00e7\u00e3o do Grupo C, evidenciou a oscila\u00e7\u00e3o do elenco rubro-negro. A situa\u00e7\u00e3o gerou cr\u00edticas, incluindo [&hellip;]","og_url":"https:\/\/www.gaveanews.com\/index.php\/2025\/05\/08\/a-declaracao-de-luis-roberto-direcionada-ao-flamengo-de-filipe-luis\/","og_site_name":"G\u00e1vea News","article_publisher":"https:\/\/facebook.com\/gaveaNews\/","article_published_time":"2025-05-08T21:20:00+00:00","og_image":[{"width":1280,"height":675,"url":"https:\/\/www.gaveanews.com\/wp-content\/uploads\/luis-roberto-junior-e-roger-flores.webp","type":"image\/jpeg"}],"author":"Leandro Cardoso","twitter_card":"summary_large_image","twitter_misc":{"Escrito por":"Leandro Cardoso","Est. tempo de leitura":"3 minutos"},"schema":{"@context":"https:\/\/schema.org","@graph":[{"@type":"NewsArticle","@id":"https:\/\/www.gaveanews.com\/index.php\/2025\/05\/08\/a-declaracao-de-luis-roberto-direcionada-ao-flamengo-de-filipe-luis\/#article","isPartOf":{"@id":"https:\/\/www.gaveanews.com\/index.php\/2025\/05\/08\/a-declaracao-de-luis-roberto-direcionada-ao-flamengo-de-filipe-luis\/"},"author":{"name":"Leandro Cardoso","@id":"https:\/\/www.gaveanews.com\/#\/schema\/person\/2424ec6409bc3f068411fc5e4e9b6168"},"headline":"A declara\u00e7\u00e3o de Luis Roberto direcionada ao Flamengo de Filipe Lu\u00eds","datePublished":"2025-05-08T21:20:00+00:00","mainEntityOfPage":{"@id":"https:\/\/www.gaveanews.com\/index.php\/2025\/05\/08\/a-declaracao-de-luis-roberto-direcionada-ao-flamengo-de-filipe-luis\/"},"wordCount":446,"commentCount":0,"image":{"@id":"https:\/\/www.gaveanews.com\/index.php\/2025\/05\/08\/a-declaracao-de-luis-roberto-direcionada-ao-flamengo-de-filipe-luis\/#primaryimage"},"thumbnailUrl":"https:\/\/www.gaveanews.com\/wp-content\/uploads\/luis-roberto-junior-e-roger-flores.webp","articleSection":["Flamengo"],"inLanguage":"pt-BR","potentialAction":[{"@type":"CommentAction","name":"Comment","target":["https:\/\/www.gaveanews.com\/index.php\/2025\/05\/08\/a-declaracao-de-luis-roberto-direcionada-ao-flamengo-de-filipe-luis\/#respond"]}],"copyrightYear":"2025","copyrightHolder":{"@id":"https:\/\/www.gaveanews.com\/#organization"}},{"@type":"WebPage","@id":"https:\/\/www.gaveanews.com\/index.php\/2025\/05\/08\/a-declaracao-de-luis-roberto-direcionada-ao-flamengo-de-filipe-luis\/","url":"https:\/\/www.gaveanews.com\/index.php\/2025\/05\/08\/a-declaracao-de-luis-roberto-direcionada-ao-flamengo-de-filipe-luis\/","name":"A declara\u00e7\u00e3o de Luis Roberto direcionada ao Flamengo de Filipe Lu\u00eds","isPartOf":{"@id":"https:\/\/www.gaveanews.com\/#website"},"primaryImageOfPage":{"@id":"https:\/\/www.gaveanews.com\/index.php\/2025\/05\/08\/a-declaracao-de-luis-roberto-direcionada-ao-flamengo-de-filipe-luis\/#primaryimage"},"image":{"@id":"https:\/\/www.gaveanews.com\/index.php\/2025\/05\/08\/a-declaracao-de-luis-roberto-direcionada-ao-flamengo-de-filipe-luis\/#primaryimage"},"thumbnailUrl":"https:\/\/www.gaveanews.com\/wp-content\/uploads\/luis-roberto-junior-e-roger-flores.webp","datePublished":"2025-05-08T21:20:00+00:00","author":{"@id":"https:\/\/www.gaveanews.com\/#\/schema\/person\/2424ec6409bc3f068411fc5e4e9b6168"},"breadcrumb":{"@id":"https:\/\/www.gaveanews.com\/index.php\/2025\/05\/08\/a-declaracao-de-luis-roberto-direcionada-ao-flamengo-de-filipe-luis\/#breadcrumb"},"inLanguage":"pt-BR","potentialAction":[{"@type":"ReadAction","target":["https:\/\/www.gaveanews.com\/index.php\/2025\/05\/08\/a-declaracao-de-luis-roberto-direcionada-ao-flamengo-de-filipe-luis\/"]}]},{"@type":"ImageObject","inLanguage":"pt-BR","@id":"https:\/\/www.gaveanews.com\/index.php\/2025\/05\/08\/a-declaracao-de-luis-roberto-direcionada-ao-flamengo-de-filipe-luis\/#primaryimage","url":"https:\/\/www.gaveanews.com\/wp-content\/uploads\/luis-roberto-junior-e-roger-flores.webp","contentUrl":"https:\/\/www.gaveanews.com\/wp-content\/uploads\/luis-roberto-junior-e-roger-flores.webp","width":1280,"height":675,"caption":"J\u00fanior, Lu\u00eds Roberto e Roger Flores durante transmiss\u00e3o da Globo (Foto: Reprodu\u00e7\u00e3o)"},{"@type":"BreadcrumbList","@id":"https:\/\/www.gaveanews.com\/index.php\/2025\/05\/08\/a-declaracao-de-luis-roberto-direcionada-ao-flamengo-de-filipe-luis\/#breadcrumb","itemListElement":[{"@type":"ListItem","position":1,"name":"Home","item":"https:\/\/www.gaveanews.com\/"},{"@type":"ListItem","position":2,"name":"A declara\u00e7\u00e3o de Luis Roberto direcionada ao Flamengo de Filipe Lu\u00eds"}]},{"@type":"WebSite","@id":"https:\/\/www.gaveanews.com\/#website","url":"https:\/\/www.gaveanews.com\/","name":"G\u00e1vea News","description":"Veja todas as not\u00edcias sobre o Flamengo: Contrata\u00e7\u00f5es, categorias de base, resultados das partidas, tabela de classifica\u00e7\u00e3o, pr\u00f3ximos jogos!","potentialAction":[{"@type":"SearchAction","target":{"@type":"EntryPoint","urlTemplate":"https:\/\/www.gaveanews.com\/?s={search_term_string}"},"query-input":{"@type":"PropertyValueSpecification","valueRequired":true,"valueName":"search_term_string"}}],"inLanguage":"pt-BR"},{"@type":"Person","@id":"https:\/\/www.gaveanews.com\/#\/schema\/person\/2424ec6409bc3f068411fc5e4e9b6168","name":"Leandro Cardoso","image":{"@type":"ImageObject","inLanguage":"pt-BR","@id":"https:\/\/www.gaveanews.com\/#\/schema\/person\/image\/","url":"https:\/\/secure.gravatar.com\/avatar\/8ca179f9b55eefe9f376f5493ef25475bfa59fbc28ce937f6076ce20e523098f?s=96&d=mm&r=g","contentUrl":"https:\/\/secure.gravatar.com\/avatar\/8ca179f9b55eefe9f376f5493ef25475bfa59fbc28ce937f6076ce20e523098f?s=96&d=mm&r=g","caption":"Leandro Cardoso"}}]}},"_links":{"self":[{"href":"https:\/\/www.gaveanews.com\/index.php\/wp-json\/wp\/v2\/posts\/261972","targetHints":{"allow":["GET"]}}],"collection":[{"href":"https:\/\/www.gaveanews.com\/index.php\/wp-json\/wp\/v2\/posts"}],"about":[{"href":"https:\/\/www.gaveanews.com\/index.php\/wp-json\/wp\/v2\/types\/post"}],"author":[{"embeddable":true,"href":"https:\/\/www.gaveanews.com\/index.php\/wp-json\/wp\/v2\/users\/24"}],"replies":[{"embeddable":true,"href":"https:\/\/www.gaveanews.com\/index.php\/wp-json\/wp\/v2\/comments?post=261972"}],"version-history":[{"count":1,"href":"https:\/\/www.gaveanews.com\/index.php\/wp-json\/wp\/v2\/posts\/261972\/revisions"}],"predecessor-version":[{"id":261973,"href":"https:\/\/www.gaveanews.com\/index.php\/wp-json\/wp\/v2\/posts\/261972\/revisions\/261973"}],"wp:featuredmedia":[{"embeddable":true,"href":"https:\/\/www.gaveanews.com\/index.php\/wp-json\/wp\/v2\/media\/117989"}],"wp:attachment":[{"href":"https:\/\/www.gaveanews.com\/index.php\/wp-json\/wp\/v2\/media?parent=261972"}],"wp:term":[{"taxonomy":"category","embeddable":true,"href":"https:\/\/www.gaveanews.com\/index.php\/wp-json\/wp\/v2\/categories?post=261972"},{"taxonomy":"post_tag","embeddable":true,"href":"https:\/\/www.gaveanews.com\/index.php\/wp-json\/wp\/v2\/tags?post=261972"}],"curies":[{"name":"wp","href":"https:\/\/api.w.org\/{rel}","templated":true}]}}