{"id":262004,"date":"2025-05-13T10:00:45","date_gmt":"2025-05-13T13:00:45","guid":{"rendered":"https:\/\/www.gaveanews.com\/?p=262004"},"modified":"2025-05-13T09:45:49","modified_gmt":"2025-05-13T12:45:49","slug":"mirassol-reinaldo-alcanca-feito-inedito-e-lidera-ranking-do-brasileirao","status":"publish","type":"post","link":"https:\/\/www.gaveanews.com\/index.php\/2025\/05\/13\/mirassol-reinaldo-alcanca-feito-inedito-e-lidera-ranking-do-brasileirao\/","title":{"rendered":"Mirassol: Reinaldo alcan\u00e7a feito in\u00e9dito e lidera ranking do Brasileir\u00e3o"},"content":{"rendered":"\n<p>O lateral-esquerdo Reinaldo tem sido pe\u00e7a-chave do Mirassol na atual edi\u00e7\u00e3o do Campeonato Brasileiro. Aos 35 anos, o jogador, que passou por clubes como S\u00e3o Paulo e Gr\u00eamio, atingiu uma marca expressiva ao liderar o ranking hist\u00f3rico de laterais com mais participa\u00e7\u00f5es em gols na S\u00e9rie A desde o in\u00edcio da era dos pontos corridos, em 2003.<\/p>\n\n\n\n<p>Atualmente, Reinaldo soma 79 participa\u00e7\u00f5es diretas em gols na elite nacional, resultado de 36 gols marcados e 43 assist\u00eancias distribu\u00eddas ao longo de 380 partidas. O mais recente tento veio nos acr\u00e9scimos do duelo contra o Atl\u00e9tico-MG, garantindo um empate importante para a equipe do interior paulista. Assim, ele se isolou no topo da lista \u00e0 frente de nomes conhecidos, como Juan, com 73 participa\u00e7\u00f5es, e F\u00e1bio Santos, com 63.<\/p>\n\n\n\n<p>Contratado no in\u00edcio deste ano, Reinaldo j\u00e1 disputou 17 partidas com a camisa do Mirassol, sendo titular em 15 delas. No Paulist\u00e3o, contribuiu com duas assist\u00eancias, enquanto no Brasileir\u00e3o j\u00e1 balan\u00e7ou as redes quatro vezes. A lideran\u00e7a e a efici\u00eancia ofensiva do camisa 6 t\u00eam sido um diferencial para o clube, que participa de sua primeira S\u00e9rie A.<\/p>\n\n\n\n<p>\u201cO que mais me orgulha \u00e9 ajudar equipes que muitos duvidam. J\u00e1 fiz isso antes e, com toda a certeza, farei novamente aqui\u201d, declarou o atleta. A fala reflete sua trajet\u00f3ria marcada por regularidade e protagonismo, mesmo atuando em clubes de diferentes tamanhos e proje\u00e7\u00f5es no cen\u00e1rio nacional.<\/p>\n\n\n\n<p>Ali\u00e1s, Reinaldo tamb\u00e9m ostenta o posto de artilheiro do Mirassol na competi\u00e7\u00e3o, al\u00e9m de ser o jogador do elenco com mais apari\u00e7\u00f5es no torneio nacional. Sua presen\u00e7a em campo representa n\u00e3o apenas experi\u00eancia, mas tamb\u00e9m produtividade.<\/p>\n\n\n\n<p>O pr\u00f3ximo desafio do Mirassol ser\u00e1 contra o Corinthians, no s\u00e1bado (10), \u00e0s 18h30 (hor\u00e1rio de Bras\u00edlia), no Est\u00e1dio Mai\u00e3o. A expectativa gira em torno da manuten\u00e7\u00e3o do bom momento da equipe e da continuidade do desempenho consistente de Reinaldo.<\/p>\n","protected":false},"excerpt":{"rendered":"<p>O lateral-esquerdo Reinaldo tem sido pe\u00e7a-chave do Mirassol na atual edi\u00e7\u00e3o do Campeonato Brasileiro. Aos 35 anos, o jogador, que passou por clubes como S\u00e3o Paulo e Gr\u00eamio, atingiu uma marca expressiva ao liderar o ranking hist\u00f3rico de laterais com mais participa\u00e7\u00f5es em gols na S\u00e9rie A desde o in\u00edcio da era dos pontos corridos, [&hellip;]<\/p>\n","protected":false},"author":18,"featured_media":262007,"comment_status":"open","ping_status":"closed","sticky":false,"template":"","format":"standard","meta":{"footnotes":""},"categories":[520],"tags":[],"class_list":["post-262004","post","type-post","status-publish","format-standard","has-post-thumbnail","hentry","category-mirassol"],"yoast_head":"<!-- This site is optimized with the Yoast SEO Premium plugin v24.2 (Yoast SEO v26.9) - https:\/\/yoast.com\/product\/yoast-seo-premium-wordpress\/ -->\n<title>Mirassol: Reinaldo alcan\u00e7a feito in\u00e9dito e lidera ranking do Brasileir\u00e3o<\/title>\n<meta name=\"robots\" content=\"index, follow, max-snippet:-1, max-image-preview:large, max-video-preview:-1\" \/>\n<link rel=\"canonical\" href=\"https:\/\/www.gaveanews.com\/index.php\/2025\/05\/13\/mirassol-reinaldo-alcanca-feito-inedito-e-lidera-ranking-do-brasileirao\/\" \/>\n<meta property=\"og:locale\" content=\"pt_BR\" \/>\n<meta property=\"og:type\" content=\"article\" \/>\n<meta property=\"og:title\" content=\"Mirassol: Reinaldo alcan\u00e7a feito in\u00e9dito e lidera ranking do Brasileir\u00e3o\" \/>\n<meta property=\"og:description\" content=\"O lateral-esquerdo Reinaldo tem sido pe\u00e7a-chave do Mirassol na atual edi\u00e7\u00e3o do Campeonato Brasileiro. Aos 35 anos, o jogador, que passou por clubes como S\u00e3o Paulo e Gr\u00eamio, atingiu uma marca expressiva ao liderar o ranking hist\u00f3rico de laterais com mais participa\u00e7\u00f5es em gols na S\u00e9rie A desde o in\u00edcio da era dos pontos corridos, [&hellip;]\" \/>\n<meta property=\"og:url\" content=\"https:\/\/www.gaveanews.com\/index.php\/2025\/05\/13\/mirassol-reinaldo-alcanca-feito-inedito-e-lidera-ranking-do-brasileirao\/\" \/>\n<meta property=\"og:site_name\" content=\"G\u00e1vea News\" \/>\n<meta property=\"article:publisher\" content=\"https:\/\/facebook.com\/gaveaNews\/\" \/>\n<meta property=\"article:published_time\" content=\"2025-05-13T13:00:45+00:00\" \/>\n<meta property=\"og:image\" content=\"https:\/\/www.gaveanews.com\/wp-content\/uploads\/Reinaldo-pelo-Mirassol.webp\" \/>\n\t<meta property=\"og:image:width\" content=\"1200\" \/>\n\t<meta property=\"og:image:height\" content=\"900\" \/>\n\t<meta property=\"og:image:type\" content=\"image\/webp\" \/>\n<meta name=\"author\" content=\"Paula Silva\" \/>\n<meta name=\"twitter:card\" content=\"summary_large_image\" \/>\n<meta name=\"twitter:label1\" content=\"Escrito por\" \/>\n\t<meta name=\"twitter:data1\" content=\"Paula Silva\" \/>\n\t<meta name=\"twitter:label2\" content=\"Est. tempo de leitura\" \/>\n\t<meta name=\"twitter:data2\" content=\"2 minutos\" \/>\n<script type=\"application\/ld+json\" class=\"yoast-schema-graph\">{\"@context\":\"https:\/\/schema.org\",\"@graph\":[{\"@type\":\"NewsArticle\",\"@id\":\"https:\/\/www.gaveanews.com\/index.php\/2025\/05\/13\/mirassol-reinaldo-alcanca-feito-inedito-e-lidera-ranking-do-brasileirao\/#article\",\"isPartOf\":{\"@id\":\"https:\/\/www.gaveanews.com\/index.php\/2025\/05\/13\/mirassol-reinaldo-alcanca-feito-inedito-e-lidera-ranking-do-brasileirao\/\"},\"author\":{\"name\":\"Paula Silva\",\"@id\":\"https:\/\/www.gaveanews.com\/#\/schema\/person\/daf63eec72e1164eb13dc35096c2b8da\"},\"headline\":\"Mirassol: Reinaldo alcan\u00e7a feito in\u00e9dito e lidera ranking do Brasileir\u00e3o\",\"datePublished\":\"2025-05-13T13:00:45+00:00\",\"mainEntityOfPage\":{\"@id\":\"https:\/\/www.gaveanews.com\/index.php\/2025\/05\/13\/mirassol-reinaldo-alcanca-feito-inedito-e-lidera-ranking-do-brasileirao\/\"},\"wordCount\":351,\"commentCount\":0,\"image\":{\"@id\":\"https:\/\/www.gaveanews.com\/index.php\/2025\/05\/13\/mirassol-reinaldo-alcanca-feito-inedito-e-lidera-ranking-do-brasileirao\/#primaryimage\"},\"thumbnailUrl\":\"https:\/\/www.gaveanews.com\/wp-content\/uploads\/Reinaldo-pelo-Mirassol.webp\",\"articleSection\":[\"Mirassol\"],\"inLanguage\":\"pt-BR\",\"potentialAction\":[{\"@type\":\"CommentAction\",\"name\":\"Comment\",\"target\":[\"https:\/\/www.gaveanews.com\/index.php\/2025\/05\/13\/mirassol-reinaldo-alcanca-feito-inedito-e-lidera-ranking-do-brasileirao\/#respond\"]}],\"copyrightYear\":\"2025\",\"copyrightHolder\":{\"@id\":\"https:\/\/www.gaveanews.com\/#organization\"}},{\"@type\":\"WebPage\",\"@id\":\"https:\/\/www.gaveanews.com\/index.php\/2025\/05\/13\/mirassol-reinaldo-alcanca-feito-inedito-e-lidera-ranking-do-brasileirao\/\",\"url\":\"https:\/\/www.gaveanews.com\/index.php\/2025\/05\/13\/mirassol-reinaldo-alcanca-feito-inedito-e-lidera-ranking-do-brasileirao\/\",\"name\":\"Mirassol: Reinaldo alcan\u00e7a feito in\u00e9dito e lidera ranking do Brasileir\u00e3o\",\"isPartOf\":{\"@id\":\"https:\/\/www.gaveanews.com\/#website\"},\"primaryImageOfPage\":{\"@id\":\"https:\/\/www.gaveanews.com\/index.php\/2025\/05\/13\/mirassol-reinaldo-alcanca-feito-inedito-e-lidera-ranking-do-brasileirao\/#primaryimage\"},\"image\":{\"@id\":\"https:\/\/www.gaveanews.com\/index.php\/2025\/05\/13\/mirassol-reinaldo-alcanca-feito-inedito-e-lidera-ranking-do-brasileirao\/#primaryimage\"},\"thumbnailUrl\":\"https:\/\/www.gaveanews.com\/wp-content\/uploads\/Reinaldo-pelo-Mirassol.webp\",\"datePublished\":\"2025-05-13T13:00:45+00:00\",\"author\":{\"@id\":\"https:\/\/www.gaveanews.com\/#\/schema\/person\/daf63eec72e1164eb13dc35096c2b8da\"},\"breadcrumb\":{\"@id\":\"https:\/\/www.gaveanews.com\/index.php\/2025\/05\/13\/mirassol-reinaldo-alcanca-feito-inedito-e-lidera-ranking-do-brasileirao\/#breadcrumb\"},\"inLanguage\":\"pt-BR\",\"potentialAction\":[{\"@type\":\"ReadAction\",\"target\":[\"https:\/\/www.gaveanews.com\/index.php\/2025\/05\/13\/mirassol-reinaldo-alcanca-feito-inedito-e-lidera-ranking-do-brasileirao\/\"]}]},{\"@type\":\"ImageObject\",\"inLanguage\":\"pt-BR\",\"@id\":\"https:\/\/www.gaveanews.com\/index.php\/2025\/05\/13\/mirassol-reinaldo-alcanca-feito-inedito-e-lidera-ranking-do-brasileirao\/#primaryimage\",\"url\":\"https:\/\/www.gaveanews.com\/wp-content\/uploads\/Reinaldo-pelo-Mirassol.webp\",\"contentUrl\":\"https:\/\/www.gaveanews.com\/wp-content\/uploads\/Reinaldo-pelo-Mirassol.webp\",\"width\":1200,\"height\":900,\"caption\":\"Reinaldo pelo Mirassol (Foto: Divulga\u00e7\u00e3o\/Mirassol)\"},{\"@type\":\"BreadcrumbList\",\"@id\":\"https:\/\/www.gaveanews.com\/index.php\/2025\/05\/13\/mirassol-reinaldo-alcanca-feito-inedito-e-lidera-ranking-do-brasileirao\/#breadcrumb\",\"itemListElement\":[{\"@type\":\"ListItem\",\"position\":1,\"name\":\"Home\",\"item\":\"https:\/\/www.gaveanews.com\/\"},{\"@type\":\"ListItem\",\"position\":2,\"name\":\"Mirassol: Reinaldo alcan\u00e7a feito in\u00e9dito e lidera ranking do Brasileir\u00e3o\"}]},{\"@type\":\"WebSite\",\"@id\":\"https:\/\/www.gaveanews.com\/#website\",\"url\":\"https:\/\/www.gaveanews.com\/\",\"name\":\"G\u00e1vea News\",\"description\":\"Veja todas as not\u00edcias sobre o Flamengo: Contrata\u00e7\u00f5es, categorias de base, resultados das partidas, tabela de classifica\u00e7\u00e3o, pr\u00f3ximos jogos!\",\"potentialAction\":[{\"@type\":\"SearchAction\",\"target\":{\"@type\":\"EntryPoint\",\"urlTemplate\":\"https:\/\/www.gaveanews.com\/?s={search_term_string}\"},\"query-input\":{\"@type\":\"PropertyValueSpecification\",\"valueRequired\":true,\"valueName\":\"search_term_string\"}}],\"inLanguage\":\"pt-BR\"},{\"@type\":\"Person\",\"@id\":\"https:\/\/www.gaveanews.com\/#\/schema\/person\/daf63eec72e1164eb13dc35096c2b8da\",\"name\":\"Paula Silva\",\"image\":{\"@type\":\"ImageObject\",\"inLanguage\":\"pt-BR\",\"@id\":\"https:\/\/www.gaveanews.com\/#\/schema\/person\/image\/\",\"url\":\"https:\/\/secure.gravatar.com\/avatar\/eda381c845527cc5d64c13b901833cda29d97500ba040d3e6461f76f51d163bb?s=96&d=mm&r=g\",\"contentUrl\":\"https:\/\/secure.gravatar.com\/avatar\/eda381c845527cc5d64c13b901833cda29d97500ba040d3e6461f76f51d163bb?s=96&d=mm&r=g\",\"caption\":\"Paula Silva\"}}]}<\/script>\n<!-- \/ Yoast SEO Premium plugin. -->","yoast_head_json":{"title":"Mirassol: Reinaldo alcan\u00e7a feito in\u00e9dito e lidera ranking do Brasileir\u00e3o","robots":{"index":"index","follow":"follow","max-snippet":"max-snippet:-1","max-image-preview":"max-image-preview:large","max-video-preview":"max-video-preview:-1"},"canonical":"https:\/\/www.gaveanews.com\/index.php\/2025\/05\/13\/mirassol-reinaldo-alcanca-feito-inedito-e-lidera-ranking-do-brasileirao\/","og_locale":"pt_BR","og_type":"article","og_title":"Mirassol: Reinaldo alcan\u00e7a feito in\u00e9dito e lidera ranking do Brasileir\u00e3o","og_description":"O lateral-esquerdo Reinaldo tem sido pe\u00e7a-chave do Mirassol na atual edi\u00e7\u00e3o do Campeonato Brasileiro. Aos 35 anos, o jogador, que passou por clubes como S\u00e3o Paulo e Gr\u00eamio, atingiu uma marca expressiva ao liderar o ranking hist\u00f3rico de laterais com mais participa\u00e7\u00f5es em gols na S\u00e9rie A desde o in\u00edcio da era dos pontos corridos, [&hellip;]","og_url":"https:\/\/www.gaveanews.com\/index.php\/2025\/05\/13\/mirassol-reinaldo-alcanca-feito-inedito-e-lidera-ranking-do-brasileirao\/","og_site_name":"G\u00e1vea News","article_publisher":"https:\/\/facebook.com\/gaveaNews\/","article_published_time":"2025-05-13T13:00:45+00:00","og_image":[{"width":1200,"height":900,"url":"https:\/\/www.gaveanews.com\/wp-content\/uploads\/Reinaldo-pelo-Mirassol.webp","type":"image\/webp"}],"author":"Paula Silva","twitter_card":"summary_large_image","twitter_misc":{"Escrito por":"Paula Silva","Est. tempo de leitura":"2 minutos"},"schema":{"@context":"https:\/\/schema.org","@graph":[{"@type":"NewsArticle","@id":"https:\/\/www.gaveanews.com\/index.php\/2025\/05\/13\/mirassol-reinaldo-alcanca-feito-inedito-e-lidera-ranking-do-brasileirao\/#article","isPartOf":{"@id":"https:\/\/www.gaveanews.com\/index.php\/2025\/05\/13\/mirassol-reinaldo-alcanca-feito-inedito-e-lidera-ranking-do-brasileirao\/"},"author":{"name":"Paula Silva","@id":"https:\/\/www.gaveanews.com\/#\/schema\/person\/daf63eec72e1164eb13dc35096c2b8da"},"headline":"Mirassol: Reinaldo alcan\u00e7a feito in\u00e9dito e lidera ranking do Brasileir\u00e3o","datePublished":"2025-05-13T13:00:45+00:00","mainEntityOfPage":{"@id":"https:\/\/www.gaveanews.com\/index.php\/2025\/05\/13\/mirassol-reinaldo-alcanca-feito-inedito-e-lidera-ranking-do-brasileirao\/"},"wordCount":351,"commentCount":0,"image":{"@id":"https:\/\/www.gaveanews.com\/index.php\/2025\/05\/13\/mirassol-reinaldo-alcanca-feito-inedito-e-lidera-ranking-do-brasileirao\/#primaryimage"},"thumbnailUrl":"https:\/\/www.gaveanews.com\/wp-content\/uploads\/Reinaldo-pelo-Mirassol.webp","articleSection":["Mirassol"],"inLanguage":"pt-BR","potentialAction":[{"@type":"CommentAction","name":"Comment","target":["https:\/\/www.gaveanews.com\/index.php\/2025\/05\/13\/mirassol-reinaldo-alcanca-feito-inedito-e-lidera-ranking-do-brasileirao\/#respond"]}],"copyrightYear":"2025","copyrightHolder":{"@id":"https:\/\/www.gaveanews.com\/#organization"}},{"@type":"WebPage","@id":"https:\/\/www.gaveanews.com\/index.php\/2025\/05\/13\/mirassol-reinaldo-alcanca-feito-inedito-e-lidera-ranking-do-brasileirao\/","url":"https:\/\/www.gaveanews.com\/index.php\/2025\/05\/13\/mirassol-reinaldo-alcanca-feito-inedito-e-lidera-ranking-do-brasileirao\/","name":"Mirassol: Reinaldo alcan\u00e7a feito in\u00e9dito e lidera ranking do Brasileir\u00e3o","isPartOf":{"@id":"https:\/\/www.gaveanews.com\/#website"},"primaryImageOfPage":{"@id":"https:\/\/www.gaveanews.com\/index.php\/2025\/05\/13\/mirassol-reinaldo-alcanca-feito-inedito-e-lidera-ranking-do-brasileirao\/#primaryimage"},"image":{"@id":"https:\/\/www.gaveanews.com\/index.php\/2025\/05\/13\/mirassol-reinaldo-alcanca-feito-inedito-e-lidera-ranking-do-brasileirao\/#primaryimage"},"thumbnailUrl":"https:\/\/www.gaveanews.com\/wp-content\/uploads\/Reinaldo-pelo-Mirassol.webp","datePublished":"2025-05-13T13:00:45+00:00","author":{"@id":"https:\/\/www.gaveanews.com\/#\/schema\/person\/daf63eec72e1164eb13dc35096c2b8da"},"breadcrumb":{"@id":"https:\/\/www.gaveanews.com\/index.php\/2025\/05\/13\/mirassol-reinaldo-alcanca-feito-inedito-e-lidera-ranking-do-brasileirao\/#breadcrumb"},"inLanguage":"pt-BR","potentialAction":[{"@type":"ReadAction","target":["https:\/\/www.gaveanews.com\/index.php\/2025\/05\/13\/mirassol-reinaldo-alcanca-feito-inedito-e-lidera-ranking-do-brasileirao\/"]}]},{"@type":"ImageObject","inLanguage":"pt-BR","@id":"https:\/\/www.gaveanews.com\/index.php\/2025\/05\/13\/mirassol-reinaldo-alcanca-feito-inedito-e-lidera-ranking-do-brasileirao\/#primaryimage","url":"https:\/\/www.gaveanews.com\/wp-content\/uploads\/Reinaldo-pelo-Mirassol.webp","contentUrl":"https:\/\/www.gaveanews.com\/wp-content\/uploads\/Reinaldo-pelo-Mirassol.webp","width":1200,"height":900,"caption":"Reinaldo pelo Mirassol (Foto: Divulga\u00e7\u00e3o\/Mirassol)"},{"@type":"BreadcrumbList","@id":"https:\/\/www.gaveanews.com\/index.php\/2025\/05\/13\/mirassol-reinaldo-alcanca-feito-inedito-e-lidera-ranking-do-brasileirao\/#breadcrumb","itemListElement":[{"@type":"ListItem","position":1,"name":"Home","item":"https:\/\/www.gaveanews.com\/"},{"@type":"ListItem","position":2,"name":"Mirassol: Reinaldo alcan\u00e7a feito in\u00e9dito e lidera ranking do Brasileir\u00e3o"}]},{"@type":"WebSite","@id":"https:\/\/www.gaveanews.com\/#website","url":"https:\/\/www.gaveanews.com\/","name":"G\u00e1vea News","description":"Veja todas as not\u00edcias sobre o Flamengo: Contrata\u00e7\u00f5es, categorias de base, resultados das partidas, tabela de classifica\u00e7\u00e3o, pr\u00f3ximos jogos!","potentialAction":[{"@type":"SearchAction","target":{"@type":"EntryPoint","urlTemplate":"https:\/\/www.gaveanews.com\/?s={search_term_string}"},"query-input":{"@type":"PropertyValueSpecification","valueRequired":true,"valueName":"search_term_string"}}],"inLanguage":"pt-BR"},{"@type":"Person","@id":"https:\/\/www.gaveanews.com\/#\/schema\/person\/daf63eec72e1164eb13dc35096c2b8da","name":"Paula Silva","image":{"@type":"ImageObject","inLanguage":"pt-BR","@id":"https:\/\/www.gaveanews.com\/#\/schema\/person\/image\/","url":"https:\/\/secure.gravatar.com\/avatar\/eda381c845527cc5d64c13b901833cda29d97500ba040d3e6461f76f51d163bb?s=96&d=mm&r=g","contentUrl":"https:\/\/secure.gravatar.com\/avatar\/eda381c845527cc5d64c13b901833cda29d97500ba040d3e6461f76f51d163bb?s=96&d=mm&r=g","caption":"Paula Silva"}}]}},"_links":{"self":[{"href":"https:\/\/www.gaveanews.com\/index.php\/wp-json\/wp\/v2\/posts\/262004","targetHints":{"allow":["GET"]}}],"collection":[{"href":"https:\/\/www.gaveanews.com\/index.php\/wp-json\/wp\/v2\/posts"}],"about":[{"href":"https:\/\/www.gaveanews.com\/index.php\/wp-json\/wp\/v2\/types\/post"}],"author":[{"embeddable":true,"href":"https:\/\/www.gaveanews.com\/index.php\/wp-json\/wp\/v2\/users\/18"}],"replies":[{"embeddable":true,"href":"https:\/\/www.gaveanews.com\/index.php\/wp-json\/wp\/v2\/comments?post=262004"}],"version-history":[{"count":1,"href":"https:\/\/www.gaveanews.com\/index.php\/wp-json\/wp\/v2\/posts\/262004\/revisions"}],"predecessor-version":[{"id":262009,"href":"https:\/\/www.gaveanews.com\/index.php\/wp-json\/wp\/v2\/posts\/262004\/revisions\/262009"}],"wp:featuredmedia":[{"embeddable":true,"href":"https:\/\/www.gaveanews.com\/index.php\/wp-json\/wp\/v2\/media\/262007"}],"wp:attachment":[{"href":"https:\/\/www.gaveanews.com\/index.php\/wp-json\/wp\/v2\/media?parent=262004"}],"wp:term":[{"taxonomy":"category","embeddable":true,"href":"https:\/\/www.gaveanews.com\/index.php\/wp-json\/wp\/v2\/categories?post=262004"},{"taxonomy":"post_tag","embeddable":true,"href":"https:\/\/www.gaveanews.com\/index.php\/wp-json\/wp\/v2\/tags?post=262004"}],"curies":[{"name":"wp","href":"https:\/\/api.w.org\/{rel}","templated":true}]}}