{"id":262085,"date":"2025-05-08T22:50:13","date_gmt":"2025-05-09T01:50:13","guid":{"rendered":"https:\/\/www.gaveanews.com\/?p=262085"},"modified":"2025-05-08T22:21:44","modified_gmt":"2025-05-09T01:21:44","slug":"conmebol-toma-atitude-importante-apos-caso-de-racismo-em-palmeiras-x-cerro-porteno","status":"publish","type":"post","link":"https:\/\/www.gaveanews.com\/index.php\/2025\/05\/08\/conmebol-toma-atitude-importante-apos-caso-de-racismo-em-palmeiras-x-cerro-porteno\/","title":{"rendered":"Conmebol toma atitude importante ap\u00f3s caso de racismo em Palmeiras x Cerro Porte\u00f1o"},"content":{"rendered":"\n<p>A Confedera\u00e7\u00e3o Sul-Americana de Futebol (Conmebol) anunciou nesta quinta-feira (08) a abertura de um procedimento disciplinar contra o Cerro Porte\u00f1o, ap\u00f3s torcedores do clube paraguaio protagonizarem epis\u00f3dios de racismo durante partida v\u00e1lida pela Conmebol Libertadores. O confronto, vencido pelo Palmeiras por 2 a 0, ocorreu na quarta-feira (07), no est\u00e1dio Nueva Olla, em Assun\u00e7\u00e3o.<\/p>\n\n\n\n<p>Durante o jogo, ao menos tr\u00eas epis\u00f3dios de cunho racista foram registrados nas arquibancadas. Um torcedor foi flagrado imitando um macaco, enquanto outro vestia uma camisa com estampa semelhante ao animal. Al\u00e9m disso, um terceiro indiv\u00edduo foi filmado esfregando a pele do bra\u00e7o de maneira ofensiva. As imagens foram captadas por um torcedor palmeirense e por um funcion\u00e1rio do clube, sendo amplamente divulgadas nas redes sociais.<\/p>\n\n\n\n<p>Em nota oficial divulgada ainda na madrugada, o Palmeiras expressou indigna\u00e7\u00e3o com a repeti\u00e7\u00e3o dos ataques racistas, destacando que esta foi a quarta ocorr\u00eancia envolvendo torcedores do Cerro Porte\u00f1o desde 2022. O clube paulista questionou diretamente a efetividade das san\u00e7\u00f5es anteriores e a postura adotada pelas autoridades paraguaias, que, segundo o texto, t\u00eam sido omissas diante da gravidade dos atos.<\/p>\n\n\n\n<p>Anteriormente, o Cerro Porte\u00f1o j\u00e1 havia sido punido por condutas semelhantes, inclusive na Libertadores Sub-20, tamb\u00e9m realizada no Paraguai. Na ocasi\u00e3o, a Conmebol aplicou multa e determinou jogos com port\u00f5es fechados, al\u00e9m de exigir uma campanha antirracismo nas redes sociais do clube.<\/p>\n\n\n\n<p>Apesar das penalidades, os comportamentos discriminat\u00f3rios persistiram. Em um outro epis\u00f3dio recente, ocorrido no Peru contra o Sporting Cristal, torcedores voltaram a praticar gestos racistas diante da torcida do Palmeiras, evidenciando a fragilidade das medidas punitivas.<\/p>\n\n\n\n<p>O clube paulista ressaltou que, diferentemente do Cerro, puniu com celeridade um torcedor que, anteriormente, cometeu ato racista contra dirigentes paraguaios, aplicando san\u00e7\u00f5es esportivas e legais. O Palmeiras refor\u00e7ou que &#8220;racismo n\u00e3o \u00e9 provoca\u00e7\u00e3o, \u00e9 crime&#8221;, e exigiu a\u00e7\u00f5es concretas para coibir a reincid\u00eancia.<\/p>\n","protected":false},"excerpt":{"rendered":"<p>A Confedera\u00e7\u00e3o Sul-Americana de Futebol (Conmebol) anunciou nesta quinta-feira (08) a abertura de um procedimento disciplinar contra o Cerro Porte\u00f1o, ap\u00f3s torcedores do clube paraguaio protagonizarem epis\u00f3dios de racismo durante partida v\u00e1lida pela Conmebol Libertadores. O confronto, vencido pelo Palmeiras por 2 a 0, ocorreu na quarta-feira (07), no est\u00e1dio Nueva Olla, em Assun\u00e7\u00e3o. Durante [&hellip;]<\/p>\n","protected":false},"author":18,"featured_media":14851,"comment_status":"open","ping_status":"closed","sticky":false,"template":"","format":"standard","meta":{"footnotes":""},"categories":[150],"tags":[],"class_list":["post-262085","post","type-post","status-publish","format-standard","has-post-thumbnail","hentry","category-palmeiras"],"yoast_head":"<!-- This site is optimized with the Yoast SEO Premium plugin v24.2 (Yoast SEO v26.9) - https:\/\/yoast.com\/product\/yoast-seo-premium-wordpress\/ -->\n<title>Conmebol toma atitude importante ap\u00f3s caso de racismo em Palmeiras x Cerro Porte\u00f1o<\/title>\n<meta name=\"robots\" content=\"index, follow, max-snippet:-1, max-image-preview:large, max-video-preview:-1\" \/>\n<link rel=\"canonical\" href=\"https:\/\/www.gaveanews.com\/index.php\/2025\/05\/08\/conmebol-toma-atitude-importante-apos-caso-de-racismo-em-palmeiras-x-cerro-porteno\/\" \/>\n<meta property=\"og:locale\" content=\"pt_BR\" \/>\n<meta property=\"og:type\" content=\"article\" \/>\n<meta property=\"og:title\" content=\"Conmebol toma atitude importante ap\u00f3s caso de racismo em Palmeiras x Cerro Porte\u00f1o\" \/>\n<meta property=\"og:description\" content=\"A Confedera\u00e7\u00e3o Sul-Americana de Futebol (Conmebol) anunciou nesta quinta-feira (08) a abertura de um procedimento disciplinar contra o Cerro Porte\u00f1o, ap\u00f3s torcedores do clube paraguaio protagonizarem epis\u00f3dios de racismo durante partida v\u00e1lida pela Conmebol Libertadores. O confronto, vencido pelo Palmeiras por 2 a 0, ocorreu na quarta-feira (07), no est\u00e1dio Nueva Olla, em Assun\u00e7\u00e3o. Durante [&hellip;]\" \/>\n<meta property=\"og:url\" content=\"https:\/\/www.gaveanews.com\/index.php\/2025\/05\/08\/conmebol-toma-atitude-importante-apos-caso-de-racismo-em-palmeiras-x-cerro-porteno\/\" \/>\n<meta property=\"og:site_name\" content=\"G\u00e1vea News\" \/>\n<meta property=\"article:publisher\" content=\"https:\/\/facebook.com\/gaveaNews\/\" \/>\n<meta property=\"article:published_time\" content=\"2025-05-09T01:50:13+00:00\" \/>\n<meta property=\"og:image\" content=\"https:\/\/www.gaveanews.com\/wp-content\/uploads\/2019\/03\/Taca-da-Copa-Libertadores-da-America.webp\" \/>\n\t<meta property=\"og:image:width\" content=\"1\" \/>\n\t<meta property=\"og:image:height\" content=\"1\" \/>\n\t<meta property=\"og:image:type\" content=\"image\/jpeg\" \/>\n<meta name=\"author\" content=\"Paula Silva\" \/>\n<meta name=\"twitter:card\" content=\"summary_large_image\" \/>\n<meta name=\"twitter:label1\" content=\"Escrito por\" \/>\n\t<meta name=\"twitter:data1\" content=\"Paula Silva\" \/>\n\t<meta name=\"twitter:label2\" content=\"Est. tempo de leitura\" \/>\n\t<meta name=\"twitter:data2\" content=\"2 minutos\" \/>\n<script type=\"application\/ld+json\" class=\"yoast-schema-graph\">{\"@context\":\"https:\/\/schema.org\",\"@graph\":[{\"@type\":\"NewsArticle\",\"@id\":\"https:\/\/www.gaveanews.com\/index.php\/2025\/05\/08\/conmebol-toma-atitude-importante-apos-caso-de-racismo-em-palmeiras-x-cerro-porteno\/#article\",\"isPartOf\":{\"@id\":\"https:\/\/www.gaveanews.com\/index.php\/2025\/05\/08\/conmebol-toma-atitude-importante-apos-caso-de-racismo-em-palmeiras-x-cerro-porteno\/\"},\"author\":{\"name\":\"Paula Silva\",\"@id\":\"https:\/\/www.gaveanews.com\/#\/schema\/person\/daf63eec72e1164eb13dc35096c2b8da\"},\"headline\":\"Conmebol toma atitude importante ap\u00f3s caso de racismo em Palmeiras x Cerro Porte\u00f1o\",\"datePublished\":\"2025-05-09T01:50:13+00:00\",\"mainEntityOfPage\":{\"@id\":\"https:\/\/www.gaveanews.com\/index.php\/2025\/05\/08\/conmebol-toma-atitude-importante-apos-caso-de-racismo-em-palmeiras-x-cerro-porteno\/\"},\"wordCount\":342,\"commentCount\":0,\"image\":{\"@id\":\"https:\/\/www.gaveanews.com\/index.php\/2025\/05\/08\/conmebol-toma-atitude-importante-apos-caso-de-racismo-em-palmeiras-x-cerro-porteno\/#primaryimage\"},\"thumbnailUrl\":\"https:\/\/www.gaveanews.com\/wp-content\/uploads\/2019\/03\/Taca-da-Copa-Libertadores-da-America.webp\",\"articleSection\":[\"Palmeiras\"],\"inLanguage\":\"pt-BR\",\"potentialAction\":[{\"@type\":\"CommentAction\",\"name\":\"Comment\",\"target\":[\"https:\/\/www.gaveanews.com\/index.php\/2025\/05\/08\/conmebol-toma-atitude-importante-apos-caso-de-racismo-em-palmeiras-x-cerro-porteno\/#respond\"]}],\"copyrightYear\":\"2025\",\"copyrightHolder\":{\"@id\":\"https:\/\/www.gaveanews.com\/#organization\"}},{\"@type\":\"WebPage\",\"@id\":\"https:\/\/www.gaveanews.com\/index.php\/2025\/05\/08\/conmebol-toma-atitude-importante-apos-caso-de-racismo-em-palmeiras-x-cerro-porteno\/\",\"url\":\"https:\/\/www.gaveanews.com\/index.php\/2025\/05\/08\/conmebol-toma-atitude-importante-apos-caso-de-racismo-em-palmeiras-x-cerro-porteno\/\",\"name\":\"Conmebol toma atitude importante ap\u00f3s caso de racismo em Palmeiras x Cerro Porte\u00f1o\",\"isPartOf\":{\"@id\":\"https:\/\/www.gaveanews.com\/#website\"},\"primaryImageOfPage\":{\"@id\":\"https:\/\/www.gaveanews.com\/index.php\/2025\/05\/08\/conmebol-toma-atitude-importante-apos-caso-de-racismo-em-palmeiras-x-cerro-porteno\/#primaryimage\"},\"image\":{\"@id\":\"https:\/\/www.gaveanews.com\/index.php\/2025\/05\/08\/conmebol-toma-atitude-importante-apos-caso-de-racismo-em-palmeiras-x-cerro-porteno\/#primaryimage\"},\"thumbnailUrl\":\"https:\/\/www.gaveanews.com\/wp-content\/uploads\/2019\/03\/Taca-da-Copa-Libertadores-da-America.webp\",\"datePublished\":\"2025-05-09T01:50:13+00:00\",\"author\":{\"@id\":\"https:\/\/www.gaveanews.com\/#\/schema\/person\/daf63eec72e1164eb13dc35096c2b8da\"},\"breadcrumb\":{\"@id\":\"https:\/\/www.gaveanews.com\/index.php\/2025\/05\/08\/conmebol-toma-atitude-importante-apos-caso-de-racismo-em-palmeiras-x-cerro-porteno\/#breadcrumb\"},\"inLanguage\":\"pt-BR\",\"potentialAction\":[{\"@type\":\"ReadAction\",\"target\":[\"https:\/\/www.gaveanews.com\/index.php\/2025\/05\/08\/conmebol-toma-atitude-importante-apos-caso-de-racismo-em-palmeiras-x-cerro-porteno\/\"]}]},{\"@type\":\"ImageObject\",\"inLanguage\":\"pt-BR\",\"@id\":\"https:\/\/www.gaveanews.com\/index.php\/2025\/05\/08\/conmebol-toma-atitude-importante-apos-caso-de-racismo-em-palmeiras-x-cerro-porteno\/#primaryimage\",\"url\":\"https:\/\/www.gaveanews.com\/wp-content\/uploads\/2019\/03\/Taca-da-Copa-Libertadores-da-America.webp\",\"contentUrl\":\"https:\/\/www.gaveanews.com\/wp-content\/uploads\/2019\/03\/Taca-da-Copa-Libertadores-da-America.webp\",\"caption\":\"Ta\u00e7a da Copa Libertadores da Am\u00e9rica (Foto: Divulga\u00e7\u00e3o\/Conmebol)\"},{\"@type\":\"BreadcrumbList\",\"@id\":\"https:\/\/www.gaveanews.com\/index.php\/2025\/05\/08\/conmebol-toma-atitude-importante-apos-caso-de-racismo-em-palmeiras-x-cerro-porteno\/#breadcrumb\",\"itemListElement\":[{\"@type\":\"ListItem\",\"position\":1,\"name\":\"Home\",\"item\":\"https:\/\/www.gaveanews.com\/\"},{\"@type\":\"ListItem\",\"position\":2,\"name\":\"Conmebol toma atitude importante ap\u00f3s caso de racismo em Palmeiras x Cerro Porte\u00f1o\"}]},{\"@type\":\"WebSite\",\"@id\":\"https:\/\/www.gaveanews.com\/#website\",\"url\":\"https:\/\/www.gaveanews.com\/\",\"name\":\"G\u00e1vea News\",\"description\":\"Veja todas as not\u00edcias sobre o Flamengo: Contrata\u00e7\u00f5es, categorias de base, resultados das partidas, tabela de classifica\u00e7\u00e3o, pr\u00f3ximos jogos!\",\"potentialAction\":[{\"@type\":\"SearchAction\",\"target\":{\"@type\":\"EntryPoint\",\"urlTemplate\":\"https:\/\/www.gaveanews.com\/?s={search_term_string}\"},\"query-input\":{\"@type\":\"PropertyValueSpecification\",\"valueRequired\":true,\"valueName\":\"search_term_string\"}}],\"inLanguage\":\"pt-BR\"},{\"@type\":\"Person\",\"@id\":\"https:\/\/www.gaveanews.com\/#\/schema\/person\/daf63eec72e1164eb13dc35096c2b8da\",\"name\":\"Paula Silva\",\"image\":{\"@type\":\"ImageObject\",\"inLanguage\":\"pt-BR\",\"@id\":\"https:\/\/www.gaveanews.com\/#\/schema\/person\/image\/\",\"url\":\"https:\/\/secure.gravatar.com\/avatar\/eda381c845527cc5d64c13b901833cda29d97500ba040d3e6461f76f51d163bb?s=96&d=mm&r=g\",\"contentUrl\":\"https:\/\/secure.gravatar.com\/avatar\/eda381c845527cc5d64c13b901833cda29d97500ba040d3e6461f76f51d163bb?s=96&d=mm&r=g\",\"caption\":\"Paula Silva\"}}]}<\/script>\n<!-- \/ Yoast SEO Premium plugin. -->","yoast_head_json":{"title":"Conmebol toma atitude importante ap\u00f3s caso de racismo em Palmeiras x Cerro Porte\u00f1o","robots":{"index":"index","follow":"follow","max-snippet":"max-snippet:-1","max-image-preview":"max-image-preview:large","max-video-preview":"max-video-preview:-1"},"canonical":"https:\/\/www.gaveanews.com\/index.php\/2025\/05\/08\/conmebol-toma-atitude-importante-apos-caso-de-racismo-em-palmeiras-x-cerro-porteno\/","og_locale":"pt_BR","og_type":"article","og_title":"Conmebol toma atitude importante ap\u00f3s caso de racismo em Palmeiras x Cerro Porte\u00f1o","og_description":"A Confedera\u00e7\u00e3o Sul-Americana de Futebol (Conmebol) anunciou nesta quinta-feira (08) a abertura de um procedimento disciplinar contra o Cerro Porte\u00f1o, ap\u00f3s torcedores do clube paraguaio protagonizarem epis\u00f3dios de racismo durante partida v\u00e1lida pela Conmebol Libertadores. O confronto, vencido pelo Palmeiras por 2 a 0, ocorreu na quarta-feira (07), no est\u00e1dio Nueva Olla, em Assun\u00e7\u00e3o. Durante [&hellip;]","og_url":"https:\/\/www.gaveanews.com\/index.php\/2025\/05\/08\/conmebol-toma-atitude-importante-apos-caso-de-racismo-em-palmeiras-x-cerro-porteno\/","og_site_name":"G\u00e1vea News","article_publisher":"https:\/\/facebook.com\/gaveaNews\/","article_published_time":"2025-05-09T01:50:13+00:00","og_image":[{"url":"https:\/\/www.gaveanews.com\/wp-content\/uploads\/2019\/03\/Taca-da-Copa-Libertadores-da-America.webp","width":1,"height":1,"type":"image\/jpeg"}],"author":"Paula Silva","twitter_card":"summary_large_image","twitter_misc":{"Escrito por":"Paula Silva","Est. tempo de leitura":"2 minutos"},"schema":{"@context":"https:\/\/schema.org","@graph":[{"@type":"NewsArticle","@id":"https:\/\/www.gaveanews.com\/index.php\/2025\/05\/08\/conmebol-toma-atitude-importante-apos-caso-de-racismo-em-palmeiras-x-cerro-porteno\/#article","isPartOf":{"@id":"https:\/\/www.gaveanews.com\/index.php\/2025\/05\/08\/conmebol-toma-atitude-importante-apos-caso-de-racismo-em-palmeiras-x-cerro-porteno\/"},"author":{"name":"Paula Silva","@id":"https:\/\/www.gaveanews.com\/#\/schema\/person\/daf63eec72e1164eb13dc35096c2b8da"},"headline":"Conmebol toma atitude importante ap\u00f3s caso de racismo em Palmeiras x Cerro Porte\u00f1o","datePublished":"2025-05-09T01:50:13+00:00","mainEntityOfPage":{"@id":"https:\/\/www.gaveanews.com\/index.php\/2025\/05\/08\/conmebol-toma-atitude-importante-apos-caso-de-racismo-em-palmeiras-x-cerro-porteno\/"},"wordCount":342,"commentCount":0,"image":{"@id":"https:\/\/www.gaveanews.com\/index.php\/2025\/05\/08\/conmebol-toma-atitude-importante-apos-caso-de-racismo-em-palmeiras-x-cerro-porteno\/#primaryimage"},"thumbnailUrl":"https:\/\/www.gaveanews.com\/wp-content\/uploads\/2019\/03\/Taca-da-Copa-Libertadores-da-America.webp","articleSection":["Palmeiras"],"inLanguage":"pt-BR","potentialAction":[{"@type":"CommentAction","name":"Comment","target":["https:\/\/www.gaveanews.com\/index.php\/2025\/05\/08\/conmebol-toma-atitude-importante-apos-caso-de-racismo-em-palmeiras-x-cerro-porteno\/#respond"]}],"copyrightYear":"2025","copyrightHolder":{"@id":"https:\/\/www.gaveanews.com\/#organization"}},{"@type":"WebPage","@id":"https:\/\/www.gaveanews.com\/index.php\/2025\/05\/08\/conmebol-toma-atitude-importante-apos-caso-de-racismo-em-palmeiras-x-cerro-porteno\/","url":"https:\/\/www.gaveanews.com\/index.php\/2025\/05\/08\/conmebol-toma-atitude-importante-apos-caso-de-racismo-em-palmeiras-x-cerro-porteno\/","name":"Conmebol toma atitude importante ap\u00f3s caso de racismo em Palmeiras x Cerro Porte\u00f1o","isPartOf":{"@id":"https:\/\/www.gaveanews.com\/#website"},"primaryImageOfPage":{"@id":"https:\/\/www.gaveanews.com\/index.php\/2025\/05\/08\/conmebol-toma-atitude-importante-apos-caso-de-racismo-em-palmeiras-x-cerro-porteno\/#primaryimage"},"image":{"@id":"https:\/\/www.gaveanews.com\/index.php\/2025\/05\/08\/conmebol-toma-atitude-importante-apos-caso-de-racismo-em-palmeiras-x-cerro-porteno\/#primaryimage"},"thumbnailUrl":"https:\/\/www.gaveanews.com\/wp-content\/uploads\/2019\/03\/Taca-da-Copa-Libertadores-da-America.webp","datePublished":"2025-05-09T01:50:13+00:00","author":{"@id":"https:\/\/www.gaveanews.com\/#\/schema\/person\/daf63eec72e1164eb13dc35096c2b8da"},"breadcrumb":{"@id":"https:\/\/www.gaveanews.com\/index.php\/2025\/05\/08\/conmebol-toma-atitude-importante-apos-caso-de-racismo-em-palmeiras-x-cerro-porteno\/#breadcrumb"},"inLanguage":"pt-BR","potentialAction":[{"@type":"ReadAction","target":["https:\/\/www.gaveanews.com\/index.php\/2025\/05\/08\/conmebol-toma-atitude-importante-apos-caso-de-racismo-em-palmeiras-x-cerro-porteno\/"]}]},{"@type":"ImageObject","inLanguage":"pt-BR","@id":"https:\/\/www.gaveanews.com\/index.php\/2025\/05\/08\/conmebol-toma-atitude-importante-apos-caso-de-racismo-em-palmeiras-x-cerro-porteno\/#primaryimage","url":"https:\/\/www.gaveanews.com\/wp-content\/uploads\/2019\/03\/Taca-da-Copa-Libertadores-da-America.webp","contentUrl":"https:\/\/www.gaveanews.com\/wp-content\/uploads\/2019\/03\/Taca-da-Copa-Libertadores-da-America.webp","caption":"Ta\u00e7a da Copa Libertadores da Am\u00e9rica (Foto: Divulga\u00e7\u00e3o\/Conmebol)"},{"@type":"BreadcrumbList","@id":"https:\/\/www.gaveanews.com\/index.php\/2025\/05\/08\/conmebol-toma-atitude-importante-apos-caso-de-racismo-em-palmeiras-x-cerro-porteno\/#breadcrumb","itemListElement":[{"@type":"ListItem","position":1,"name":"Home","item":"https:\/\/www.gaveanews.com\/"},{"@type":"ListItem","position":2,"name":"Conmebol toma atitude importante ap\u00f3s caso de racismo em Palmeiras x Cerro Porte\u00f1o"}]},{"@type":"WebSite","@id":"https:\/\/www.gaveanews.com\/#website","url":"https:\/\/www.gaveanews.com\/","name":"G\u00e1vea News","description":"Veja todas as not\u00edcias sobre o Flamengo: Contrata\u00e7\u00f5es, categorias de base, resultados das partidas, tabela de classifica\u00e7\u00e3o, pr\u00f3ximos jogos!","potentialAction":[{"@type":"SearchAction","target":{"@type":"EntryPoint","urlTemplate":"https:\/\/www.gaveanews.com\/?s={search_term_string}"},"query-input":{"@type":"PropertyValueSpecification","valueRequired":true,"valueName":"search_term_string"}}],"inLanguage":"pt-BR"},{"@type":"Person","@id":"https:\/\/www.gaveanews.com\/#\/schema\/person\/daf63eec72e1164eb13dc35096c2b8da","name":"Paula Silva","image":{"@type":"ImageObject","inLanguage":"pt-BR","@id":"https:\/\/www.gaveanews.com\/#\/schema\/person\/image\/","url":"https:\/\/secure.gravatar.com\/avatar\/eda381c845527cc5d64c13b901833cda29d97500ba040d3e6461f76f51d163bb?s=96&d=mm&r=g","contentUrl":"https:\/\/secure.gravatar.com\/avatar\/eda381c845527cc5d64c13b901833cda29d97500ba040d3e6461f76f51d163bb?s=96&d=mm&r=g","caption":"Paula Silva"}}]}},"_links":{"self":[{"href":"https:\/\/www.gaveanews.com\/index.php\/wp-json\/wp\/v2\/posts\/262085","targetHints":{"allow":["GET"]}}],"collection":[{"href":"https:\/\/www.gaveanews.com\/index.php\/wp-json\/wp\/v2\/posts"}],"about":[{"href":"https:\/\/www.gaveanews.com\/index.php\/wp-json\/wp\/v2\/types\/post"}],"author":[{"embeddable":true,"href":"https:\/\/www.gaveanews.com\/index.php\/wp-json\/wp\/v2\/users\/18"}],"replies":[{"embeddable":true,"href":"https:\/\/www.gaveanews.com\/index.php\/wp-json\/wp\/v2\/comments?post=262085"}],"version-history":[{"count":1,"href":"https:\/\/www.gaveanews.com\/index.php\/wp-json\/wp\/v2\/posts\/262085\/revisions"}],"predecessor-version":[{"id":262089,"href":"https:\/\/www.gaveanews.com\/index.php\/wp-json\/wp\/v2\/posts\/262085\/revisions\/262089"}],"wp:featuredmedia":[{"embeddable":true,"href":"https:\/\/www.gaveanews.com\/index.php\/wp-json\/wp\/v2\/media\/14851"}],"wp:attachment":[{"href":"https:\/\/www.gaveanews.com\/index.php\/wp-json\/wp\/v2\/media?parent=262085"}],"wp:term":[{"taxonomy":"category","embeddable":true,"href":"https:\/\/www.gaveanews.com\/index.php\/wp-json\/wp\/v2\/categories?post=262085"},{"taxonomy":"post_tag","embeddable":true,"href":"https:\/\/www.gaveanews.com\/index.php\/wp-json\/wp\/v2\/tags?post=262085"}],"curies":[{"name":"wp","href":"https:\/\/api.w.org\/{rel}","templated":true}]}}