{"id":262247,"date":"2025-05-09T13:45:00","date_gmt":"2025-05-09T16:45:00","guid":{"rendered":"https:\/\/www.gaveanews.com\/?p=262247"},"modified":"2025-05-09T13:21:53","modified_gmt":"2025-05-09T16:21:53","slug":"a-declaracao-de-neto-direcionada-a-estevao-do-palmeiras-2","status":"publish","type":"post","link":"https:\/\/www.gaveanews.com\/index.php\/2025\/05\/09\/a-declaracao-de-neto-direcionada-a-estevao-do-palmeiras-2\/","title":{"rendered":"A declara\u00e7\u00e3o de Neto direcionada a Est\u00eav\u00e3o, do Palmeiras"},"content":{"rendered":"\n<p>Em recente declara\u00e7\u00e3o, o ex-jogador e atual comentarista esportivo Craque Neto apontou o Chelsea como o clube com maior potencial para se tornar uma nova pot\u00eancia no futebol europeu. Segundo ele, a chegada do jovem atacante Est\u00eav\u00e3o, atualmente no Palmeiras, pode ser determinante para essa ascens\u00e3o do time londrino nas pr\u00f3ximas temporadas.<\/p>\n\n\n\n<p>Durante participa\u00e7\u00e3o na R\u00e1dio Bandeirantes, Neto elogiou com entusiasmo o talento do atleta revelado pelas categorias de base do clube paulista. \u201cO Est\u00eav\u00e3o \u00e9 um craque\u201d, destacou, ressaltando que a presen\u00e7a do atacante no elenco europeu pode elevar significativamente o n\u00edvel ofensivo do Chelsea, especialmente ao lado de Cole Palmer e Jadon Sancho.<\/p>\n\n\n\n<figure class=\"wp-block-image size-full\"><img loading=\"lazy\" decoding=\"async\" width=\"593\" height=\"401\" src=\"http:\/\/www.gaveanews.com\/wp-content\/uploads\/Estevao-pelo-Palmeiras.webp\" alt=\"\" class=\"wp-image-248749\"\/><figcaption class=\"wp-element-caption\">Est\u00eav\u00e3o pelo Palmeiras (Foto: Reprodu\u00e7\u00e3o\/Conmebol)<\/figcaption><\/figure>\n\n\n\n<p>Ali\u00e1s, Neto foi enf\u00e1tico ao avaliar o meia ingl\u00eas. \u201cO Palmer, hoje, \u00e9 o melhor meia-esquerda do mundo. Ningu\u00e9m joga a bola que esse cara joga.\u201d Para ele, a combina\u00e7\u00e3o entre Est\u00eav\u00e3o, Palmer e Sancho tem tudo para formar um dos ataques mais competitivos do continente. \u201cSancho com o Est\u00eav\u00e3o\u2026 meu Deus! Segura o Chelsea na Liga dos Campe\u00f5es\u201d, completou o comentarista.<\/p>\n\n\n\n<p>Contudo, o ex-jogador tamb\u00e9m manifestou preocupa\u00e7\u00e3o com a perda do talento para o futebol brasileiro. A sa\u00edda precoce de Est\u00eav\u00e3o, mesmo compreens\u00edvel do ponto de vista financeiro, representa uma lacuna t\u00e9cnica e simb\u00f3lica para o Palmeiras e para o cen\u00e1rio nacional. \u201c\u00c9 duro perder um moleque como esse. Eu entendo perfeitamente o Palmeiras\u2026 mas \u00e9 duro para n\u00f3s. N\u00e3o teve jeito\u201d, lamentou.<\/p>\n\n\n\n<p>Antes da transfer\u00eancia se concretizar, Neto ainda sugeriu uma homenagem para marcar a despedida do jovem atacante. Conforme sua proposta, o Palmeiras deveria produzir uma camisa especial em alus\u00e3o \u00e0 trajet\u00f3ria do jogador no clube, permitindo que torcedores guardem uma lembran\u00e7a da promessa. \u201cSeria muito legal um kit do Est\u00eav\u00e3o. Esse menino merece, eu sou f\u00e3 incondicional dele\u201d, afirmou.<\/p>\n\n\n\n<p>Assim sendo, a fala do Craque Neto refor\u00e7a n\u00e3o apenas o impacto que Est\u00eav\u00e3o pode ter no futebol europeu, mas tamb\u00e9m exp\u00f5e a realidade enfrentada por clubes brasileiros: a dificuldade em manter talentos de alto n\u00edvel por mais tempo. A proje\u00e7\u00e3o em torno do Chelsea, portanto, est\u00e1 diretamente atrelada \u00e0 expectativa sobre o rendimento de um jogador que, embora ainda jovem, j\u00e1 desperta aten\u00e7\u00e3o internacional.<\/p>\n","protected":false},"excerpt":{"rendered":"<p>Em recente declara\u00e7\u00e3o, o ex-jogador e atual comentarista esportivo Craque Neto apontou o Chelsea como o clube com maior potencial para se tornar uma nova pot\u00eancia no futebol europeu. Segundo ele, a chegada do jovem atacante Est\u00eav\u00e3o, atualmente no Palmeiras, pode ser determinante para essa ascens\u00e3o do time londrino nas pr\u00f3ximas temporadas. Durante participa\u00e7\u00e3o na [&hellip;]<\/p>\n","protected":false},"author":27,"featured_media":244433,"comment_status":"open","ping_status":"closed","sticky":false,"template":"","format":"standard","meta":{"footnotes":""},"categories":[150],"tags":[],"class_list":["post-262247","post","type-post","status-publish","format-standard","has-post-thumbnail","hentry","category-palmeiras"],"yoast_head":"<!-- This site is optimized with the Yoast SEO Premium plugin v24.2 (Yoast SEO v26.9) - https:\/\/yoast.com\/product\/yoast-seo-premium-wordpress\/ -->\n<title>A declara\u00e7\u00e3o de Neto direcionada a Est\u00eav\u00e3o, do Palmeiras<\/title>\n<meta name=\"robots\" content=\"index, follow, max-snippet:-1, max-image-preview:large, max-video-preview:-1\" \/>\n<link rel=\"canonical\" href=\"https:\/\/www.gaveanews.com\/index.php\/2025\/05\/09\/a-declaracao-de-neto-direcionada-a-estevao-do-palmeiras-2\/\" \/>\n<meta property=\"og:locale\" content=\"pt_BR\" \/>\n<meta property=\"og:type\" content=\"article\" \/>\n<meta property=\"og:title\" content=\"A declara\u00e7\u00e3o de Neto direcionada a Est\u00eav\u00e3o, do Palmeiras\" \/>\n<meta property=\"og:description\" content=\"Em recente declara\u00e7\u00e3o, o ex-jogador e atual comentarista esportivo Craque Neto apontou o Chelsea como o clube com maior potencial para se tornar uma nova pot\u00eancia no futebol europeu. Segundo ele, a chegada do jovem atacante Est\u00eav\u00e3o, atualmente no Palmeiras, pode ser determinante para essa ascens\u00e3o do time londrino nas pr\u00f3ximas temporadas. Durante participa\u00e7\u00e3o na [&hellip;]\" \/>\n<meta property=\"og:url\" content=\"https:\/\/www.gaveanews.com\/index.php\/2025\/05\/09\/a-declaracao-de-neto-direcionada-a-estevao-do-palmeiras-2\/\" \/>\n<meta property=\"og:site_name\" content=\"G\u00e1vea News\" \/>\n<meta property=\"article:publisher\" content=\"https:\/\/facebook.com\/gaveaNews\/\" \/>\n<meta property=\"article:published_time\" content=\"2025-05-09T16:45:00+00:00\" \/>\n<meta property=\"og:image\" content=\"https:\/\/www.gaveanews.com\/wp-content\/uploads\/Craque-Neto-apresentador-da-Band.webp\" \/>\n\t<meta property=\"og:image:width\" content=\"900\" \/>\n\t<meta property=\"og:image:height\" content=\"600\" \/>\n\t<meta property=\"og:image:type\" content=\"image\/jpeg\" \/>\n<meta name=\"author\" content=\"Matheus Felipe\" \/>\n<meta name=\"twitter:card\" content=\"summary_large_image\" \/>\n<meta name=\"twitter:label1\" content=\"Escrito por\" \/>\n\t<meta name=\"twitter:data1\" content=\"Matheus Felipe\" \/>\n\t<meta name=\"twitter:label2\" content=\"Est. tempo de leitura\" \/>\n\t<meta name=\"twitter:data2\" content=\"3 minutos\" \/>\n<script type=\"application\/ld+json\" class=\"yoast-schema-graph\">{\"@context\":\"https:\/\/schema.org\",\"@graph\":[{\"@type\":\"NewsArticle\",\"@id\":\"https:\/\/www.gaveanews.com\/index.php\/2025\/05\/09\/a-declaracao-de-neto-direcionada-a-estevao-do-palmeiras-2\/#article\",\"isPartOf\":{\"@id\":\"https:\/\/www.gaveanews.com\/index.php\/2025\/05\/09\/a-declaracao-de-neto-direcionada-a-estevao-do-palmeiras-2\/\"},\"author\":{\"name\":\"Matheus Felipe\",\"@id\":\"https:\/\/www.gaveanews.com\/#\/schema\/person\/8207cd4627f56151707418bfc835b2fb\"},\"headline\":\"A declara\u00e7\u00e3o de Neto direcionada a Est\u00eav\u00e3o, do Palmeiras\",\"datePublished\":\"2025-05-09T16:45:00+00:00\",\"mainEntityOfPage\":{\"@id\":\"https:\/\/www.gaveanews.com\/index.php\/2025\/05\/09\/a-declaracao-de-neto-direcionada-a-estevao-do-palmeiras-2\/\"},\"wordCount\":416,\"commentCount\":0,\"image\":{\"@id\":\"https:\/\/www.gaveanews.com\/index.php\/2025\/05\/09\/a-declaracao-de-neto-direcionada-a-estevao-do-palmeiras-2\/#primaryimage\"},\"thumbnailUrl\":\"https:\/\/www.gaveanews.com\/wp-content\/uploads\/Craque-Neto-apresentador-da-Band.webp\",\"articleSection\":[\"Palmeiras\"],\"inLanguage\":\"pt-BR\",\"potentialAction\":[{\"@type\":\"CommentAction\",\"name\":\"Comment\",\"target\":[\"https:\/\/www.gaveanews.com\/index.php\/2025\/05\/09\/a-declaracao-de-neto-direcionada-a-estevao-do-palmeiras-2\/#respond\"]}],\"copyrightYear\":\"2025\",\"copyrightHolder\":{\"@id\":\"https:\/\/www.gaveanews.com\/#organization\"}},{\"@type\":\"WebPage\",\"@id\":\"https:\/\/www.gaveanews.com\/index.php\/2025\/05\/09\/a-declaracao-de-neto-direcionada-a-estevao-do-palmeiras-2\/\",\"url\":\"https:\/\/www.gaveanews.com\/index.php\/2025\/05\/09\/a-declaracao-de-neto-direcionada-a-estevao-do-palmeiras-2\/\",\"name\":\"A declara\u00e7\u00e3o de Neto direcionada a Est\u00eav\u00e3o, do Palmeiras\",\"isPartOf\":{\"@id\":\"https:\/\/www.gaveanews.com\/#website\"},\"primaryImageOfPage\":{\"@id\":\"https:\/\/www.gaveanews.com\/index.php\/2025\/05\/09\/a-declaracao-de-neto-direcionada-a-estevao-do-palmeiras-2\/#primaryimage\"},\"image\":{\"@id\":\"https:\/\/www.gaveanews.com\/index.php\/2025\/05\/09\/a-declaracao-de-neto-direcionada-a-estevao-do-palmeiras-2\/#primaryimage\"},\"thumbnailUrl\":\"https:\/\/www.gaveanews.com\/wp-content\/uploads\/Craque-Neto-apresentador-da-Band.webp\",\"datePublished\":\"2025-05-09T16:45:00+00:00\",\"author\":{\"@id\":\"https:\/\/www.gaveanews.com\/#\/schema\/person\/8207cd4627f56151707418bfc835b2fb\"},\"breadcrumb\":{\"@id\":\"https:\/\/www.gaveanews.com\/index.php\/2025\/05\/09\/a-declaracao-de-neto-direcionada-a-estevao-do-palmeiras-2\/#breadcrumb\"},\"inLanguage\":\"pt-BR\",\"potentialAction\":[{\"@type\":\"ReadAction\",\"target\":[\"https:\/\/www.gaveanews.com\/index.php\/2025\/05\/09\/a-declaracao-de-neto-direcionada-a-estevao-do-palmeiras-2\/\"]}]},{\"@type\":\"ImageObject\",\"inLanguage\":\"pt-BR\",\"@id\":\"https:\/\/www.gaveanews.com\/index.php\/2025\/05\/09\/a-declaracao-de-neto-direcionada-a-estevao-do-palmeiras-2\/#primaryimage\",\"url\":\"https:\/\/www.gaveanews.com\/wp-content\/uploads\/Craque-Neto-apresentador-da-Band.webp\",\"contentUrl\":\"https:\/\/www.gaveanews.com\/wp-content\/uploads\/Craque-Neto-apresentador-da-Band.webp\",\"width\":900,\"height\":600,\"caption\":\"Craque Neto, apresentador da Band (Foto: Kelly Fuzaro\/Band)\"},{\"@type\":\"BreadcrumbList\",\"@id\":\"https:\/\/www.gaveanews.com\/index.php\/2025\/05\/09\/a-declaracao-de-neto-direcionada-a-estevao-do-palmeiras-2\/#breadcrumb\",\"itemListElement\":[{\"@type\":\"ListItem\",\"position\":1,\"name\":\"Home\",\"item\":\"https:\/\/www.gaveanews.com\/\"},{\"@type\":\"ListItem\",\"position\":2,\"name\":\"A declara\u00e7\u00e3o de Neto direcionada a Est\u00eav\u00e3o, do Palmeiras\"}]},{\"@type\":\"WebSite\",\"@id\":\"https:\/\/www.gaveanews.com\/#website\",\"url\":\"https:\/\/www.gaveanews.com\/\",\"name\":\"G\u00e1vea News\",\"description\":\"Veja todas as not\u00edcias sobre o Flamengo: Contrata\u00e7\u00f5es, categorias de base, resultados das partidas, tabela de classifica\u00e7\u00e3o, pr\u00f3ximos jogos!\",\"potentialAction\":[{\"@type\":\"SearchAction\",\"target\":{\"@type\":\"EntryPoint\",\"urlTemplate\":\"https:\/\/www.gaveanews.com\/?s={search_term_string}\"},\"query-input\":{\"@type\":\"PropertyValueSpecification\",\"valueRequired\":true,\"valueName\":\"search_term_string\"}}],\"inLanguage\":\"pt-BR\"},{\"@type\":\"Person\",\"@id\":\"https:\/\/www.gaveanews.com\/#\/schema\/person\/8207cd4627f56151707418bfc835b2fb\",\"name\":\"Matheus Felipe\",\"image\":{\"@type\":\"ImageObject\",\"inLanguage\":\"pt-BR\",\"@id\":\"https:\/\/www.gaveanews.com\/#\/schema\/person\/image\/\",\"url\":\"https:\/\/secure.gravatar.com\/avatar\/a452ffbed9130f726358b298bb3a99ce4bd3c5338411f8440e87e14d74c7c087?s=96&d=mm&r=g\",\"contentUrl\":\"https:\/\/secure.gravatar.com\/avatar\/a452ffbed9130f726358b298bb3a99ce4bd3c5338411f8440e87e14d74c7c087?s=96&d=mm&r=g\",\"caption\":\"Matheus Felipe\"}}]}<\/script>\n<!-- \/ Yoast SEO Premium plugin. -->","yoast_head_json":{"title":"A declara\u00e7\u00e3o de Neto direcionada a Est\u00eav\u00e3o, do Palmeiras","robots":{"index":"index","follow":"follow","max-snippet":"max-snippet:-1","max-image-preview":"max-image-preview:large","max-video-preview":"max-video-preview:-1"},"canonical":"https:\/\/www.gaveanews.com\/index.php\/2025\/05\/09\/a-declaracao-de-neto-direcionada-a-estevao-do-palmeiras-2\/","og_locale":"pt_BR","og_type":"article","og_title":"A declara\u00e7\u00e3o de Neto direcionada a Est\u00eav\u00e3o, do Palmeiras","og_description":"Em recente declara\u00e7\u00e3o, o ex-jogador e atual comentarista esportivo Craque Neto apontou o Chelsea como o clube com maior potencial para se tornar uma nova pot\u00eancia no futebol europeu. Segundo ele, a chegada do jovem atacante Est\u00eav\u00e3o, atualmente no Palmeiras, pode ser determinante para essa ascens\u00e3o do time londrino nas pr\u00f3ximas temporadas. Durante participa\u00e7\u00e3o na [&hellip;]","og_url":"https:\/\/www.gaveanews.com\/index.php\/2025\/05\/09\/a-declaracao-de-neto-direcionada-a-estevao-do-palmeiras-2\/","og_site_name":"G\u00e1vea News","article_publisher":"https:\/\/facebook.com\/gaveaNews\/","article_published_time":"2025-05-09T16:45:00+00:00","og_image":[{"width":900,"height":600,"url":"https:\/\/www.gaveanews.com\/wp-content\/uploads\/Craque-Neto-apresentador-da-Band.webp","type":"image\/jpeg"}],"author":"Matheus Felipe","twitter_card":"summary_large_image","twitter_misc":{"Escrito por":"Matheus Felipe","Est. tempo de leitura":"3 minutos"},"schema":{"@context":"https:\/\/schema.org","@graph":[{"@type":"NewsArticle","@id":"https:\/\/www.gaveanews.com\/index.php\/2025\/05\/09\/a-declaracao-de-neto-direcionada-a-estevao-do-palmeiras-2\/#article","isPartOf":{"@id":"https:\/\/www.gaveanews.com\/index.php\/2025\/05\/09\/a-declaracao-de-neto-direcionada-a-estevao-do-palmeiras-2\/"},"author":{"name":"Matheus Felipe","@id":"https:\/\/www.gaveanews.com\/#\/schema\/person\/8207cd4627f56151707418bfc835b2fb"},"headline":"A declara\u00e7\u00e3o de Neto direcionada a Est\u00eav\u00e3o, do Palmeiras","datePublished":"2025-05-09T16:45:00+00:00","mainEntityOfPage":{"@id":"https:\/\/www.gaveanews.com\/index.php\/2025\/05\/09\/a-declaracao-de-neto-direcionada-a-estevao-do-palmeiras-2\/"},"wordCount":416,"commentCount":0,"image":{"@id":"https:\/\/www.gaveanews.com\/index.php\/2025\/05\/09\/a-declaracao-de-neto-direcionada-a-estevao-do-palmeiras-2\/#primaryimage"},"thumbnailUrl":"https:\/\/www.gaveanews.com\/wp-content\/uploads\/Craque-Neto-apresentador-da-Band.webp","articleSection":["Palmeiras"],"inLanguage":"pt-BR","potentialAction":[{"@type":"CommentAction","name":"Comment","target":["https:\/\/www.gaveanews.com\/index.php\/2025\/05\/09\/a-declaracao-de-neto-direcionada-a-estevao-do-palmeiras-2\/#respond"]}],"copyrightYear":"2025","copyrightHolder":{"@id":"https:\/\/www.gaveanews.com\/#organization"}},{"@type":"WebPage","@id":"https:\/\/www.gaveanews.com\/index.php\/2025\/05\/09\/a-declaracao-de-neto-direcionada-a-estevao-do-palmeiras-2\/","url":"https:\/\/www.gaveanews.com\/index.php\/2025\/05\/09\/a-declaracao-de-neto-direcionada-a-estevao-do-palmeiras-2\/","name":"A declara\u00e7\u00e3o de Neto direcionada a Est\u00eav\u00e3o, do Palmeiras","isPartOf":{"@id":"https:\/\/www.gaveanews.com\/#website"},"primaryImageOfPage":{"@id":"https:\/\/www.gaveanews.com\/index.php\/2025\/05\/09\/a-declaracao-de-neto-direcionada-a-estevao-do-palmeiras-2\/#primaryimage"},"image":{"@id":"https:\/\/www.gaveanews.com\/index.php\/2025\/05\/09\/a-declaracao-de-neto-direcionada-a-estevao-do-palmeiras-2\/#primaryimage"},"thumbnailUrl":"https:\/\/www.gaveanews.com\/wp-content\/uploads\/Craque-Neto-apresentador-da-Band.webp","datePublished":"2025-05-09T16:45:00+00:00","author":{"@id":"https:\/\/www.gaveanews.com\/#\/schema\/person\/8207cd4627f56151707418bfc835b2fb"},"breadcrumb":{"@id":"https:\/\/www.gaveanews.com\/index.php\/2025\/05\/09\/a-declaracao-de-neto-direcionada-a-estevao-do-palmeiras-2\/#breadcrumb"},"inLanguage":"pt-BR","potentialAction":[{"@type":"ReadAction","target":["https:\/\/www.gaveanews.com\/index.php\/2025\/05\/09\/a-declaracao-de-neto-direcionada-a-estevao-do-palmeiras-2\/"]}]},{"@type":"ImageObject","inLanguage":"pt-BR","@id":"https:\/\/www.gaveanews.com\/index.php\/2025\/05\/09\/a-declaracao-de-neto-direcionada-a-estevao-do-palmeiras-2\/#primaryimage","url":"https:\/\/www.gaveanews.com\/wp-content\/uploads\/Craque-Neto-apresentador-da-Band.webp","contentUrl":"https:\/\/www.gaveanews.com\/wp-content\/uploads\/Craque-Neto-apresentador-da-Band.webp","width":900,"height":600,"caption":"Craque Neto, apresentador da Band (Foto: Kelly Fuzaro\/Band)"},{"@type":"BreadcrumbList","@id":"https:\/\/www.gaveanews.com\/index.php\/2025\/05\/09\/a-declaracao-de-neto-direcionada-a-estevao-do-palmeiras-2\/#breadcrumb","itemListElement":[{"@type":"ListItem","position":1,"name":"Home","item":"https:\/\/www.gaveanews.com\/"},{"@type":"ListItem","position":2,"name":"A declara\u00e7\u00e3o de Neto direcionada a Est\u00eav\u00e3o, do Palmeiras"}]},{"@type":"WebSite","@id":"https:\/\/www.gaveanews.com\/#website","url":"https:\/\/www.gaveanews.com\/","name":"G\u00e1vea News","description":"Veja todas as not\u00edcias sobre o Flamengo: Contrata\u00e7\u00f5es, categorias de base, resultados das partidas, tabela de classifica\u00e7\u00e3o, pr\u00f3ximos jogos!","potentialAction":[{"@type":"SearchAction","target":{"@type":"EntryPoint","urlTemplate":"https:\/\/www.gaveanews.com\/?s={search_term_string}"},"query-input":{"@type":"PropertyValueSpecification","valueRequired":true,"valueName":"search_term_string"}}],"inLanguage":"pt-BR"},{"@type":"Person","@id":"https:\/\/www.gaveanews.com\/#\/schema\/person\/8207cd4627f56151707418bfc835b2fb","name":"Matheus Felipe","image":{"@type":"ImageObject","inLanguage":"pt-BR","@id":"https:\/\/www.gaveanews.com\/#\/schema\/person\/image\/","url":"https:\/\/secure.gravatar.com\/avatar\/a452ffbed9130f726358b298bb3a99ce4bd3c5338411f8440e87e14d74c7c087?s=96&d=mm&r=g","contentUrl":"https:\/\/secure.gravatar.com\/avatar\/a452ffbed9130f726358b298bb3a99ce4bd3c5338411f8440e87e14d74c7c087?s=96&d=mm&r=g","caption":"Matheus Felipe"}}]}},"_links":{"self":[{"href":"https:\/\/www.gaveanews.com\/index.php\/wp-json\/wp\/v2\/posts\/262247","targetHints":{"allow":["GET"]}}],"collection":[{"href":"https:\/\/www.gaveanews.com\/index.php\/wp-json\/wp\/v2\/posts"}],"about":[{"href":"https:\/\/www.gaveanews.com\/index.php\/wp-json\/wp\/v2\/types\/post"}],"author":[{"embeddable":true,"href":"https:\/\/www.gaveanews.com\/index.php\/wp-json\/wp\/v2\/users\/27"}],"replies":[{"embeddable":true,"href":"https:\/\/www.gaveanews.com\/index.php\/wp-json\/wp\/v2\/comments?post=262247"}],"version-history":[{"count":1,"href":"https:\/\/www.gaveanews.com\/index.php\/wp-json\/wp\/v2\/posts\/262247\/revisions"}],"predecessor-version":[{"id":262248,"href":"https:\/\/www.gaveanews.com\/index.php\/wp-json\/wp\/v2\/posts\/262247\/revisions\/262248"}],"wp:featuredmedia":[{"embeddable":true,"href":"https:\/\/www.gaveanews.com\/index.php\/wp-json\/wp\/v2\/media\/244433"}],"wp:attachment":[{"href":"https:\/\/www.gaveanews.com\/index.php\/wp-json\/wp\/v2\/media?parent=262247"}],"wp:term":[{"taxonomy":"category","embeddable":true,"href":"https:\/\/www.gaveanews.com\/index.php\/wp-json\/wp\/v2\/categories?post=262247"},{"taxonomy":"post_tag","embeddable":true,"href":"https:\/\/www.gaveanews.com\/index.php\/wp-json\/wp\/v2\/tags?post=262247"}],"curies":[{"name":"wp","href":"https:\/\/api.w.org\/{rel}","templated":true}]}}