{"id":262481,"date":"2025-05-09T21:50:00","date_gmt":"2025-05-10T00:50:00","guid":{"rendered":"https:\/\/www.gaveanews.com\/?p=262481"},"modified":"2025-05-09T18:35:38","modified_gmt":"2025-05-09T21:35:38","slug":"chegada-de-reforco-negociacao-com-dudu-e-declaracao-de-deyverson-as-ultimas-noticias-do-atletico-mg","status":"publish","type":"post","link":"https:\/\/www.gaveanews.com\/index.php\/2025\/05\/09\/chegada-de-reforco-negociacao-com-dudu-e-declaracao-de-deyverson-as-ultimas-noticias-do-atletico-mg\/","title":{"rendered":"Chegada de refor\u00e7o, negocia\u00e7\u00e3o com Dudu e declara\u00e7\u00e3o de Deyverson: as \u00faltimas not\u00edcias do Atl\u00e9tico-MG"},"content":{"rendered":"\n<p>Nas \u00faltimas horas, o foco das not\u00edcias sobre o Atl\u00e9tico-MG se concentram nos bastidores do clube, com destaques do dia a dia do time.<\/p>\n\n\n\n<p>Por conta deste contexto, leia abaixo um resumo preparado pela equipe do portal G\u00e1vea News para lhe manter muito bem informado!<\/p>\n\n\n\n<div class=\"wp-block-group\"><div class=\"wp-block-group__inner-container is-layout-constrained wp-block-group-is-layout-constrained\">\n<h2 class=\"wp-block-heading\" id=\"h-declaracao-de-deyverson\">Declara\u00e7\u00e3o de Deyverson<\/h2>\n\n\n\n<p>Deyverson, atualmente no Fortaleza, fez uma declara\u00e7\u00e3o especial para seu antigo companheiro de Palmeiras, Dudu, que acaba de ser anunciado pelo Atl\u00e9tico-MG. Por meio das redes sociais, Deyverson desejou sucesso ao atacante em sua nova jornada, demonstrando a amizade e respeito que os une, mesmo ap\u00f3s seguirem caminhos distintos. Deyverson deixou o Atl\u00e9tico-MG recentemente, optando por uma proposta salarial mais vantajosa, e entende bem os desafios das mudan\u00e7as na carreira<strong><a href=\"https:\/\/www.gaveanews.com\/index.php\/2025\/05\/07\/a-declaracao-de-deyverson-direcionada-a-dudu-do-atletico-mg\/\"> (leia a mat\u00e9ria completa).<\/a><\/strong><\/p>\n\n\n\n<figure class=\"wp-block-image size-full\"><img loading=\"lazy\" decoding=\"async\" width=\"547\" height=\"412\" src=\"http:\/\/www.gaveanews.com\/wp-content\/uploads\/Deyverson-pelo-Fortaleza-1.webp\" alt=\"\" class=\"wp-image-253469\"\/><figcaption class=\"wp-element-caption\">Deyverson pelo Fortaleza (Foto: Mateus Lotif\/FEC)<\/figcaption><\/figure>\n\n\n\n<p>Dudu, por sua vez, se pronunciou sobre a sa\u00edda do Cruzeiro e desmentiu boatos de atrito com o t\u00e9cnico Leonardo Jardim, ressaltando que deixou o clube em bons termos. <\/p>\n\n\n\n<p>O jogador, que agora veste a camisa 92 do Galo, mostrou-se empolgado com o novo desafio e prometeu dedica\u00e7\u00e3o m\u00e1xima ao time e aos seus companheiros. Al\u00e9m disso, Dudu tamb\u00e9m fez quest\u00e3o de encerrar pol\u00eamicas antigas, como o desentendimento com o zagueiro Lyanco, afirmando que n\u00e3o guarda ressentimentos e que o ocorrido ficou no passado.<\/p>\n\n\n\n<p>Com foco total no Atl\u00e9tico-MG, Dudu chega disposto a contribuir para os objetivos do clube, trazendo consigo a experi\u00eancia de grandes conquistas e a disposi\u00e7\u00e3o de superar as adversidades. A torcida alvinegra espera que o atacante possa refor\u00e7ar ainda mais o elenco na busca por t\u00edtulos, enquanto Deyverson, no Fortaleza, continua torcendo pelo sucesso do amigo em sua nova trajet\u00f3ria.<\/p>\n\n\n\n<h2 class=\"wp-block-heading\" id=\"h-negociacao-com-dudu\">Negocia\u00e7\u00e3o com Dudu<\/h2>\n\n\n\n<p>A transfer\u00eancia de Dudu para o Atl\u00e9tico-MG envolveu negocia\u00e7\u00f5es intensas, com a participa\u00e7\u00e3o direta do t\u00e9cnico Cuca e disputas de bastidores com o Cruzeiro. O jogador, que tinha contrato at\u00e9 2027 e sal\u00e1rio de R$ 2 milh\u00f5es mensais no clube celeste, aceitou rescindir amigavelmente, recebendo R$ 15 milh\u00f5es de forma parcelada \u2014 menos de 25% do valor original. No Atl\u00e9tico-MG, Dudu aceitou um corte salarial para R$ 1,2 milh\u00e3o a R$ 1,3 milh\u00e3o por m\u00eas, em um acordo v\u00e1lido at\u00e9 o fim de 2027<strong><a href=\"https:\/\/www.gaveanews.com\/index.php\/2025\/05\/07\/veja-os-detalhes-da-negociacao-entre-dudu-e-atletico-mg\/\"> (leia a mat\u00e9ria completa).<\/a><\/strong><\/p>\n\n\n\n<figure class=\"wp-block-image size-large\"><img loading=\"lazy\" decoding=\"async\" width=\"1024\" height=\"768\" src=\"http:\/\/www.gaveanews.com\/wp-content\/uploads\/Dudu-pelo-Atletio-MG-1024x768.webp\" alt=\"\" class=\"wp-image-261654\" srcset=\"https:\/\/www.gaveanews.com\/wp-content\/uploads\/Dudu-pelo-Atletio-MG-1024x768.webp 1024w, https:\/\/www.gaveanews.com\/wp-content\/uploads\/Dudu-pelo-Atletio-MG-300x225.webp 300w, https:\/\/www.gaveanews.com\/wp-content\/uploads\/Dudu-pelo-Atletio-MG-768x576.webp 768w, https:\/\/www.gaveanews.com\/wp-content\/uploads\/Dudu-pelo-Atletio-MG-560x420.webp 560w, https:\/\/www.gaveanews.com\/wp-content\/uploads\/Dudu-pelo-Atletio-MG-1120x840.webp 1120w, https:\/\/www.gaveanews.com\/wp-content\/uploads\/Dudu-pelo-Atletio-MG-80x60.webp 80w, https:\/\/www.gaveanews.com\/wp-content\/uploads\/Dudu-pelo-Atletio-MG-160x120.webp 160w, https:\/\/www.gaveanews.com\/wp-content\/uploads\/Dudu-pelo-Atletio-MG-100x75.webp 100w, https:\/\/www.gaveanews.com\/wp-content\/uploads\/Dudu-pelo-Atletio-MG-200x150.webp 200w, https:\/\/www.gaveanews.com\/wp-content\/uploads\/Dudu-pelo-Atletio-MG-180x135.webp 180w, https:\/\/www.gaveanews.com\/wp-content\/uploads\/Dudu-pelo-Atletio-MG-360x270.webp 360w, https:\/\/www.gaveanews.com\/wp-content\/uploads\/Dudu-pelo-Atletio-MG-238x178.webp 238w, https:\/\/www.gaveanews.com\/wp-content\/uploads\/Dudu-pelo-Atletio-MG-476x356.webp 476w, https:\/\/www.gaveanews.com\/wp-content\/uploads\/Dudu-pelo-Atletio-MG-640x480.webp 640w, https:\/\/www.gaveanews.com\/wp-content\/uploads\/Dudu-pelo-Atletio-MG-681x511.webp 681w, https:\/\/www.gaveanews.com\/wp-content\/uploads\/Dudu-pelo-Atletio-MG.webp 1200w\" sizes=\"auto, (max-width: 1024px) 100vw, 1024px\" \/><figcaption class=\"wp-element-caption\">Dudu pelo Atl\u00e9tico-MG (Foto: Divulga\u00e7\u00e3o\/Atl\u00e9tico)<\/figcaption><\/figure>\n\n\n\n<p>As negocia\u00e7\u00f5es tiveram resist\u00eancia dentro do Cruzeiro, que chegou a oferecer o jogador a outros clubes, como Corinthians e Fluminense. No entanto, o Atl\u00e9tico-MG se manteve como prioridade, garantindo a contrata\u00e7\u00e3o mesmo com obje\u00e7\u00f5es no Conselho de Administra\u00e7\u00e3o, onde alguns membros consideraram o movimento arriscado. Mesmo assim, a diretoria seguiu com o planejamento e fechou o neg\u00f3cio, com Dudu sendo esperado para integrar o elenco a partir de junho, quando a janela de transfer\u00eancias ser\u00e1 reaberta.<\/p>\n\n\n\n<p>Dudu vestir\u00e1 a camisa 92 no Galo e, at\u00e9 sua apresenta\u00e7\u00e3o oficial, passar\u00e1 um per\u00edodo na Europa com a fam\u00edlia. A recep\u00e7\u00e3o ao jogador no clube tem sido positiva, impulsionada pela presen\u00e7a de ex-companheiros do Palmeiras, como Gustavo Scarpa e Rony, o que deve facilitar sua adapta\u00e7\u00e3o. A expectativa \u00e9 de que o refor\u00e7o traga experi\u00eancia e qualidade para o ataque do Atl\u00e9tico-MG nos pr\u00f3ximos anos.<\/p>\n\n\n\n<h2 class=\"wp-block-heading\" id=\"h-chegada-de-reforco\">Chegada de refor\u00e7o<\/h2>\n\n\n\n<p>A negocia\u00e7\u00e3o que levou Dudu ao Atl\u00e9tico-MG foi marcada por tentativas de interven\u00e7\u00e3o do Cruzeiro para impedir o acordo. Um dirigente do clube tentou oferecer o atacante a outras equipes, buscando barrar a transfer\u00eancia. Mesmo com essas manobras, o estafe de Dudu continuou as conversas com Alexandre Mattos, da SAF celeste, e Paulo Bracks, do Atl\u00e9tico, concretizando o neg\u00f3cio em apenas quatro dias. A rescis\u00e3o com o Cruzeiro ocorreu em 02 de maio, e logo em seguida, o v\u00ednculo com o Atl\u00e9tico foi firmado, com dura\u00e7\u00e3o at\u00e9 o final de 2027<strong><a href=\"https:\/\/www.gaveanews.com\/index.php\/2025\/05\/07\/cruzeiro-tentou-impedir-chegada-de-reforco-ao-atletico-mg\/\"> (leia a mat\u00e9ria completa).<\/a><\/strong><\/p>\n\n\n\n<figure class=\"wp-block-image size-large\"><img loading=\"lazy\" decoding=\"async\" width=\"1024\" height=\"768\" src=\"http:\/\/www.gaveanews.com\/wp-content\/uploads\/Dudu-e-anunciado-pelo-Atletico-MG-1024x768.webp\" alt=\"\" class=\"wp-image-260970\" srcset=\"https:\/\/www.gaveanews.com\/wp-content\/uploads\/Dudu-e-anunciado-pelo-Atletico-MG-1024x768.webp 1024w, https:\/\/www.gaveanews.com\/wp-content\/uploads\/Dudu-e-anunciado-pelo-Atletico-MG-300x225.webp 300w, https:\/\/www.gaveanews.com\/wp-content\/uploads\/Dudu-e-anunciado-pelo-Atletico-MG-768x576.webp 768w, https:\/\/www.gaveanews.com\/wp-content\/uploads\/Dudu-e-anunciado-pelo-Atletico-MG-560x420.webp 560w, https:\/\/www.gaveanews.com\/wp-content\/uploads\/Dudu-e-anunciado-pelo-Atletico-MG-1120x840.webp 1120w, https:\/\/www.gaveanews.com\/wp-content\/uploads\/Dudu-e-anunciado-pelo-Atletico-MG-80x60.webp 80w, https:\/\/www.gaveanews.com\/wp-content\/uploads\/Dudu-e-anunciado-pelo-Atletico-MG-160x120.webp 160w, https:\/\/www.gaveanews.com\/wp-content\/uploads\/Dudu-e-anunciado-pelo-Atletico-MG-100x75.webp 100w, https:\/\/www.gaveanews.com\/wp-content\/uploads\/Dudu-e-anunciado-pelo-Atletico-MG-200x150.webp 200w, https:\/\/www.gaveanews.com\/wp-content\/uploads\/Dudu-e-anunciado-pelo-Atletico-MG-180x135.webp 180w, https:\/\/www.gaveanews.com\/wp-content\/uploads\/Dudu-e-anunciado-pelo-Atletico-MG-360x270.webp 360w, https:\/\/www.gaveanews.com\/wp-content\/uploads\/Dudu-e-anunciado-pelo-Atletico-MG-238x178.webp 238w, https:\/\/www.gaveanews.com\/wp-content\/uploads\/Dudu-e-anunciado-pelo-Atletico-MG-476x356.webp 476w, https:\/\/www.gaveanews.com\/wp-content\/uploads\/Dudu-e-anunciado-pelo-Atletico-MG-640x480.webp 640w, https:\/\/www.gaveanews.com\/wp-content\/uploads\/Dudu-e-anunciado-pelo-Atletico-MG-681x511.webp 681w, https:\/\/www.gaveanews.com\/wp-content\/uploads\/Dudu-e-anunciado-pelo-Atletico-MG.webp 1200w\" sizes=\"auto, (max-width: 1024px) 100vw, 1024px\" \/><\/figure>\n\n\n\n<p>Apesar da rapidez, a contrata\u00e7\u00e3o gerou debates internos no Atl\u00e9tico-MG, com alguns membros do Conselho de Administra\u00e7\u00e3o classificando-a como &#8220;de alto risco&#8221;. No entanto, n\u00e3o houve bloqueios para o avan\u00e7o das tratativas, e a recep\u00e7\u00e3o do elenco foi positiva. Dudu aceitou uma redu\u00e7\u00e3o salarial de 50%, passando de R$ 2 milh\u00f5es no Cruzeiro para cerca de R$ 900 mil mensais no Atl\u00e9tico, valor pr\u00f3ximo ao de outros jogadores do time. Curiosamente, mesmo ap\u00f3s assinar com o Galo, o atacante continuar\u00e1 recebendo pagamentos do Cruzeiro at\u00e9 o fim do ano, conforme acordado na rescis\u00e3o.<\/p>\n\n\n\n<p>O jogador foi apresentado oficialmente pelo Atl\u00e9tico-MG e vestir\u00e1 a camisa 92, escolhida por vota\u00e7\u00e3o da torcida. Ele, no entanto, s\u00f3 poder\u00e1 estrear ap\u00f3s a reabertura da janela de transfer\u00eancias, em junho. A transfer\u00eancia reacendeu lembran\u00e7as da troca de Fred entre os clubes em 2017, mas, diferentemente daquele caso, n\u00e3o h\u00e1 pend\u00eancias judiciais para Dudu. O desfecho da negocia\u00e7\u00e3o representa um marco para o atacante, que garantiu um contrato mais longo e agora se prepara para iniciar uma nova fase em sua carreira.<\/p>\n<\/div><\/div>\n","protected":false},"excerpt":{"rendered":"<p>Nas \u00faltimas horas, o foco das not\u00edcias sobre o Atl\u00e9tico-MG se concentram nos bastidores do clube, com destaques do dia a dia do time. Por conta deste contexto, leia abaixo um resumo preparado pela equipe do portal G\u00e1vea News para lhe manter muito bem informado! Declara\u00e7\u00e3o de Deyverson Deyverson, atualmente no Fortaleza, fez uma declara\u00e7\u00e3o [&hellip;]<\/p>\n","protected":false},"author":33,"featured_media":260860,"comment_status":"open","ping_status":"closed","sticky":false,"template":"","format":"standard","meta":{"footnotes":""},"categories":[136],"tags":[],"class_list":["post-262481","post","type-post","status-publish","format-standard","has-post-thumbnail","hentry","category-atletico-mg"],"yoast_head":"<!-- This site is optimized with the Yoast SEO Premium plugin v24.2 (Yoast SEO v26.9) - https:\/\/yoast.com\/product\/yoast-seo-premium-wordpress\/ -->\n<title>Chegada de refor\u00e7o, negocia\u00e7\u00e3o com Dudu e declara\u00e7\u00e3o de Deyverson: as \u00faltimas not\u00edcias do Atl\u00e9tico-MG<\/title>\n<meta name=\"robots\" content=\"index, follow, max-snippet:-1, max-image-preview:large, max-video-preview:-1\" \/>\n<link rel=\"canonical\" href=\"https:\/\/www.gaveanews.com\/index.php\/2025\/05\/09\/chegada-de-reforco-negociacao-com-dudu-e-declaracao-de-deyverson-as-ultimas-noticias-do-atletico-mg\/\" \/>\n<meta property=\"og:locale\" content=\"pt_BR\" \/>\n<meta property=\"og:type\" content=\"article\" \/>\n<meta property=\"og:title\" content=\"Chegada de refor\u00e7o, negocia\u00e7\u00e3o com Dudu e declara\u00e7\u00e3o de Deyverson: as \u00faltimas not\u00edcias do Atl\u00e9tico-MG\" \/>\n<meta property=\"og:description\" content=\"Nas \u00faltimas horas, o foco das not\u00edcias sobre o Atl\u00e9tico-MG se concentram nos bastidores do clube, com destaques do dia a dia do time. Por conta deste contexto, leia abaixo um resumo preparado pela equipe do portal G\u00e1vea News para lhe manter muito bem informado! Declara\u00e7\u00e3o de Deyverson Deyverson, atualmente no Fortaleza, fez uma declara\u00e7\u00e3o [&hellip;]\" \/>\n<meta property=\"og:url\" content=\"https:\/\/www.gaveanews.com\/index.php\/2025\/05\/09\/chegada-de-reforco-negociacao-com-dudu-e-declaracao-de-deyverson-as-ultimas-noticias-do-atletico-mg\/\" \/>\n<meta property=\"og:site_name\" content=\"G\u00e1vea News\" \/>\n<meta property=\"article:publisher\" content=\"https:\/\/facebook.com\/gaveaNews\/\" \/>\n<meta property=\"article:published_time\" content=\"2025-05-10T00:50:00+00:00\" \/>\n<meta property=\"og:image\" content=\"https:\/\/www.gaveanews.com\/wp-content\/uploads\/Atletico-MG.webp\" \/>\n\t<meta property=\"og:image:width\" content=\"1200\" \/>\n\t<meta property=\"og:image:height\" content=\"900\" \/>\n\t<meta property=\"og:image:type\" content=\"image\/webp\" \/>\n<meta name=\"author\" content=\"Brenda Cezillo\" \/>\n<meta name=\"twitter:card\" content=\"summary_large_image\" \/>\n<meta name=\"twitter:label1\" content=\"Escrito por\" \/>\n\t<meta name=\"twitter:data1\" content=\"Brenda Cezillo\" \/>\n\t<meta name=\"twitter:label2\" content=\"Est. tempo de leitura\" \/>\n\t<meta name=\"twitter:data2\" content=\"6 minutos\" \/>\n<script type=\"application\/ld+json\" class=\"yoast-schema-graph\">{\"@context\":\"https:\/\/schema.org\",\"@graph\":[{\"@type\":\"NewsArticle\",\"@id\":\"https:\/\/www.gaveanews.com\/index.php\/2025\/05\/09\/chegada-de-reforco-negociacao-com-dudu-e-declaracao-de-deyverson-as-ultimas-noticias-do-atletico-mg\/#article\",\"isPartOf\":{\"@id\":\"https:\/\/www.gaveanews.com\/index.php\/2025\/05\/09\/chegada-de-reforco-negociacao-com-dudu-e-declaracao-de-deyverson-as-ultimas-noticias-do-atletico-mg\/\"},\"author\":{\"name\":\"Brenda Cezillo\",\"@id\":\"https:\/\/www.gaveanews.com\/#\/schema\/person\/c79759ca337c40791ae8d08e2923d403\"},\"headline\":\"Chegada de refor\u00e7o, negocia\u00e7\u00e3o com Dudu e declara\u00e7\u00e3o de Deyverson: as \u00faltimas not\u00edcias do Atl\u00e9tico-MG\",\"datePublished\":\"2025-05-10T00:50:00+00:00\",\"mainEntityOfPage\":{\"@id\":\"https:\/\/www.gaveanews.com\/index.php\/2025\/05\/09\/chegada-de-reforco-negociacao-com-dudu-e-declaracao-de-deyverson-as-ultimas-noticias-do-atletico-mg\/\"},\"wordCount\":882,\"commentCount\":0,\"image\":{\"@id\":\"https:\/\/www.gaveanews.com\/index.php\/2025\/05\/09\/chegada-de-reforco-negociacao-com-dudu-e-declaracao-de-deyverson-as-ultimas-noticias-do-atletico-mg\/#primaryimage\"},\"thumbnailUrl\":\"https:\/\/www.gaveanews.com\/wp-content\/uploads\/Atletico-MG.webp\",\"articleSection\":[\"Atl\u00e9tico-MG\"],\"inLanguage\":\"pt-BR\",\"potentialAction\":[{\"@type\":\"CommentAction\",\"name\":\"Comment\",\"target\":[\"https:\/\/www.gaveanews.com\/index.php\/2025\/05\/09\/chegada-de-reforco-negociacao-com-dudu-e-declaracao-de-deyverson-as-ultimas-noticias-do-atletico-mg\/#respond\"]}],\"copyrightYear\":\"2025\",\"copyrightHolder\":{\"@id\":\"https:\/\/www.gaveanews.com\/#organization\"}},{\"@type\":\"WebPage\",\"@id\":\"https:\/\/www.gaveanews.com\/index.php\/2025\/05\/09\/chegada-de-reforco-negociacao-com-dudu-e-declaracao-de-deyverson-as-ultimas-noticias-do-atletico-mg\/\",\"url\":\"https:\/\/www.gaveanews.com\/index.php\/2025\/05\/09\/chegada-de-reforco-negociacao-com-dudu-e-declaracao-de-deyverson-as-ultimas-noticias-do-atletico-mg\/\",\"name\":\"Chegada de refor\u00e7o, negocia\u00e7\u00e3o com Dudu e declara\u00e7\u00e3o de Deyverson: as \u00faltimas not\u00edcias do Atl\u00e9tico-MG\",\"isPartOf\":{\"@id\":\"https:\/\/www.gaveanews.com\/#website\"},\"primaryImageOfPage\":{\"@id\":\"https:\/\/www.gaveanews.com\/index.php\/2025\/05\/09\/chegada-de-reforco-negociacao-com-dudu-e-declaracao-de-deyverson-as-ultimas-noticias-do-atletico-mg\/#primaryimage\"},\"image\":{\"@id\":\"https:\/\/www.gaveanews.com\/index.php\/2025\/05\/09\/chegada-de-reforco-negociacao-com-dudu-e-declaracao-de-deyverson-as-ultimas-noticias-do-atletico-mg\/#primaryimage\"},\"thumbnailUrl\":\"https:\/\/www.gaveanews.com\/wp-content\/uploads\/Atletico-MG.webp\",\"datePublished\":\"2025-05-10T00:50:00+00:00\",\"author\":{\"@id\":\"https:\/\/www.gaveanews.com\/#\/schema\/person\/c79759ca337c40791ae8d08e2923d403\"},\"breadcrumb\":{\"@id\":\"https:\/\/www.gaveanews.com\/index.php\/2025\/05\/09\/chegada-de-reforco-negociacao-com-dudu-e-declaracao-de-deyverson-as-ultimas-noticias-do-atletico-mg\/#breadcrumb\"},\"inLanguage\":\"pt-BR\",\"potentialAction\":[{\"@type\":\"ReadAction\",\"target\":[\"https:\/\/www.gaveanews.com\/index.php\/2025\/05\/09\/chegada-de-reforco-negociacao-com-dudu-e-declaracao-de-deyverson-as-ultimas-noticias-do-atletico-mg\/\"]}]},{\"@type\":\"ImageObject\",\"inLanguage\":\"pt-BR\",\"@id\":\"https:\/\/www.gaveanews.com\/index.php\/2025\/05\/09\/chegada-de-reforco-negociacao-com-dudu-e-declaracao-de-deyverson-as-ultimas-noticias-do-atletico-mg\/#primaryimage\",\"url\":\"https:\/\/www.gaveanews.com\/wp-content\/uploads\/Atletico-MG.webp\",\"contentUrl\":\"https:\/\/www.gaveanews.com\/wp-content\/uploads\/Atletico-MG.webp\",\"width\":1200,\"height\":900,\"caption\":\"Atl\u00e9tico-MG (Foto: Divulga\u00e7\u00e3o\/Atl\u00e9tico)\"},{\"@type\":\"BreadcrumbList\",\"@id\":\"https:\/\/www.gaveanews.com\/index.php\/2025\/05\/09\/chegada-de-reforco-negociacao-com-dudu-e-declaracao-de-deyverson-as-ultimas-noticias-do-atletico-mg\/#breadcrumb\",\"itemListElement\":[{\"@type\":\"ListItem\",\"position\":1,\"name\":\"Home\",\"item\":\"https:\/\/www.gaveanews.com\/\"},{\"@type\":\"ListItem\",\"position\":2,\"name\":\"Chegada de refor\u00e7o, negocia\u00e7\u00e3o com Dudu e declara\u00e7\u00e3o de Deyverson: as \u00faltimas not\u00edcias do Atl\u00e9tico-MG\"}]},{\"@type\":\"WebSite\",\"@id\":\"https:\/\/www.gaveanews.com\/#website\",\"url\":\"https:\/\/www.gaveanews.com\/\",\"name\":\"G\u00e1vea News\",\"description\":\"Veja todas as not\u00edcias sobre o Flamengo: Contrata\u00e7\u00f5es, categorias de base, resultados das partidas, tabela de classifica\u00e7\u00e3o, pr\u00f3ximos jogos!\",\"potentialAction\":[{\"@type\":\"SearchAction\",\"target\":{\"@type\":\"EntryPoint\",\"urlTemplate\":\"https:\/\/www.gaveanews.com\/?s={search_term_string}\"},\"query-input\":{\"@type\":\"PropertyValueSpecification\",\"valueRequired\":true,\"valueName\":\"search_term_string\"}}],\"inLanguage\":\"pt-BR\"},{\"@type\":\"Person\",\"@id\":\"https:\/\/www.gaveanews.com\/#\/schema\/person\/c79759ca337c40791ae8d08e2923d403\",\"name\":\"Brenda Cezillo\",\"image\":{\"@type\":\"ImageObject\",\"inLanguage\":\"pt-BR\",\"@id\":\"https:\/\/www.gaveanews.com\/#\/schema\/person\/image\/\",\"url\":\"https:\/\/secure.gravatar.com\/avatar\/1738d75cee7317f9c29ae61dd67620c5883d80a92e42a6fff88ae5d527af217a?s=96&d=mm&r=g\",\"contentUrl\":\"https:\/\/secure.gravatar.com\/avatar\/1738d75cee7317f9c29ae61dd67620c5883d80a92e42a6fff88ae5d527af217a?s=96&d=mm&r=g\",\"caption\":\"Brenda Cezillo\"}}]}<\/script>\n<!-- \/ Yoast SEO Premium plugin. -->","yoast_head_json":{"title":"Chegada de refor\u00e7o, negocia\u00e7\u00e3o com Dudu e declara\u00e7\u00e3o de Deyverson: as \u00faltimas not\u00edcias do Atl\u00e9tico-MG","robots":{"index":"index","follow":"follow","max-snippet":"max-snippet:-1","max-image-preview":"max-image-preview:large","max-video-preview":"max-video-preview:-1"},"canonical":"https:\/\/www.gaveanews.com\/index.php\/2025\/05\/09\/chegada-de-reforco-negociacao-com-dudu-e-declaracao-de-deyverson-as-ultimas-noticias-do-atletico-mg\/","og_locale":"pt_BR","og_type":"article","og_title":"Chegada de refor\u00e7o, negocia\u00e7\u00e3o com Dudu e declara\u00e7\u00e3o de Deyverson: as \u00faltimas not\u00edcias do Atl\u00e9tico-MG","og_description":"Nas \u00faltimas horas, o foco das not\u00edcias sobre o Atl\u00e9tico-MG se concentram nos bastidores do clube, com destaques do dia a dia do time. Por conta deste contexto, leia abaixo um resumo preparado pela equipe do portal G\u00e1vea News para lhe manter muito bem informado! Declara\u00e7\u00e3o de Deyverson Deyverson, atualmente no Fortaleza, fez uma declara\u00e7\u00e3o [&hellip;]","og_url":"https:\/\/www.gaveanews.com\/index.php\/2025\/05\/09\/chegada-de-reforco-negociacao-com-dudu-e-declaracao-de-deyverson-as-ultimas-noticias-do-atletico-mg\/","og_site_name":"G\u00e1vea News","article_publisher":"https:\/\/facebook.com\/gaveaNews\/","article_published_time":"2025-05-10T00:50:00+00:00","og_image":[{"width":1200,"height":900,"url":"https:\/\/www.gaveanews.com\/wp-content\/uploads\/Atletico-MG.webp","type":"image\/webp"}],"author":"Brenda Cezillo","twitter_card":"summary_large_image","twitter_misc":{"Escrito por":"Brenda Cezillo","Est. tempo de leitura":"6 minutos"},"schema":{"@context":"https:\/\/schema.org","@graph":[{"@type":"NewsArticle","@id":"https:\/\/www.gaveanews.com\/index.php\/2025\/05\/09\/chegada-de-reforco-negociacao-com-dudu-e-declaracao-de-deyverson-as-ultimas-noticias-do-atletico-mg\/#article","isPartOf":{"@id":"https:\/\/www.gaveanews.com\/index.php\/2025\/05\/09\/chegada-de-reforco-negociacao-com-dudu-e-declaracao-de-deyverson-as-ultimas-noticias-do-atletico-mg\/"},"author":{"name":"Brenda Cezillo","@id":"https:\/\/www.gaveanews.com\/#\/schema\/person\/c79759ca337c40791ae8d08e2923d403"},"headline":"Chegada de refor\u00e7o, negocia\u00e7\u00e3o com Dudu e declara\u00e7\u00e3o de Deyverson: as \u00faltimas not\u00edcias do Atl\u00e9tico-MG","datePublished":"2025-05-10T00:50:00+00:00","mainEntityOfPage":{"@id":"https:\/\/www.gaveanews.com\/index.php\/2025\/05\/09\/chegada-de-reforco-negociacao-com-dudu-e-declaracao-de-deyverson-as-ultimas-noticias-do-atletico-mg\/"},"wordCount":882,"commentCount":0,"image":{"@id":"https:\/\/www.gaveanews.com\/index.php\/2025\/05\/09\/chegada-de-reforco-negociacao-com-dudu-e-declaracao-de-deyverson-as-ultimas-noticias-do-atletico-mg\/#primaryimage"},"thumbnailUrl":"https:\/\/www.gaveanews.com\/wp-content\/uploads\/Atletico-MG.webp","articleSection":["Atl\u00e9tico-MG"],"inLanguage":"pt-BR","potentialAction":[{"@type":"CommentAction","name":"Comment","target":["https:\/\/www.gaveanews.com\/index.php\/2025\/05\/09\/chegada-de-reforco-negociacao-com-dudu-e-declaracao-de-deyverson-as-ultimas-noticias-do-atletico-mg\/#respond"]}],"copyrightYear":"2025","copyrightHolder":{"@id":"https:\/\/www.gaveanews.com\/#organization"}},{"@type":"WebPage","@id":"https:\/\/www.gaveanews.com\/index.php\/2025\/05\/09\/chegada-de-reforco-negociacao-com-dudu-e-declaracao-de-deyverson-as-ultimas-noticias-do-atletico-mg\/","url":"https:\/\/www.gaveanews.com\/index.php\/2025\/05\/09\/chegada-de-reforco-negociacao-com-dudu-e-declaracao-de-deyverson-as-ultimas-noticias-do-atletico-mg\/","name":"Chegada de refor\u00e7o, negocia\u00e7\u00e3o com Dudu e declara\u00e7\u00e3o de Deyverson: as \u00faltimas not\u00edcias do Atl\u00e9tico-MG","isPartOf":{"@id":"https:\/\/www.gaveanews.com\/#website"},"primaryImageOfPage":{"@id":"https:\/\/www.gaveanews.com\/index.php\/2025\/05\/09\/chegada-de-reforco-negociacao-com-dudu-e-declaracao-de-deyverson-as-ultimas-noticias-do-atletico-mg\/#primaryimage"},"image":{"@id":"https:\/\/www.gaveanews.com\/index.php\/2025\/05\/09\/chegada-de-reforco-negociacao-com-dudu-e-declaracao-de-deyverson-as-ultimas-noticias-do-atletico-mg\/#primaryimage"},"thumbnailUrl":"https:\/\/www.gaveanews.com\/wp-content\/uploads\/Atletico-MG.webp","datePublished":"2025-05-10T00:50:00+00:00","author":{"@id":"https:\/\/www.gaveanews.com\/#\/schema\/person\/c79759ca337c40791ae8d08e2923d403"},"breadcrumb":{"@id":"https:\/\/www.gaveanews.com\/index.php\/2025\/05\/09\/chegada-de-reforco-negociacao-com-dudu-e-declaracao-de-deyverson-as-ultimas-noticias-do-atletico-mg\/#breadcrumb"},"inLanguage":"pt-BR","potentialAction":[{"@type":"ReadAction","target":["https:\/\/www.gaveanews.com\/index.php\/2025\/05\/09\/chegada-de-reforco-negociacao-com-dudu-e-declaracao-de-deyverson-as-ultimas-noticias-do-atletico-mg\/"]}]},{"@type":"ImageObject","inLanguage":"pt-BR","@id":"https:\/\/www.gaveanews.com\/index.php\/2025\/05\/09\/chegada-de-reforco-negociacao-com-dudu-e-declaracao-de-deyverson-as-ultimas-noticias-do-atletico-mg\/#primaryimage","url":"https:\/\/www.gaveanews.com\/wp-content\/uploads\/Atletico-MG.webp","contentUrl":"https:\/\/www.gaveanews.com\/wp-content\/uploads\/Atletico-MG.webp","width":1200,"height":900,"caption":"Atl\u00e9tico-MG (Foto: Divulga\u00e7\u00e3o\/Atl\u00e9tico)"},{"@type":"BreadcrumbList","@id":"https:\/\/www.gaveanews.com\/index.php\/2025\/05\/09\/chegada-de-reforco-negociacao-com-dudu-e-declaracao-de-deyverson-as-ultimas-noticias-do-atletico-mg\/#breadcrumb","itemListElement":[{"@type":"ListItem","position":1,"name":"Home","item":"https:\/\/www.gaveanews.com\/"},{"@type":"ListItem","position":2,"name":"Chegada de refor\u00e7o, negocia\u00e7\u00e3o com Dudu e declara\u00e7\u00e3o de Deyverson: as \u00faltimas not\u00edcias do Atl\u00e9tico-MG"}]},{"@type":"WebSite","@id":"https:\/\/www.gaveanews.com\/#website","url":"https:\/\/www.gaveanews.com\/","name":"G\u00e1vea News","description":"Veja todas as not\u00edcias sobre o Flamengo: Contrata\u00e7\u00f5es, categorias de base, resultados das partidas, tabela de classifica\u00e7\u00e3o, pr\u00f3ximos jogos!","potentialAction":[{"@type":"SearchAction","target":{"@type":"EntryPoint","urlTemplate":"https:\/\/www.gaveanews.com\/?s={search_term_string}"},"query-input":{"@type":"PropertyValueSpecification","valueRequired":true,"valueName":"search_term_string"}}],"inLanguage":"pt-BR"},{"@type":"Person","@id":"https:\/\/www.gaveanews.com\/#\/schema\/person\/c79759ca337c40791ae8d08e2923d403","name":"Brenda Cezillo","image":{"@type":"ImageObject","inLanguage":"pt-BR","@id":"https:\/\/www.gaveanews.com\/#\/schema\/person\/image\/","url":"https:\/\/secure.gravatar.com\/avatar\/1738d75cee7317f9c29ae61dd67620c5883d80a92e42a6fff88ae5d527af217a?s=96&d=mm&r=g","contentUrl":"https:\/\/secure.gravatar.com\/avatar\/1738d75cee7317f9c29ae61dd67620c5883d80a92e42a6fff88ae5d527af217a?s=96&d=mm&r=g","caption":"Brenda Cezillo"}}]}},"_links":{"self":[{"href":"https:\/\/www.gaveanews.com\/index.php\/wp-json\/wp\/v2\/posts\/262481","targetHints":{"allow":["GET"]}}],"collection":[{"href":"https:\/\/www.gaveanews.com\/index.php\/wp-json\/wp\/v2\/posts"}],"about":[{"href":"https:\/\/www.gaveanews.com\/index.php\/wp-json\/wp\/v2\/types\/post"}],"author":[{"embeddable":true,"href":"https:\/\/www.gaveanews.com\/index.php\/wp-json\/wp\/v2\/users\/33"}],"replies":[{"embeddable":true,"href":"https:\/\/www.gaveanews.com\/index.php\/wp-json\/wp\/v2\/comments?post=262481"}],"version-history":[{"count":1,"href":"https:\/\/www.gaveanews.com\/index.php\/wp-json\/wp\/v2\/posts\/262481\/revisions"}],"predecessor-version":[{"id":262487,"href":"https:\/\/www.gaveanews.com\/index.php\/wp-json\/wp\/v2\/posts\/262481\/revisions\/262487"}],"wp:featuredmedia":[{"embeddable":true,"href":"https:\/\/www.gaveanews.com\/index.php\/wp-json\/wp\/v2\/media\/260860"}],"wp:attachment":[{"href":"https:\/\/www.gaveanews.com\/index.php\/wp-json\/wp\/v2\/media?parent=262481"}],"wp:term":[{"taxonomy":"category","embeddable":true,"href":"https:\/\/www.gaveanews.com\/index.php\/wp-json\/wp\/v2\/categories?post=262481"},{"taxonomy":"post_tag","embeddable":true,"href":"https:\/\/www.gaveanews.com\/index.php\/wp-json\/wp\/v2\/tags?post=262481"}],"curies":[{"name":"wp","href":"https:\/\/api.w.org\/{rel}","templated":true}]}}