{"id":262572,"date":"2025-05-10T00:00:00","date_gmt":"2025-05-10T03:00:00","guid":{"rendered":"https:\/\/www.gaveanews.com\/?p=262572"},"modified":"2025-05-09T22:10:10","modified_gmt":"2025-05-10T01:10:10","slug":"a-declaracao-de-popo-sobre-prisao-em-las-vegas","status":"publish","type":"post","link":"https:\/\/www.gaveanews.com\/index.php\/2025\/05\/10\/a-declaracao-de-popo-sobre-prisao-em-las-vegas\/","title":{"rendered":"A declara\u00e7\u00e3o de Pop\u00f3 sobre pris\u00e3o em Las Vegas"},"content":{"rendered":"\n<p>A trajet\u00f3ria de Acelino &#8220;Pop\u00f3&#8221; Freitas, um dos maiores nomes do boxe brasileiro, \u00e9 marcada por supera\u00e7\u00e3o, conquistas e recome\u00e7os. Nascido em Salvador, o tetracampe\u00e3o mundial viveu por mais de duas d\u00e9cadas em condi\u00e7\u00f5es prec\u00e1rias, dormindo no ch\u00e3o de uma casa de 10m\u00b2 com sua fam\u00edlia. Ainda assim, foi nessa realidade que construiu sua determina\u00e7\u00e3o, iniciando no boxe aos 13 anos, quando n\u00e3o podia sequer pagar pela academia.<\/p>\n\n\n\n<p>O sucesso n\u00e3o veio sem obst\u00e1culos. Pop\u00f3 enfrentou empres\u00e1rios que, segundo ele, se aproveitaram de sua carreira, o que resultou at\u00e9 em uma pris\u00e3o nos Estados Unidos por conta de contratos assinados sem seu conhecimento. &#8220;Me prenderam por um erro que n\u00e3o foi meu&#8221;, revelou. A partir da\u00ed, passou a gerenciar sua carreira, conquistando autonomia financeira e ampliando sua participa\u00e7\u00e3o no esporte.<\/p>\n\n\n\n<p>Al\u00e9m do ringue, Pop\u00f3 tamb\u00e9m encontrou uma nova fase ao participar do Fight Music Show, enfrentando celebridades como Whindersson Nunes. &#8220;Foi um divisor de \u00e1guas. Ele me trouxe para o mundo digital&#8221;, declarou. Atualmente, o ex-campe\u00e3o se tornou figura constante em eventos desse formato, equilibrando entretenimento e esporte, e atraindo uma nova gera\u00e7\u00e3o de torcedores para o boxe.<\/p>\n\n\n\n<p>Apesar das gl\u00f3rias esportivas, Pop\u00f3 nunca deixou de reconhecer a import\u00e2ncia da fam\u00edlia em sua caminhada. Foi orientado pela ex-esposa na gest\u00e3o de sua carreira e sempre expressou gratid\u00e3o \u00e0 m\u00e3e, que sustentava a casa, e ao irm\u00e3o Luiz Cl\u00e1udio, sua inspira\u00e7\u00e3o no esporte. &#8220;Se algu\u00e9m \u00e9 campe\u00e3o comigo, \u00e9 ele&#8221;, afirmou sobre o irm\u00e3o.<\/p>\n\n\n\n<p>Entre suas lutas mais importantes, Pop\u00f3 destaca a vit\u00f3ria sobre Joel Casamayor e a frustra\u00e7\u00e3o por n\u00e3o enfrentar Mayweather, que, segundo ele, teria recusado o combate. &#8220;Ele correu&#8221;, disse. Ainda assim, reconhece o americano como um g\u00eanio do boxe: &#8220;Inteligente, fez fortuna sem se expor tanto&#8221;.<\/p>\n\n\n\n<p>Atualmente com 49 anos, Pop\u00f3 continua em atividade e se orgulha do legado constru\u00eddo. Seu nome, al\u00e9m de estar ligado ao esporte, representa resili\u00eancia, supera\u00e7\u00e3o e amor pela fam\u00edlia, valores que moldaram sua hist\u00f3ria dentro e fora dos ringues.<\/p>\n","protected":false},"excerpt":{"rendered":"<p>A trajet\u00f3ria de Acelino &#8220;Pop\u00f3&#8221; Freitas, um dos maiores nomes do boxe brasileiro, \u00e9 marcada por supera\u00e7\u00e3o, conquistas e recome\u00e7os. Nascido em Salvador, o tetracampe\u00e3o mundial viveu por mais de duas d\u00e9cadas em condi\u00e7\u00f5es prec\u00e1rias, dormindo no ch\u00e3o de uma casa de 10m\u00b2 com sua fam\u00edlia. Ainda assim, foi nessa realidade que construiu sua determina\u00e7\u00e3o, [&hellip;]<\/p>\n","protected":false},"author":18,"featured_media":127410,"comment_status":"open","ping_status":"closed","sticky":false,"template":"","format":"standard","meta":{"footnotes":""},"categories":[81],"tags":[],"class_list":["post-262572","post","type-post","status-publish","format-standard","has-post-thumbnail","hentry","category-celebridades"],"yoast_head":"<!-- This site is optimized with the Yoast SEO Premium plugin v24.2 (Yoast SEO v26.9) - https:\/\/yoast.com\/product\/yoast-seo-premium-wordpress\/ -->\n<title>A declara\u00e7\u00e3o de Pop\u00f3 sobre pris\u00e3o em Las Vegas<\/title>\n<meta name=\"robots\" content=\"index, follow, max-snippet:-1, max-image-preview:large, max-video-preview:-1\" \/>\n<link rel=\"canonical\" href=\"https:\/\/www.gaveanews.com\/index.php\/2025\/05\/10\/a-declaracao-de-popo-sobre-prisao-em-las-vegas\/\" \/>\n<meta property=\"og:locale\" content=\"pt_BR\" \/>\n<meta property=\"og:type\" content=\"article\" \/>\n<meta property=\"og:title\" content=\"A declara\u00e7\u00e3o de Pop\u00f3 sobre pris\u00e3o em Las Vegas\" \/>\n<meta property=\"og:description\" content=\"A trajet\u00f3ria de Acelino &#8220;Pop\u00f3&#8221; Freitas, um dos maiores nomes do boxe brasileiro, \u00e9 marcada por supera\u00e7\u00e3o, conquistas e recome\u00e7os. Nascido em Salvador, o tetracampe\u00e3o mundial viveu por mais de duas d\u00e9cadas em condi\u00e7\u00f5es prec\u00e1rias, dormindo no ch\u00e3o de uma casa de 10m\u00b2 com sua fam\u00edlia. Ainda assim, foi nessa realidade que construiu sua determina\u00e7\u00e3o, [&hellip;]\" \/>\n<meta property=\"og:url\" content=\"https:\/\/www.gaveanews.com\/index.php\/2025\/05\/10\/a-declaracao-de-popo-sobre-prisao-em-las-vegas\/\" \/>\n<meta property=\"og:site_name\" content=\"G\u00e1vea News\" \/>\n<meta property=\"article:publisher\" content=\"https:\/\/facebook.com\/gaveaNews\/\" \/>\n<meta property=\"article:published_time\" content=\"2025-05-10T03:00:00+00:00\" \/>\n<meta property=\"og:image\" content=\"https:\/\/www.gaveanews.com\/wp-content\/uploads\/popo.webp\" \/>\n\t<meta property=\"og:image:width\" content=\"690\" \/>\n\t<meta property=\"og:image:height\" content=\"498\" \/>\n\t<meta property=\"og:image:type\" content=\"image\/webp\" \/>\n<meta name=\"author\" content=\"Paula Silva\" \/>\n<meta name=\"twitter:card\" content=\"summary_large_image\" \/>\n<meta name=\"twitter:label1\" content=\"Escrito por\" \/>\n\t<meta name=\"twitter:data1\" content=\"Paula Silva\" \/>\n\t<meta name=\"twitter:label2\" content=\"Est. tempo de leitura\" \/>\n\t<meta name=\"twitter:data2\" content=\"3 minutos\" \/>\n<script type=\"application\/ld+json\" class=\"yoast-schema-graph\">{\"@context\":\"https:\/\/schema.org\",\"@graph\":[{\"@type\":\"NewsArticle\",\"@id\":\"https:\/\/www.gaveanews.com\/index.php\/2025\/05\/10\/a-declaracao-de-popo-sobre-prisao-em-las-vegas\/#article\",\"isPartOf\":{\"@id\":\"https:\/\/www.gaveanews.com\/index.php\/2025\/05\/10\/a-declaracao-de-popo-sobre-prisao-em-las-vegas\/\"},\"author\":{\"name\":\"Paula Silva\",\"@id\":\"https:\/\/www.gaveanews.com\/#\/schema\/person\/daf63eec72e1164eb13dc35096c2b8da\"},\"headline\":\"A declara\u00e7\u00e3o de Pop\u00f3 sobre pris\u00e3o em Las Vegas\",\"datePublished\":\"2025-05-10T03:00:00+00:00\",\"mainEntityOfPage\":{\"@id\":\"https:\/\/www.gaveanews.com\/index.php\/2025\/05\/10\/a-declaracao-de-popo-sobre-prisao-em-las-vegas\/\"},\"wordCount\":376,\"commentCount\":0,\"image\":{\"@id\":\"https:\/\/www.gaveanews.com\/index.php\/2025\/05\/10\/a-declaracao-de-popo-sobre-prisao-em-las-vegas\/#primaryimage\"},\"thumbnailUrl\":\"https:\/\/www.gaveanews.com\/wp-content\/uploads\/popo.webp\",\"articleSection\":[\"Celebridades\"],\"inLanguage\":\"pt-BR\",\"potentialAction\":[{\"@type\":\"CommentAction\",\"name\":\"Comment\",\"target\":[\"https:\/\/www.gaveanews.com\/index.php\/2025\/05\/10\/a-declaracao-de-popo-sobre-prisao-em-las-vegas\/#respond\"]}],\"copyrightYear\":\"2025\",\"copyrightHolder\":{\"@id\":\"https:\/\/www.gaveanews.com\/#organization\"}},{\"@type\":\"WebPage\",\"@id\":\"https:\/\/www.gaveanews.com\/index.php\/2025\/05\/10\/a-declaracao-de-popo-sobre-prisao-em-las-vegas\/\",\"url\":\"https:\/\/www.gaveanews.com\/index.php\/2025\/05\/10\/a-declaracao-de-popo-sobre-prisao-em-las-vegas\/\",\"name\":\"A declara\u00e7\u00e3o de Pop\u00f3 sobre pris\u00e3o em Las Vegas\",\"isPartOf\":{\"@id\":\"https:\/\/www.gaveanews.com\/#website\"},\"primaryImageOfPage\":{\"@id\":\"https:\/\/www.gaveanews.com\/index.php\/2025\/05\/10\/a-declaracao-de-popo-sobre-prisao-em-las-vegas\/#primaryimage\"},\"image\":{\"@id\":\"https:\/\/www.gaveanews.com\/index.php\/2025\/05\/10\/a-declaracao-de-popo-sobre-prisao-em-las-vegas\/#primaryimage\"},\"thumbnailUrl\":\"https:\/\/www.gaveanews.com\/wp-content\/uploads\/popo.webp\",\"datePublished\":\"2025-05-10T03:00:00+00:00\",\"author\":{\"@id\":\"https:\/\/www.gaveanews.com\/#\/schema\/person\/daf63eec72e1164eb13dc35096c2b8da\"},\"breadcrumb\":{\"@id\":\"https:\/\/www.gaveanews.com\/index.php\/2025\/05\/10\/a-declaracao-de-popo-sobre-prisao-em-las-vegas\/#breadcrumb\"},\"inLanguage\":\"pt-BR\",\"potentialAction\":[{\"@type\":\"ReadAction\",\"target\":[\"https:\/\/www.gaveanews.com\/index.php\/2025\/05\/10\/a-declaracao-de-popo-sobre-prisao-em-las-vegas\/\"]}]},{\"@type\":\"ImageObject\",\"inLanguage\":\"pt-BR\",\"@id\":\"https:\/\/www.gaveanews.com\/index.php\/2025\/05\/10\/a-declaracao-de-popo-sobre-prisao-em-las-vegas\/#primaryimage\",\"url\":\"https:\/\/www.gaveanews.com\/wp-content\/uploads\/popo.webp\",\"contentUrl\":\"https:\/\/www.gaveanews.com\/wp-content\/uploads\/popo.webp\",\"width\":690,\"height\":498,\"caption\":\"Acelino Pop\u00f3, ex-lutador de boxe (Foto: Raphael Marinho)\"},{\"@type\":\"BreadcrumbList\",\"@id\":\"https:\/\/www.gaveanews.com\/index.php\/2025\/05\/10\/a-declaracao-de-popo-sobre-prisao-em-las-vegas\/#breadcrumb\",\"itemListElement\":[{\"@type\":\"ListItem\",\"position\":1,\"name\":\"Home\",\"item\":\"https:\/\/www.gaveanews.com\/\"},{\"@type\":\"ListItem\",\"position\":2,\"name\":\"A declara\u00e7\u00e3o de Pop\u00f3 sobre pris\u00e3o em Las Vegas\"}]},{\"@type\":\"WebSite\",\"@id\":\"https:\/\/www.gaveanews.com\/#website\",\"url\":\"https:\/\/www.gaveanews.com\/\",\"name\":\"G\u00e1vea News\",\"description\":\"Veja todas as not\u00edcias sobre o Flamengo: Contrata\u00e7\u00f5es, categorias de base, resultados das partidas, tabela de classifica\u00e7\u00e3o, pr\u00f3ximos jogos!\",\"potentialAction\":[{\"@type\":\"SearchAction\",\"target\":{\"@type\":\"EntryPoint\",\"urlTemplate\":\"https:\/\/www.gaveanews.com\/?s={search_term_string}\"},\"query-input\":{\"@type\":\"PropertyValueSpecification\",\"valueRequired\":true,\"valueName\":\"search_term_string\"}}],\"inLanguage\":\"pt-BR\"},{\"@type\":\"Person\",\"@id\":\"https:\/\/www.gaveanews.com\/#\/schema\/person\/daf63eec72e1164eb13dc35096c2b8da\",\"name\":\"Paula Silva\",\"image\":{\"@type\":\"ImageObject\",\"inLanguage\":\"pt-BR\",\"@id\":\"https:\/\/www.gaveanews.com\/#\/schema\/person\/image\/\",\"url\":\"https:\/\/secure.gravatar.com\/avatar\/eda381c845527cc5d64c13b901833cda29d97500ba040d3e6461f76f51d163bb?s=96&d=mm&r=g\",\"contentUrl\":\"https:\/\/secure.gravatar.com\/avatar\/eda381c845527cc5d64c13b901833cda29d97500ba040d3e6461f76f51d163bb?s=96&d=mm&r=g\",\"caption\":\"Paula Silva\"}}]}<\/script>\n<!-- \/ Yoast SEO Premium plugin. -->","yoast_head_json":{"title":"A declara\u00e7\u00e3o de Pop\u00f3 sobre pris\u00e3o em Las Vegas","robots":{"index":"index","follow":"follow","max-snippet":"max-snippet:-1","max-image-preview":"max-image-preview:large","max-video-preview":"max-video-preview:-1"},"canonical":"https:\/\/www.gaveanews.com\/index.php\/2025\/05\/10\/a-declaracao-de-popo-sobre-prisao-em-las-vegas\/","og_locale":"pt_BR","og_type":"article","og_title":"A declara\u00e7\u00e3o de Pop\u00f3 sobre pris\u00e3o em Las Vegas","og_description":"A trajet\u00f3ria de Acelino &#8220;Pop\u00f3&#8221; Freitas, um dos maiores nomes do boxe brasileiro, \u00e9 marcada por supera\u00e7\u00e3o, conquistas e recome\u00e7os. Nascido em Salvador, o tetracampe\u00e3o mundial viveu por mais de duas d\u00e9cadas em condi\u00e7\u00f5es prec\u00e1rias, dormindo no ch\u00e3o de uma casa de 10m\u00b2 com sua fam\u00edlia. Ainda assim, foi nessa realidade que construiu sua determina\u00e7\u00e3o, [&hellip;]","og_url":"https:\/\/www.gaveanews.com\/index.php\/2025\/05\/10\/a-declaracao-de-popo-sobre-prisao-em-las-vegas\/","og_site_name":"G\u00e1vea News","article_publisher":"https:\/\/facebook.com\/gaveaNews\/","article_published_time":"2025-05-10T03:00:00+00:00","og_image":[{"width":690,"height":498,"url":"https:\/\/www.gaveanews.com\/wp-content\/uploads\/popo.webp","type":"image\/webp"}],"author":"Paula Silva","twitter_card":"summary_large_image","twitter_misc":{"Escrito por":"Paula Silva","Est. tempo de leitura":"3 minutos"},"schema":{"@context":"https:\/\/schema.org","@graph":[{"@type":"NewsArticle","@id":"https:\/\/www.gaveanews.com\/index.php\/2025\/05\/10\/a-declaracao-de-popo-sobre-prisao-em-las-vegas\/#article","isPartOf":{"@id":"https:\/\/www.gaveanews.com\/index.php\/2025\/05\/10\/a-declaracao-de-popo-sobre-prisao-em-las-vegas\/"},"author":{"name":"Paula Silva","@id":"https:\/\/www.gaveanews.com\/#\/schema\/person\/daf63eec72e1164eb13dc35096c2b8da"},"headline":"A declara\u00e7\u00e3o de Pop\u00f3 sobre pris\u00e3o em Las Vegas","datePublished":"2025-05-10T03:00:00+00:00","mainEntityOfPage":{"@id":"https:\/\/www.gaveanews.com\/index.php\/2025\/05\/10\/a-declaracao-de-popo-sobre-prisao-em-las-vegas\/"},"wordCount":376,"commentCount":0,"image":{"@id":"https:\/\/www.gaveanews.com\/index.php\/2025\/05\/10\/a-declaracao-de-popo-sobre-prisao-em-las-vegas\/#primaryimage"},"thumbnailUrl":"https:\/\/www.gaveanews.com\/wp-content\/uploads\/popo.webp","articleSection":["Celebridades"],"inLanguage":"pt-BR","potentialAction":[{"@type":"CommentAction","name":"Comment","target":["https:\/\/www.gaveanews.com\/index.php\/2025\/05\/10\/a-declaracao-de-popo-sobre-prisao-em-las-vegas\/#respond"]}],"copyrightYear":"2025","copyrightHolder":{"@id":"https:\/\/www.gaveanews.com\/#organization"}},{"@type":"WebPage","@id":"https:\/\/www.gaveanews.com\/index.php\/2025\/05\/10\/a-declaracao-de-popo-sobre-prisao-em-las-vegas\/","url":"https:\/\/www.gaveanews.com\/index.php\/2025\/05\/10\/a-declaracao-de-popo-sobre-prisao-em-las-vegas\/","name":"A declara\u00e7\u00e3o de Pop\u00f3 sobre pris\u00e3o em Las Vegas","isPartOf":{"@id":"https:\/\/www.gaveanews.com\/#website"},"primaryImageOfPage":{"@id":"https:\/\/www.gaveanews.com\/index.php\/2025\/05\/10\/a-declaracao-de-popo-sobre-prisao-em-las-vegas\/#primaryimage"},"image":{"@id":"https:\/\/www.gaveanews.com\/index.php\/2025\/05\/10\/a-declaracao-de-popo-sobre-prisao-em-las-vegas\/#primaryimage"},"thumbnailUrl":"https:\/\/www.gaveanews.com\/wp-content\/uploads\/popo.webp","datePublished":"2025-05-10T03:00:00+00:00","author":{"@id":"https:\/\/www.gaveanews.com\/#\/schema\/person\/daf63eec72e1164eb13dc35096c2b8da"},"breadcrumb":{"@id":"https:\/\/www.gaveanews.com\/index.php\/2025\/05\/10\/a-declaracao-de-popo-sobre-prisao-em-las-vegas\/#breadcrumb"},"inLanguage":"pt-BR","potentialAction":[{"@type":"ReadAction","target":["https:\/\/www.gaveanews.com\/index.php\/2025\/05\/10\/a-declaracao-de-popo-sobre-prisao-em-las-vegas\/"]}]},{"@type":"ImageObject","inLanguage":"pt-BR","@id":"https:\/\/www.gaveanews.com\/index.php\/2025\/05\/10\/a-declaracao-de-popo-sobre-prisao-em-las-vegas\/#primaryimage","url":"https:\/\/www.gaveanews.com\/wp-content\/uploads\/popo.webp","contentUrl":"https:\/\/www.gaveanews.com\/wp-content\/uploads\/popo.webp","width":690,"height":498,"caption":"Acelino Pop\u00f3, ex-lutador de boxe (Foto: Raphael Marinho)"},{"@type":"BreadcrumbList","@id":"https:\/\/www.gaveanews.com\/index.php\/2025\/05\/10\/a-declaracao-de-popo-sobre-prisao-em-las-vegas\/#breadcrumb","itemListElement":[{"@type":"ListItem","position":1,"name":"Home","item":"https:\/\/www.gaveanews.com\/"},{"@type":"ListItem","position":2,"name":"A declara\u00e7\u00e3o de Pop\u00f3 sobre pris\u00e3o em Las Vegas"}]},{"@type":"WebSite","@id":"https:\/\/www.gaveanews.com\/#website","url":"https:\/\/www.gaveanews.com\/","name":"G\u00e1vea News","description":"Veja todas as not\u00edcias sobre o Flamengo: Contrata\u00e7\u00f5es, categorias de base, resultados das partidas, tabela de classifica\u00e7\u00e3o, pr\u00f3ximos jogos!","potentialAction":[{"@type":"SearchAction","target":{"@type":"EntryPoint","urlTemplate":"https:\/\/www.gaveanews.com\/?s={search_term_string}"},"query-input":{"@type":"PropertyValueSpecification","valueRequired":true,"valueName":"search_term_string"}}],"inLanguage":"pt-BR"},{"@type":"Person","@id":"https:\/\/www.gaveanews.com\/#\/schema\/person\/daf63eec72e1164eb13dc35096c2b8da","name":"Paula Silva","image":{"@type":"ImageObject","inLanguage":"pt-BR","@id":"https:\/\/www.gaveanews.com\/#\/schema\/person\/image\/","url":"https:\/\/secure.gravatar.com\/avatar\/eda381c845527cc5d64c13b901833cda29d97500ba040d3e6461f76f51d163bb?s=96&d=mm&r=g","contentUrl":"https:\/\/secure.gravatar.com\/avatar\/eda381c845527cc5d64c13b901833cda29d97500ba040d3e6461f76f51d163bb?s=96&d=mm&r=g","caption":"Paula Silva"}}]}},"_links":{"self":[{"href":"https:\/\/www.gaveanews.com\/index.php\/wp-json\/wp\/v2\/posts\/262572","targetHints":{"allow":["GET"]}}],"collection":[{"href":"https:\/\/www.gaveanews.com\/index.php\/wp-json\/wp\/v2\/posts"}],"about":[{"href":"https:\/\/www.gaveanews.com\/index.php\/wp-json\/wp\/v2\/types\/post"}],"author":[{"embeddable":true,"href":"https:\/\/www.gaveanews.com\/index.php\/wp-json\/wp\/v2\/users\/18"}],"replies":[{"embeddable":true,"href":"https:\/\/www.gaveanews.com\/index.php\/wp-json\/wp\/v2\/comments?post=262572"}],"version-history":[{"count":1,"href":"https:\/\/www.gaveanews.com\/index.php\/wp-json\/wp\/v2\/posts\/262572\/revisions"}],"predecessor-version":[{"id":262575,"href":"https:\/\/www.gaveanews.com\/index.php\/wp-json\/wp\/v2\/posts\/262572\/revisions\/262575"}],"wp:featuredmedia":[{"embeddable":true,"href":"https:\/\/www.gaveanews.com\/index.php\/wp-json\/wp\/v2\/media\/127410"}],"wp:attachment":[{"href":"https:\/\/www.gaveanews.com\/index.php\/wp-json\/wp\/v2\/media?parent=262572"}],"wp:term":[{"taxonomy":"category","embeddable":true,"href":"https:\/\/www.gaveanews.com\/index.php\/wp-json\/wp\/v2\/categories?post=262572"},{"taxonomy":"post_tag","embeddable":true,"href":"https:\/\/www.gaveanews.com\/index.php\/wp-json\/wp\/v2\/tags?post=262572"}],"curies":[{"name":"wp","href":"https:\/\/api.w.org\/{rel}","templated":true}]}}