{"id":262592,"date":"2025-05-10T00:35:00","date_gmt":"2025-05-10T03:35:00","guid":{"rendered":"https:\/\/www.gaveanews.com\/?p=262592"},"modified":"2025-05-09T22:35:44","modified_gmt":"2025-05-10T01:35:44","slug":"com-zubeldia-sao-paulo-alcanca-feito-inedito-em-sua-historia","status":"publish","type":"post","link":"https:\/\/www.gaveanews.com\/index.php\/2025\/05\/10\/com-zubeldia-sao-paulo-alcanca-feito-inedito-em-sua-historia\/","title":{"rendered":"Com Zubeld\u00eda, S\u00e3o Paulo alcan\u00e7a feito in\u00e9dito em sua hist\u00f3ria"},"content":{"rendered":"\n<p>O S\u00e3o Paulo comandado por Luis Zubeld\u00eda alcan\u00e7ou um feito in\u00e9dito na hist\u00f3ria do clube ao vencer todos os seus compromissos fora de casa na fase de grupos da atual edi\u00e7\u00e3o da Copa Libertadores. O marco foi consolidado na \u00faltima ter\u00e7a-feira (6), quando a equipe derrotou o Alianza Lima por 2 a 0, no Peru. Anteriormente, o Tricolor j\u00e1 havia vencido o Libertad, no Paraguai, pelo mesmo placar, e o Talleres, na Argentina, por 1 a 0, na estreia da fase.<\/p>\n\n\n\n<p>Esse desempenho contrasta com as campanhas dos anos em que o clube conquistou o t\u00edtulo continental. Em 1992 e 1993, sob o comando de Tel\u00ea Santana, e em 2005, com Paulo Autuori, o S\u00e3o Paulo jamais obteve tr\u00eas vit\u00f3rias fora de casa na fase de grupos. Conforme o hist\u00f3rico, em 2005, por exemplo, a equipe empatou todos os jogos fora e venceu apenas no Morumbi.<\/p>\n\n\n\n<p>A campanha atual tamb\u00e9m ganha destaque porque o \u00fanico trope\u00e7o tricolor aconteceu em casa, justamente contra o Alianza Lima, quando as equipes empataram por 2 a 2. Ou seja, o rendimento como visitante foi, surpreendentemente, superior ao desempenho no Morumbis, fator que inegavelmente valoriza a consist\u00eancia do trabalho de Zubeld\u00eda.<\/p>\n\n\n\n<p>Ali\u00e1s, com a vit\u00f3ria em Lima, o treinador argentino igualou sua melhor sequ\u00eancia invicta \u00e0 frente do S\u00e3o Paulo: 12 jogos. A marca anterior havia sido estabelecida logo ap\u00f3s sua chegada ao clube, em abril de 2024, at\u00e9 a derrota para o Cuiab\u00e1. Agora, a sequ\u00eancia ser\u00e1 colocada \u00e0 prova no cl\u00e1ssico contra o Palmeiras, marcado para domingo (11), \u00e0s 17h30 (hor\u00e1rio de Bras\u00edlia), na Arena Barueri.<\/p>\n\n\n\n<p>Enquanto isso, o S\u00e3o Paulo encaminha sua classifica\u00e7\u00e3o para as oitavas de final da competi\u00e7\u00e3o. A equipe soma dez pontos e pode garantir matematicamente a vaga dependendo do resultado entre Talleres e Libertad. A pr\u00f3xima partida pela Libertadores ser\u00e1 na quarta-feira (14), quando o Tricolor recebe o Libertad no Morumbis.<\/p>\n\n\n\n<p>Portanto, o trabalho de Zubeld\u00eda se destaca n\u00e3o apenas pelos resultados, mas pela supera\u00e7\u00e3o de marcas hist\u00f3ricas do clube. Mesmo sem levantar ta\u00e7as, o t\u00e9cnico j\u00e1 figura entre os que mais marcaram positivamente sua passagem pelo comando tricolor, sobretudo por atingir conquistas que escaparam a t\u00e9cnicos consagrados como Tel\u00ea Santana e Paulo Autuori.<\/p>\n","protected":false},"excerpt":{"rendered":"<p>O S\u00e3o Paulo comandado por Luis Zubeld\u00eda alcan\u00e7ou um feito in\u00e9dito na hist\u00f3ria do clube ao vencer todos os seus compromissos fora de casa na fase de grupos da atual edi\u00e7\u00e3o da Copa Libertadores. O marco foi consolidado na \u00faltima ter\u00e7a-feira (6), quando a equipe derrotou o Alianza Lima por 2 a 0, no Peru. [&hellip;]<\/p>\n","protected":false},"author":18,"featured_media":157734,"comment_status":"open","ping_status":"closed","sticky":false,"template":"","format":"standard","meta":{"footnotes":""},"categories":[151],"tags":[],"class_list":["post-262592","post","type-post","status-publish","format-standard","has-post-thumbnail","hentry","category-sao-paulo"],"yoast_head":"<!-- This site is optimized with the Yoast SEO Premium plugin v24.2 (Yoast SEO v26.9) - https:\/\/yoast.com\/product\/yoast-seo-premium-wordpress\/ -->\n<title>Com Zubeld\u00eda, S\u00e3o Paulo alcan\u00e7a feito in\u00e9dito em sua hist\u00f3ria<\/title>\n<meta name=\"robots\" content=\"index, follow, max-snippet:-1, max-image-preview:large, max-video-preview:-1\" \/>\n<link rel=\"canonical\" href=\"https:\/\/www.gaveanews.com\/index.php\/2025\/05\/10\/com-zubeldia-sao-paulo-alcanca-feito-inedito-em-sua-historia\/\" \/>\n<meta property=\"og:locale\" content=\"pt_BR\" \/>\n<meta property=\"og:type\" content=\"article\" \/>\n<meta property=\"og:title\" content=\"Com Zubeld\u00eda, S\u00e3o Paulo alcan\u00e7a feito in\u00e9dito em sua hist\u00f3ria\" \/>\n<meta property=\"og:description\" content=\"O S\u00e3o Paulo comandado por Luis Zubeld\u00eda alcan\u00e7ou um feito in\u00e9dito na hist\u00f3ria do clube ao vencer todos os seus compromissos fora de casa na fase de grupos da atual edi\u00e7\u00e3o da Copa Libertadores. O marco foi consolidado na \u00faltima ter\u00e7a-feira (6), quando a equipe derrotou o Alianza Lima por 2 a 0, no Peru. [&hellip;]\" \/>\n<meta property=\"og:url\" content=\"https:\/\/www.gaveanews.com\/index.php\/2025\/05\/10\/com-zubeldia-sao-paulo-alcanca-feito-inedito-em-sua-historia\/\" \/>\n<meta property=\"og:site_name\" content=\"G\u00e1vea News\" \/>\n<meta property=\"article:publisher\" content=\"https:\/\/facebook.com\/gaveaNews\/\" \/>\n<meta property=\"article:published_time\" content=\"2025-05-10T03:35:00+00:00\" \/>\n<meta property=\"og:image\" content=\"https:\/\/www.gaveanews.com\/wp-content\/uploads\/Elenco-do-Sao-Paulo.webp\" \/>\n\t<meta property=\"og:image:width\" content=\"1242\" \/>\n\t<meta property=\"og:image:height\" content=\"1235\" \/>\n\t<meta property=\"og:image:type\" content=\"image\/jpeg\" \/>\n<meta name=\"author\" content=\"Paula Silva\" \/>\n<meta name=\"twitter:card\" content=\"summary_large_image\" \/>\n<meta name=\"twitter:label1\" content=\"Escrito por\" \/>\n\t<meta name=\"twitter:data1\" content=\"Paula Silva\" \/>\n\t<meta name=\"twitter:label2\" content=\"Est. tempo de leitura\" \/>\n\t<meta name=\"twitter:data2\" content=\"3 minutos\" \/>\n<script type=\"application\/ld+json\" class=\"yoast-schema-graph\">{\"@context\":\"https:\/\/schema.org\",\"@graph\":[{\"@type\":\"NewsArticle\",\"@id\":\"https:\/\/www.gaveanews.com\/index.php\/2025\/05\/10\/com-zubeldia-sao-paulo-alcanca-feito-inedito-em-sua-historia\/#article\",\"isPartOf\":{\"@id\":\"https:\/\/www.gaveanews.com\/index.php\/2025\/05\/10\/com-zubeldia-sao-paulo-alcanca-feito-inedito-em-sua-historia\/\"},\"author\":{\"name\":\"Paula Silva\",\"@id\":\"https:\/\/www.gaveanews.com\/#\/schema\/person\/daf63eec72e1164eb13dc35096c2b8da\"},\"headline\":\"Com Zubeld\u00eda, S\u00e3o Paulo alcan\u00e7a feito in\u00e9dito em sua hist\u00f3ria\",\"datePublished\":\"2025-05-10T03:35:00+00:00\",\"mainEntityOfPage\":{\"@id\":\"https:\/\/www.gaveanews.com\/index.php\/2025\/05\/10\/com-zubeldia-sao-paulo-alcanca-feito-inedito-em-sua-historia\/\"},\"wordCount\":400,\"commentCount\":0,\"image\":{\"@id\":\"https:\/\/www.gaveanews.com\/index.php\/2025\/05\/10\/com-zubeldia-sao-paulo-alcanca-feito-inedito-em-sua-historia\/#primaryimage\"},\"thumbnailUrl\":\"https:\/\/www.gaveanews.com\/wp-content\/uploads\/Elenco-do-Sao-Paulo.webp\",\"articleSection\":[\"S\u00e3o Paulo\"],\"inLanguage\":\"pt-BR\",\"potentialAction\":[{\"@type\":\"CommentAction\",\"name\":\"Comment\",\"target\":[\"https:\/\/www.gaveanews.com\/index.php\/2025\/05\/10\/com-zubeldia-sao-paulo-alcanca-feito-inedito-em-sua-historia\/#respond\"]}],\"copyrightYear\":\"2025\",\"copyrightHolder\":{\"@id\":\"https:\/\/www.gaveanews.com\/#organization\"}},{\"@type\":\"WebPage\",\"@id\":\"https:\/\/www.gaveanews.com\/index.php\/2025\/05\/10\/com-zubeldia-sao-paulo-alcanca-feito-inedito-em-sua-historia\/\",\"url\":\"https:\/\/www.gaveanews.com\/index.php\/2025\/05\/10\/com-zubeldia-sao-paulo-alcanca-feito-inedito-em-sua-historia\/\",\"name\":\"Com Zubeld\u00eda, S\u00e3o Paulo alcan\u00e7a feito in\u00e9dito em sua hist\u00f3ria\",\"isPartOf\":{\"@id\":\"https:\/\/www.gaveanews.com\/#website\"},\"primaryImageOfPage\":{\"@id\":\"https:\/\/www.gaveanews.com\/index.php\/2025\/05\/10\/com-zubeldia-sao-paulo-alcanca-feito-inedito-em-sua-historia\/#primaryimage\"},\"image\":{\"@id\":\"https:\/\/www.gaveanews.com\/index.php\/2025\/05\/10\/com-zubeldia-sao-paulo-alcanca-feito-inedito-em-sua-historia\/#primaryimage\"},\"thumbnailUrl\":\"https:\/\/www.gaveanews.com\/wp-content\/uploads\/Elenco-do-Sao-Paulo.webp\",\"datePublished\":\"2025-05-10T03:35:00+00:00\",\"author\":{\"@id\":\"https:\/\/www.gaveanews.com\/#\/schema\/person\/daf63eec72e1164eb13dc35096c2b8da\"},\"breadcrumb\":{\"@id\":\"https:\/\/www.gaveanews.com\/index.php\/2025\/05\/10\/com-zubeldia-sao-paulo-alcanca-feito-inedito-em-sua-historia\/#breadcrumb\"},\"inLanguage\":\"pt-BR\",\"potentialAction\":[{\"@type\":\"ReadAction\",\"target\":[\"https:\/\/www.gaveanews.com\/index.php\/2025\/05\/10\/com-zubeldia-sao-paulo-alcanca-feito-inedito-em-sua-historia\/\"]}]},{\"@type\":\"ImageObject\",\"inLanguage\":\"pt-BR\",\"@id\":\"https:\/\/www.gaveanews.com\/index.php\/2025\/05\/10\/com-zubeldia-sao-paulo-alcanca-feito-inedito-em-sua-historia\/#primaryimage\",\"url\":\"https:\/\/www.gaveanews.com\/wp-content\/uploads\/Elenco-do-Sao-Paulo.webp\",\"contentUrl\":\"https:\/\/www.gaveanews.com\/wp-content\/uploads\/Elenco-do-Sao-Paulo.webp\",\"width\":1242,\"height\":1235,\"caption\":\"Elenco do S\u00e3o Paulo (Foto: Reprodu\u00e7\u00e3o\/Instagram)\"},{\"@type\":\"BreadcrumbList\",\"@id\":\"https:\/\/www.gaveanews.com\/index.php\/2025\/05\/10\/com-zubeldia-sao-paulo-alcanca-feito-inedito-em-sua-historia\/#breadcrumb\",\"itemListElement\":[{\"@type\":\"ListItem\",\"position\":1,\"name\":\"Home\",\"item\":\"https:\/\/www.gaveanews.com\/\"},{\"@type\":\"ListItem\",\"position\":2,\"name\":\"Com Zubeld\u00eda, S\u00e3o Paulo alcan\u00e7a feito in\u00e9dito em sua hist\u00f3ria\"}]},{\"@type\":\"WebSite\",\"@id\":\"https:\/\/www.gaveanews.com\/#website\",\"url\":\"https:\/\/www.gaveanews.com\/\",\"name\":\"G\u00e1vea News\",\"description\":\"Veja todas as not\u00edcias sobre o Flamengo: Contrata\u00e7\u00f5es, categorias de base, resultados das partidas, tabela de classifica\u00e7\u00e3o, pr\u00f3ximos jogos!\",\"potentialAction\":[{\"@type\":\"SearchAction\",\"target\":{\"@type\":\"EntryPoint\",\"urlTemplate\":\"https:\/\/www.gaveanews.com\/?s={search_term_string}\"},\"query-input\":{\"@type\":\"PropertyValueSpecification\",\"valueRequired\":true,\"valueName\":\"search_term_string\"}}],\"inLanguage\":\"pt-BR\"},{\"@type\":\"Person\",\"@id\":\"https:\/\/www.gaveanews.com\/#\/schema\/person\/daf63eec72e1164eb13dc35096c2b8da\",\"name\":\"Paula Silva\",\"image\":{\"@type\":\"ImageObject\",\"inLanguage\":\"pt-BR\",\"@id\":\"https:\/\/www.gaveanews.com\/#\/schema\/person\/image\/\",\"url\":\"https:\/\/secure.gravatar.com\/avatar\/eda381c845527cc5d64c13b901833cda29d97500ba040d3e6461f76f51d163bb?s=96&d=mm&r=g\",\"contentUrl\":\"https:\/\/secure.gravatar.com\/avatar\/eda381c845527cc5d64c13b901833cda29d97500ba040d3e6461f76f51d163bb?s=96&d=mm&r=g\",\"caption\":\"Paula Silva\"}}]}<\/script>\n<!-- \/ Yoast SEO Premium plugin. -->","yoast_head_json":{"title":"Com Zubeld\u00eda, S\u00e3o Paulo alcan\u00e7a feito in\u00e9dito em sua hist\u00f3ria","robots":{"index":"index","follow":"follow","max-snippet":"max-snippet:-1","max-image-preview":"max-image-preview:large","max-video-preview":"max-video-preview:-1"},"canonical":"https:\/\/www.gaveanews.com\/index.php\/2025\/05\/10\/com-zubeldia-sao-paulo-alcanca-feito-inedito-em-sua-historia\/","og_locale":"pt_BR","og_type":"article","og_title":"Com Zubeld\u00eda, S\u00e3o Paulo alcan\u00e7a feito in\u00e9dito em sua hist\u00f3ria","og_description":"O S\u00e3o Paulo comandado por Luis Zubeld\u00eda alcan\u00e7ou um feito in\u00e9dito na hist\u00f3ria do clube ao vencer todos os seus compromissos fora de casa na fase de grupos da atual edi\u00e7\u00e3o da Copa Libertadores. O marco foi consolidado na \u00faltima ter\u00e7a-feira (6), quando a equipe derrotou o Alianza Lima por 2 a 0, no Peru. [&hellip;]","og_url":"https:\/\/www.gaveanews.com\/index.php\/2025\/05\/10\/com-zubeldia-sao-paulo-alcanca-feito-inedito-em-sua-historia\/","og_site_name":"G\u00e1vea News","article_publisher":"https:\/\/facebook.com\/gaveaNews\/","article_published_time":"2025-05-10T03:35:00+00:00","og_image":[{"width":1242,"height":1235,"url":"https:\/\/www.gaveanews.com\/wp-content\/uploads\/Elenco-do-Sao-Paulo.webp","type":"image\/jpeg"}],"author":"Paula Silva","twitter_card":"summary_large_image","twitter_misc":{"Escrito por":"Paula Silva","Est. tempo de leitura":"3 minutos"},"schema":{"@context":"https:\/\/schema.org","@graph":[{"@type":"NewsArticle","@id":"https:\/\/www.gaveanews.com\/index.php\/2025\/05\/10\/com-zubeldia-sao-paulo-alcanca-feito-inedito-em-sua-historia\/#article","isPartOf":{"@id":"https:\/\/www.gaveanews.com\/index.php\/2025\/05\/10\/com-zubeldia-sao-paulo-alcanca-feito-inedito-em-sua-historia\/"},"author":{"name":"Paula Silva","@id":"https:\/\/www.gaveanews.com\/#\/schema\/person\/daf63eec72e1164eb13dc35096c2b8da"},"headline":"Com Zubeld\u00eda, S\u00e3o Paulo alcan\u00e7a feito in\u00e9dito em sua hist\u00f3ria","datePublished":"2025-05-10T03:35:00+00:00","mainEntityOfPage":{"@id":"https:\/\/www.gaveanews.com\/index.php\/2025\/05\/10\/com-zubeldia-sao-paulo-alcanca-feito-inedito-em-sua-historia\/"},"wordCount":400,"commentCount":0,"image":{"@id":"https:\/\/www.gaveanews.com\/index.php\/2025\/05\/10\/com-zubeldia-sao-paulo-alcanca-feito-inedito-em-sua-historia\/#primaryimage"},"thumbnailUrl":"https:\/\/www.gaveanews.com\/wp-content\/uploads\/Elenco-do-Sao-Paulo.webp","articleSection":["S\u00e3o Paulo"],"inLanguage":"pt-BR","potentialAction":[{"@type":"CommentAction","name":"Comment","target":["https:\/\/www.gaveanews.com\/index.php\/2025\/05\/10\/com-zubeldia-sao-paulo-alcanca-feito-inedito-em-sua-historia\/#respond"]}],"copyrightYear":"2025","copyrightHolder":{"@id":"https:\/\/www.gaveanews.com\/#organization"}},{"@type":"WebPage","@id":"https:\/\/www.gaveanews.com\/index.php\/2025\/05\/10\/com-zubeldia-sao-paulo-alcanca-feito-inedito-em-sua-historia\/","url":"https:\/\/www.gaveanews.com\/index.php\/2025\/05\/10\/com-zubeldia-sao-paulo-alcanca-feito-inedito-em-sua-historia\/","name":"Com Zubeld\u00eda, S\u00e3o Paulo alcan\u00e7a feito in\u00e9dito em sua hist\u00f3ria","isPartOf":{"@id":"https:\/\/www.gaveanews.com\/#website"},"primaryImageOfPage":{"@id":"https:\/\/www.gaveanews.com\/index.php\/2025\/05\/10\/com-zubeldia-sao-paulo-alcanca-feito-inedito-em-sua-historia\/#primaryimage"},"image":{"@id":"https:\/\/www.gaveanews.com\/index.php\/2025\/05\/10\/com-zubeldia-sao-paulo-alcanca-feito-inedito-em-sua-historia\/#primaryimage"},"thumbnailUrl":"https:\/\/www.gaveanews.com\/wp-content\/uploads\/Elenco-do-Sao-Paulo.webp","datePublished":"2025-05-10T03:35:00+00:00","author":{"@id":"https:\/\/www.gaveanews.com\/#\/schema\/person\/daf63eec72e1164eb13dc35096c2b8da"},"breadcrumb":{"@id":"https:\/\/www.gaveanews.com\/index.php\/2025\/05\/10\/com-zubeldia-sao-paulo-alcanca-feito-inedito-em-sua-historia\/#breadcrumb"},"inLanguage":"pt-BR","potentialAction":[{"@type":"ReadAction","target":["https:\/\/www.gaveanews.com\/index.php\/2025\/05\/10\/com-zubeldia-sao-paulo-alcanca-feito-inedito-em-sua-historia\/"]}]},{"@type":"ImageObject","inLanguage":"pt-BR","@id":"https:\/\/www.gaveanews.com\/index.php\/2025\/05\/10\/com-zubeldia-sao-paulo-alcanca-feito-inedito-em-sua-historia\/#primaryimage","url":"https:\/\/www.gaveanews.com\/wp-content\/uploads\/Elenco-do-Sao-Paulo.webp","contentUrl":"https:\/\/www.gaveanews.com\/wp-content\/uploads\/Elenco-do-Sao-Paulo.webp","width":1242,"height":1235,"caption":"Elenco do S\u00e3o Paulo (Foto: Reprodu\u00e7\u00e3o\/Instagram)"},{"@type":"BreadcrumbList","@id":"https:\/\/www.gaveanews.com\/index.php\/2025\/05\/10\/com-zubeldia-sao-paulo-alcanca-feito-inedito-em-sua-historia\/#breadcrumb","itemListElement":[{"@type":"ListItem","position":1,"name":"Home","item":"https:\/\/www.gaveanews.com\/"},{"@type":"ListItem","position":2,"name":"Com Zubeld\u00eda, S\u00e3o Paulo alcan\u00e7a feito in\u00e9dito em sua hist\u00f3ria"}]},{"@type":"WebSite","@id":"https:\/\/www.gaveanews.com\/#website","url":"https:\/\/www.gaveanews.com\/","name":"G\u00e1vea News","description":"Veja todas as not\u00edcias sobre o Flamengo: Contrata\u00e7\u00f5es, categorias de base, resultados das partidas, tabela de classifica\u00e7\u00e3o, pr\u00f3ximos jogos!","potentialAction":[{"@type":"SearchAction","target":{"@type":"EntryPoint","urlTemplate":"https:\/\/www.gaveanews.com\/?s={search_term_string}"},"query-input":{"@type":"PropertyValueSpecification","valueRequired":true,"valueName":"search_term_string"}}],"inLanguage":"pt-BR"},{"@type":"Person","@id":"https:\/\/www.gaveanews.com\/#\/schema\/person\/daf63eec72e1164eb13dc35096c2b8da","name":"Paula Silva","image":{"@type":"ImageObject","inLanguage":"pt-BR","@id":"https:\/\/www.gaveanews.com\/#\/schema\/person\/image\/","url":"https:\/\/secure.gravatar.com\/avatar\/eda381c845527cc5d64c13b901833cda29d97500ba040d3e6461f76f51d163bb?s=96&d=mm&r=g","contentUrl":"https:\/\/secure.gravatar.com\/avatar\/eda381c845527cc5d64c13b901833cda29d97500ba040d3e6461f76f51d163bb?s=96&d=mm&r=g","caption":"Paula Silva"}}]}},"_links":{"self":[{"href":"https:\/\/www.gaveanews.com\/index.php\/wp-json\/wp\/v2\/posts\/262592","targetHints":{"allow":["GET"]}}],"collection":[{"href":"https:\/\/www.gaveanews.com\/index.php\/wp-json\/wp\/v2\/posts"}],"about":[{"href":"https:\/\/www.gaveanews.com\/index.php\/wp-json\/wp\/v2\/types\/post"}],"author":[{"embeddable":true,"href":"https:\/\/www.gaveanews.com\/index.php\/wp-json\/wp\/v2\/users\/18"}],"replies":[{"embeddable":true,"href":"https:\/\/www.gaveanews.com\/index.php\/wp-json\/wp\/v2\/comments?post=262592"}],"version-history":[{"count":1,"href":"https:\/\/www.gaveanews.com\/index.php\/wp-json\/wp\/v2\/posts\/262592\/revisions"}],"predecessor-version":[{"id":262596,"href":"https:\/\/www.gaveanews.com\/index.php\/wp-json\/wp\/v2\/posts\/262592\/revisions\/262596"}],"wp:featuredmedia":[{"embeddable":true,"href":"https:\/\/www.gaveanews.com\/index.php\/wp-json\/wp\/v2\/media\/157734"}],"wp:attachment":[{"href":"https:\/\/www.gaveanews.com\/index.php\/wp-json\/wp\/v2\/media?parent=262592"}],"wp:term":[{"taxonomy":"category","embeddable":true,"href":"https:\/\/www.gaveanews.com\/index.php\/wp-json\/wp\/v2\/categories?post=262592"},{"taxonomy":"post_tag","embeddable":true,"href":"https:\/\/www.gaveanews.com\/index.php\/wp-json\/wp\/v2\/tags?post=262592"}],"curies":[{"name":"wp","href":"https:\/\/api.w.org\/{rel}","templated":true}]}}