{"id":262604,"date":"2025-05-10T00:50:00","date_gmt":"2025-05-10T03:50:00","guid":{"rendered":"https:\/\/www.gaveanews.com\/?p=262604"},"modified":"2025-05-09T22:46:08","modified_gmt":"2025-05-10T01:46:08","slug":"a-escalacao-do-bragantino-para-jogo-contra-o-gremio","status":"publish","type":"post","link":"https:\/\/www.gaveanews.com\/index.php\/2025\/05\/10\/a-escalacao-do-bragantino-para-jogo-contra-o-gremio\/","title":{"rendered":"A escala\u00e7\u00e3o do Bragantino para jogo contra o Gr\u00eamio"},"content":{"rendered":"\n<p>O Red Bull Bragantino concluiu, na manh\u00e3 de sexta-feira (09), sua prepara\u00e7\u00e3o para o confronto contra o Gr\u00eamio, v\u00e1lido pela oitava rodada do Campeonato Brasileiro. A partida est\u00e1 marcada para s\u00e1bado (10), \u00e0s 18h30 (hor\u00e1rio de Bras\u00edlia), na Arena do Gr\u00eamio, em Porto Alegre.<\/p>\n\n\n\n<p>A atividade final foi conduzida pelo t\u00e9cnico Fernando Seabra, que organizou um treino com \u00eanfase t\u00e1tica e t\u00e9cnica, ajustando os \u00faltimos detalhes da equipe. A escala\u00e7\u00e3o mais prov\u00e1vel tem Cleiton no gol; Andres Hurtado, Pedro Henrique, L\u00e9o Realpe (ou Guzm\u00e1n) e Juninho Capixaba na defesa; Gabriel, Eric Ramires e Jhon Jhon no meio-campo; Vinicinho, Lucas Barbosa e Eduardo Sasha no setor ofensivo.<\/p>\n\n\n\n<p>Enquanto isso, o departamento m\u00e9dico do clube segue movimentado. Tr\u00eas atletas est\u00e3o fora do jogo: o goleiro Luc\u00e3o, com tor\u00e7\u00e3o no tornozelo esquerdo; o lateral Guilherme, que trata uma les\u00e3o muscular na coxa direita; e o atacante Fernando, afastado por tendinite patelar no joelho esquerdo.<\/p>\n\n\n\n<p>Atualmente, o Bragantino vive um bom momento na competi\u00e7\u00e3o nacional. A equipe de Bragan\u00e7a Paulista soma cinco vit\u00f3rias consecutivas no Brasileir\u00e3o, o que a colocou na vice-lideran\u00e7a da tabela, com 16 pontos conquistados at\u00e9 aqui &#8211; mesma pontua\u00e7\u00e3o do Palmeiras, que lidera o torneio pelo saldo de gols. Esse desempenho tem dado confian\u00e7a ao elenco, que busca manter a sequ\u00eancia positiva longe de casa.<\/p>\n\n\n\n<p>O Gr\u00eamio, por sua vez, ocupa a 13\u00aa coloca\u00e7\u00e3o, com oito pontos somados. A equipe ga\u00facha ter\u00e1 o retorno de alguns jogadores importantes, mas ainda lida com desfalques no setor ofensivo, o que pode influenciar diretamente em seu desempenho contra um advers\u00e1rio em ascens\u00e3o.<\/p>\n\n\n\n<p>Portanto, o duelo deste s\u00e1bado promete ser um confronto direto entre equipes em momentos distintos. O Bragantino, embalado por bons resultados, encara o desafio de manter o ritmo como visitante, enquanto o Gr\u00eamio tenta recuperar terreno na classifica\u00e7\u00e3o diante de sua torcida.<\/p>\n","protected":false},"excerpt":{"rendered":"<p>O Red Bull Bragantino concluiu, na manh\u00e3 de sexta-feira (09), sua prepara\u00e7\u00e3o para o confronto contra o Gr\u00eamio, v\u00e1lido pela oitava rodada do Campeonato Brasileiro. A partida est\u00e1 marcada para s\u00e1bado (10), \u00e0s 18h30 (hor\u00e1rio de Bras\u00edlia), na Arena do Gr\u00eamio, em Porto Alegre. A atividade final foi conduzida pelo t\u00e9cnico Fernando Seabra, que organizou [&hellip;]<\/p>\n","protected":false},"author":18,"featured_media":188648,"comment_status":"open","ping_status":"closed","sticky":false,"template":"","format":"standard","meta":{"footnotes":""},"categories":[140,147],"tags":[],"class_list":["post-262604","post","type-post","status-publish","format-standard","has-post-thumbnail","hentry","category-bragantino","category-gremio"],"yoast_head":"<!-- This site is optimized with the Yoast SEO Premium plugin v24.2 (Yoast SEO v26.9) - https:\/\/yoast.com\/product\/yoast-seo-premium-wordpress\/ -->\n<title>A escala\u00e7\u00e3o do Bragantino para jogo contra o Gr\u00eamio<\/title>\n<meta name=\"robots\" content=\"index, follow, max-snippet:-1, max-image-preview:large, max-video-preview:-1\" \/>\n<link rel=\"canonical\" href=\"https:\/\/www.gaveanews.com\/index.php\/2025\/05\/10\/a-escalacao-do-bragantino-para-jogo-contra-o-gremio\/\" \/>\n<meta property=\"og:locale\" content=\"pt_BR\" \/>\n<meta property=\"og:type\" content=\"article\" \/>\n<meta property=\"og:title\" content=\"A escala\u00e7\u00e3o do Bragantino para jogo contra o Gr\u00eamio\" \/>\n<meta property=\"og:description\" content=\"O Red Bull Bragantino concluiu, na manh\u00e3 de sexta-feira (09), sua prepara\u00e7\u00e3o para o confronto contra o Gr\u00eamio, v\u00e1lido pela oitava rodada do Campeonato Brasileiro. A partida est\u00e1 marcada para s\u00e1bado (10), \u00e0s 18h30 (hor\u00e1rio de Bras\u00edlia), na Arena do Gr\u00eamio, em Porto Alegre. A atividade final foi conduzida pelo t\u00e9cnico Fernando Seabra, que organizou [&hellip;]\" \/>\n<meta property=\"og:url\" content=\"https:\/\/www.gaveanews.com\/index.php\/2025\/05\/10\/a-escalacao-do-bragantino-para-jogo-contra-o-gremio\/\" \/>\n<meta property=\"og:site_name\" content=\"G\u00e1vea News\" \/>\n<meta property=\"article:publisher\" content=\"https:\/\/facebook.com\/gaveaNews\/\" \/>\n<meta property=\"article:published_time\" content=\"2025-05-10T03:50:00+00:00\" \/>\n<meta property=\"og:image\" content=\"https:\/\/www.gaveanews.com\/wp-content\/uploads\/Fernando-Seabra-pelo-Bragantino.webp\" \/>\n\t<meta property=\"og:image:width\" content=\"1103\" \/>\n\t<meta property=\"og:image:height\" content=\"800\" \/>\n\t<meta property=\"og:image:type\" content=\"image\/jpeg\" \/>\n<meta name=\"author\" content=\"Paula Silva\" \/>\n<meta name=\"twitter:card\" content=\"summary_large_image\" \/>\n<meta name=\"twitter:label1\" content=\"Escrito por\" \/>\n\t<meta name=\"twitter:data1\" content=\"Paula Silva\" \/>\n\t<meta name=\"twitter:label2\" content=\"Est. tempo de leitura\" \/>\n\t<meta name=\"twitter:data2\" content=\"2 minutos\" \/>\n<script type=\"application\/ld+json\" class=\"yoast-schema-graph\">{\"@context\":\"https:\/\/schema.org\",\"@graph\":[{\"@type\":\"NewsArticle\",\"@id\":\"https:\/\/www.gaveanews.com\/index.php\/2025\/05\/10\/a-escalacao-do-bragantino-para-jogo-contra-o-gremio\/#article\",\"isPartOf\":{\"@id\":\"https:\/\/www.gaveanews.com\/index.php\/2025\/05\/10\/a-escalacao-do-bragantino-para-jogo-contra-o-gremio\/\"},\"author\":{\"name\":\"Paula Silva\",\"@id\":\"https:\/\/www.gaveanews.com\/#\/schema\/person\/daf63eec72e1164eb13dc35096c2b8da\"},\"headline\":\"A escala\u00e7\u00e3o do Bragantino para jogo contra o Gr\u00eamio\",\"datePublished\":\"2025-05-10T03:50:00+00:00\",\"mainEntityOfPage\":{\"@id\":\"https:\/\/www.gaveanews.com\/index.php\/2025\/05\/10\/a-escalacao-do-bragantino-para-jogo-contra-o-gremio\/\"},\"wordCount\":344,\"commentCount\":0,\"image\":{\"@id\":\"https:\/\/www.gaveanews.com\/index.php\/2025\/05\/10\/a-escalacao-do-bragantino-para-jogo-contra-o-gremio\/#primaryimage\"},\"thumbnailUrl\":\"https:\/\/www.gaveanews.com\/wp-content\/uploads\/Fernando-Seabra-pelo-Bragantino.webp\",\"articleSection\":[\"Bragantino\",\"Gr\u00eamio\"],\"inLanguage\":\"pt-BR\",\"potentialAction\":[{\"@type\":\"CommentAction\",\"name\":\"Comment\",\"target\":[\"https:\/\/www.gaveanews.com\/index.php\/2025\/05\/10\/a-escalacao-do-bragantino-para-jogo-contra-o-gremio\/#respond\"]}],\"copyrightYear\":\"2025\",\"copyrightHolder\":{\"@id\":\"https:\/\/www.gaveanews.com\/#organization\"}},{\"@type\":\"WebPage\",\"@id\":\"https:\/\/www.gaveanews.com\/index.php\/2025\/05\/10\/a-escalacao-do-bragantino-para-jogo-contra-o-gremio\/\",\"url\":\"https:\/\/www.gaveanews.com\/index.php\/2025\/05\/10\/a-escalacao-do-bragantino-para-jogo-contra-o-gremio\/\",\"name\":\"A escala\u00e7\u00e3o do Bragantino para jogo contra o Gr\u00eamio\",\"isPartOf\":{\"@id\":\"https:\/\/www.gaveanews.com\/#website\"},\"primaryImageOfPage\":{\"@id\":\"https:\/\/www.gaveanews.com\/index.php\/2025\/05\/10\/a-escalacao-do-bragantino-para-jogo-contra-o-gremio\/#primaryimage\"},\"image\":{\"@id\":\"https:\/\/www.gaveanews.com\/index.php\/2025\/05\/10\/a-escalacao-do-bragantino-para-jogo-contra-o-gremio\/#primaryimage\"},\"thumbnailUrl\":\"https:\/\/www.gaveanews.com\/wp-content\/uploads\/Fernando-Seabra-pelo-Bragantino.webp\",\"datePublished\":\"2025-05-10T03:50:00+00:00\",\"author\":{\"@id\":\"https:\/\/www.gaveanews.com\/#\/schema\/person\/daf63eec72e1164eb13dc35096c2b8da\"},\"breadcrumb\":{\"@id\":\"https:\/\/www.gaveanews.com\/index.php\/2025\/05\/10\/a-escalacao-do-bragantino-para-jogo-contra-o-gremio\/#breadcrumb\"},\"inLanguage\":\"pt-BR\",\"potentialAction\":[{\"@type\":\"ReadAction\",\"target\":[\"https:\/\/www.gaveanews.com\/index.php\/2025\/05\/10\/a-escalacao-do-bragantino-para-jogo-contra-o-gremio\/\"]}]},{\"@type\":\"ImageObject\",\"inLanguage\":\"pt-BR\",\"@id\":\"https:\/\/www.gaveanews.com\/index.php\/2025\/05\/10\/a-escalacao-do-bragantino-para-jogo-contra-o-gremio\/#primaryimage\",\"url\":\"https:\/\/www.gaveanews.com\/wp-content\/uploads\/Fernando-Seabra-pelo-Bragantino.webp\",\"contentUrl\":\"https:\/\/www.gaveanews.com\/wp-content\/uploads\/Fernando-Seabra-pelo-Bragantino.webp\",\"width\":1103,\"height\":800,\"caption\":\"Fernando Seabra pelo Bragantino (Foto: Reprodu\u00e7\u00e3o\/Bragantino)\"},{\"@type\":\"BreadcrumbList\",\"@id\":\"https:\/\/www.gaveanews.com\/index.php\/2025\/05\/10\/a-escalacao-do-bragantino-para-jogo-contra-o-gremio\/#breadcrumb\",\"itemListElement\":[{\"@type\":\"ListItem\",\"position\":1,\"name\":\"Home\",\"item\":\"https:\/\/www.gaveanews.com\/\"},{\"@type\":\"ListItem\",\"position\":2,\"name\":\"A escala\u00e7\u00e3o do Bragantino para jogo contra o Gr\u00eamio\"}]},{\"@type\":\"WebSite\",\"@id\":\"https:\/\/www.gaveanews.com\/#website\",\"url\":\"https:\/\/www.gaveanews.com\/\",\"name\":\"G\u00e1vea News\",\"description\":\"Veja todas as not\u00edcias sobre o Flamengo: Contrata\u00e7\u00f5es, categorias de base, resultados das partidas, tabela de classifica\u00e7\u00e3o, pr\u00f3ximos jogos!\",\"potentialAction\":[{\"@type\":\"SearchAction\",\"target\":{\"@type\":\"EntryPoint\",\"urlTemplate\":\"https:\/\/www.gaveanews.com\/?s={search_term_string}\"},\"query-input\":{\"@type\":\"PropertyValueSpecification\",\"valueRequired\":true,\"valueName\":\"search_term_string\"}}],\"inLanguage\":\"pt-BR\"},{\"@type\":\"Person\",\"@id\":\"https:\/\/www.gaveanews.com\/#\/schema\/person\/daf63eec72e1164eb13dc35096c2b8da\",\"name\":\"Paula Silva\",\"image\":{\"@type\":\"ImageObject\",\"inLanguage\":\"pt-BR\",\"@id\":\"https:\/\/www.gaveanews.com\/#\/schema\/person\/image\/\",\"url\":\"https:\/\/secure.gravatar.com\/avatar\/eda381c845527cc5d64c13b901833cda29d97500ba040d3e6461f76f51d163bb?s=96&d=mm&r=g\",\"contentUrl\":\"https:\/\/secure.gravatar.com\/avatar\/eda381c845527cc5d64c13b901833cda29d97500ba040d3e6461f76f51d163bb?s=96&d=mm&r=g\",\"caption\":\"Paula Silva\"}}]}<\/script>\n<!-- \/ Yoast SEO Premium plugin. -->","yoast_head_json":{"title":"A escala\u00e7\u00e3o do Bragantino para jogo contra o Gr\u00eamio","robots":{"index":"index","follow":"follow","max-snippet":"max-snippet:-1","max-image-preview":"max-image-preview:large","max-video-preview":"max-video-preview:-1"},"canonical":"https:\/\/www.gaveanews.com\/index.php\/2025\/05\/10\/a-escalacao-do-bragantino-para-jogo-contra-o-gremio\/","og_locale":"pt_BR","og_type":"article","og_title":"A escala\u00e7\u00e3o do Bragantino para jogo contra o Gr\u00eamio","og_description":"O Red Bull Bragantino concluiu, na manh\u00e3 de sexta-feira (09), sua prepara\u00e7\u00e3o para o confronto contra o Gr\u00eamio, v\u00e1lido pela oitava rodada do Campeonato Brasileiro. A partida est\u00e1 marcada para s\u00e1bado (10), \u00e0s 18h30 (hor\u00e1rio de Bras\u00edlia), na Arena do Gr\u00eamio, em Porto Alegre. A atividade final foi conduzida pelo t\u00e9cnico Fernando Seabra, que organizou [&hellip;]","og_url":"https:\/\/www.gaveanews.com\/index.php\/2025\/05\/10\/a-escalacao-do-bragantino-para-jogo-contra-o-gremio\/","og_site_name":"G\u00e1vea News","article_publisher":"https:\/\/facebook.com\/gaveaNews\/","article_published_time":"2025-05-10T03:50:00+00:00","og_image":[{"width":1103,"height":800,"url":"https:\/\/www.gaveanews.com\/wp-content\/uploads\/Fernando-Seabra-pelo-Bragantino.webp","type":"image\/jpeg"}],"author":"Paula Silva","twitter_card":"summary_large_image","twitter_misc":{"Escrito por":"Paula Silva","Est. tempo de leitura":"2 minutos"},"schema":{"@context":"https:\/\/schema.org","@graph":[{"@type":"NewsArticle","@id":"https:\/\/www.gaveanews.com\/index.php\/2025\/05\/10\/a-escalacao-do-bragantino-para-jogo-contra-o-gremio\/#article","isPartOf":{"@id":"https:\/\/www.gaveanews.com\/index.php\/2025\/05\/10\/a-escalacao-do-bragantino-para-jogo-contra-o-gremio\/"},"author":{"name":"Paula Silva","@id":"https:\/\/www.gaveanews.com\/#\/schema\/person\/daf63eec72e1164eb13dc35096c2b8da"},"headline":"A escala\u00e7\u00e3o do Bragantino para jogo contra o Gr\u00eamio","datePublished":"2025-05-10T03:50:00+00:00","mainEntityOfPage":{"@id":"https:\/\/www.gaveanews.com\/index.php\/2025\/05\/10\/a-escalacao-do-bragantino-para-jogo-contra-o-gremio\/"},"wordCount":344,"commentCount":0,"image":{"@id":"https:\/\/www.gaveanews.com\/index.php\/2025\/05\/10\/a-escalacao-do-bragantino-para-jogo-contra-o-gremio\/#primaryimage"},"thumbnailUrl":"https:\/\/www.gaveanews.com\/wp-content\/uploads\/Fernando-Seabra-pelo-Bragantino.webp","articleSection":["Bragantino","Gr\u00eamio"],"inLanguage":"pt-BR","potentialAction":[{"@type":"CommentAction","name":"Comment","target":["https:\/\/www.gaveanews.com\/index.php\/2025\/05\/10\/a-escalacao-do-bragantino-para-jogo-contra-o-gremio\/#respond"]}],"copyrightYear":"2025","copyrightHolder":{"@id":"https:\/\/www.gaveanews.com\/#organization"}},{"@type":"WebPage","@id":"https:\/\/www.gaveanews.com\/index.php\/2025\/05\/10\/a-escalacao-do-bragantino-para-jogo-contra-o-gremio\/","url":"https:\/\/www.gaveanews.com\/index.php\/2025\/05\/10\/a-escalacao-do-bragantino-para-jogo-contra-o-gremio\/","name":"A escala\u00e7\u00e3o do Bragantino para jogo contra o Gr\u00eamio","isPartOf":{"@id":"https:\/\/www.gaveanews.com\/#website"},"primaryImageOfPage":{"@id":"https:\/\/www.gaveanews.com\/index.php\/2025\/05\/10\/a-escalacao-do-bragantino-para-jogo-contra-o-gremio\/#primaryimage"},"image":{"@id":"https:\/\/www.gaveanews.com\/index.php\/2025\/05\/10\/a-escalacao-do-bragantino-para-jogo-contra-o-gremio\/#primaryimage"},"thumbnailUrl":"https:\/\/www.gaveanews.com\/wp-content\/uploads\/Fernando-Seabra-pelo-Bragantino.webp","datePublished":"2025-05-10T03:50:00+00:00","author":{"@id":"https:\/\/www.gaveanews.com\/#\/schema\/person\/daf63eec72e1164eb13dc35096c2b8da"},"breadcrumb":{"@id":"https:\/\/www.gaveanews.com\/index.php\/2025\/05\/10\/a-escalacao-do-bragantino-para-jogo-contra-o-gremio\/#breadcrumb"},"inLanguage":"pt-BR","potentialAction":[{"@type":"ReadAction","target":["https:\/\/www.gaveanews.com\/index.php\/2025\/05\/10\/a-escalacao-do-bragantino-para-jogo-contra-o-gremio\/"]}]},{"@type":"ImageObject","inLanguage":"pt-BR","@id":"https:\/\/www.gaveanews.com\/index.php\/2025\/05\/10\/a-escalacao-do-bragantino-para-jogo-contra-o-gremio\/#primaryimage","url":"https:\/\/www.gaveanews.com\/wp-content\/uploads\/Fernando-Seabra-pelo-Bragantino.webp","contentUrl":"https:\/\/www.gaveanews.com\/wp-content\/uploads\/Fernando-Seabra-pelo-Bragantino.webp","width":1103,"height":800,"caption":"Fernando Seabra pelo Bragantino (Foto: Reprodu\u00e7\u00e3o\/Bragantino)"},{"@type":"BreadcrumbList","@id":"https:\/\/www.gaveanews.com\/index.php\/2025\/05\/10\/a-escalacao-do-bragantino-para-jogo-contra-o-gremio\/#breadcrumb","itemListElement":[{"@type":"ListItem","position":1,"name":"Home","item":"https:\/\/www.gaveanews.com\/"},{"@type":"ListItem","position":2,"name":"A escala\u00e7\u00e3o do Bragantino para jogo contra o Gr\u00eamio"}]},{"@type":"WebSite","@id":"https:\/\/www.gaveanews.com\/#website","url":"https:\/\/www.gaveanews.com\/","name":"G\u00e1vea News","description":"Veja todas as not\u00edcias sobre o Flamengo: Contrata\u00e7\u00f5es, categorias de base, resultados das partidas, tabela de classifica\u00e7\u00e3o, pr\u00f3ximos jogos!","potentialAction":[{"@type":"SearchAction","target":{"@type":"EntryPoint","urlTemplate":"https:\/\/www.gaveanews.com\/?s={search_term_string}"},"query-input":{"@type":"PropertyValueSpecification","valueRequired":true,"valueName":"search_term_string"}}],"inLanguage":"pt-BR"},{"@type":"Person","@id":"https:\/\/www.gaveanews.com\/#\/schema\/person\/daf63eec72e1164eb13dc35096c2b8da","name":"Paula Silva","image":{"@type":"ImageObject","inLanguage":"pt-BR","@id":"https:\/\/www.gaveanews.com\/#\/schema\/person\/image\/","url":"https:\/\/secure.gravatar.com\/avatar\/eda381c845527cc5d64c13b901833cda29d97500ba040d3e6461f76f51d163bb?s=96&d=mm&r=g","contentUrl":"https:\/\/secure.gravatar.com\/avatar\/eda381c845527cc5d64c13b901833cda29d97500ba040d3e6461f76f51d163bb?s=96&d=mm&r=g","caption":"Paula Silva"}}]}},"_links":{"self":[{"href":"https:\/\/www.gaveanews.com\/index.php\/wp-json\/wp\/v2\/posts\/262604","targetHints":{"allow":["GET"]}}],"collection":[{"href":"https:\/\/www.gaveanews.com\/index.php\/wp-json\/wp\/v2\/posts"}],"about":[{"href":"https:\/\/www.gaveanews.com\/index.php\/wp-json\/wp\/v2\/types\/post"}],"author":[{"embeddable":true,"href":"https:\/\/www.gaveanews.com\/index.php\/wp-json\/wp\/v2\/users\/18"}],"replies":[{"embeddable":true,"href":"https:\/\/www.gaveanews.com\/index.php\/wp-json\/wp\/v2\/comments?post=262604"}],"version-history":[{"count":1,"href":"https:\/\/www.gaveanews.com\/index.php\/wp-json\/wp\/v2\/posts\/262604\/revisions"}],"predecessor-version":[{"id":262605,"href":"https:\/\/www.gaveanews.com\/index.php\/wp-json\/wp\/v2\/posts\/262604\/revisions\/262605"}],"wp:featuredmedia":[{"embeddable":true,"href":"https:\/\/www.gaveanews.com\/index.php\/wp-json\/wp\/v2\/media\/188648"}],"wp:attachment":[{"href":"https:\/\/www.gaveanews.com\/index.php\/wp-json\/wp\/v2\/media?parent=262604"}],"wp:term":[{"taxonomy":"category","embeddable":true,"href":"https:\/\/www.gaveanews.com\/index.php\/wp-json\/wp\/v2\/categories?post=262604"},{"taxonomy":"post_tag","embeddable":true,"href":"https:\/\/www.gaveanews.com\/index.php\/wp-json\/wp\/v2\/tags?post=262604"}],"curies":[{"name":"wp","href":"https:\/\/api.w.org\/{rel}","templated":true}]}}