{"id":262721,"date":"2025-05-10T20:40:00","date_gmt":"2025-05-10T23:40:00","guid":{"rendered":"https:\/\/www.gaveanews.com\/?p=262721"},"modified":"2025-05-10T19:41:51","modified_gmt":"2025-05-10T22:41:51","slug":"caso-de-payet-repercute-nas-redes-sociais","status":"publish","type":"post","link":"https:\/\/www.gaveanews.com\/index.php\/2025\/05\/10\/caso-de-payet-repercute-nas-redes-sociais\/","title":{"rendered":"Caso de Payet repercute nas redes sociais"},"content":{"rendered":"\n<p>Na noite deste s\u00e1bado (10), o nome do franc\u00eas Dimitri Payet, atualmente no Vasco, figurou entre os assuntos mais mencionados no X ap\u00f3s novas revela\u00e7\u00f5es envolvendo sua ex-amante Larissa Ferrari. A advogada voltou a se pronunciar publicamente, trazendo \u00e0 tona detalhes expl\u00edcitos do relacionamento que manteve com o atleta e divulgando prints de conversas \u00edntimas.<\/p>\n\n\n\n<p>Segundo Larissa, Payet teria demonstrado prefer\u00eancia por pr\u00e1ticas sexuais nas quais assumia papel passivo. \u201cSim! Passivo, submisso. Ele tamb\u00e9m gostava de penetra\u00e7\u00e3o nele\u201d, afirmou ao Metr\u00f3poles. A advogada ainda fez quest\u00e3o de destacar que \u201cnunca o macou. Nunca saiu sangue, ficou com hematomas e nem agressividade\u201d.<\/p>\n\n\n\n<h2 class=\"wp-block-heading\" id=\"h-exposicao-nas-redes-e-conteudo-dos-prints\">Exposi\u00e7\u00e3o nas redes e conte\u00fado dos prints<\/h2>\n\n\n\n<p>A advogada publicou em seus stories do Instagram conversas nas quais o jogador supostamente expressa satisfa\u00e7\u00e3o com os encontros sexuais. Uma das mensagens atribu\u00eddas ao atleta diz: \u201cAdorei como voc\u00ea me comeu ontem \u00e0 noite\u201d. <\/p>\n\n\n\n<p>Al\u00e9m disso, Larissa descreveu a utiliza\u00e7\u00e3o de plugs e vibradores durante os momentos \u00edntimos e insistiu que tais pr\u00e1ticas eram consentidas. \u201cMesmo usando \u2018brinquedos\u2019, nunca houve machucados. Mesmo com penetra\u00e7\u00e3o, nunca o machuquei\u201d, reiterou.<\/p>\n\n\n\n<h2 class=\"wp-block-heading\" id=\"h-historico-do-relacionamento-e-denuncias-anteriores\">Hist\u00f3rico do relacionamento e den\u00fancias anteriores<\/h2>\n\n\n\n<p>Anteriormente, a ex-companheira de Payet j\u00e1 havia acusado o jogador de agress\u00f5es f\u00edsicas, verbais e psicol\u00f3gicas. Segundo ela, o atleta a obrigou a beber a pr\u00f3pria urina em um epis\u00f3dio de ci\u00fames relacionado ao atacante Paulinho, do Palmeiras. <\/p>\n\n\n\n<p>Em depoimento \u00e0 pol\u00edcia, o franc\u00eas admitiu o relacionamento extraconjugal, mas negou qualquer viol\u00eancia. Ele confirmou que o v\u00ednculo era marcado por pr\u00e1ticas sadomasoquistas consensuais.<\/p>\n\n\n\n<p>Dois boletins de ocorr\u00eancia foram registrados por Larissa: um no Rio de Janeiro e outro no Paran\u00e1. O pedido de medida protetiva foi negado pela Justi\u00e7a, o que levou a advogada a tornar p\u00fablica uma nova leva de evid\u00eancias e desabafos.<\/p>\n\n\n\n<h2 class=\"wp-block-heading\" id=\"h-reacoes-e-criticas-a-defesa-do-jogador\">Rea\u00e7\u00f5es e cr\u00edticas \u00e0 defesa do jogador<\/h2>\n\n\n\n<p>A advogada tamb\u00e9m fez cr\u00edticas \u00e0 estrat\u00e9gia jur\u00eddica dos representantes de Payet. \u201cEles querem minimizar a gravidade dos fatos j\u00e1 que ele admitiu nosso relacionamento\u201d, declarou. Ainda segundo ela, o jogador se recusa a reconhecer aspectos de sua intimidade que colocariam em xeque a imagem p\u00fablica que deseja preservar.<\/p>\n\n\n\n<p>\u201cO Dimitri tamb\u00e9m praticava coisas que, ao meu ver, s\u00e3o nojentas, mas ele achava, naquele momento, que aquilo o animava\u201d, publicou Larissa em suas redes. Ela ainda questionou o julgamento desigual em torno das pr\u00e1ticas sexuais entre homens e mulheres: \u201cPor que a penetra\u00e7\u00e3o nele n\u00e3o sa\u00eda sangue, n\u00e3o machucava, e em mim consideram normal machucar?\u201d. <\/p>\n","protected":false},"excerpt":{"rendered":"<p>Na noite deste s\u00e1bado (10), o nome do franc\u00eas Dimitri Payet, atualmente no Vasco, figurou entre os assuntos mais mencionados no X ap\u00f3s novas revela\u00e7\u00f5es envolvendo sua ex-amante Larissa Ferrari. A advogada voltou a se pronunciar publicamente, trazendo \u00e0 tona detalhes expl\u00edcitos do relacionamento que manteve com o atleta e divulgando prints de conversas \u00edntimas. [&hellip;]<\/p>\n","protected":false},"author":30,"featured_media":124623,"comment_status":"open","ping_status":"closed","sticky":false,"template":"","format":"standard","meta":{"footnotes":""},"categories":[152],"tags":[],"class_list":["post-262721","post","type-post","status-publish","format-standard","has-post-thumbnail","hentry","category-vasco"],"yoast_head":"<!-- This site is optimized with the Yoast SEO Premium plugin v24.2 (Yoast SEO v26.9) - https:\/\/yoast.com\/product\/yoast-seo-premium-wordpress\/ -->\n<title>Caso de Payet repercute nas redes sociais<\/title>\n<meta name=\"robots\" content=\"index, follow, max-snippet:-1, max-image-preview:large, max-video-preview:-1\" \/>\n<link rel=\"canonical\" href=\"https:\/\/www.gaveanews.com\/index.php\/2025\/05\/10\/caso-de-payet-repercute-nas-redes-sociais\/\" \/>\n<meta property=\"og:locale\" content=\"pt_BR\" \/>\n<meta property=\"og:type\" content=\"article\" \/>\n<meta property=\"og:title\" content=\"Caso de Payet repercute nas redes sociais\" \/>\n<meta property=\"og:description\" content=\"Na noite deste s\u00e1bado (10), o nome do franc\u00eas Dimitri Payet, atualmente no Vasco, figurou entre os assuntos mais mencionados no X ap\u00f3s novas revela\u00e7\u00f5es envolvendo sua ex-amante Larissa Ferrari. A advogada voltou a se pronunciar publicamente, trazendo \u00e0 tona detalhes expl\u00edcitos do relacionamento que manteve com o atleta e divulgando prints de conversas \u00edntimas. [&hellip;]\" \/>\n<meta property=\"og:url\" content=\"https:\/\/www.gaveanews.com\/index.php\/2025\/05\/10\/caso-de-payet-repercute-nas-redes-sociais\/\" \/>\n<meta property=\"og:site_name\" content=\"G\u00e1vea News\" \/>\n<meta property=\"article:publisher\" content=\"https:\/\/facebook.com\/gaveaNews\/\" \/>\n<meta property=\"article:published_time\" content=\"2025-05-10T23:40:00+00:00\" \/>\n<meta property=\"og:image\" content=\"https:\/\/www.gaveanews.com\/wp-content\/uploads\/agif23100200212796-1-.webp\" \/>\n\t<meta property=\"og:image:width\" content=\"984\" \/>\n\t<meta property=\"og:image:height\" content=\"656\" \/>\n\t<meta property=\"og:image:type\" content=\"image\/webp\" \/>\n<meta name=\"author\" content=\"Ana Teixeira\" \/>\n<meta name=\"twitter:card\" content=\"summary_large_image\" \/>\n<meta name=\"twitter:label1\" content=\"Escrito por\" \/>\n\t<meta name=\"twitter:data1\" content=\"Ana Teixeira\" \/>\n\t<meta name=\"twitter:label2\" content=\"Est. tempo de leitura\" \/>\n\t<meta name=\"twitter:data2\" content=\"3 minutos\" \/>\n<script type=\"application\/ld+json\" class=\"yoast-schema-graph\">{\"@context\":\"https:\/\/schema.org\",\"@graph\":[{\"@type\":\"NewsArticle\",\"@id\":\"https:\/\/www.gaveanews.com\/index.php\/2025\/05\/10\/caso-de-payet-repercute-nas-redes-sociais\/#article\",\"isPartOf\":{\"@id\":\"https:\/\/www.gaveanews.com\/index.php\/2025\/05\/10\/caso-de-payet-repercute-nas-redes-sociais\/\"},\"author\":{\"name\":\"Ana Teixeira\",\"@id\":\"https:\/\/www.gaveanews.com\/#\/schema\/person\/3b19f7288b0ce20372991275e4f2e6c2\"},\"headline\":\"Caso de Payet repercute nas redes sociais\",\"datePublished\":\"2025-05-10T23:40:00+00:00\",\"mainEntityOfPage\":{\"@id\":\"https:\/\/www.gaveanews.com\/index.php\/2025\/05\/10\/caso-de-payet-repercute-nas-redes-sociais\/\"},\"wordCount\":450,\"commentCount\":0,\"image\":{\"@id\":\"https:\/\/www.gaveanews.com\/index.php\/2025\/05\/10\/caso-de-payet-repercute-nas-redes-sociais\/#primaryimage\"},\"thumbnailUrl\":\"https:\/\/www.gaveanews.com\/wp-content\/uploads\/agif23100200212796-1-.webp\",\"articleSection\":[\"Vasco\"],\"inLanguage\":\"pt-BR\",\"potentialAction\":[{\"@type\":\"CommentAction\",\"name\":\"Comment\",\"target\":[\"https:\/\/www.gaveanews.com\/index.php\/2025\/05\/10\/caso-de-payet-repercute-nas-redes-sociais\/#respond\"]}],\"copyrightYear\":\"2025\",\"copyrightHolder\":{\"@id\":\"https:\/\/www.gaveanews.com\/#organization\"}},{\"@type\":\"WebPage\",\"@id\":\"https:\/\/www.gaveanews.com\/index.php\/2025\/05\/10\/caso-de-payet-repercute-nas-redes-sociais\/\",\"url\":\"https:\/\/www.gaveanews.com\/index.php\/2025\/05\/10\/caso-de-payet-repercute-nas-redes-sociais\/\",\"name\":\"Caso de Payet repercute nas redes sociais\",\"isPartOf\":{\"@id\":\"https:\/\/www.gaveanews.com\/#website\"},\"primaryImageOfPage\":{\"@id\":\"https:\/\/www.gaveanews.com\/index.php\/2025\/05\/10\/caso-de-payet-repercute-nas-redes-sociais\/#primaryimage\"},\"image\":{\"@id\":\"https:\/\/www.gaveanews.com\/index.php\/2025\/05\/10\/caso-de-payet-repercute-nas-redes-sociais\/#primaryimage\"},\"thumbnailUrl\":\"https:\/\/www.gaveanews.com\/wp-content\/uploads\/agif23100200212796-1-.webp\",\"datePublished\":\"2025-05-10T23:40:00+00:00\",\"author\":{\"@id\":\"https:\/\/www.gaveanews.com\/#\/schema\/person\/3b19f7288b0ce20372991275e4f2e6c2\"},\"breadcrumb\":{\"@id\":\"https:\/\/www.gaveanews.com\/index.php\/2025\/05\/10\/caso-de-payet-repercute-nas-redes-sociais\/#breadcrumb\"},\"inLanguage\":\"pt-BR\",\"potentialAction\":[{\"@type\":\"ReadAction\",\"target\":[\"https:\/\/www.gaveanews.com\/index.php\/2025\/05\/10\/caso-de-payet-repercute-nas-redes-sociais\/\"]}]},{\"@type\":\"ImageObject\",\"inLanguage\":\"pt-BR\",\"@id\":\"https:\/\/www.gaveanews.com\/index.php\/2025\/05\/10\/caso-de-payet-repercute-nas-redes-sociais\/#primaryimage\",\"url\":\"https:\/\/www.gaveanews.com\/wp-content\/uploads\/agif23100200212796-1-.webp\",\"contentUrl\":\"https:\/\/www.gaveanews.com\/wp-content\/uploads\/agif23100200212796-1-.webp\",\"width\":984,\"height\":656,\"caption\":\"Payet em a\u00e7\u00e3o pelo Vasco (Foto: Abner Dourado\/AGIF)\"},{\"@type\":\"BreadcrumbList\",\"@id\":\"https:\/\/www.gaveanews.com\/index.php\/2025\/05\/10\/caso-de-payet-repercute-nas-redes-sociais\/#breadcrumb\",\"itemListElement\":[{\"@type\":\"ListItem\",\"position\":1,\"name\":\"Home\",\"item\":\"https:\/\/www.gaveanews.com\/\"},{\"@type\":\"ListItem\",\"position\":2,\"name\":\"Caso de Payet repercute nas redes sociais\"}]},{\"@type\":\"WebSite\",\"@id\":\"https:\/\/www.gaveanews.com\/#website\",\"url\":\"https:\/\/www.gaveanews.com\/\",\"name\":\"G\u00e1vea News\",\"description\":\"Veja todas as not\u00edcias sobre o Flamengo: Contrata\u00e7\u00f5es, categorias de base, resultados das partidas, tabela de classifica\u00e7\u00e3o, pr\u00f3ximos jogos!\",\"potentialAction\":[{\"@type\":\"SearchAction\",\"target\":{\"@type\":\"EntryPoint\",\"urlTemplate\":\"https:\/\/www.gaveanews.com\/?s={search_term_string}\"},\"query-input\":{\"@type\":\"PropertyValueSpecification\",\"valueRequired\":true,\"valueName\":\"search_term_string\"}}],\"inLanguage\":\"pt-BR\"},{\"@type\":\"Person\",\"@id\":\"https:\/\/www.gaveanews.com\/#\/schema\/person\/3b19f7288b0ce20372991275e4f2e6c2\",\"name\":\"Ana Teixeira\",\"image\":{\"@type\":\"ImageObject\",\"inLanguage\":\"pt-BR\",\"@id\":\"https:\/\/www.gaveanews.com\/#\/schema\/person\/image\/\",\"url\":\"https:\/\/secure.gravatar.com\/avatar\/0a73f5a5258f3fed37fc2fa641892f3f7a4748456d4d4792f9bc550e6c19e06c?s=96&d=mm&r=g\",\"contentUrl\":\"https:\/\/secure.gravatar.com\/avatar\/0a73f5a5258f3fed37fc2fa641892f3f7a4748456d4d4792f9bc550e6c19e06c?s=96&d=mm&r=g\",\"caption\":\"Ana Teixeira\"}}]}<\/script>\n<!-- \/ Yoast SEO Premium plugin. -->","yoast_head_json":{"title":"Caso de Payet repercute nas redes sociais","robots":{"index":"index","follow":"follow","max-snippet":"max-snippet:-1","max-image-preview":"max-image-preview:large","max-video-preview":"max-video-preview:-1"},"canonical":"https:\/\/www.gaveanews.com\/index.php\/2025\/05\/10\/caso-de-payet-repercute-nas-redes-sociais\/","og_locale":"pt_BR","og_type":"article","og_title":"Caso de Payet repercute nas redes sociais","og_description":"Na noite deste s\u00e1bado (10), o nome do franc\u00eas Dimitri Payet, atualmente no Vasco, figurou entre os assuntos mais mencionados no X ap\u00f3s novas revela\u00e7\u00f5es envolvendo sua ex-amante Larissa Ferrari. A advogada voltou a se pronunciar publicamente, trazendo \u00e0 tona detalhes expl\u00edcitos do relacionamento que manteve com o atleta e divulgando prints de conversas \u00edntimas. [&hellip;]","og_url":"https:\/\/www.gaveanews.com\/index.php\/2025\/05\/10\/caso-de-payet-repercute-nas-redes-sociais\/","og_site_name":"G\u00e1vea News","article_publisher":"https:\/\/facebook.com\/gaveaNews\/","article_published_time":"2025-05-10T23:40:00+00:00","og_image":[{"width":984,"height":656,"url":"https:\/\/www.gaveanews.com\/wp-content\/uploads\/agif23100200212796-1-.webp","type":"image\/webp"}],"author":"Ana Teixeira","twitter_card":"summary_large_image","twitter_misc":{"Escrito por":"Ana Teixeira","Est. tempo de leitura":"3 minutos"},"schema":{"@context":"https:\/\/schema.org","@graph":[{"@type":"NewsArticle","@id":"https:\/\/www.gaveanews.com\/index.php\/2025\/05\/10\/caso-de-payet-repercute-nas-redes-sociais\/#article","isPartOf":{"@id":"https:\/\/www.gaveanews.com\/index.php\/2025\/05\/10\/caso-de-payet-repercute-nas-redes-sociais\/"},"author":{"name":"Ana Teixeira","@id":"https:\/\/www.gaveanews.com\/#\/schema\/person\/3b19f7288b0ce20372991275e4f2e6c2"},"headline":"Caso de Payet repercute nas redes sociais","datePublished":"2025-05-10T23:40:00+00:00","mainEntityOfPage":{"@id":"https:\/\/www.gaveanews.com\/index.php\/2025\/05\/10\/caso-de-payet-repercute-nas-redes-sociais\/"},"wordCount":450,"commentCount":0,"image":{"@id":"https:\/\/www.gaveanews.com\/index.php\/2025\/05\/10\/caso-de-payet-repercute-nas-redes-sociais\/#primaryimage"},"thumbnailUrl":"https:\/\/www.gaveanews.com\/wp-content\/uploads\/agif23100200212796-1-.webp","articleSection":["Vasco"],"inLanguage":"pt-BR","potentialAction":[{"@type":"CommentAction","name":"Comment","target":["https:\/\/www.gaveanews.com\/index.php\/2025\/05\/10\/caso-de-payet-repercute-nas-redes-sociais\/#respond"]}],"copyrightYear":"2025","copyrightHolder":{"@id":"https:\/\/www.gaveanews.com\/#organization"}},{"@type":"WebPage","@id":"https:\/\/www.gaveanews.com\/index.php\/2025\/05\/10\/caso-de-payet-repercute-nas-redes-sociais\/","url":"https:\/\/www.gaveanews.com\/index.php\/2025\/05\/10\/caso-de-payet-repercute-nas-redes-sociais\/","name":"Caso de Payet repercute nas redes sociais","isPartOf":{"@id":"https:\/\/www.gaveanews.com\/#website"},"primaryImageOfPage":{"@id":"https:\/\/www.gaveanews.com\/index.php\/2025\/05\/10\/caso-de-payet-repercute-nas-redes-sociais\/#primaryimage"},"image":{"@id":"https:\/\/www.gaveanews.com\/index.php\/2025\/05\/10\/caso-de-payet-repercute-nas-redes-sociais\/#primaryimage"},"thumbnailUrl":"https:\/\/www.gaveanews.com\/wp-content\/uploads\/agif23100200212796-1-.webp","datePublished":"2025-05-10T23:40:00+00:00","author":{"@id":"https:\/\/www.gaveanews.com\/#\/schema\/person\/3b19f7288b0ce20372991275e4f2e6c2"},"breadcrumb":{"@id":"https:\/\/www.gaveanews.com\/index.php\/2025\/05\/10\/caso-de-payet-repercute-nas-redes-sociais\/#breadcrumb"},"inLanguage":"pt-BR","potentialAction":[{"@type":"ReadAction","target":["https:\/\/www.gaveanews.com\/index.php\/2025\/05\/10\/caso-de-payet-repercute-nas-redes-sociais\/"]}]},{"@type":"ImageObject","inLanguage":"pt-BR","@id":"https:\/\/www.gaveanews.com\/index.php\/2025\/05\/10\/caso-de-payet-repercute-nas-redes-sociais\/#primaryimage","url":"https:\/\/www.gaveanews.com\/wp-content\/uploads\/agif23100200212796-1-.webp","contentUrl":"https:\/\/www.gaveanews.com\/wp-content\/uploads\/agif23100200212796-1-.webp","width":984,"height":656,"caption":"Payet em a\u00e7\u00e3o pelo Vasco (Foto: Abner Dourado\/AGIF)"},{"@type":"BreadcrumbList","@id":"https:\/\/www.gaveanews.com\/index.php\/2025\/05\/10\/caso-de-payet-repercute-nas-redes-sociais\/#breadcrumb","itemListElement":[{"@type":"ListItem","position":1,"name":"Home","item":"https:\/\/www.gaveanews.com\/"},{"@type":"ListItem","position":2,"name":"Caso de Payet repercute nas redes sociais"}]},{"@type":"WebSite","@id":"https:\/\/www.gaveanews.com\/#website","url":"https:\/\/www.gaveanews.com\/","name":"G\u00e1vea News","description":"Veja todas as not\u00edcias sobre o Flamengo: Contrata\u00e7\u00f5es, categorias de base, resultados das partidas, tabela de classifica\u00e7\u00e3o, pr\u00f3ximos jogos!","potentialAction":[{"@type":"SearchAction","target":{"@type":"EntryPoint","urlTemplate":"https:\/\/www.gaveanews.com\/?s={search_term_string}"},"query-input":{"@type":"PropertyValueSpecification","valueRequired":true,"valueName":"search_term_string"}}],"inLanguage":"pt-BR"},{"@type":"Person","@id":"https:\/\/www.gaveanews.com\/#\/schema\/person\/3b19f7288b0ce20372991275e4f2e6c2","name":"Ana Teixeira","image":{"@type":"ImageObject","inLanguage":"pt-BR","@id":"https:\/\/www.gaveanews.com\/#\/schema\/person\/image\/","url":"https:\/\/secure.gravatar.com\/avatar\/0a73f5a5258f3fed37fc2fa641892f3f7a4748456d4d4792f9bc550e6c19e06c?s=96&d=mm&r=g","contentUrl":"https:\/\/secure.gravatar.com\/avatar\/0a73f5a5258f3fed37fc2fa641892f3f7a4748456d4d4792f9bc550e6c19e06c?s=96&d=mm&r=g","caption":"Ana Teixeira"}}]}},"_links":{"self":[{"href":"https:\/\/www.gaveanews.com\/index.php\/wp-json\/wp\/v2\/posts\/262721","targetHints":{"allow":["GET"]}}],"collection":[{"href":"https:\/\/www.gaveanews.com\/index.php\/wp-json\/wp\/v2\/posts"}],"about":[{"href":"https:\/\/www.gaveanews.com\/index.php\/wp-json\/wp\/v2\/types\/post"}],"author":[{"embeddable":true,"href":"https:\/\/www.gaveanews.com\/index.php\/wp-json\/wp\/v2\/users\/30"}],"replies":[{"embeddable":true,"href":"https:\/\/www.gaveanews.com\/index.php\/wp-json\/wp\/v2\/comments?post=262721"}],"version-history":[{"count":1,"href":"https:\/\/www.gaveanews.com\/index.php\/wp-json\/wp\/v2\/posts\/262721\/revisions"}],"predecessor-version":[{"id":262726,"href":"https:\/\/www.gaveanews.com\/index.php\/wp-json\/wp\/v2\/posts\/262721\/revisions\/262726"}],"wp:featuredmedia":[{"embeddable":true,"href":"https:\/\/www.gaveanews.com\/index.php\/wp-json\/wp\/v2\/media\/124623"}],"wp:attachment":[{"href":"https:\/\/www.gaveanews.com\/index.php\/wp-json\/wp\/v2\/media?parent=262721"}],"wp:term":[{"taxonomy":"category","embeddable":true,"href":"https:\/\/www.gaveanews.com\/index.php\/wp-json\/wp\/v2\/categories?post=262721"},{"taxonomy":"post_tag","embeddable":true,"href":"https:\/\/www.gaveanews.com\/index.php\/wp-json\/wp\/v2\/tags?post=262721"}],"curies":[{"name":"wp","href":"https:\/\/api.w.org\/{rel}","templated":true}]}}