{"id":262821,"date":"2025-05-12T12:15:00","date_gmt":"2025-05-12T15:15:00","guid":{"rendered":"https:\/\/www.gaveanews.com\/?p=262821"},"modified":"2025-05-12T12:12:50","modified_gmt":"2025-05-12T15:12:50","slug":"a-declaracao-de-joao-martins-apos-vitoria-do-palmeiras-no-classico","status":"publish","type":"post","link":"https:\/\/www.gaveanews.com\/index.php\/2025\/05\/12\/a-declaracao-de-joao-martins-apos-vitoria-do-palmeiras-no-classico\/","title":{"rendered":"A declara\u00e7\u00e3o de Jo\u00e3o Martins ap\u00f3s vit\u00f3ria do Palmeiras no cl\u00e1ssico"},"content":{"rendered":"\n<p>Depois de um cl\u00e1ssico tenso e decidido nos detalhes, o Palmeiras venceu o S\u00e3o Paulo por 1 a 0 na Arena Barueri, neste domingo (11), pela oitava rodada do Brasileir\u00e3o. Quem se pronunciou ap\u00f3s o apito final foi o auxiliar t\u00e9cnico Jo\u00e3o Martins, substituindo Abel Ferreira, expulso durante a partida.&nbsp;<\/p>\n\n\n\n<p>Em coletiva, o portugu\u00eas analisou o desempenho do time, falou sobre o momento de Vitor Roque, criticou a arbitragem e destacou o ambiente do est\u00e1dio, que recebeu p\u00fablico expressivo.<\/p>\n\n\n\n<h2 class=\"wp-block-heading\" id=\"h-desgaste-fisico-e-estrategia-do-elenco\">Desgaste f\u00edsico e estrat\u00e9gia do elenco<\/h2>\n\n\n\n<p>Jo\u00e3o Martins iniciou sua fala destacando o desafio f\u00edsico da temporada. Segundo ele, o desgaste acumulado exige intelig\u00eancia na gest\u00e3o do elenco:<\/p>\n\n\n\n<p>&#8220;Sab\u00edamos que ia ser uma temporada muito desgastante. Precis\u00e1vamos de op\u00e7\u00f5es para todas as posi\u00e7\u00f5es, um elenco mais equilibrado. Temos que ter sempre jogadores que mantenham o n\u00edvel da equipe. Muitos que est\u00e3o no banco, ou quase todos, passaram por problemas f\u00edsicos durante o ano \u2013 como Mauricio, Veiga, Murilo\u2026 Queremos minimizar as les\u00f5es e estar prontos quando essas situa\u00e7\u00f5es acontecerem&#8221;.<\/p>\n\n\n\n<h2 class=\"wp-block-heading\" id=\"h-importancia-da-vitoria-e-ajustes-em-campo\">Import\u00e2ncia da vit\u00f3ria e ajustes em campo<\/h2>\n\n\n\n<p>Sobre o desempenho no cl\u00e1ssico, Jo\u00e3o valorizou o resultado diante de um advers\u00e1rio que ainda n\u00e3o havia perdido no campeonato:<\/p>\n\n\n\n<p>&nbsp;&#8220;Foi uma vit\u00f3ria importante. O S\u00e3o Paulo ainda n\u00e3o tinha perdido no Brasileir\u00e3o. \u00c9 um advers\u00e1rio dif\u00edcil de furar, \u00e9 s\u00f3 olhar os \u00faltimos jogos&#8221;.<br>Al\u00e9m disso, o auxiliar explicou as mudan\u00e7as feitas no segundo tempo: &#8220;Precis\u00e1vamos arriscar mais, ser mais eficazes. Foi o que fizemos no segundo tempo. \u00c9 normal que as equipes cedam mais espa\u00e7o na segunda etapa, e a gente preparou seis jogadores no intervalo para aproveitar isso&#8221;.<\/p>\n\n\n\n<h2 class=\"wp-block-heading\" id=\"h-criticas-a-arbitragem-e-desabafo-sobre-expulsao\">Cr\u00edticas \u00e0 arbitragem e desabafo sobre expuls\u00e3o<\/h2>\n\n\n\n<p>Jo\u00e3o n\u00e3o escondeu o inc\u00f4modo com a atua\u00e7\u00e3o do \u00e1rbitro:<\/p>\n\n\n\n<p>&#8220;N\u00f3s s\u00f3 queremos que a regra seja cumprida. No lance da expuls\u00e3o do Abel, o jogador advers\u00e1rio merecia cart\u00e3o amarelo. \u00c9 um desgaste mental gigante conviver com essa falta de crit\u00e9rio. N\u00e3o queremos favorecimento, s\u00f3 justi\u00e7a&#8221;.<\/p>\n\n\n\n<p>Vale destacar que essa n\u00e3o \u00e9 a primeira vez que a comiss\u00e3o t\u00e9cnica alviverde se sente prejudicada por decis\u00f5es de arbitragem, o que aumenta a tens\u00e3o em partidas grandes.<\/p>\n\n\n\n<h2 class=\"wp-block-heading\" id=\"h-vitor-roque-em-alta-apos-marcar-o-gol-da-vitoria\">Vitor Roque em alta ap\u00f3s marcar o gol da vit\u00f3ria<\/h2>\n\n\n\n<p>Respons\u00e1vel pelo gol decisivo, Vitor Roque foi bastante elogiado. Segundo Jo\u00e3o, o atacante amadureceu muito desde sua passagem pelo futebol europeu:<\/p>\n\n\n\n<p>&#8220;Mesmo quando a bola n\u00e3o entrava, o Vitor sempre foi exemplar. A gente sempre falava que o gol ia sair. \u00c9 claro que isso mexe com o mental, mas o ambiente aqui ajudou muito&#8221;.<\/p>\n\n\n\n<p>Sendo assim, Jo\u00e3o acredita que o jogador est\u00e1 mais preparado: &#8220;No Barcelona, ele saiu muito jovem, talvez tenha faltado apoio, estrutura. Esses atletas precisam de suporte quando chegam a clubes gigantes. Mas hoje ele est\u00e1 mais cascudo&#8221;.<\/p>\n\n\n\n<h2 class=\"wp-block-heading\" id=\"h-barueri-cheia-mas-o-allianz-ainda-e-casa\">Barueri cheia, mas o Allianz ainda \u00e9 casa<\/h2>\n\n\n\n<p>Por fim, o auxiliar t\u00e9cnico destacou o clima positivo na Arena Barueri, que recebeu seu maior p\u00fablico da temporada:<\/p>\n\n\n\n<p>&#8220;Foi a primeira vez que vimos o est\u00e1dio realmente cheio, parece. Geralmente s\u00e3o 11, 12 mil torcedores, o que deixa o clima mais frio. Hoje foi diferente. O gramado est\u00e1 impec\u00e1vel, cinco estrelas, os jogadores gostam de vir aqui. Mas o Allianz \u00e9 o Allianz, \u00e9 a nossa casa&#8221;.<\/p>\n","protected":false},"excerpt":{"rendered":"<p>Depois de um cl\u00e1ssico tenso e decidido nos detalhes, o Palmeiras venceu o S\u00e3o Paulo por 1 a 0 na Arena Barueri, neste domingo (11), pela oitava rodada do Brasileir\u00e3o. Quem se pronunciou ap\u00f3s o apito final foi o auxiliar t\u00e9cnico Jo\u00e3o Martins, substituindo Abel Ferreira, expulso durante a partida.&nbsp; Em coletiva, o portugu\u00eas analisou [&hellip;]<\/p>\n","protected":false},"author":25,"featured_media":155182,"comment_status":"open","ping_status":"closed","sticky":false,"template":"","format":"standard","meta":{"footnotes":""},"categories":[150],"tags":[],"class_list":["post-262821","post","type-post","status-publish","format-standard","has-post-thumbnail","hentry","category-palmeiras"],"yoast_head":"<!-- This site is optimized with the Yoast SEO Premium plugin v24.2 (Yoast SEO v26.9) - https:\/\/yoast.com\/product\/yoast-seo-premium-wordpress\/ -->\n<title>A declara\u00e7\u00e3o de Jo\u00e3o Martins ap\u00f3s vit\u00f3ria do Palmeiras no cl\u00e1ssico<\/title>\n<meta name=\"robots\" content=\"index, follow, max-snippet:-1, max-image-preview:large, max-video-preview:-1\" \/>\n<link rel=\"canonical\" href=\"https:\/\/www.gaveanews.com\/index.php\/2025\/05\/12\/a-declaracao-de-joao-martins-apos-vitoria-do-palmeiras-no-classico\/\" \/>\n<meta property=\"og:locale\" content=\"pt_BR\" \/>\n<meta property=\"og:type\" content=\"article\" \/>\n<meta property=\"og:title\" content=\"A declara\u00e7\u00e3o de Jo\u00e3o Martins ap\u00f3s vit\u00f3ria do Palmeiras no cl\u00e1ssico\" \/>\n<meta property=\"og:description\" content=\"Depois de um cl\u00e1ssico tenso e decidido nos detalhes, o Palmeiras venceu o S\u00e3o Paulo por 1 a 0 na Arena Barueri, neste domingo (11), pela oitava rodada do Brasileir\u00e3o. Quem se pronunciou ap\u00f3s o apito final foi o auxiliar t\u00e9cnico Jo\u00e3o Martins, substituindo Abel Ferreira, expulso durante a partida.&nbsp; Em coletiva, o portugu\u00eas analisou [&hellip;]\" \/>\n<meta property=\"og:url\" content=\"https:\/\/www.gaveanews.com\/index.php\/2025\/05\/12\/a-declaracao-de-joao-martins-apos-vitoria-do-palmeiras-no-classico\/\" \/>\n<meta property=\"og:site_name\" content=\"G\u00e1vea News\" \/>\n<meta property=\"article:publisher\" content=\"https:\/\/facebook.com\/gaveaNews\/\" \/>\n<meta property=\"article:published_time\" content=\"2025-05-12T15:15:00+00:00\" \/>\n<meta property=\"og:image\" content=\"https:\/\/www.gaveanews.com\/wp-content\/uploads\/Allianz-Parque-estadio-do-Palmeiras.webp\" \/>\n\t<meta property=\"og:image:width\" content=\"1023\" \/>\n\t<meta property=\"og:image:height\" content=\"767\" \/>\n\t<meta property=\"og:image:type\" content=\"image\/webp\" \/>\n<meta name=\"author\" content=\"Rafaela Ladeira\" \/>\n<meta name=\"twitter:card\" content=\"summary_large_image\" \/>\n<meta name=\"twitter:label1\" content=\"Escrito por\" \/>\n\t<meta name=\"twitter:data1\" content=\"Rafaela Ladeira\" \/>\n\t<meta name=\"twitter:label2\" content=\"Est. tempo de leitura\" \/>\n\t<meta name=\"twitter:data2\" content=\"4 minutos\" \/>\n<script type=\"application\/ld+json\" class=\"yoast-schema-graph\">{\"@context\":\"https:\/\/schema.org\",\"@graph\":[{\"@type\":\"NewsArticle\",\"@id\":\"https:\/\/www.gaveanews.com\/index.php\/2025\/05\/12\/a-declaracao-de-joao-martins-apos-vitoria-do-palmeiras-no-classico\/#article\",\"isPartOf\":{\"@id\":\"https:\/\/www.gaveanews.com\/index.php\/2025\/05\/12\/a-declaracao-de-joao-martins-apos-vitoria-do-palmeiras-no-classico\/\"},\"author\":{\"name\":\"Rafaela Ladeira\",\"@id\":\"https:\/\/www.gaveanews.com\/#\/schema\/person\/0eb3e3fe1754f0205218538adbe8f5ed\"},\"headline\":\"A declara\u00e7\u00e3o de Jo\u00e3o Martins ap\u00f3s vit\u00f3ria do Palmeiras no cl\u00e1ssico\",\"datePublished\":\"2025-05-12T15:15:00+00:00\",\"mainEntityOfPage\":{\"@id\":\"https:\/\/www.gaveanews.com\/index.php\/2025\/05\/12\/a-declaracao-de-joao-martins-apos-vitoria-do-palmeiras-no-classico\/\"},\"wordCount\":597,\"commentCount\":0,\"image\":{\"@id\":\"https:\/\/www.gaveanews.com\/index.php\/2025\/05\/12\/a-declaracao-de-joao-martins-apos-vitoria-do-palmeiras-no-classico\/#primaryimage\"},\"thumbnailUrl\":\"https:\/\/www.gaveanews.com\/wp-content\/uploads\/Allianz-Parque-estadio-do-Palmeiras.webp\",\"articleSection\":[\"Palmeiras\"],\"inLanguage\":\"pt-BR\",\"potentialAction\":[{\"@type\":\"CommentAction\",\"name\":\"Comment\",\"target\":[\"https:\/\/www.gaveanews.com\/index.php\/2025\/05\/12\/a-declaracao-de-joao-martins-apos-vitoria-do-palmeiras-no-classico\/#respond\"]}],\"copyrightYear\":\"2025\",\"copyrightHolder\":{\"@id\":\"https:\/\/www.gaveanews.com\/#organization\"}},{\"@type\":\"WebPage\",\"@id\":\"https:\/\/www.gaveanews.com\/index.php\/2025\/05\/12\/a-declaracao-de-joao-martins-apos-vitoria-do-palmeiras-no-classico\/\",\"url\":\"https:\/\/www.gaveanews.com\/index.php\/2025\/05\/12\/a-declaracao-de-joao-martins-apos-vitoria-do-palmeiras-no-classico\/\",\"name\":\"A declara\u00e7\u00e3o de Jo\u00e3o Martins ap\u00f3s vit\u00f3ria do Palmeiras no cl\u00e1ssico\",\"isPartOf\":{\"@id\":\"https:\/\/www.gaveanews.com\/#website\"},\"primaryImageOfPage\":{\"@id\":\"https:\/\/www.gaveanews.com\/index.php\/2025\/05\/12\/a-declaracao-de-joao-martins-apos-vitoria-do-palmeiras-no-classico\/#primaryimage\"},\"image\":{\"@id\":\"https:\/\/www.gaveanews.com\/index.php\/2025\/05\/12\/a-declaracao-de-joao-martins-apos-vitoria-do-palmeiras-no-classico\/#primaryimage\"},\"thumbnailUrl\":\"https:\/\/www.gaveanews.com\/wp-content\/uploads\/Allianz-Parque-estadio-do-Palmeiras.webp\",\"datePublished\":\"2025-05-12T15:15:00+00:00\",\"author\":{\"@id\":\"https:\/\/www.gaveanews.com\/#\/schema\/person\/0eb3e3fe1754f0205218538adbe8f5ed\"},\"breadcrumb\":{\"@id\":\"https:\/\/www.gaveanews.com\/index.php\/2025\/05\/12\/a-declaracao-de-joao-martins-apos-vitoria-do-palmeiras-no-classico\/#breadcrumb\"},\"inLanguage\":\"pt-BR\",\"potentialAction\":[{\"@type\":\"ReadAction\",\"target\":[\"https:\/\/www.gaveanews.com\/index.php\/2025\/05\/12\/a-declaracao-de-joao-martins-apos-vitoria-do-palmeiras-no-classico\/\"]}]},{\"@type\":\"ImageObject\",\"inLanguage\":\"pt-BR\",\"@id\":\"https:\/\/www.gaveanews.com\/index.php\/2025\/05\/12\/a-declaracao-de-joao-martins-apos-vitoria-do-palmeiras-no-classico\/#primaryimage\",\"url\":\"https:\/\/www.gaveanews.com\/wp-content\/uploads\/Allianz-Parque-estadio-do-Palmeiras.webp\",\"contentUrl\":\"https:\/\/www.gaveanews.com\/wp-content\/uploads\/Allianz-Parque-estadio-do-Palmeiras.webp\",\"width\":1023,\"height\":767,\"caption\":\"Allianz Parque, est\u00e1dio do Palmeiras (Foto: Reprodu\u00e7\u00e3o\/Palmeiras)\"},{\"@type\":\"BreadcrumbList\",\"@id\":\"https:\/\/www.gaveanews.com\/index.php\/2025\/05\/12\/a-declaracao-de-joao-martins-apos-vitoria-do-palmeiras-no-classico\/#breadcrumb\",\"itemListElement\":[{\"@type\":\"ListItem\",\"position\":1,\"name\":\"Home\",\"item\":\"https:\/\/www.gaveanews.com\/\"},{\"@type\":\"ListItem\",\"position\":2,\"name\":\"A declara\u00e7\u00e3o de Jo\u00e3o Martins ap\u00f3s vit\u00f3ria do Palmeiras no cl\u00e1ssico\"}]},{\"@type\":\"WebSite\",\"@id\":\"https:\/\/www.gaveanews.com\/#website\",\"url\":\"https:\/\/www.gaveanews.com\/\",\"name\":\"G\u00e1vea News\",\"description\":\"Veja todas as not\u00edcias sobre o Flamengo: Contrata\u00e7\u00f5es, categorias de base, resultados das partidas, tabela de classifica\u00e7\u00e3o, pr\u00f3ximos jogos!\",\"potentialAction\":[{\"@type\":\"SearchAction\",\"target\":{\"@type\":\"EntryPoint\",\"urlTemplate\":\"https:\/\/www.gaveanews.com\/?s={search_term_string}\"},\"query-input\":{\"@type\":\"PropertyValueSpecification\",\"valueRequired\":true,\"valueName\":\"search_term_string\"}}],\"inLanguage\":\"pt-BR\"},{\"@type\":\"Person\",\"@id\":\"https:\/\/www.gaveanews.com\/#\/schema\/person\/0eb3e3fe1754f0205218538adbe8f5ed\",\"name\":\"Rafaela Ladeira\",\"image\":{\"@type\":\"ImageObject\",\"inLanguage\":\"pt-BR\",\"@id\":\"https:\/\/www.gaveanews.com\/#\/schema\/person\/image\/\",\"url\":\"https:\/\/secure.gravatar.com\/avatar\/c31f513acffd85eacab5730cbdfdbbf59f21ba5aeada8cd890acea879fbb2455?s=96&d=mm&r=g\",\"contentUrl\":\"https:\/\/secure.gravatar.com\/avatar\/c31f513acffd85eacab5730cbdfdbbf59f21ba5aeada8cd890acea879fbb2455?s=96&d=mm&r=g\",\"caption\":\"Rafaela Ladeira\"}}]}<\/script>\n<!-- \/ Yoast SEO Premium plugin. -->","yoast_head_json":{"title":"A declara\u00e7\u00e3o de Jo\u00e3o Martins ap\u00f3s vit\u00f3ria do Palmeiras no cl\u00e1ssico","robots":{"index":"index","follow":"follow","max-snippet":"max-snippet:-1","max-image-preview":"max-image-preview:large","max-video-preview":"max-video-preview:-1"},"canonical":"https:\/\/www.gaveanews.com\/index.php\/2025\/05\/12\/a-declaracao-de-joao-martins-apos-vitoria-do-palmeiras-no-classico\/","og_locale":"pt_BR","og_type":"article","og_title":"A declara\u00e7\u00e3o de Jo\u00e3o Martins ap\u00f3s vit\u00f3ria do Palmeiras no cl\u00e1ssico","og_description":"Depois de um cl\u00e1ssico tenso e decidido nos detalhes, o Palmeiras venceu o S\u00e3o Paulo por 1 a 0 na Arena Barueri, neste domingo (11), pela oitava rodada do Brasileir\u00e3o. Quem se pronunciou ap\u00f3s o apito final foi o auxiliar t\u00e9cnico Jo\u00e3o Martins, substituindo Abel Ferreira, expulso durante a partida.&nbsp; Em coletiva, o portugu\u00eas analisou [&hellip;]","og_url":"https:\/\/www.gaveanews.com\/index.php\/2025\/05\/12\/a-declaracao-de-joao-martins-apos-vitoria-do-palmeiras-no-classico\/","og_site_name":"G\u00e1vea News","article_publisher":"https:\/\/facebook.com\/gaveaNews\/","article_published_time":"2025-05-12T15:15:00+00:00","og_image":[{"width":1023,"height":767,"url":"https:\/\/www.gaveanews.com\/wp-content\/uploads\/Allianz-Parque-estadio-do-Palmeiras.webp","type":"image\/webp"}],"author":"Rafaela Ladeira","twitter_card":"summary_large_image","twitter_misc":{"Escrito por":"Rafaela Ladeira","Est. tempo de leitura":"4 minutos"},"schema":{"@context":"https:\/\/schema.org","@graph":[{"@type":"NewsArticle","@id":"https:\/\/www.gaveanews.com\/index.php\/2025\/05\/12\/a-declaracao-de-joao-martins-apos-vitoria-do-palmeiras-no-classico\/#article","isPartOf":{"@id":"https:\/\/www.gaveanews.com\/index.php\/2025\/05\/12\/a-declaracao-de-joao-martins-apos-vitoria-do-palmeiras-no-classico\/"},"author":{"name":"Rafaela Ladeira","@id":"https:\/\/www.gaveanews.com\/#\/schema\/person\/0eb3e3fe1754f0205218538adbe8f5ed"},"headline":"A declara\u00e7\u00e3o de Jo\u00e3o Martins ap\u00f3s vit\u00f3ria do Palmeiras no cl\u00e1ssico","datePublished":"2025-05-12T15:15:00+00:00","mainEntityOfPage":{"@id":"https:\/\/www.gaveanews.com\/index.php\/2025\/05\/12\/a-declaracao-de-joao-martins-apos-vitoria-do-palmeiras-no-classico\/"},"wordCount":597,"commentCount":0,"image":{"@id":"https:\/\/www.gaveanews.com\/index.php\/2025\/05\/12\/a-declaracao-de-joao-martins-apos-vitoria-do-palmeiras-no-classico\/#primaryimage"},"thumbnailUrl":"https:\/\/www.gaveanews.com\/wp-content\/uploads\/Allianz-Parque-estadio-do-Palmeiras.webp","articleSection":["Palmeiras"],"inLanguage":"pt-BR","potentialAction":[{"@type":"CommentAction","name":"Comment","target":["https:\/\/www.gaveanews.com\/index.php\/2025\/05\/12\/a-declaracao-de-joao-martins-apos-vitoria-do-palmeiras-no-classico\/#respond"]}],"copyrightYear":"2025","copyrightHolder":{"@id":"https:\/\/www.gaveanews.com\/#organization"}},{"@type":"WebPage","@id":"https:\/\/www.gaveanews.com\/index.php\/2025\/05\/12\/a-declaracao-de-joao-martins-apos-vitoria-do-palmeiras-no-classico\/","url":"https:\/\/www.gaveanews.com\/index.php\/2025\/05\/12\/a-declaracao-de-joao-martins-apos-vitoria-do-palmeiras-no-classico\/","name":"A declara\u00e7\u00e3o de Jo\u00e3o Martins ap\u00f3s vit\u00f3ria do Palmeiras no cl\u00e1ssico","isPartOf":{"@id":"https:\/\/www.gaveanews.com\/#website"},"primaryImageOfPage":{"@id":"https:\/\/www.gaveanews.com\/index.php\/2025\/05\/12\/a-declaracao-de-joao-martins-apos-vitoria-do-palmeiras-no-classico\/#primaryimage"},"image":{"@id":"https:\/\/www.gaveanews.com\/index.php\/2025\/05\/12\/a-declaracao-de-joao-martins-apos-vitoria-do-palmeiras-no-classico\/#primaryimage"},"thumbnailUrl":"https:\/\/www.gaveanews.com\/wp-content\/uploads\/Allianz-Parque-estadio-do-Palmeiras.webp","datePublished":"2025-05-12T15:15:00+00:00","author":{"@id":"https:\/\/www.gaveanews.com\/#\/schema\/person\/0eb3e3fe1754f0205218538adbe8f5ed"},"breadcrumb":{"@id":"https:\/\/www.gaveanews.com\/index.php\/2025\/05\/12\/a-declaracao-de-joao-martins-apos-vitoria-do-palmeiras-no-classico\/#breadcrumb"},"inLanguage":"pt-BR","potentialAction":[{"@type":"ReadAction","target":["https:\/\/www.gaveanews.com\/index.php\/2025\/05\/12\/a-declaracao-de-joao-martins-apos-vitoria-do-palmeiras-no-classico\/"]}]},{"@type":"ImageObject","inLanguage":"pt-BR","@id":"https:\/\/www.gaveanews.com\/index.php\/2025\/05\/12\/a-declaracao-de-joao-martins-apos-vitoria-do-palmeiras-no-classico\/#primaryimage","url":"https:\/\/www.gaveanews.com\/wp-content\/uploads\/Allianz-Parque-estadio-do-Palmeiras.webp","contentUrl":"https:\/\/www.gaveanews.com\/wp-content\/uploads\/Allianz-Parque-estadio-do-Palmeiras.webp","width":1023,"height":767,"caption":"Allianz Parque, est\u00e1dio do Palmeiras (Foto: Reprodu\u00e7\u00e3o\/Palmeiras)"},{"@type":"BreadcrumbList","@id":"https:\/\/www.gaveanews.com\/index.php\/2025\/05\/12\/a-declaracao-de-joao-martins-apos-vitoria-do-palmeiras-no-classico\/#breadcrumb","itemListElement":[{"@type":"ListItem","position":1,"name":"Home","item":"https:\/\/www.gaveanews.com\/"},{"@type":"ListItem","position":2,"name":"A declara\u00e7\u00e3o de Jo\u00e3o Martins ap\u00f3s vit\u00f3ria do Palmeiras no cl\u00e1ssico"}]},{"@type":"WebSite","@id":"https:\/\/www.gaveanews.com\/#website","url":"https:\/\/www.gaveanews.com\/","name":"G\u00e1vea News","description":"Veja todas as not\u00edcias sobre o Flamengo: Contrata\u00e7\u00f5es, categorias de base, resultados das partidas, tabela de classifica\u00e7\u00e3o, pr\u00f3ximos jogos!","potentialAction":[{"@type":"SearchAction","target":{"@type":"EntryPoint","urlTemplate":"https:\/\/www.gaveanews.com\/?s={search_term_string}"},"query-input":{"@type":"PropertyValueSpecification","valueRequired":true,"valueName":"search_term_string"}}],"inLanguage":"pt-BR"},{"@type":"Person","@id":"https:\/\/www.gaveanews.com\/#\/schema\/person\/0eb3e3fe1754f0205218538adbe8f5ed","name":"Rafaela Ladeira","image":{"@type":"ImageObject","inLanguage":"pt-BR","@id":"https:\/\/www.gaveanews.com\/#\/schema\/person\/image\/","url":"https:\/\/secure.gravatar.com\/avatar\/c31f513acffd85eacab5730cbdfdbbf59f21ba5aeada8cd890acea879fbb2455?s=96&d=mm&r=g","contentUrl":"https:\/\/secure.gravatar.com\/avatar\/c31f513acffd85eacab5730cbdfdbbf59f21ba5aeada8cd890acea879fbb2455?s=96&d=mm&r=g","caption":"Rafaela Ladeira"}}]}},"_links":{"self":[{"href":"https:\/\/www.gaveanews.com\/index.php\/wp-json\/wp\/v2\/posts\/262821","targetHints":{"allow":["GET"]}}],"collection":[{"href":"https:\/\/www.gaveanews.com\/index.php\/wp-json\/wp\/v2\/posts"}],"about":[{"href":"https:\/\/www.gaveanews.com\/index.php\/wp-json\/wp\/v2\/types\/post"}],"author":[{"embeddable":true,"href":"https:\/\/www.gaveanews.com\/index.php\/wp-json\/wp\/v2\/users\/25"}],"replies":[{"embeddable":true,"href":"https:\/\/www.gaveanews.com\/index.php\/wp-json\/wp\/v2\/comments?post=262821"}],"version-history":[{"count":1,"href":"https:\/\/www.gaveanews.com\/index.php\/wp-json\/wp\/v2\/posts\/262821\/revisions"}],"predecessor-version":[{"id":262822,"href":"https:\/\/www.gaveanews.com\/index.php\/wp-json\/wp\/v2\/posts\/262821\/revisions\/262822"}],"wp:featuredmedia":[{"embeddable":true,"href":"https:\/\/www.gaveanews.com\/index.php\/wp-json\/wp\/v2\/media\/155182"}],"wp:attachment":[{"href":"https:\/\/www.gaveanews.com\/index.php\/wp-json\/wp\/v2\/media?parent=262821"}],"wp:term":[{"taxonomy":"category","embeddable":true,"href":"https:\/\/www.gaveanews.com\/index.php\/wp-json\/wp\/v2\/categories?post=262821"},{"taxonomy":"post_tag","embeddable":true,"href":"https:\/\/www.gaveanews.com\/index.php\/wp-json\/wp\/v2\/tags?post=262821"}],"curies":[{"name":"wp","href":"https:\/\/api.w.org\/{rel}","templated":true}]}}