{"id":262823,"date":"2025-05-13T09:55:30","date_gmt":"2025-05-13T12:55:30","guid":{"rendered":"https:\/\/www.gaveanews.com\/?p=262823"},"modified":"2025-05-13T09:40:50","modified_gmt":"2025-05-13T12:40:50","slug":"a-declaracao-de-filipe-luis-direcionada-a-michael-do-flamengo","status":"publish","type":"post","link":"https:\/\/www.gaveanews.com\/index.php\/2025\/05\/13\/a-declaracao-de-filipe-luis-direcionada-a-michael-do-flamengo\/","title":{"rendered":"A declara\u00e7\u00e3o de Filipe Lu\u00eds direcionada a Michael, do Flamengo"},"content":{"rendered":"\n<p>Titular contra o Bahia e autor da assist\u00eancia para o gol da vit\u00f3ria marcado por Arrascaeta, Michael foi defendido pelo t\u00e9cnico Filipe Lu\u00eds. O atacante do Flamengo tem sido criticado por suas \u00faltimas atua\u00e7\u00f5es, mas ainda assim o treinador deu um voto de confian\u00e7a para o atleta, que retribuiu em campo.<\/p>\n\n\n\n<p>Na coletiva, Filipe Lu\u00eds justificou sua escolha pela titularidade de Michael apesar da cr\u00edticas recentes. O treinador afirmou que v\u00ea os treinamentos diariamente e sabia que seria a melhor op\u00e7\u00e3o para o confronto contra o Bahia.<\/p>\n\n\n\n<p>&#8220;Michael \u00e9 um jogador que vinha sendo bastante criticado, mas eu vejo o dia a dia, vejo os treinos. Eu imagino um jogo, fa\u00e7o todo o plano com o que eu sinto, com as minhas ideias, do que \u00e9 melhor para a equipe vencer o jogo. Ningu\u00e9m \u00e9 mais importante que a equipe. Michael j\u00e1 ficou no banco, Cebolinha j\u00e1 ficou no banco, Bruno (Henrique) j\u00e1 jogou por ali, Luiz Ara\u00fajo j\u00e1 jogou pela esquerda. E as decis\u00f5es que eu tomo s\u00e3o em cima disso, do que eu vejo no cotidiano&#8221;, disse Filipe Lu\u00eds.<\/p>\n\n\n\n<p>O t\u00e9cnico do Flamengo refor\u00e7ou a dedica\u00e7\u00e3o de Michael a cada atividade e relembrou de tudo que fez para estar hoje no Flamengo. O passe para Arrascaeta foi a quarta assist\u00eancia do atacante na temporada. Ele tamb\u00e9m tem um gol marcado em 15 partidas disputadas.<\/p>\n\n\n\n<p>&#8220;O Michael \u00e9 um jogador que se esfor\u00e7a muito, e eu fico feliz que ele tenha feito uma grande partida hoje. N\u00e3o era f\u00e1cil para ele, sab\u00edamos que ele entraria sendo alvo (do Bahia), mas se t\u00e1 aqui no Flamengo \u00e9 porque tem algo. J\u00e1 passou por muita coisa na vida e superou, ent\u00e3o vai superar isso tamb\u00e9m e voltar a dar alegrias para a gente&#8221;, afirmou Filipe Lu\u00eds.<\/p>\n\n\n\n<p>No duelo contra o Bahia, Michael completou seu s\u00e9timo jogo pelo Flamengo no Brasileir\u00e3o. Sendo assim, n\u00e3o pode mais ser utilizado por nenhuma outra equipe na temporada, o que inviabiliza sua negocia\u00e7\u00e3o para times do futebol brasileiro. Ainda existe a possibilidade do atacante ser negociado para fora do pa\u00eds. O Fla volta a campo nesta quinta-feira, contra a LDU, pela Libertadores. A partida acontece no Maracan\u00e3, \u00e0s 21h30 (de Bras\u00edlia).<\/p>\n","protected":false},"excerpt":{"rendered":"<p>Titular contra o Bahia e autor da assist\u00eancia para o gol da vit\u00f3ria marcado por Arrascaeta, Michael foi defendido pelo t\u00e9cnico Filipe Lu\u00eds. O atacante do Flamengo tem sido criticado por suas \u00faltimas atua\u00e7\u00f5es, mas ainda assim o treinador deu um voto de confian\u00e7a para o atleta, que retribuiu em campo. Na coletiva, Filipe Lu\u00eds [&hellip;]<\/p>\n","protected":false},"author":32,"featured_media":255010,"comment_status":"open","ping_status":"closed","sticky":false,"template":"","format":"standard","meta":{"footnotes":""},"categories":[1],"tags":[],"class_list":["post-262823","post","type-post","status-publish","format-standard","has-post-thumbnail","hentry","category-flamengo"],"yoast_head":"<!-- This site is optimized with the Yoast SEO Premium plugin v24.2 (Yoast SEO v26.9) - https:\/\/yoast.com\/product\/yoast-seo-premium-wordpress\/ -->\n<title>A declara\u00e7\u00e3o de Filipe Lu\u00eds direcionada a Michael, do Flamengo<\/title>\n<meta name=\"robots\" content=\"index, follow, max-snippet:-1, max-image-preview:large, max-video-preview:-1\" \/>\n<link rel=\"canonical\" href=\"https:\/\/www.gaveanews.com\/index.php\/2025\/05\/13\/a-declaracao-de-filipe-luis-direcionada-a-michael-do-flamengo\/\" \/>\n<meta property=\"og:locale\" content=\"pt_BR\" \/>\n<meta property=\"og:type\" content=\"article\" \/>\n<meta property=\"og:title\" content=\"A declara\u00e7\u00e3o de Filipe Lu\u00eds direcionada a Michael, do Flamengo\" \/>\n<meta property=\"og:description\" content=\"Titular contra o Bahia e autor da assist\u00eancia para o gol da vit\u00f3ria marcado por Arrascaeta, Michael foi defendido pelo t\u00e9cnico Filipe Lu\u00eds. O atacante do Flamengo tem sido criticado por suas \u00faltimas atua\u00e7\u00f5es, mas ainda assim o treinador deu um voto de confian\u00e7a para o atleta, que retribuiu em campo. Na coletiva, Filipe Lu\u00eds [&hellip;]\" \/>\n<meta property=\"og:url\" content=\"https:\/\/www.gaveanews.com\/index.php\/2025\/05\/13\/a-declaracao-de-filipe-luis-direcionada-a-michael-do-flamengo\/\" \/>\n<meta property=\"og:site_name\" content=\"G\u00e1vea News\" \/>\n<meta property=\"article:publisher\" content=\"https:\/\/facebook.com\/gaveaNews\/\" \/>\n<meta property=\"article:published_time\" content=\"2025-05-13T12:55:30+00:00\" \/>\n<meta property=\"og:image\" content=\"https:\/\/www.gaveanews.com\/wp-content\/uploads\/Michael-em-atividade-no-CT-Ninho-do-Urubu.webp\" \/>\n\t<meta property=\"og:image:width\" content=\"1200\" \/>\n\t<meta property=\"og:image:height\" content=\"800\" \/>\n\t<meta property=\"og:image:type\" content=\"image\/png\" \/>\n<meta name=\"author\" content=\"Matheus Leal\" \/>\n<meta name=\"twitter:card\" content=\"summary_large_image\" \/>\n<meta name=\"twitter:label1\" content=\"Escrito por\" \/>\n\t<meta name=\"twitter:data1\" content=\"Matheus Leal\" \/>\n\t<meta name=\"twitter:label2\" content=\"Est. tempo de leitura\" \/>\n\t<meta name=\"twitter:data2\" content=\"3 minutos\" \/>\n<script type=\"application\/ld+json\" class=\"yoast-schema-graph\">{\"@context\":\"https:\/\/schema.org\",\"@graph\":[{\"@type\":\"NewsArticle\",\"@id\":\"https:\/\/www.gaveanews.com\/index.php\/2025\/05\/13\/a-declaracao-de-filipe-luis-direcionada-a-michael-do-flamengo\/#article\",\"isPartOf\":{\"@id\":\"https:\/\/www.gaveanews.com\/index.php\/2025\/05\/13\/a-declaracao-de-filipe-luis-direcionada-a-michael-do-flamengo\/\"},\"author\":{\"name\":\"Matheus Leal\",\"@id\":\"https:\/\/www.gaveanews.com\/#\/schema\/person\/49ac99b6823a2b8d5087a6ce3aaaa128\"},\"headline\":\"A declara\u00e7\u00e3o de Filipe Lu\u00eds direcionada a Michael, do Flamengo\",\"datePublished\":\"2025-05-13T12:55:30+00:00\",\"mainEntityOfPage\":{\"@id\":\"https:\/\/www.gaveanews.com\/index.php\/2025\/05\/13\/a-declaracao-de-filipe-luis-direcionada-a-michael-do-flamengo\/\"},\"wordCount\":404,\"commentCount\":0,\"image\":{\"@id\":\"https:\/\/www.gaveanews.com\/index.php\/2025\/05\/13\/a-declaracao-de-filipe-luis-direcionada-a-michael-do-flamengo\/#primaryimage\"},\"thumbnailUrl\":\"https:\/\/www.gaveanews.com\/wp-content\/uploads\/Michael-em-atividade-no-CT-Ninho-do-Urubu.webp\",\"articleSection\":[\"Flamengo\"],\"inLanguage\":\"pt-BR\",\"potentialAction\":[{\"@type\":\"CommentAction\",\"name\":\"Comment\",\"target\":[\"https:\/\/www.gaveanews.com\/index.php\/2025\/05\/13\/a-declaracao-de-filipe-luis-direcionada-a-michael-do-flamengo\/#respond\"]}],\"copyrightYear\":\"2025\",\"copyrightHolder\":{\"@id\":\"https:\/\/www.gaveanews.com\/#organization\"}},{\"@type\":\"WebPage\",\"@id\":\"https:\/\/www.gaveanews.com\/index.php\/2025\/05\/13\/a-declaracao-de-filipe-luis-direcionada-a-michael-do-flamengo\/\",\"url\":\"https:\/\/www.gaveanews.com\/index.php\/2025\/05\/13\/a-declaracao-de-filipe-luis-direcionada-a-michael-do-flamengo\/\",\"name\":\"A declara\u00e7\u00e3o de Filipe Lu\u00eds direcionada a Michael, do Flamengo\",\"isPartOf\":{\"@id\":\"https:\/\/www.gaveanews.com\/#website\"},\"primaryImageOfPage\":{\"@id\":\"https:\/\/www.gaveanews.com\/index.php\/2025\/05\/13\/a-declaracao-de-filipe-luis-direcionada-a-michael-do-flamengo\/#primaryimage\"},\"image\":{\"@id\":\"https:\/\/www.gaveanews.com\/index.php\/2025\/05\/13\/a-declaracao-de-filipe-luis-direcionada-a-michael-do-flamengo\/#primaryimage\"},\"thumbnailUrl\":\"https:\/\/www.gaveanews.com\/wp-content\/uploads\/Michael-em-atividade-no-CT-Ninho-do-Urubu.webp\",\"datePublished\":\"2025-05-13T12:55:30+00:00\",\"author\":{\"@id\":\"https:\/\/www.gaveanews.com\/#\/schema\/person\/49ac99b6823a2b8d5087a6ce3aaaa128\"},\"breadcrumb\":{\"@id\":\"https:\/\/www.gaveanews.com\/index.php\/2025\/05\/13\/a-declaracao-de-filipe-luis-direcionada-a-michael-do-flamengo\/#breadcrumb\"},\"inLanguage\":\"pt-BR\",\"potentialAction\":[{\"@type\":\"ReadAction\",\"target\":[\"https:\/\/www.gaveanews.com\/index.php\/2025\/05\/13\/a-declaracao-de-filipe-luis-direcionada-a-michael-do-flamengo\/\"]}]},{\"@type\":\"ImageObject\",\"inLanguage\":\"pt-BR\",\"@id\":\"https:\/\/www.gaveanews.com\/index.php\/2025\/05\/13\/a-declaracao-de-filipe-luis-direcionada-a-michael-do-flamengo\/#primaryimage\",\"url\":\"https:\/\/www.gaveanews.com\/wp-content\/uploads\/Michael-em-atividade-no-CT-Ninho-do-Urubu.webp\",\"contentUrl\":\"https:\/\/www.gaveanews.com\/wp-content\/uploads\/Michael-em-atividade-no-CT-Ninho-do-Urubu.webp\",\"width\":1200,\"height\":800,\"caption\":\"Michael em atividade no CT Ninho do Urubu - Foto: Adriano Fontes\/Flamengo\"},{\"@type\":\"BreadcrumbList\",\"@id\":\"https:\/\/www.gaveanews.com\/index.php\/2025\/05\/13\/a-declaracao-de-filipe-luis-direcionada-a-michael-do-flamengo\/#breadcrumb\",\"itemListElement\":[{\"@type\":\"ListItem\",\"position\":1,\"name\":\"Home\",\"item\":\"https:\/\/www.gaveanews.com\/\"},{\"@type\":\"ListItem\",\"position\":2,\"name\":\"A declara\u00e7\u00e3o de Filipe Lu\u00eds direcionada a Michael, do Flamengo\"}]},{\"@type\":\"WebSite\",\"@id\":\"https:\/\/www.gaveanews.com\/#website\",\"url\":\"https:\/\/www.gaveanews.com\/\",\"name\":\"G\u00e1vea News\",\"description\":\"Veja todas as not\u00edcias sobre o Flamengo: Contrata\u00e7\u00f5es, categorias de base, resultados das partidas, tabela de classifica\u00e7\u00e3o, pr\u00f3ximos jogos!\",\"potentialAction\":[{\"@type\":\"SearchAction\",\"target\":{\"@type\":\"EntryPoint\",\"urlTemplate\":\"https:\/\/www.gaveanews.com\/?s={search_term_string}\"},\"query-input\":{\"@type\":\"PropertyValueSpecification\",\"valueRequired\":true,\"valueName\":\"search_term_string\"}}],\"inLanguage\":\"pt-BR\"},{\"@type\":\"Person\",\"@id\":\"https:\/\/www.gaveanews.com\/#\/schema\/person\/49ac99b6823a2b8d5087a6ce3aaaa128\",\"name\":\"Matheus Leal\",\"image\":{\"@type\":\"ImageObject\",\"inLanguage\":\"pt-BR\",\"@id\":\"https:\/\/www.gaveanews.com\/#\/schema\/person\/image\/\",\"url\":\"https:\/\/secure.gravatar.com\/avatar\/21c52300d1234416f9c886f6dadd7452d8b035ac505314a51e4f56731e90c481?s=96&d=mm&r=g\",\"contentUrl\":\"https:\/\/secure.gravatar.com\/avatar\/21c52300d1234416f9c886f6dadd7452d8b035ac505314a51e4f56731e90c481?s=96&d=mm&r=g\",\"caption\":\"Matheus Leal\"}}]}<\/script>\n<!-- \/ Yoast SEO Premium plugin. -->","yoast_head_json":{"title":"A declara\u00e7\u00e3o de Filipe Lu\u00eds direcionada a Michael, do Flamengo","robots":{"index":"index","follow":"follow","max-snippet":"max-snippet:-1","max-image-preview":"max-image-preview:large","max-video-preview":"max-video-preview:-1"},"canonical":"https:\/\/www.gaveanews.com\/index.php\/2025\/05\/13\/a-declaracao-de-filipe-luis-direcionada-a-michael-do-flamengo\/","og_locale":"pt_BR","og_type":"article","og_title":"A declara\u00e7\u00e3o de Filipe Lu\u00eds direcionada a Michael, do Flamengo","og_description":"Titular contra o Bahia e autor da assist\u00eancia para o gol da vit\u00f3ria marcado por Arrascaeta, Michael foi defendido pelo t\u00e9cnico Filipe Lu\u00eds. O atacante do Flamengo tem sido criticado por suas \u00faltimas atua\u00e7\u00f5es, mas ainda assim o treinador deu um voto de confian\u00e7a para o atleta, que retribuiu em campo. Na coletiva, Filipe Lu\u00eds [&hellip;]","og_url":"https:\/\/www.gaveanews.com\/index.php\/2025\/05\/13\/a-declaracao-de-filipe-luis-direcionada-a-michael-do-flamengo\/","og_site_name":"G\u00e1vea News","article_publisher":"https:\/\/facebook.com\/gaveaNews\/","article_published_time":"2025-05-13T12:55:30+00:00","og_image":[{"width":1200,"height":800,"url":"https:\/\/www.gaveanews.com\/wp-content\/uploads\/Michael-em-atividade-no-CT-Ninho-do-Urubu.webp","type":"image\/png"}],"author":"Matheus Leal","twitter_card":"summary_large_image","twitter_misc":{"Escrito por":"Matheus Leal","Est. tempo de leitura":"3 minutos"},"schema":{"@context":"https:\/\/schema.org","@graph":[{"@type":"NewsArticle","@id":"https:\/\/www.gaveanews.com\/index.php\/2025\/05\/13\/a-declaracao-de-filipe-luis-direcionada-a-michael-do-flamengo\/#article","isPartOf":{"@id":"https:\/\/www.gaveanews.com\/index.php\/2025\/05\/13\/a-declaracao-de-filipe-luis-direcionada-a-michael-do-flamengo\/"},"author":{"name":"Matheus Leal","@id":"https:\/\/www.gaveanews.com\/#\/schema\/person\/49ac99b6823a2b8d5087a6ce3aaaa128"},"headline":"A declara\u00e7\u00e3o de Filipe Lu\u00eds direcionada a Michael, do Flamengo","datePublished":"2025-05-13T12:55:30+00:00","mainEntityOfPage":{"@id":"https:\/\/www.gaveanews.com\/index.php\/2025\/05\/13\/a-declaracao-de-filipe-luis-direcionada-a-michael-do-flamengo\/"},"wordCount":404,"commentCount":0,"image":{"@id":"https:\/\/www.gaveanews.com\/index.php\/2025\/05\/13\/a-declaracao-de-filipe-luis-direcionada-a-michael-do-flamengo\/#primaryimage"},"thumbnailUrl":"https:\/\/www.gaveanews.com\/wp-content\/uploads\/Michael-em-atividade-no-CT-Ninho-do-Urubu.webp","articleSection":["Flamengo"],"inLanguage":"pt-BR","potentialAction":[{"@type":"CommentAction","name":"Comment","target":["https:\/\/www.gaveanews.com\/index.php\/2025\/05\/13\/a-declaracao-de-filipe-luis-direcionada-a-michael-do-flamengo\/#respond"]}],"copyrightYear":"2025","copyrightHolder":{"@id":"https:\/\/www.gaveanews.com\/#organization"}},{"@type":"WebPage","@id":"https:\/\/www.gaveanews.com\/index.php\/2025\/05\/13\/a-declaracao-de-filipe-luis-direcionada-a-michael-do-flamengo\/","url":"https:\/\/www.gaveanews.com\/index.php\/2025\/05\/13\/a-declaracao-de-filipe-luis-direcionada-a-michael-do-flamengo\/","name":"A declara\u00e7\u00e3o de Filipe Lu\u00eds direcionada a Michael, do Flamengo","isPartOf":{"@id":"https:\/\/www.gaveanews.com\/#website"},"primaryImageOfPage":{"@id":"https:\/\/www.gaveanews.com\/index.php\/2025\/05\/13\/a-declaracao-de-filipe-luis-direcionada-a-michael-do-flamengo\/#primaryimage"},"image":{"@id":"https:\/\/www.gaveanews.com\/index.php\/2025\/05\/13\/a-declaracao-de-filipe-luis-direcionada-a-michael-do-flamengo\/#primaryimage"},"thumbnailUrl":"https:\/\/www.gaveanews.com\/wp-content\/uploads\/Michael-em-atividade-no-CT-Ninho-do-Urubu.webp","datePublished":"2025-05-13T12:55:30+00:00","author":{"@id":"https:\/\/www.gaveanews.com\/#\/schema\/person\/49ac99b6823a2b8d5087a6ce3aaaa128"},"breadcrumb":{"@id":"https:\/\/www.gaveanews.com\/index.php\/2025\/05\/13\/a-declaracao-de-filipe-luis-direcionada-a-michael-do-flamengo\/#breadcrumb"},"inLanguage":"pt-BR","potentialAction":[{"@type":"ReadAction","target":["https:\/\/www.gaveanews.com\/index.php\/2025\/05\/13\/a-declaracao-de-filipe-luis-direcionada-a-michael-do-flamengo\/"]}]},{"@type":"ImageObject","inLanguage":"pt-BR","@id":"https:\/\/www.gaveanews.com\/index.php\/2025\/05\/13\/a-declaracao-de-filipe-luis-direcionada-a-michael-do-flamengo\/#primaryimage","url":"https:\/\/www.gaveanews.com\/wp-content\/uploads\/Michael-em-atividade-no-CT-Ninho-do-Urubu.webp","contentUrl":"https:\/\/www.gaveanews.com\/wp-content\/uploads\/Michael-em-atividade-no-CT-Ninho-do-Urubu.webp","width":1200,"height":800,"caption":"Michael em atividade no CT Ninho do Urubu - Foto: Adriano Fontes\/Flamengo"},{"@type":"BreadcrumbList","@id":"https:\/\/www.gaveanews.com\/index.php\/2025\/05\/13\/a-declaracao-de-filipe-luis-direcionada-a-michael-do-flamengo\/#breadcrumb","itemListElement":[{"@type":"ListItem","position":1,"name":"Home","item":"https:\/\/www.gaveanews.com\/"},{"@type":"ListItem","position":2,"name":"A declara\u00e7\u00e3o de Filipe Lu\u00eds direcionada a Michael, do Flamengo"}]},{"@type":"WebSite","@id":"https:\/\/www.gaveanews.com\/#website","url":"https:\/\/www.gaveanews.com\/","name":"G\u00e1vea News","description":"Veja todas as not\u00edcias sobre o Flamengo: Contrata\u00e7\u00f5es, categorias de base, resultados das partidas, tabela de classifica\u00e7\u00e3o, pr\u00f3ximos jogos!","potentialAction":[{"@type":"SearchAction","target":{"@type":"EntryPoint","urlTemplate":"https:\/\/www.gaveanews.com\/?s={search_term_string}"},"query-input":{"@type":"PropertyValueSpecification","valueRequired":true,"valueName":"search_term_string"}}],"inLanguage":"pt-BR"},{"@type":"Person","@id":"https:\/\/www.gaveanews.com\/#\/schema\/person\/49ac99b6823a2b8d5087a6ce3aaaa128","name":"Matheus Leal","image":{"@type":"ImageObject","inLanguage":"pt-BR","@id":"https:\/\/www.gaveanews.com\/#\/schema\/person\/image\/","url":"https:\/\/secure.gravatar.com\/avatar\/21c52300d1234416f9c886f6dadd7452d8b035ac505314a51e4f56731e90c481?s=96&d=mm&r=g","contentUrl":"https:\/\/secure.gravatar.com\/avatar\/21c52300d1234416f9c886f6dadd7452d8b035ac505314a51e4f56731e90c481?s=96&d=mm&r=g","caption":"Matheus Leal"}}]}},"_links":{"self":[{"href":"https:\/\/www.gaveanews.com\/index.php\/wp-json\/wp\/v2\/posts\/262823","targetHints":{"allow":["GET"]}}],"collection":[{"href":"https:\/\/www.gaveanews.com\/index.php\/wp-json\/wp\/v2\/posts"}],"about":[{"href":"https:\/\/www.gaveanews.com\/index.php\/wp-json\/wp\/v2\/types\/post"}],"author":[{"embeddable":true,"href":"https:\/\/www.gaveanews.com\/index.php\/wp-json\/wp\/v2\/users\/32"}],"replies":[{"embeddable":true,"href":"https:\/\/www.gaveanews.com\/index.php\/wp-json\/wp\/v2\/comments?post=262823"}],"version-history":[{"count":1,"href":"https:\/\/www.gaveanews.com\/index.php\/wp-json\/wp\/v2\/posts\/262823\/revisions"}],"predecessor-version":[{"id":262831,"href":"https:\/\/www.gaveanews.com\/index.php\/wp-json\/wp\/v2\/posts\/262823\/revisions\/262831"}],"wp:featuredmedia":[{"embeddable":true,"href":"https:\/\/www.gaveanews.com\/index.php\/wp-json\/wp\/v2\/media\/255010"}],"wp:attachment":[{"href":"https:\/\/www.gaveanews.com\/index.php\/wp-json\/wp\/v2\/media?parent=262823"}],"wp:term":[{"taxonomy":"category","embeddable":true,"href":"https:\/\/www.gaveanews.com\/index.php\/wp-json\/wp\/v2\/categories?post=262823"},{"taxonomy":"post_tag","embeddable":true,"href":"https:\/\/www.gaveanews.com\/index.php\/wp-json\/wp\/v2\/tags?post=262823"}],"curies":[{"name":"wp","href":"https:\/\/api.w.org\/{rel}","templated":true}]}}