{"id":262832,"date":"2025-05-13T10:20:17","date_gmt":"2025-05-13T13:20:17","guid":{"rendered":"https:\/\/www.gaveanews.com\/?p=262832"},"modified":"2025-05-13T09:45:34","modified_gmt":"2025-05-13T12:45:34","slug":"filipe-luis-revela-o-motivo-de-nao-utilizar-gerson-como-volante-no-flamengo-voces-nao-enxergam","status":"publish","type":"post","link":"https:\/\/www.gaveanews.com\/index.php\/2025\/05\/13\/filipe-luis-revela-o-motivo-de-nao-utilizar-gerson-como-volante-no-flamengo-voces-nao-enxergam\/","title":{"rendered":"Filipe Lu\u00eds revela o motivo de n\u00e3o utilizar Gerson como volante no Flamengo: &#8220;Voc\u00eas n\u00e3o enxergam&#8221;"},"content":{"rendered":"\n<p>Filipe Lu\u00eds rebateu os pedidos para utiliza\u00e7\u00e3o de Gerson de volante e refor\u00e7ou a import\u00e2ncia do capit\u00e3o aberto na ponta direita do Flamengo. Na vit\u00f3ria cima do Bahia, por 1&#215;0, o Coringa atuou boa parte do jogo como camisa 8 por conta das les\u00f5es de Pulgar e Allan, ambos no primeiro tempo.<\/p>\n\n\n\n<p>De acordo com Filipe Lu\u00eds, ele escala Gerson de meia por enxergar aspectos do jogo onde o Coringa \u00e9 fundamental. Ele valorizou a entrega f\u00edsica do capit\u00e3o para a equipe e elogiou tamb\u00e9m os outros quatro volantes do elenco: Pulgar, De La Cruz, Allan e Evertton Ara\u00fajo.<\/p>\n\n\n\n<p>&#8220;Eu vejo o que o jogador me oferece num todo. Voc\u00eas veem o Gerson de volante, mas eu vejo muitos aspectos durante o jogo que ele me d\u00e1 jogando na meia que talvez voc\u00ea n\u00e3o enxerguem. Valorizo muito o esfor\u00e7o que ele faz pela equipe. Eu tomo as decis\u00f5es. Eu tenho quatro volantes, al\u00e9m dele. Confio nos quatro. O Allan est\u00e1 treinando impressionantemente bem, tem entrado muito bem. Hoje, infelizmente, sentiu uma les\u00e3o Confio muito no Evertton Ara\u00fajo, sempre que entra \u00e9 muito confi\u00e1vel. O Nico (De la Cruz) e o Erick, voc\u00eas j\u00e1 sabem&#8221;, disse Filipe Lu\u00eds.<\/p>\n\n\n\n<p>O treinador n\u00e3o descartou totalmente a utiliza\u00e7\u00e3o de Gerson como segundo volante. Por\u00e9m, confrontou os jornalistas ao dizer que a an\u00e1lise era rasa e analisava apenas gols e assist\u00eancias entregues pelo atleta, mas que ele enxerga coisas mais amplas.<\/p>\n\n\n\n<p>&#8220;Tento sempre buscar os melhores para poder vencer o jogo espec\u00edfico. V\u00e3o ter jogos que ele vai jogar de meia, outro de volante. Mas enquanto todo mundo critica as atua\u00e7\u00f5es na meia, eu vejo outros aspectos em que ele \u00e9 o melhor. Voc\u00eas veem se ele chega na \u00e1rea, se ele faz gol, mas vejo outras coisas que n\u00e3o tem outro que faz. Vai muito al\u00e9m do que voc\u00eas est\u00e3o vendo de maneira rasa&#8221;, disparou o treinador do Flamengo.<\/p>\n\n\n\n<p>O time volta a campo nesta quinta-feira para enfrentar a LDU, em jogo fundamental na Libertadores. Apenas a vit\u00f3ria serve para o Flamengo seguir vivo pela classifica\u00e7\u00e3o \u00e0s oitavas de final. A bola rola \u00e0s 21h30 (de Bras\u00edlia), no Maracan\u00e3.<\/p>\n","protected":false},"excerpt":{"rendered":"<p>Filipe Lu\u00eds rebateu os pedidos para utiliza\u00e7\u00e3o de Gerson de volante e refor\u00e7ou a import\u00e2ncia do capit\u00e3o aberto na ponta direita do Flamengo. Na vit\u00f3ria cima do Bahia, por 1&#215;0, o Coringa atuou boa parte do jogo como camisa 8 por conta das les\u00f5es de Pulgar e Allan, ambos no primeiro tempo. De acordo com [&hellip;]<\/p>\n","protected":false},"author":32,"featured_media":145523,"comment_status":"open","ping_status":"closed","sticky":false,"template":"","format":"standard","meta":{"footnotes":""},"categories":[1],"tags":[],"class_list":["post-262832","post","type-post","status-publish","format-standard","has-post-thumbnail","hentry","category-flamengo"],"yoast_head":"<!-- This site is optimized with the Yoast SEO Premium plugin v24.2 (Yoast SEO v26.9) - https:\/\/yoast.com\/product\/yoast-seo-premium-wordpress\/ -->\n<title>Filipe Lu\u00eds revela o motivo de n\u00e3o utilizar Gerson como volante no Flamengo: &quot;Voc\u00eas n\u00e3o enxergam&quot;<\/title>\n<meta name=\"robots\" content=\"index, follow, max-snippet:-1, max-image-preview:large, max-video-preview:-1\" \/>\n<link rel=\"canonical\" href=\"https:\/\/www.gaveanews.com\/index.php\/2025\/05\/13\/filipe-luis-revela-o-motivo-de-nao-utilizar-gerson-como-volante-no-flamengo-voces-nao-enxergam\/\" \/>\n<meta property=\"og:locale\" content=\"pt_BR\" \/>\n<meta property=\"og:type\" content=\"article\" \/>\n<meta property=\"og:title\" content=\"Filipe Lu\u00eds revela o motivo de n\u00e3o utilizar Gerson como volante no Flamengo: &quot;Voc\u00eas n\u00e3o enxergam&quot;\" \/>\n<meta property=\"og:description\" content=\"Filipe Lu\u00eds rebateu os pedidos para utiliza\u00e7\u00e3o de Gerson de volante e refor\u00e7ou a import\u00e2ncia do capit\u00e3o aberto na ponta direita do Flamengo. Na vit\u00f3ria cima do Bahia, por 1&#215;0, o Coringa atuou boa parte do jogo como camisa 8 por conta das les\u00f5es de Pulgar e Allan, ambos no primeiro tempo. De acordo com [&hellip;]\" \/>\n<meta property=\"og:url\" content=\"https:\/\/www.gaveanews.com\/index.php\/2025\/05\/13\/filipe-luis-revela-o-motivo-de-nao-utilizar-gerson-como-volante-no-flamengo-voces-nao-enxergam\/\" \/>\n<meta property=\"og:site_name\" content=\"G\u00e1vea News\" \/>\n<meta property=\"article:publisher\" content=\"https:\/\/facebook.com\/gaveaNews\/\" \/>\n<meta property=\"article:published_time\" content=\"2025-05-13T13:20:17+00:00\" \/>\n<meta property=\"og:image\" content=\"https:\/\/www.gaveanews.com\/wp-content\/uploads\/gerson-flamengo.webp\" \/>\n\t<meta property=\"og:image:width\" content=\"900\" \/>\n\t<meta property=\"og:image:height\" content=\"600\" \/>\n\t<meta property=\"og:image:type\" content=\"image\/jpeg\" \/>\n<meta name=\"author\" content=\"Matheus Leal\" \/>\n<meta name=\"twitter:card\" content=\"summary_large_image\" \/>\n<meta name=\"twitter:label1\" content=\"Escrito por\" \/>\n\t<meta name=\"twitter:data1\" content=\"Matheus Leal\" \/>\n\t<meta name=\"twitter:label2\" content=\"Est. tempo de leitura\" \/>\n\t<meta name=\"twitter:data2\" content=\"3 minutos\" \/>\n<script type=\"application\/ld+json\" class=\"yoast-schema-graph\">{\"@context\":\"https:\/\/schema.org\",\"@graph\":[{\"@type\":\"NewsArticle\",\"@id\":\"https:\/\/www.gaveanews.com\/index.php\/2025\/05\/13\/filipe-luis-revela-o-motivo-de-nao-utilizar-gerson-como-volante-no-flamengo-voces-nao-enxergam\/#article\",\"isPartOf\":{\"@id\":\"https:\/\/www.gaveanews.com\/index.php\/2025\/05\/13\/filipe-luis-revela-o-motivo-de-nao-utilizar-gerson-como-volante-no-flamengo-voces-nao-enxergam\/\"},\"author\":{\"name\":\"Matheus Leal\",\"@id\":\"https:\/\/www.gaveanews.com\/#\/schema\/person\/49ac99b6823a2b8d5087a6ce3aaaa128\"},\"headline\":\"Filipe Lu\u00eds revela o motivo de n\u00e3o utilizar Gerson como volante no Flamengo: &#8220;Voc\u00eas n\u00e3o enxergam&#8221;\",\"datePublished\":\"2025-05-13T13:20:17+00:00\",\"mainEntityOfPage\":{\"@id\":\"https:\/\/www.gaveanews.com\/index.php\/2025\/05\/13\/filipe-luis-revela-o-motivo-de-nao-utilizar-gerson-como-volante-no-flamengo-voces-nao-enxergam\/\"},\"wordCount\":409,\"commentCount\":0,\"image\":{\"@id\":\"https:\/\/www.gaveanews.com\/index.php\/2025\/05\/13\/filipe-luis-revela-o-motivo-de-nao-utilizar-gerson-como-volante-no-flamengo-voces-nao-enxergam\/#primaryimage\"},\"thumbnailUrl\":\"https:\/\/www.gaveanews.com\/wp-content\/uploads\/gerson-flamengo.webp\",\"articleSection\":[\"Flamengo\"],\"inLanguage\":\"pt-BR\",\"potentialAction\":[{\"@type\":\"CommentAction\",\"name\":\"Comment\",\"target\":[\"https:\/\/www.gaveanews.com\/index.php\/2025\/05\/13\/filipe-luis-revela-o-motivo-de-nao-utilizar-gerson-como-volante-no-flamengo-voces-nao-enxergam\/#respond\"]}],\"copyrightYear\":\"2025\",\"copyrightHolder\":{\"@id\":\"https:\/\/www.gaveanews.com\/#organization\"}},{\"@type\":\"WebPage\",\"@id\":\"https:\/\/www.gaveanews.com\/index.php\/2025\/05\/13\/filipe-luis-revela-o-motivo-de-nao-utilizar-gerson-como-volante-no-flamengo-voces-nao-enxergam\/\",\"url\":\"https:\/\/www.gaveanews.com\/index.php\/2025\/05\/13\/filipe-luis-revela-o-motivo-de-nao-utilizar-gerson-como-volante-no-flamengo-voces-nao-enxergam\/\",\"name\":\"Filipe Lu\u00eds revela o motivo de n\u00e3o utilizar Gerson como volante no Flamengo: \\\"Voc\u00eas n\u00e3o enxergam\\\"\",\"isPartOf\":{\"@id\":\"https:\/\/www.gaveanews.com\/#website\"},\"primaryImageOfPage\":{\"@id\":\"https:\/\/www.gaveanews.com\/index.php\/2025\/05\/13\/filipe-luis-revela-o-motivo-de-nao-utilizar-gerson-como-volante-no-flamengo-voces-nao-enxergam\/#primaryimage\"},\"image\":{\"@id\":\"https:\/\/www.gaveanews.com\/index.php\/2025\/05\/13\/filipe-luis-revela-o-motivo-de-nao-utilizar-gerson-como-volante-no-flamengo-voces-nao-enxergam\/#primaryimage\"},\"thumbnailUrl\":\"https:\/\/www.gaveanews.com\/wp-content\/uploads\/gerson-flamengo.webp\",\"datePublished\":\"2025-05-13T13:20:17+00:00\",\"author\":{\"@id\":\"https:\/\/www.gaveanews.com\/#\/schema\/person\/49ac99b6823a2b8d5087a6ce3aaaa128\"},\"breadcrumb\":{\"@id\":\"https:\/\/www.gaveanews.com\/index.php\/2025\/05\/13\/filipe-luis-revela-o-motivo-de-nao-utilizar-gerson-como-volante-no-flamengo-voces-nao-enxergam\/#breadcrumb\"},\"inLanguage\":\"pt-BR\",\"potentialAction\":[{\"@type\":\"ReadAction\",\"target\":[\"https:\/\/www.gaveanews.com\/index.php\/2025\/05\/13\/filipe-luis-revela-o-motivo-de-nao-utilizar-gerson-como-volante-no-flamengo-voces-nao-enxergam\/\"]}]},{\"@type\":\"ImageObject\",\"inLanguage\":\"pt-BR\",\"@id\":\"https:\/\/www.gaveanews.com\/index.php\/2025\/05\/13\/filipe-luis-revela-o-motivo-de-nao-utilizar-gerson-como-volante-no-flamengo-voces-nao-enxergam\/#primaryimage\",\"url\":\"https:\/\/www.gaveanews.com\/wp-content\/uploads\/gerson-flamengo.webp\",\"contentUrl\":\"https:\/\/www.gaveanews.com\/wp-content\/uploads\/gerson-flamengo.webp\",\"width\":900,\"height\":600,\"caption\":\"Gerson em a\u00e7\u00e3o pelo Flamengo (Foto: Marcelo Cortes\/Flamengo)\"},{\"@type\":\"BreadcrumbList\",\"@id\":\"https:\/\/www.gaveanews.com\/index.php\/2025\/05\/13\/filipe-luis-revela-o-motivo-de-nao-utilizar-gerson-como-volante-no-flamengo-voces-nao-enxergam\/#breadcrumb\",\"itemListElement\":[{\"@type\":\"ListItem\",\"position\":1,\"name\":\"Home\",\"item\":\"https:\/\/www.gaveanews.com\/\"},{\"@type\":\"ListItem\",\"position\":2,\"name\":\"Filipe Lu\u00eds revela o motivo de n\u00e3o utilizar Gerson como volante no Flamengo: &#8220;Voc\u00eas n\u00e3o enxergam&#8221;\"}]},{\"@type\":\"WebSite\",\"@id\":\"https:\/\/www.gaveanews.com\/#website\",\"url\":\"https:\/\/www.gaveanews.com\/\",\"name\":\"G\u00e1vea News\",\"description\":\"Veja todas as not\u00edcias sobre o Flamengo: Contrata\u00e7\u00f5es, categorias de base, resultados das partidas, tabela de classifica\u00e7\u00e3o, pr\u00f3ximos jogos!\",\"potentialAction\":[{\"@type\":\"SearchAction\",\"target\":{\"@type\":\"EntryPoint\",\"urlTemplate\":\"https:\/\/www.gaveanews.com\/?s={search_term_string}\"},\"query-input\":{\"@type\":\"PropertyValueSpecification\",\"valueRequired\":true,\"valueName\":\"search_term_string\"}}],\"inLanguage\":\"pt-BR\"},{\"@type\":\"Person\",\"@id\":\"https:\/\/www.gaveanews.com\/#\/schema\/person\/49ac99b6823a2b8d5087a6ce3aaaa128\",\"name\":\"Matheus Leal\",\"image\":{\"@type\":\"ImageObject\",\"inLanguage\":\"pt-BR\",\"@id\":\"https:\/\/www.gaveanews.com\/#\/schema\/person\/image\/\",\"url\":\"https:\/\/secure.gravatar.com\/avatar\/21c52300d1234416f9c886f6dadd7452d8b035ac505314a51e4f56731e90c481?s=96&d=mm&r=g\",\"contentUrl\":\"https:\/\/secure.gravatar.com\/avatar\/21c52300d1234416f9c886f6dadd7452d8b035ac505314a51e4f56731e90c481?s=96&d=mm&r=g\",\"caption\":\"Matheus Leal\"}}]}<\/script>\n<!-- \/ Yoast SEO Premium plugin. -->","yoast_head_json":{"title":"Filipe Lu\u00eds revela o motivo de n\u00e3o utilizar Gerson como volante no Flamengo: \"Voc\u00eas n\u00e3o enxergam\"","robots":{"index":"index","follow":"follow","max-snippet":"max-snippet:-1","max-image-preview":"max-image-preview:large","max-video-preview":"max-video-preview:-1"},"canonical":"https:\/\/www.gaveanews.com\/index.php\/2025\/05\/13\/filipe-luis-revela-o-motivo-de-nao-utilizar-gerson-como-volante-no-flamengo-voces-nao-enxergam\/","og_locale":"pt_BR","og_type":"article","og_title":"Filipe Lu\u00eds revela o motivo de n\u00e3o utilizar Gerson como volante no Flamengo: \"Voc\u00eas n\u00e3o enxergam\"","og_description":"Filipe Lu\u00eds rebateu os pedidos para utiliza\u00e7\u00e3o de Gerson de volante e refor\u00e7ou a import\u00e2ncia do capit\u00e3o aberto na ponta direita do Flamengo. Na vit\u00f3ria cima do Bahia, por 1&#215;0, o Coringa atuou boa parte do jogo como camisa 8 por conta das les\u00f5es de Pulgar e Allan, ambos no primeiro tempo. De acordo com [&hellip;]","og_url":"https:\/\/www.gaveanews.com\/index.php\/2025\/05\/13\/filipe-luis-revela-o-motivo-de-nao-utilizar-gerson-como-volante-no-flamengo-voces-nao-enxergam\/","og_site_name":"G\u00e1vea News","article_publisher":"https:\/\/facebook.com\/gaveaNews\/","article_published_time":"2025-05-13T13:20:17+00:00","og_image":[{"width":900,"height":600,"url":"https:\/\/www.gaveanews.com\/wp-content\/uploads\/gerson-flamengo.webp","type":"image\/jpeg"}],"author":"Matheus Leal","twitter_card":"summary_large_image","twitter_misc":{"Escrito por":"Matheus Leal","Est. tempo de leitura":"3 minutos"},"schema":{"@context":"https:\/\/schema.org","@graph":[{"@type":"NewsArticle","@id":"https:\/\/www.gaveanews.com\/index.php\/2025\/05\/13\/filipe-luis-revela-o-motivo-de-nao-utilizar-gerson-como-volante-no-flamengo-voces-nao-enxergam\/#article","isPartOf":{"@id":"https:\/\/www.gaveanews.com\/index.php\/2025\/05\/13\/filipe-luis-revela-o-motivo-de-nao-utilizar-gerson-como-volante-no-flamengo-voces-nao-enxergam\/"},"author":{"name":"Matheus Leal","@id":"https:\/\/www.gaveanews.com\/#\/schema\/person\/49ac99b6823a2b8d5087a6ce3aaaa128"},"headline":"Filipe Lu\u00eds revela o motivo de n\u00e3o utilizar Gerson como volante no Flamengo: &#8220;Voc\u00eas n\u00e3o enxergam&#8221;","datePublished":"2025-05-13T13:20:17+00:00","mainEntityOfPage":{"@id":"https:\/\/www.gaveanews.com\/index.php\/2025\/05\/13\/filipe-luis-revela-o-motivo-de-nao-utilizar-gerson-como-volante-no-flamengo-voces-nao-enxergam\/"},"wordCount":409,"commentCount":0,"image":{"@id":"https:\/\/www.gaveanews.com\/index.php\/2025\/05\/13\/filipe-luis-revela-o-motivo-de-nao-utilizar-gerson-como-volante-no-flamengo-voces-nao-enxergam\/#primaryimage"},"thumbnailUrl":"https:\/\/www.gaveanews.com\/wp-content\/uploads\/gerson-flamengo.webp","articleSection":["Flamengo"],"inLanguage":"pt-BR","potentialAction":[{"@type":"CommentAction","name":"Comment","target":["https:\/\/www.gaveanews.com\/index.php\/2025\/05\/13\/filipe-luis-revela-o-motivo-de-nao-utilizar-gerson-como-volante-no-flamengo-voces-nao-enxergam\/#respond"]}],"copyrightYear":"2025","copyrightHolder":{"@id":"https:\/\/www.gaveanews.com\/#organization"}},{"@type":"WebPage","@id":"https:\/\/www.gaveanews.com\/index.php\/2025\/05\/13\/filipe-luis-revela-o-motivo-de-nao-utilizar-gerson-como-volante-no-flamengo-voces-nao-enxergam\/","url":"https:\/\/www.gaveanews.com\/index.php\/2025\/05\/13\/filipe-luis-revela-o-motivo-de-nao-utilizar-gerson-como-volante-no-flamengo-voces-nao-enxergam\/","name":"Filipe Lu\u00eds revela o motivo de n\u00e3o utilizar Gerson como volante no Flamengo: \"Voc\u00eas n\u00e3o enxergam\"","isPartOf":{"@id":"https:\/\/www.gaveanews.com\/#website"},"primaryImageOfPage":{"@id":"https:\/\/www.gaveanews.com\/index.php\/2025\/05\/13\/filipe-luis-revela-o-motivo-de-nao-utilizar-gerson-como-volante-no-flamengo-voces-nao-enxergam\/#primaryimage"},"image":{"@id":"https:\/\/www.gaveanews.com\/index.php\/2025\/05\/13\/filipe-luis-revela-o-motivo-de-nao-utilizar-gerson-como-volante-no-flamengo-voces-nao-enxergam\/#primaryimage"},"thumbnailUrl":"https:\/\/www.gaveanews.com\/wp-content\/uploads\/gerson-flamengo.webp","datePublished":"2025-05-13T13:20:17+00:00","author":{"@id":"https:\/\/www.gaveanews.com\/#\/schema\/person\/49ac99b6823a2b8d5087a6ce3aaaa128"},"breadcrumb":{"@id":"https:\/\/www.gaveanews.com\/index.php\/2025\/05\/13\/filipe-luis-revela-o-motivo-de-nao-utilizar-gerson-como-volante-no-flamengo-voces-nao-enxergam\/#breadcrumb"},"inLanguage":"pt-BR","potentialAction":[{"@type":"ReadAction","target":["https:\/\/www.gaveanews.com\/index.php\/2025\/05\/13\/filipe-luis-revela-o-motivo-de-nao-utilizar-gerson-como-volante-no-flamengo-voces-nao-enxergam\/"]}]},{"@type":"ImageObject","inLanguage":"pt-BR","@id":"https:\/\/www.gaveanews.com\/index.php\/2025\/05\/13\/filipe-luis-revela-o-motivo-de-nao-utilizar-gerson-como-volante-no-flamengo-voces-nao-enxergam\/#primaryimage","url":"https:\/\/www.gaveanews.com\/wp-content\/uploads\/gerson-flamengo.webp","contentUrl":"https:\/\/www.gaveanews.com\/wp-content\/uploads\/gerson-flamengo.webp","width":900,"height":600,"caption":"Gerson em a\u00e7\u00e3o pelo Flamengo (Foto: Marcelo Cortes\/Flamengo)"},{"@type":"BreadcrumbList","@id":"https:\/\/www.gaveanews.com\/index.php\/2025\/05\/13\/filipe-luis-revela-o-motivo-de-nao-utilizar-gerson-como-volante-no-flamengo-voces-nao-enxergam\/#breadcrumb","itemListElement":[{"@type":"ListItem","position":1,"name":"Home","item":"https:\/\/www.gaveanews.com\/"},{"@type":"ListItem","position":2,"name":"Filipe Lu\u00eds revela o motivo de n\u00e3o utilizar Gerson como volante no Flamengo: &#8220;Voc\u00eas n\u00e3o enxergam&#8221;"}]},{"@type":"WebSite","@id":"https:\/\/www.gaveanews.com\/#website","url":"https:\/\/www.gaveanews.com\/","name":"G\u00e1vea News","description":"Veja todas as not\u00edcias sobre o Flamengo: Contrata\u00e7\u00f5es, categorias de base, resultados das partidas, tabela de classifica\u00e7\u00e3o, pr\u00f3ximos jogos!","potentialAction":[{"@type":"SearchAction","target":{"@type":"EntryPoint","urlTemplate":"https:\/\/www.gaveanews.com\/?s={search_term_string}"},"query-input":{"@type":"PropertyValueSpecification","valueRequired":true,"valueName":"search_term_string"}}],"inLanguage":"pt-BR"},{"@type":"Person","@id":"https:\/\/www.gaveanews.com\/#\/schema\/person\/49ac99b6823a2b8d5087a6ce3aaaa128","name":"Matheus Leal","image":{"@type":"ImageObject","inLanguage":"pt-BR","@id":"https:\/\/www.gaveanews.com\/#\/schema\/person\/image\/","url":"https:\/\/secure.gravatar.com\/avatar\/21c52300d1234416f9c886f6dadd7452d8b035ac505314a51e4f56731e90c481?s=96&d=mm&r=g","contentUrl":"https:\/\/secure.gravatar.com\/avatar\/21c52300d1234416f9c886f6dadd7452d8b035ac505314a51e4f56731e90c481?s=96&d=mm&r=g","caption":"Matheus Leal"}}]}},"_links":{"self":[{"href":"https:\/\/www.gaveanews.com\/index.php\/wp-json\/wp\/v2\/posts\/262832","targetHints":{"allow":["GET"]}}],"collection":[{"href":"https:\/\/www.gaveanews.com\/index.php\/wp-json\/wp\/v2\/posts"}],"about":[{"href":"https:\/\/www.gaveanews.com\/index.php\/wp-json\/wp\/v2\/types\/post"}],"author":[{"embeddable":true,"href":"https:\/\/www.gaveanews.com\/index.php\/wp-json\/wp\/v2\/users\/32"}],"replies":[{"embeddable":true,"href":"https:\/\/www.gaveanews.com\/index.php\/wp-json\/wp\/v2\/comments?post=262832"}],"version-history":[{"count":2,"href":"https:\/\/www.gaveanews.com\/index.php\/wp-json\/wp\/v2\/posts\/262832\/revisions"}],"predecessor-version":[{"id":263011,"href":"https:\/\/www.gaveanews.com\/index.php\/wp-json\/wp\/v2\/posts\/262832\/revisions\/263011"}],"wp:featuredmedia":[{"embeddable":true,"href":"https:\/\/www.gaveanews.com\/index.php\/wp-json\/wp\/v2\/media\/145523"}],"wp:attachment":[{"href":"https:\/\/www.gaveanews.com\/index.php\/wp-json\/wp\/v2\/media?parent=262832"}],"wp:term":[{"taxonomy":"category","embeddable":true,"href":"https:\/\/www.gaveanews.com\/index.php\/wp-json\/wp\/v2\/categories?post=262832"},{"taxonomy":"post_tag","embeddable":true,"href":"https:\/\/www.gaveanews.com\/index.php\/wp-json\/wp\/v2\/tags?post=262832"}],"curies":[{"name":"wp","href":"https:\/\/api.w.org\/{rel}","templated":true}]}}