{"id":263018,"date":"2025-05-12T23:50:00","date_gmt":"2025-05-13T02:50:00","guid":{"rendered":"https:\/\/www.gaveanews.com\/?p=263018"},"modified":"2025-05-12T23:29:19","modified_gmt":"2025-05-13T02:29:19","slug":"melhor-inicio-de-temporada-decisao-sobre-bruno-henrique-e-reprovacao-de-flavio-prado-as-ultimas-noticias-do-flamengo","status":"publish","type":"post","link":"https:\/\/www.gaveanews.com\/index.php\/2025\/05\/12\/melhor-inicio-de-temporada-decisao-sobre-bruno-henrique-e-reprovacao-de-flavio-prado-as-ultimas-noticias-do-flamengo\/","title":{"rendered":"Melhor in\u00edcio de temporada, decis\u00e3o sobre Bruno Henrique e reprova\u00e7\u00e3o de Fl\u00e1vio Prado: as \u00faltimas not\u00edcias do Flamengo"},"content":{"rendered":"\n<p>Nas \u00faltimas horas, o foco das not\u00edcias sobre o Flamengo se concentram nos bastidores do clube, com destaques do dia a dia do time.<\/p>\n\n\n\n<p>Por conta deste contexto, leia abaixo um resumo preparado pela equipe do portal G\u00e1vea News para lhe manter muito bem informado!<\/p>\n\n\n\n<div class=\"wp-block-group\"><div class=\"wp-block-group__inner-container is-layout-constrained wp-block-group-is-layout-constrained\">\n<div class=\"wp-block-group\"><div class=\"wp-block-group__inner-container is-layout-constrained wp-block-group-is-layout-constrained\">\n<h2 class=\"wp-block-heading\" id=\"h-reprovacao-de-flavio-prado\">Reprova\u00e7\u00e3o de Fl\u00e1vio Prado<\/h2>\n\n\n\n<p>Fl\u00e1vio Prado demonstrou ceticismo em rela\u00e7\u00e3o ao interesse do Flamengo na contrata\u00e7\u00e3o de Jo\u00e3o F\u00e9lix, atualmente emprestado ao Milan pelo Chelsea. Durante seu coment\u00e1rio, o jornalista afirmou que o atacante portugu\u00eas foi supervalorizado quando surgiu no Benfica e que n\u00e3o correspondeu \u00e0s expectativas nos grandes clubes europeus. Segundo Prado, as compara\u00e7\u00f5es com Cristiano Ronaldo foram exageradas, e F\u00e9lix n\u00e3o evoluiu o suficiente para justificar o alto investimento feito pelo Atl\u00e9tico de Madrid <strong><a href=\"https:\/\/www.gaveanews.com\/index.php\/2025\/05\/07\/flavio-prado-reprova-contratacao-de-atacante-pelo-flamengo\/\">(leia a mat\u00e9ria completa).<\/a><\/strong><\/p>\n\n\n\n<figure class=\"wp-block-image size-full\"><img loading=\"lazy\" decoding=\"async\" width=\"999\" height=\"548\" src=\"http:\/\/www.gaveanews.com\/wp-content\/uploads\/Flavio-Prado.webp\" alt=\"Flavio Prado\" class=\"wp-image-102292\" srcset=\"https:\/\/www.gaveanews.com\/wp-content\/uploads\/Flavio-Prado.webp 999w, https:\/\/www.gaveanews.com\/wp-content\/uploads\/Flavio-Prado-300x165.webp 300w, https:\/\/www.gaveanews.com\/wp-content\/uploads\/Flavio-Prado-768x421.webp 768w, https:\/\/www.gaveanews.com\/wp-content\/uploads\/Flavio-Prado-766x420.webp 766w, https:\/\/www.gaveanews.com\/wp-content\/uploads\/Flavio-Prado-640x350.webp 640w, https:\/\/www.gaveanews.com\/wp-content\/uploads\/Flavio-Prado-681x374.webp 681w, https:\/\/www.gaveanews.com\/wp-content\/uploads\/Flavio-Prado-100x55.webp 100w\" sizes=\"auto, (max-width: 999px) 100vw, 999px\" \/><figcaption class=\"wp-element-caption\">Flavio Prado &#8211; Foto: Reprodu\u00e7\u00e3o<\/figcaption><\/figure>\n\n\n\n<p>O comentarista questionou tamb\u00e9m a viabilidade financeira e esportiva da negocia\u00e7\u00e3o, destacando que, para atuar no Brasil, o jogador precisaria reduzir seu sal\u00e1rio significativamente, algo que ele considera improv\u00e1vel. Prado ainda criticou o desempenho recente de F\u00e9lix, mencionando que o atacante troca de clubes constantemente e n\u00e3o consegue se firmar em nenhum deles.<\/p>\n\n\n\n<p>A diretoria do Flamengo, no entanto, segue interessada em trazer o atleta por meio de um empr\u00e9stimo com op\u00e7\u00e3o de compra, esperando que grande parte dos vencimentos seja custeada pelo Chelsea. Segundo informa\u00e7\u00f5es da Forbes, Jo\u00e3o F\u00e9lix possui um sal\u00e1rio de aproximadamente R$ 10 milh\u00f5es por m\u00eas. Enquanto a negocia\u00e7\u00e3o segue indefinida, o Flamengo se concentra em campo para o confronto contra o Central C\u00f3rdoba, pela Libertadores, visando a recupera\u00e7\u00e3o na competi\u00e7\u00e3o continental.<\/p>\n\n\n\n<h2 class=\"wp-block-heading\" id=\"h-decisao-sobre-bruno-henrique\">Decis\u00e3o sobre Bruno Henrique<\/h2>\n\n\n\n<p>O Flamengo enfrenta um momento delicado na temporada, tanto no Campeonato Brasileiro quanto na Libertadores. Ap\u00f3s a derrota para o Cruzeiro, o time caiu para a terceira coloca\u00e7\u00e3o, intensificando as cr\u00edticas sobre o trabalho de Filipe Lu\u00eds. Al\u00e9m das quest\u00f5es em campo, o clube lida com uma situa\u00e7\u00e3o envolvendo Bruno Henrique, que est\u00e1 sendo investigado por suposta manipula\u00e7\u00e3o de resultados em um jogo contra o Santos, em 2023. A Justi\u00e7a negou um pedido da defesa do jogador, o que agravou o cen\u00e1rio e ampliou a repercuss\u00e3o do caso<strong><a href=\"https:\/\/www.gaveanews.com\/index.php\/2025\/05\/07\/flamengo-toma-nova-decisao-sobre-bruno-henrique\/\"> (leia a mat\u00e9ria completa).<\/a><\/strong><\/p>\n\n\n\n<figure class=\"wp-block-image size-large\"><img loading=\"lazy\" decoding=\"async\" width=\"1024\" height=\"683\" src=\"http:\/\/www.gaveanews.com\/wp-content\/uploads\/A-comemoracao-de-Bruno-Henrique-apos-marcar-um-gol-no-jogo-entre-Atletico-MG-x-Flamengo-pelo-Campeonato-Brasileiro-2024-1024x683.webp\" alt=\"\" class=\"wp-image-150679\" srcset=\"https:\/\/www.gaveanews.com\/wp-content\/uploads\/A-comemoracao-de-Bruno-Henrique-apos-marcar-um-gol-no-jogo-entre-Atletico-MG-x-Flamengo-pelo-Campeonato-Brasileiro-2024-1024x683.webp 1024w, https:\/\/www.gaveanews.com\/wp-content\/uploads\/A-comemoracao-de-Bruno-Henrique-apos-marcar-um-gol-no-jogo-entre-Atletico-MG-x-Flamengo-pelo-Campeonato-Brasileiro-2024-300x200.webp 300w, https:\/\/www.gaveanews.com\/wp-content\/uploads\/A-comemoracao-de-Bruno-Henrique-apos-marcar-um-gol-no-jogo-entre-Atletico-MG-x-Flamengo-pelo-Campeonato-Brasileiro-2024-768x512.webp 768w, https:\/\/www.gaveanews.com\/wp-content\/uploads\/A-comemoracao-de-Bruno-Henrique-apos-marcar-um-gol-no-jogo-entre-Atletico-MG-x-Flamengo-pelo-Campeonato-Brasileiro-2024-1536x1024.webp 1536w, https:\/\/www.gaveanews.com\/wp-content\/uploads\/A-comemoracao-de-Bruno-Henrique-apos-marcar-um-gol-no-jogo-entre-Atletico-MG-x-Flamengo-pelo-Campeonato-Brasileiro-2024-2048x1365.webp 2048w, https:\/\/www.gaveanews.com\/wp-content\/uploads\/A-comemoracao-de-Bruno-Henrique-apos-marcar-um-gol-no-jogo-entre-Atletico-MG-x-Flamengo-pelo-Campeonato-Brasileiro-2024-630x420.webp 630w, https:\/\/www.gaveanews.com\/wp-content\/uploads\/A-comemoracao-de-Bruno-Henrique-apos-marcar-um-gol-no-jogo-entre-Atletico-MG-x-Flamengo-pelo-Campeonato-Brasileiro-2024-1260x840.webp 1260w, https:\/\/www.gaveanews.com\/wp-content\/uploads\/A-comemoracao-de-Bruno-Henrique-apos-marcar-um-gol-no-jogo-entre-Atletico-MG-x-Flamengo-pelo-Campeonato-Brasileiro-2024-640x427.webp 640w, https:\/\/www.gaveanews.com\/wp-content\/uploads\/A-comemoracao-de-Bruno-Henrique-apos-marcar-um-gol-no-jogo-entre-Atletico-MG-x-Flamengo-pelo-Campeonato-Brasileiro-2024-1280x853.webp 1280w, https:\/\/www.gaveanews.com\/wp-content\/uploads\/A-comemoracao-de-Bruno-Henrique-apos-marcar-um-gol-no-jogo-entre-Atletico-MG-x-Flamengo-pelo-Campeonato-Brasileiro-2024-681x454.webp 681w, https:\/\/www.gaveanews.com\/wp-content\/uploads\/A-comemoracao-de-Bruno-Henrique-apos-marcar-um-gol-no-jogo-entre-Atletico-MG-x-Flamengo-pelo-Campeonato-Brasileiro-2024-1362x908.webp 1362w, https:\/\/www.gaveanews.com\/wp-content\/uploads\/A-comemoracao-de-Bruno-Henrique-apos-marcar-um-gol-no-jogo-entre-Atletico-MG-x-Flamengo-pelo-Campeonato-Brasileiro-2024-100x67.webp 100w\" sizes=\"auto, (max-width: 1024px) 100vw, 1024px\" \/><figcaption class=\"wp-element-caption\">A comemora\u00e7\u00e3o de Bruno Henrique ap\u00f3s marcar um gol no jogo entre Atl\u00e9tico-MG x Flamengo pelo Campeonato Brasileiro 2024 <\/figcaption><\/figure>\n\n\n\n<p>A situa\u00e7\u00e3o de Bruno Henrique gerou preocupa\u00e7\u00f5es internas, levando o Flamengo a intensificar o acompanhamento psicol\u00f3gico e esportivo do atleta para tentar minimizar os impactos em seu desempenho. <\/p>\n\n\n\n<p>Paralelamente, o clube carioca precisa lidar com o interesse de outras equipes em jogadores importantes do elenco, como Everton Cebolinha, que \u00e9 alvo do Gr\u00eamio, e Luiz Ara\u00fajo e Matheus Gon\u00e7alves, pretendidos pelo Cruzeiro. Esses movimentos no mercado de transfer\u00eancias ocorrem em meio \u00e0 press\u00e3o por resultados e \u00e0 necessidade de estabilidade no grupo.<\/p>\n\n\n\n<p>A diretoria rubro-negra entende que o momento exige cautela para lidar com os desdobramentos extracampo e preservar o planejamento da temporada. O foco est\u00e1 em estabilizar o ambiente interno e garantir que o elenco mantenha a competitividade nas competi\u00e7\u00f5es em disputa, mesmo diante das turbul\u00eancias recentes. Medidas para mitigar os efeitos da crise e assegurar a concentra\u00e7\u00e3o dos jogadores est\u00e3o sendo priorizadas pelo clube.<\/p>\n\n\n\n<h2 class=\"wp-block-heading\" id=\"h-melhor-inicio-de-temporada\">Melhor in\u00edcio de temporada<\/h2>\n\n\n\n<p>Giorgian De Arrascaeta vive seu melhor in\u00edcio de temporada desde que chegou ao Flamengo, em 2015. O meia uruguaio, aos 30 anos, acumula n\u00fameros impressionantes em 2025, com 19 jogos disputados, oito gols marcados e cinco assist\u00eancias, totalizando 13 participa\u00e7\u00f5es diretas em gols. Essa marca supera todos os seus anos anteriores no mesmo per\u00edodo, com um gol ou assist\u00eancia a cada 107 minutos em campo \u2014 um desempenho significativamente melhor em compara\u00e7\u00e3o aos anos anteriores<strong><a href=\"https:\/\/www.gaveanews.com\/index.php\/2025\/05\/07\/ele-esta-passando-pelo-melhor-inicio-de-temporada-no-flamengo\/\"> (leia a mat\u00e9ria completa).<\/a><\/strong><\/p>\n\n\n\n<figure class=\"wp-block-image size-full\"><img loading=\"lazy\" decoding=\"async\" width=\"1200\" height=\"800\" src=\"http:\/\/www.gaveanews.com\/wp-content\/uploads\/Arrascaeta-camisa-10-do-Flamengo-em-atuacao-no-Maracana.webp\" alt=\"Arrascaeta, camisa 10 do Flamengo, em atua\u00e7\u00e3o no Maracan\u00e3 - Foto: Gilvan de Souza\/Flamengo\" class=\"wp-image-254995\"\/><figcaption class=\"wp-element-caption\">Arrascaeta, camisa 10 do Flamengo, em atua\u00e7\u00e3o no Maracan\u00e3 &#8211; Foto: Gilvan de Souza\/Flamengo<\/figcaption><\/figure>\n\n\n\n<p>Mesmo ap\u00f3s uma artroscopia no joelho direito, que o tirou dos primeiros jogos do ano, Arrascaeta rapidamente retomou seu protagonismo, se destacando como artilheiro do Campeonato Brasileiro, com seis gols em sete rodadas. Al\u00e9m disso, ocupa a segunda coloca\u00e7\u00e3o no ranking de assist\u00eancias, demonstrando sua import\u00e2ncia no setor ofensivo do Flamengo. Recentemente, ele completou a marca de 500 jogos por clubes brasileiros, celebrada em grande estilo com um gol contra o Cruzeiro, seu ex-clube, em um gesto de respeito sem comemora\u00e7\u00e3o.<\/p>\n\n\n\n<p>A influ\u00eancia de Arrascaeta vai al\u00e9m dos n\u00fameros. Seu impacto t\u00e9cnico e emocional \u00e9 amplamente reconhecido por companheiros e ex-jogadores. Filipe Lu\u00eds, atual treinador do Flamengo, destacou a singularidade do uruguaio em campo, afirmando que poucos estrangeiros tiveram um desempenho t\u00e3o relevante no Brasil. Com grande regularidade, Arrascaeta continua sendo um dos pilares do Rubro-Negro, impulsionando o time em busca de conquistas nacionais e internacionais.<\/p>\n<\/div><\/div>\n<\/div><\/div>\n","protected":false},"excerpt":{"rendered":"<p>Nas \u00faltimas horas, o foco das not\u00edcias sobre o Flamengo se concentram nos bastidores do clube, com destaques do dia a dia do time. Por conta deste contexto, leia abaixo um resumo preparado pela equipe do portal G\u00e1vea News para lhe manter muito bem informado! Reprova\u00e7\u00e3o de Fl\u00e1vio Prado Fl\u00e1vio Prado demonstrou ceticismo em rela\u00e7\u00e3o [&hellip;]<\/p>\n","protected":false},"author":33,"featured_media":149729,"comment_status":"open","ping_status":"closed","sticky":false,"template":"","format":"standard","meta":{"footnotes":""},"categories":[1],"tags":[],"class_list":["post-263018","post","type-post","status-publish","format-standard","has-post-thumbnail","hentry","category-flamengo"],"yoast_head":"<!-- This site is optimized with the Yoast SEO Premium plugin v24.2 (Yoast SEO v26.9) - https:\/\/yoast.com\/product\/yoast-seo-premium-wordpress\/ -->\n<title>Melhor in\u00edcio de temporada, decis\u00e3o sobre Bruno Henrique e reprova\u00e7\u00e3o de Fl\u00e1vio Prado: as \u00faltimas not\u00edcias do Flamengo<\/title>\n<meta name=\"robots\" content=\"index, follow, max-snippet:-1, max-image-preview:large, max-video-preview:-1\" \/>\n<link rel=\"canonical\" href=\"https:\/\/www.gaveanews.com\/index.php\/2025\/05\/12\/melhor-inicio-de-temporada-decisao-sobre-bruno-henrique-e-reprovacao-de-flavio-prado-as-ultimas-noticias-do-flamengo\/\" \/>\n<meta property=\"og:locale\" content=\"pt_BR\" \/>\n<meta property=\"og:type\" content=\"article\" \/>\n<meta property=\"og:title\" content=\"Melhor in\u00edcio de temporada, decis\u00e3o sobre Bruno Henrique e reprova\u00e7\u00e3o de Fl\u00e1vio Prado: as \u00faltimas not\u00edcias do Flamengo\" \/>\n<meta property=\"og:description\" content=\"Nas \u00faltimas horas, o foco das not\u00edcias sobre o Flamengo se concentram nos bastidores do clube, com destaques do dia a dia do time. Por conta deste contexto, leia abaixo um resumo preparado pela equipe do portal G\u00e1vea News para lhe manter muito bem informado! Reprova\u00e7\u00e3o de Fl\u00e1vio Prado Fl\u00e1vio Prado demonstrou ceticismo em rela\u00e7\u00e3o [&hellip;]\" \/>\n<meta property=\"og:url\" content=\"https:\/\/www.gaveanews.com\/index.php\/2025\/05\/12\/melhor-inicio-de-temporada-decisao-sobre-bruno-henrique-e-reprovacao-de-flavio-prado-as-ultimas-noticias-do-flamengo\/\" \/>\n<meta property=\"og:site_name\" content=\"G\u00e1vea News\" \/>\n<meta property=\"article:publisher\" content=\"https:\/\/facebook.com\/gaveaNews\/\" \/>\n<meta property=\"article:published_time\" content=\"2025-05-13T02:50:00+00:00\" \/>\n<meta property=\"og:image\" content=\"https:\/\/www.gaveanews.com\/wp-content\/uploads\/Adidas-promove-mundaca-na-camisa-do-Flamengo.webp\" \/>\n\t<meta property=\"og:image:width\" content=\"711\" \/>\n\t<meta property=\"og:image:height\" content=\"708\" \/>\n\t<meta property=\"og:image:type\" content=\"image\/jpeg\" \/>\n<meta name=\"author\" content=\"Brenda Cezillo\" \/>\n<meta name=\"twitter:card\" content=\"summary_large_image\" \/>\n<meta name=\"twitter:label1\" content=\"Escrito por\" \/>\n\t<meta name=\"twitter:data1\" content=\"Brenda Cezillo\" \/>\n\t<meta name=\"twitter:label2\" content=\"Est. tempo de leitura\" \/>\n\t<meta name=\"twitter:data2\" content=\"5 minutos\" \/>\n<script type=\"application\/ld+json\" class=\"yoast-schema-graph\">{\"@context\":\"https:\/\/schema.org\",\"@graph\":[{\"@type\":\"NewsArticle\",\"@id\":\"https:\/\/www.gaveanews.com\/index.php\/2025\/05\/12\/melhor-inicio-de-temporada-decisao-sobre-bruno-henrique-e-reprovacao-de-flavio-prado-as-ultimas-noticias-do-flamengo\/#article\",\"isPartOf\":{\"@id\":\"https:\/\/www.gaveanews.com\/index.php\/2025\/05\/12\/melhor-inicio-de-temporada-decisao-sobre-bruno-henrique-e-reprovacao-de-flavio-prado-as-ultimas-noticias-do-flamengo\/\"},\"author\":{\"name\":\"Brenda Cezillo\",\"@id\":\"https:\/\/www.gaveanews.com\/#\/schema\/person\/c79759ca337c40791ae8d08e2923d403\"},\"headline\":\"Melhor in\u00edcio de temporada, decis\u00e3o sobre Bruno Henrique e reprova\u00e7\u00e3o de Fl\u00e1vio Prado: as \u00faltimas not\u00edcias do Flamengo\",\"datePublished\":\"2025-05-13T02:50:00+00:00\",\"mainEntityOfPage\":{\"@id\":\"https:\/\/www.gaveanews.com\/index.php\/2025\/05\/12\/melhor-inicio-de-temporada-decisao-sobre-bruno-henrique-e-reprovacao-de-flavio-prado-as-ultimas-noticias-do-flamengo\/\"},\"wordCount\":854,\"commentCount\":0,\"image\":{\"@id\":\"https:\/\/www.gaveanews.com\/index.php\/2025\/05\/12\/melhor-inicio-de-temporada-decisao-sobre-bruno-henrique-e-reprovacao-de-flavio-prado-as-ultimas-noticias-do-flamengo\/#primaryimage\"},\"thumbnailUrl\":\"https:\/\/www.gaveanews.com\/wp-content\/uploads\/Adidas-promove-mundaca-na-camisa-do-Flamengo.webp\",\"articleSection\":[\"Flamengo\"],\"inLanguage\":\"pt-BR\",\"potentialAction\":[{\"@type\":\"CommentAction\",\"name\":\"Comment\",\"target\":[\"https:\/\/www.gaveanews.com\/index.php\/2025\/05\/12\/melhor-inicio-de-temporada-decisao-sobre-bruno-henrique-e-reprovacao-de-flavio-prado-as-ultimas-noticias-do-flamengo\/#respond\"]}],\"copyrightYear\":\"2025\",\"copyrightHolder\":{\"@id\":\"https:\/\/www.gaveanews.com\/#organization\"}},{\"@type\":\"WebPage\",\"@id\":\"https:\/\/www.gaveanews.com\/index.php\/2025\/05\/12\/melhor-inicio-de-temporada-decisao-sobre-bruno-henrique-e-reprovacao-de-flavio-prado-as-ultimas-noticias-do-flamengo\/\",\"url\":\"https:\/\/www.gaveanews.com\/index.php\/2025\/05\/12\/melhor-inicio-de-temporada-decisao-sobre-bruno-henrique-e-reprovacao-de-flavio-prado-as-ultimas-noticias-do-flamengo\/\",\"name\":\"Melhor in\u00edcio de temporada, decis\u00e3o sobre Bruno Henrique e reprova\u00e7\u00e3o de Fl\u00e1vio Prado: as \u00faltimas not\u00edcias do Flamengo\",\"isPartOf\":{\"@id\":\"https:\/\/www.gaveanews.com\/#website\"},\"primaryImageOfPage\":{\"@id\":\"https:\/\/www.gaveanews.com\/index.php\/2025\/05\/12\/melhor-inicio-de-temporada-decisao-sobre-bruno-henrique-e-reprovacao-de-flavio-prado-as-ultimas-noticias-do-flamengo\/#primaryimage\"},\"image\":{\"@id\":\"https:\/\/www.gaveanews.com\/index.php\/2025\/05\/12\/melhor-inicio-de-temporada-decisao-sobre-bruno-henrique-e-reprovacao-de-flavio-prado-as-ultimas-noticias-do-flamengo\/#primaryimage\"},\"thumbnailUrl\":\"https:\/\/www.gaveanews.com\/wp-content\/uploads\/Adidas-promove-mundaca-na-camisa-do-Flamengo.webp\",\"datePublished\":\"2025-05-13T02:50:00+00:00\",\"author\":{\"@id\":\"https:\/\/www.gaveanews.com\/#\/schema\/person\/c79759ca337c40791ae8d08e2923d403\"},\"breadcrumb\":{\"@id\":\"https:\/\/www.gaveanews.com\/index.php\/2025\/05\/12\/melhor-inicio-de-temporada-decisao-sobre-bruno-henrique-e-reprovacao-de-flavio-prado-as-ultimas-noticias-do-flamengo\/#breadcrumb\"},\"inLanguage\":\"pt-BR\",\"potentialAction\":[{\"@type\":\"ReadAction\",\"target\":[\"https:\/\/www.gaveanews.com\/index.php\/2025\/05\/12\/melhor-inicio-de-temporada-decisao-sobre-bruno-henrique-e-reprovacao-de-flavio-prado-as-ultimas-noticias-do-flamengo\/\"]}]},{\"@type\":\"ImageObject\",\"inLanguage\":\"pt-BR\",\"@id\":\"https:\/\/www.gaveanews.com\/index.php\/2025\/05\/12\/melhor-inicio-de-temporada-decisao-sobre-bruno-henrique-e-reprovacao-de-flavio-prado-as-ultimas-noticias-do-flamengo\/#primaryimage\",\"url\":\"https:\/\/www.gaveanews.com\/wp-content\/uploads\/Adidas-promove-mundaca-na-camisa-do-Flamengo.webp\",\"contentUrl\":\"https:\/\/www.gaveanews.com\/wp-content\/uploads\/Adidas-promove-mundaca-na-camisa-do-Flamengo.webp\",\"width\":711,\"height\":708,\"caption\":\"Adidas promove mudan\u00e7a na camisa do Flamengo (Imagem: Editoria de arte\/G\u00e1vea News\/Henrique Machado)\"},{\"@type\":\"BreadcrumbList\",\"@id\":\"https:\/\/www.gaveanews.com\/index.php\/2025\/05\/12\/melhor-inicio-de-temporada-decisao-sobre-bruno-henrique-e-reprovacao-de-flavio-prado-as-ultimas-noticias-do-flamengo\/#breadcrumb\",\"itemListElement\":[{\"@type\":\"ListItem\",\"position\":1,\"name\":\"Home\",\"item\":\"https:\/\/www.gaveanews.com\/\"},{\"@type\":\"ListItem\",\"position\":2,\"name\":\"Melhor in\u00edcio de temporada, decis\u00e3o sobre Bruno Henrique e reprova\u00e7\u00e3o de Fl\u00e1vio Prado: as \u00faltimas not\u00edcias do Flamengo\"}]},{\"@type\":\"WebSite\",\"@id\":\"https:\/\/www.gaveanews.com\/#website\",\"url\":\"https:\/\/www.gaveanews.com\/\",\"name\":\"G\u00e1vea News\",\"description\":\"Veja todas as not\u00edcias sobre o Flamengo: Contrata\u00e7\u00f5es, categorias de base, resultados das partidas, tabela de classifica\u00e7\u00e3o, pr\u00f3ximos jogos!\",\"potentialAction\":[{\"@type\":\"SearchAction\",\"target\":{\"@type\":\"EntryPoint\",\"urlTemplate\":\"https:\/\/www.gaveanews.com\/?s={search_term_string}\"},\"query-input\":{\"@type\":\"PropertyValueSpecification\",\"valueRequired\":true,\"valueName\":\"search_term_string\"}}],\"inLanguage\":\"pt-BR\"},{\"@type\":\"Person\",\"@id\":\"https:\/\/www.gaveanews.com\/#\/schema\/person\/c79759ca337c40791ae8d08e2923d403\",\"name\":\"Brenda Cezillo\",\"image\":{\"@type\":\"ImageObject\",\"inLanguage\":\"pt-BR\",\"@id\":\"https:\/\/www.gaveanews.com\/#\/schema\/person\/image\/\",\"url\":\"https:\/\/secure.gravatar.com\/avatar\/1738d75cee7317f9c29ae61dd67620c5883d80a92e42a6fff88ae5d527af217a?s=96&d=mm&r=g\",\"contentUrl\":\"https:\/\/secure.gravatar.com\/avatar\/1738d75cee7317f9c29ae61dd67620c5883d80a92e42a6fff88ae5d527af217a?s=96&d=mm&r=g\",\"caption\":\"Brenda Cezillo\"}}]}<\/script>\n<!-- \/ Yoast SEO Premium plugin. -->","yoast_head_json":{"title":"Melhor in\u00edcio de temporada, decis\u00e3o sobre Bruno Henrique e reprova\u00e7\u00e3o de Fl\u00e1vio Prado: as \u00faltimas not\u00edcias do Flamengo","robots":{"index":"index","follow":"follow","max-snippet":"max-snippet:-1","max-image-preview":"max-image-preview:large","max-video-preview":"max-video-preview:-1"},"canonical":"https:\/\/www.gaveanews.com\/index.php\/2025\/05\/12\/melhor-inicio-de-temporada-decisao-sobre-bruno-henrique-e-reprovacao-de-flavio-prado-as-ultimas-noticias-do-flamengo\/","og_locale":"pt_BR","og_type":"article","og_title":"Melhor in\u00edcio de temporada, decis\u00e3o sobre Bruno Henrique e reprova\u00e7\u00e3o de Fl\u00e1vio Prado: as \u00faltimas not\u00edcias do Flamengo","og_description":"Nas \u00faltimas horas, o foco das not\u00edcias sobre o Flamengo se concentram nos bastidores do clube, com destaques do dia a dia do time. Por conta deste contexto, leia abaixo um resumo preparado pela equipe do portal G\u00e1vea News para lhe manter muito bem informado! Reprova\u00e7\u00e3o de Fl\u00e1vio Prado Fl\u00e1vio Prado demonstrou ceticismo em rela\u00e7\u00e3o [&hellip;]","og_url":"https:\/\/www.gaveanews.com\/index.php\/2025\/05\/12\/melhor-inicio-de-temporada-decisao-sobre-bruno-henrique-e-reprovacao-de-flavio-prado-as-ultimas-noticias-do-flamengo\/","og_site_name":"G\u00e1vea News","article_publisher":"https:\/\/facebook.com\/gaveaNews\/","article_published_time":"2025-05-13T02:50:00+00:00","og_image":[{"width":711,"height":708,"url":"https:\/\/www.gaveanews.com\/wp-content\/uploads\/Adidas-promove-mundaca-na-camisa-do-Flamengo.webp","type":"image\/jpeg"}],"author":"Brenda Cezillo","twitter_card":"summary_large_image","twitter_misc":{"Escrito por":"Brenda Cezillo","Est. tempo de leitura":"5 minutos"},"schema":{"@context":"https:\/\/schema.org","@graph":[{"@type":"NewsArticle","@id":"https:\/\/www.gaveanews.com\/index.php\/2025\/05\/12\/melhor-inicio-de-temporada-decisao-sobre-bruno-henrique-e-reprovacao-de-flavio-prado-as-ultimas-noticias-do-flamengo\/#article","isPartOf":{"@id":"https:\/\/www.gaveanews.com\/index.php\/2025\/05\/12\/melhor-inicio-de-temporada-decisao-sobre-bruno-henrique-e-reprovacao-de-flavio-prado-as-ultimas-noticias-do-flamengo\/"},"author":{"name":"Brenda Cezillo","@id":"https:\/\/www.gaveanews.com\/#\/schema\/person\/c79759ca337c40791ae8d08e2923d403"},"headline":"Melhor in\u00edcio de temporada, decis\u00e3o sobre Bruno Henrique e reprova\u00e7\u00e3o de Fl\u00e1vio Prado: as \u00faltimas not\u00edcias do Flamengo","datePublished":"2025-05-13T02:50:00+00:00","mainEntityOfPage":{"@id":"https:\/\/www.gaveanews.com\/index.php\/2025\/05\/12\/melhor-inicio-de-temporada-decisao-sobre-bruno-henrique-e-reprovacao-de-flavio-prado-as-ultimas-noticias-do-flamengo\/"},"wordCount":854,"commentCount":0,"image":{"@id":"https:\/\/www.gaveanews.com\/index.php\/2025\/05\/12\/melhor-inicio-de-temporada-decisao-sobre-bruno-henrique-e-reprovacao-de-flavio-prado-as-ultimas-noticias-do-flamengo\/#primaryimage"},"thumbnailUrl":"https:\/\/www.gaveanews.com\/wp-content\/uploads\/Adidas-promove-mundaca-na-camisa-do-Flamengo.webp","articleSection":["Flamengo"],"inLanguage":"pt-BR","potentialAction":[{"@type":"CommentAction","name":"Comment","target":["https:\/\/www.gaveanews.com\/index.php\/2025\/05\/12\/melhor-inicio-de-temporada-decisao-sobre-bruno-henrique-e-reprovacao-de-flavio-prado-as-ultimas-noticias-do-flamengo\/#respond"]}],"copyrightYear":"2025","copyrightHolder":{"@id":"https:\/\/www.gaveanews.com\/#organization"}},{"@type":"WebPage","@id":"https:\/\/www.gaveanews.com\/index.php\/2025\/05\/12\/melhor-inicio-de-temporada-decisao-sobre-bruno-henrique-e-reprovacao-de-flavio-prado-as-ultimas-noticias-do-flamengo\/","url":"https:\/\/www.gaveanews.com\/index.php\/2025\/05\/12\/melhor-inicio-de-temporada-decisao-sobre-bruno-henrique-e-reprovacao-de-flavio-prado-as-ultimas-noticias-do-flamengo\/","name":"Melhor in\u00edcio de temporada, decis\u00e3o sobre Bruno Henrique e reprova\u00e7\u00e3o de Fl\u00e1vio Prado: as \u00faltimas not\u00edcias do Flamengo","isPartOf":{"@id":"https:\/\/www.gaveanews.com\/#website"},"primaryImageOfPage":{"@id":"https:\/\/www.gaveanews.com\/index.php\/2025\/05\/12\/melhor-inicio-de-temporada-decisao-sobre-bruno-henrique-e-reprovacao-de-flavio-prado-as-ultimas-noticias-do-flamengo\/#primaryimage"},"image":{"@id":"https:\/\/www.gaveanews.com\/index.php\/2025\/05\/12\/melhor-inicio-de-temporada-decisao-sobre-bruno-henrique-e-reprovacao-de-flavio-prado-as-ultimas-noticias-do-flamengo\/#primaryimage"},"thumbnailUrl":"https:\/\/www.gaveanews.com\/wp-content\/uploads\/Adidas-promove-mundaca-na-camisa-do-Flamengo.webp","datePublished":"2025-05-13T02:50:00+00:00","author":{"@id":"https:\/\/www.gaveanews.com\/#\/schema\/person\/c79759ca337c40791ae8d08e2923d403"},"breadcrumb":{"@id":"https:\/\/www.gaveanews.com\/index.php\/2025\/05\/12\/melhor-inicio-de-temporada-decisao-sobre-bruno-henrique-e-reprovacao-de-flavio-prado-as-ultimas-noticias-do-flamengo\/#breadcrumb"},"inLanguage":"pt-BR","potentialAction":[{"@type":"ReadAction","target":["https:\/\/www.gaveanews.com\/index.php\/2025\/05\/12\/melhor-inicio-de-temporada-decisao-sobre-bruno-henrique-e-reprovacao-de-flavio-prado-as-ultimas-noticias-do-flamengo\/"]}]},{"@type":"ImageObject","inLanguage":"pt-BR","@id":"https:\/\/www.gaveanews.com\/index.php\/2025\/05\/12\/melhor-inicio-de-temporada-decisao-sobre-bruno-henrique-e-reprovacao-de-flavio-prado-as-ultimas-noticias-do-flamengo\/#primaryimage","url":"https:\/\/www.gaveanews.com\/wp-content\/uploads\/Adidas-promove-mundaca-na-camisa-do-Flamengo.webp","contentUrl":"https:\/\/www.gaveanews.com\/wp-content\/uploads\/Adidas-promove-mundaca-na-camisa-do-Flamengo.webp","width":711,"height":708,"caption":"Adidas promove mudan\u00e7a na camisa do Flamengo (Imagem: Editoria de arte\/G\u00e1vea News\/Henrique Machado)"},{"@type":"BreadcrumbList","@id":"https:\/\/www.gaveanews.com\/index.php\/2025\/05\/12\/melhor-inicio-de-temporada-decisao-sobre-bruno-henrique-e-reprovacao-de-flavio-prado-as-ultimas-noticias-do-flamengo\/#breadcrumb","itemListElement":[{"@type":"ListItem","position":1,"name":"Home","item":"https:\/\/www.gaveanews.com\/"},{"@type":"ListItem","position":2,"name":"Melhor in\u00edcio de temporada, decis\u00e3o sobre Bruno Henrique e reprova\u00e7\u00e3o de Fl\u00e1vio Prado: as \u00faltimas not\u00edcias do Flamengo"}]},{"@type":"WebSite","@id":"https:\/\/www.gaveanews.com\/#website","url":"https:\/\/www.gaveanews.com\/","name":"G\u00e1vea News","description":"Veja todas as not\u00edcias sobre o Flamengo: Contrata\u00e7\u00f5es, categorias de base, resultados das partidas, tabela de classifica\u00e7\u00e3o, pr\u00f3ximos jogos!","potentialAction":[{"@type":"SearchAction","target":{"@type":"EntryPoint","urlTemplate":"https:\/\/www.gaveanews.com\/?s={search_term_string}"},"query-input":{"@type":"PropertyValueSpecification","valueRequired":true,"valueName":"search_term_string"}}],"inLanguage":"pt-BR"},{"@type":"Person","@id":"https:\/\/www.gaveanews.com\/#\/schema\/person\/c79759ca337c40791ae8d08e2923d403","name":"Brenda Cezillo","image":{"@type":"ImageObject","inLanguage":"pt-BR","@id":"https:\/\/www.gaveanews.com\/#\/schema\/person\/image\/","url":"https:\/\/secure.gravatar.com\/avatar\/1738d75cee7317f9c29ae61dd67620c5883d80a92e42a6fff88ae5d527af217a?s=96&d=mm&r=g","contentUrl":"https:\/\/secure.gravatar.com\/avatar\/1738d75cee7317f9c29ae61dd67620c5883d80a92e42a6fff88ae5d527af217a?s=96&d=mm&r=g","caption":"Brenda Cezillo"}}]}},"_links":{"self":[{"href":"https:\/\/www.gaveanews.com\/index.php\/wp-json\/wp\/v2\/posts\/263018","targetHints":{"allow":["GET"]}}],"collection":[{"href":"https:\/\/www.gaveanews.com\/index.php\/wp-json\/wp\/v2\/posts"}],"about":[{"href":"https:\/\/www.gaveanews.com\/index.php\/wp-json\/wp\/v2\/types\/post"}],"author":[{"embeddable":true,"href":"https:\/\/www.gaveanews.com\/index.php\/wp-json\/wp\/v2\/users\/33"}],"replies":[{"embeddable":true,"href":"https:\/\/www.gaveanews.com\/index.php\/wp-json\/wp\/v2\/comments?post=263018"}],"version-history":[{"count":1,"href":"https:\/\/www.gaveanews.com\/index.php\/wp-json\/wp\/v2\/posts\/263018\/revisions"}],"predecessor-version":[{"id":263141,"href":"https:\/\/www.gaveanews.com\/index.php\/wp-json\/wp\/v2\/posts\/263018\/revisions\/263141"}],"wp:featuredmedia":[{"embeddable":true,"href":"https:\/\/www.gaveanews.com\/index.php\/wp-json\/wp\/v2\/media\/149729"}],"wp:attachment":[{"href":"https:\/\/www.gaveanews.com\/index.php\/wp-json\/wp\/v2\/media?parent=263018"}],"wp:term":[{"taxonomy":"category","embeddable":true,"href":"https:\/\/www.gaveanews.com\/index.php\/wp-json\/wp\/v2\/categories?post=263018"},{"taxonomy":"post_tag","embeddable":true,"href":"https:\/\/www.gaveanews.com\/index.php\/wp-json\/wp\/v2\/tags?post=263018"}],"curies":[{"name":"wp","href":"https:\/\/api.w.org\/{rel}","templated":true}]}}