{"id":263072,"date":"2025-05-12T21:25:00","date_gmt":"2025-05-13T00:25:00","guid":{"rendered":"https:\/\/www.gaveanews.com\/?p=263072"},"modified":"2025-05-12T18:47:11","modified_gmt":"2025-05-12T21:47:11","slug":"bahia-a-declaracao-de-ceni-sobre-tabu-contra-o-flamengo","status":"publish","type":"post","link":"https:\/\/www.gaveanews.com\/index.php\/2025\/05\/12\/bahia-a-declaracao-de-ceni-sobre-tabu-contra-o-flamengo\/","title":{"rendered":"Bahia: a declara\u00e7\u00e3o de Ceni sobre tabu contra o Flamengo"},"content":{"rendered":"\n<p>O Bahia foi superado pelo Flamengo por 1 a 0 no Maracan\u00e3 no s\u00e1bado (10), em partida v\u00e1lida pela oitava rodada do Brasileir\u00e3o. Com o rev\u00e9s, o t\u00e9cnico Rog\u00e9rio Ceni chegou \u00e0 16\u00aa derrota em 16 confrontos contra o clube carioca. O gol decisivo foi marcado por Arrascaeta, ampliando um jejum inc\u00f4modo que o pr\u00f3prio treinador n\u00e3o escondeu em sua an\u00e1lise p\u00f3s-jogo.<\/p>\n\n\n\n<p>Na coletiva, Ceni justificou o uso de uma forma\u00e7\u00e3o alternativa no duelo, priorizando o confronto contra o Atl\u00e9tico Nacional, que ser\u00e1 disputado nesta quarta-feira (14), \u00e0s 19 horas (hor\u00e1rio de Bras\u00edlia), pela Libertadores. O treinador alegou que as escolhas foram condicionadas pelas aus\u00eancias de jogadores lesionados e suspensos, al\u00e9m da necessidade de preservar o elenco em meio \u00e0 maratona de jogos. \u201cAs escolhas t\u00eam rela\u00e7\u00e3o com quarta-feira e com o elenco que foi montado\u201d, explicou.<\/p>\n\n\n\n<p>Ainda sobre o desempenho da equipe, Ceni reconheceu que o Bahia teve dificuldades na sa\u00edda de bola, mas valorizou a organiza\u00e7\u00e3o defensiva, especialmente no primeiro tempo. \u201cSuportamos bem a press\u00e3o, com exce\u00e7\u00e3o do lance do gol. Fomos nos ajustando\u201d, comentou. Apesar da derrota, o treinador sinalizou que as pr\u00f3ximas partidas s\u00e3o igualmente importantes.<\/p>\n\n\n\n<p>Questionado sobre o tabu contra o Flamengo, o t\u00e9cnico admitiu o desconforto com a marca negativa. \u201cIncomoda bastante. \u00c9 extremamente desagrad\u00e1vel. Vamos trabalhar para acabar com essa estat\u00edstica no jogo de volta\u201d, afirmou. Ceni tamb\u00e9m apontou a falta de tempo para treinar como um obst\u00e1culo, criticando o calend\u00e1rio apertado do futebol brasileiro.<\/p>\n\n\n\n<p>O t\u00e9cnico tamb\u00e9m falou sobre quest\u00f5es individuais. Defendeu o jovem Lucho, que vive momento inst\u00e1vel, e justificou a aus\u00eancia de Kau\u00e3 Davi, alegando que outros atletas est\u00e3o mais preparados no momento. \u201c\u00c9 um menino nota dez, mas precisamos fazer avalia\u00e7\u00f5es di\u00e1rias\u201d, declarou. A estrat\u00e9gia agora est\u00e1 voltada para a Libertadores, onde o Bahia lidera o grupo e pode garantir classifica\u00e7\u00e3o antecipada.<\/p>\n","protected":false},"excerpt":{"rendered":"<p>O Bahia foi superado pelo Flamengo por 1 a 0 no Maracan\u00e3 no s\u00e1bado (10), em partida v\u00e1lida pela oitava rodada do Brasileir\u00e3o. Com o rev\u00e9s, o t\u00e9cnico Rog\u00e9rio Ceni chegou \u00e0 16\u00aa derrota em 16 confrontos contra o clube carioca. O gol decisivo foi marcado por Arrascaeta, ampliando um jejum inc\u00f4modo que o pr\u00f3prio [&hellip;]<\/p>\n","protected":false},"author":18,"featured_media":251413,"comment_status":"open","ping_status":"closed","sticky":false,"template":"","format":"standard","meta":{"footnotes":""},"categories":[137],"tags":[],"class_list":["post-263072","post","type-post","status-publish","format-standard","has-post-thumbnail","hentry","category-bahia"],"yoast_head":"<!-- This site is optimized with the Yoast SEO Premium plugin v24.2 (Yoast SEO v26.9) - https:\/\/yoast.com\/product\/yoast-seo-premium-wordpress\/ -->\n<title>Bahia: a declara\u00e7\u00e3o de Ceni sobre tabu contra o Flamengo<\/title>\n<meta name=\"robots\" content=\"index, follow, max-snippet:-1, max-image-preview:large, max-video-preview:-1\" \/>\n<link rel=\"canonical\" href=\"https:\/\/www.gaveanews.com\/index.php\/2025\/05\/12\/bahia-a-declaracao-de-ceni-sobre-tabu-contra-o-flamengo\/\" \/>\n<meta property=\"og:locale\" content=\"pt_BR\" \/>\n<meta property=\"og:type\" content=\"article\" \/>\n<meta property=\"og:title\" content=\"Bahia: a declara\u00e7\u00e3o de Ceni sobre tabu contra o Flamengo\" \/>\n<meta property=\"og:description\" content=\"O Bahia foi superado pelo Flamengo por 1 a 0 no Maracan\u00e3 no s\u00e1bado (10), em partida v\u00e1lida pela oitava rodada do Brasileir\u00e3o. Com o rev\u00e9s, o t\u00e9cnico Rog\u00e9rio Ceni chegou \u00e0 16\u00aa derrota em 16 confrontos contra o clube carioca. O gol decisivo foi marcado por Arrascaeta, ampliando um jejum inc\u00f4modo que o pr\u00f3prio [&hellip;]\" \/>\n<meta property=\"og:url\" content=\"https:\/\/www.gaveanews.com\/index.php\/2025\/05\/12\/bahia-a-declaracao-de-ceni-sobre-tabu-contra-o-flamengo\/\" \/>\n<meta property=\"og:site_name\" content=\"G\u00e1vea News\" \/>\n<meta property=\"article:publisher\" content=\"https:\/\/facebook.com\/gaveaNews\/\" \/>\n<meta property=\"article:published_time\" content=\"2025-05-13T00:25:00+00:00\" \/>\n<meta property=\"og:image\" content=\"https:\/\/www.gaveanews.com\/wp-content\/uploads\/Rogerio-Ceni-treino-Bahia.webp\" \/>\n\t<meta property=\"og:image:width\" content=\"888\" \/>\n\t<meta property=\"og:image:height\" content=\"538\" \/>\n\t<meta property=\"og:image:type\" content=\"image\/jpeg\" \/>\n<meta name=\"author\" content=\"Paula Silva\" \/>\n<meta name=\"twitter:card\" content=\"summary_large_image\" \/>\n<meta name=\"twitter:label1\" content=\"Escrito por\" \/>\n\t<meta name=\"twitter:data1\" content=\"Paula Silva\" \/>\n\t<meta name=\"twitter:label2\" content=\"Est. tempo de leitura\" \/>\n\t<meta name=\"twitter:data2\" content=\"2 minutos\" \/>\n<script type=\"application\/ld+json\" class=\"yoast-schema-graph\">{\"@context\":\"https:\/\/schema.org\",\"@graph\":[{\"@type\":\"NewsArticle\",\"@id\":\"https:\/\/www.gaveanews.com\/index.php\/2025\/05\/12\/bahia-a-declaracao-de-ceni-sobre-tabu-contra-o-flamengo\/#article\",\"isPartOf\":{\"@id\":\"https:\/\/www.gaveanews.com\/index.php\/2025\/05\/12\/bahia-a-declaracao-de-ceni-sobre-tabu-contra-o-flamengo\/\"},\"author\":{\"name\":\"Paula Silva\",\"@id\":\"https:\/\/www.gaveanews.com\/#\/schema\/person\/daf63eec72e1164eb13dc35096c2b8da\"},\"headline\":\"Bahia: a declara\u00e7\u00e3o de Ceni sobre tabu contra o Flamengo\",\"datePublished\":\"2025-05-13T00:25:00+00:00\",\"mainEntityOfPage\":{\"@id\":\"https:\/\/www.gaveanews.com\/index.php\/2025\/05\/12\/bahia-a-declaracao-de-ceni-sobre-tabu-contra-o-flamengo\/\"},\"wordCount\":344,\"commentCount\":0,\"image\":{\"@id\":\"https:\/\/www.gaveanews.com\/index.php\/2025\/05\/12\/bahia-a-declaracao-de-ceni-sobre-tabu-contra-o-flamengo\/#primaryimage\"},\"thumbnailUrl\":\"https:\/\/www.gaveanews.com\/wp-content\/uploads\/Rogerio-Ceni-treino-Bahia.webp\",\"articleSection\":[\"Bahia\"],\"inLanguage\":\"pt-BR\",\"potentialAction\":[{\"@type\":\"CommentAction\",\"name\":\"Comment\",\"target\":[\"https:\/\/www.gaveanews.com\/index.php\/2025\/05\/12\/bahia-a-declaracao-de-ceni-sobre-tabu-contra-o-flamengo\/#respond\"]}],\"copyrightYear\":\"2025\",\"copyrightHolder\":{\"@id\":\"https:\/\/www.gaveanews.com\/#organization\"}},{\"@type\":\"WebPage\",\"@id\":\"https:\/\/www.gaveanews.com\/index.php\/2025\/05\/12\/bahia-a-declaracao-de-ceni-sobre-tabu-contra-o-flamengo\/\",\"url\":\"https:\/\/www.gaveanews.com\/index.php\/2025\/05\/12\/bahia-a-declaracao-de-ceni-sobre-tabu-contra-o-flamengo\/\",\"name\":\"Bahia: a declara\u00e7\u00e3o de Ceni sobre tabu contra o Flamengo\",\"isPartOf\":{\"@id\":\"https:\/\/www.gaveanews.com\/#website\"},\"primaryImageOfPage\":{\"@id\":\"https:\/\/www.gaveanews.com\/index.php\/2025\/05\/12\/bahia-a-declaracao-de-ceni-sobre-tabu-contra-o-flamengo\/#primaryimage\"},\"image\":{\"@id\":\"https:\/\/www.gaveanews.com\/index.php\/2025\/05\/12\/bahia-a-declaracao-de-ceni-sobre-tabu-contra-o-flamengo\/#primaryimage\"},\"thumbnailUrl\":\"https:\/\/www.gaveanews.com\/wp-content\/uploads\/Rogerio-Ceni-treino-Bahia.webp\",\"datePublished\":\"2025-05-13T00:25:00+00:00\",\"author\":{\"@id\":\"https:\/\/www.gaveanews.com\/#\/schema\/person\/daf63eec72e1164eb13dc35096c2b8da\"},\"breadcrumb\":{\"@id\":\"https:\/\/www.gaveanews.com\/index.php\/2025\/05\/12\/bahia-a-declaracao-de-ceni-sobre-tabu-contra-o-flamengo\/#breadcrumb\"},\"inLanguage\":\"pt-BR\",\"potentialAction\":[{\"@type\":\"ReadAction\",\"target\":[\"https:\/\/www.gaveanews.com\/index.php\/2025\/05\/12\/bahia-a-declaracao-de-ceni-sobre-tabu-contra-o-flamengo\/\"]}]},{\"@type\":\"ImageObject\",\"inLanguage\":\"pt-BR\",\"@id\":\"https:\/\/www.gaveanews.com\/index.php\/2025\/05\/12\/bahia-a-declaracao-de-ceni-sobre-tabu-contra-o-flamengo\/#primaryimage\",\"url\":\"https:\/\/www.gaveanews.com\/wp-content\/uploads\/Rogerio-Ceni-treino-Bahia.webp\",\"contentUrl\":\"https:\/\/www.gaveanews.com\/wp-content\/uploads\/Rogerio-Ceni-treino-Bahia.webp\",\"width\":888,\"height\":538,\"caption\":\"Rog\u00e9rio Ceni treino Bahia (Fotos: Let\u00edcia Martins \/ EC Bahia)\"},{\"@type\":\"BreadcrumbList\",\"@id\":\"https:\/\/www.gaveanews.com\/index.php\/2025\/05\/12\/bahia-a-declaracao-de-ceni-sobre-tabu-contra-o-flamengo\/#breadcrumb\",\"itemListElement\":[{\"@type\":\"ListItem\",\"position\":1,\"name\":\"Home\",\"item\":\"https:\/\/www.gaveanews.com\/\"},{\"@type\":\"ListItem\",\"position\":2,\"name\":\"Bahia: a declara\u00e7\u00e3o de Ceni sobre tabu contra o Flamengo\"}]},{\"@type\":\"WebSite\",\"@id\":\"https:\/\/www.gaveanews.com\/#website\",\"url\":\"https:\/\/www.gaveanews.com\/\",\"name\":\"G\u00e1vea News\",\"description\":\"Veja todas as not\u00edcias sobre o Flamengo: Contrata\u00e7\u00f5es, categorias de base, resultados das partidas, tabela de classifica\u00e7\u00e3o, pr\u00f3ximos jogos!\",\"potentialAction\":[{\"@type\":\"SearchAction\",\"target\":{\"@type\":\"EntryPoint\",\"urlTemplate\":\"https:\/\/www.gaveanews.com\/?s={search_term_string}\"},\"query-input\":{\"@type\":\"PropertyValueSpecification\",\"valueRequired\":true,\"valueName\":\"search_term_string\"}}],\"inLanguage\":\"pt-BR\"},{\"@type\":\"Person\",\"@id\":\"https:\/\/www.gaveanews.com\/#\/schema\/person\/daf63eec72e1164eb13dc35096c2b8da\",\"name\":\"Paula Silva\",\"image\":{\"@type\":\"ImageObject\",\"inLanguage\":\"pt-BR\",\"@id\":\"https:\/\/www.gaveanews.com\/#\/schema\/person\/image\/\",\"url\":\"https:\/\/secure.gravatar.com\/avatar\/eda381c845527cc5d64c13b901833cda29d97500ba040d3e6461f76f51d163bb?s=96&d=mm&r=g\",\"contentUrl\":\"https:\/\/secure.gravatar.com\/avatar\/eda381c845527cc5d64c13b901833cda29d97500ba040d3e6461f76f51d163bb?s=96&d=mm&r=g\",\"caption\":\"Paula Silva\"}}]}<\/script>\n<!-- \/ Yoast SEO Premium plugin. -->","yoast_head_json":{"title":"Bahia: a declara\u00e7\u00e3o de Ceni sobre tabu contra o Flamengo","robots":{"index":"index","follow":"follow","max-snippet":"max-snippet:-1","max-image-preview":"max-image-preview:large","max-video-preview":"max-video-preview:-1"},"canonical":"https:\/\/www.gaveanews.com\/index.php\/2025\/05\/12\/bahia-a-declaracao-de-ceni-sobre-tabu-contra-o-flamengo\/","og_locale":"pt_BR","og_type":"article","og_title":"Bahia: a declara\u00e7\u00e3o de Ceni sobre tabu contra o Flamengo","og_description":"O Bahia foi superado pelo Flamengo por 1 a 0 no Maracan\u00e3 no s\u00e1bado (10), em partida v\u00e1lida pela oitava rodada do Brasileir\u00e3o. Com o rev\u00e9s, o t\u00e9cnico Rog\u00e9rio Ceni chegou \u00e0 16\u00aa derrota em 16 confrontos contra o clube carioca. O gol decisivo foi marcado por Arrascaeta, ampliando um jejum inc\u00f4modo que o pr\u00f3prio [&hellip;]","og_url":"https:\/\/www.gaveanews.com\/index.php\/2025\/05\/12\/bahia-a-declaracao-de-ceni-sobre-tabu-contra-o-flamengo\/","og_site_name":"G\u00e1vea News","article_publisher":"https:\/\/facebook.com\/gaveaNews\/","article_published_time":"2025-05-13T00:25:00+00:00","og_image":[{"width":888,"height":538,"url":"https:\/\/www.gaveanews.com\/wp-content\/uploads\/Rogerio-Ceni-treino-Bahia.webp","type":"image\/jpeg"}],"author":"Paula Silva","twitter_card":"summary_large_image","twitter_misc":{"Escrito por":"Paula Silva","Est. tempo de leitura":"2 minutos"},"schema":{"@context":"https:\/\/schema.org","@graph":[{"@type":"NewsArticle","@id":"https:\/\/www.gaveanews.com\/index.php\/2025\/05\/12\/bahia-a-declaracao-de-ceni-sobre-tabu-contra-o-flamengo\/#article","isPartOf":{"@id":"https:\/\/www.gaveanews.com\/index.php\/2025\/05\/12\/bahia-a-declaracao-de-ceni-sobre-tabu-contra-o-flamengo\/"},"author":{"name":"Paula Silva","@id":"https:\/\/www.gaveanews.com\/#\/schema\/person\/daf63eec72e1164eb13dc35096c2b8da"},"headline":"Bahia: a declara\u00e7\u00e3o de Ceni sobre tabu contra o Flamengo","datePublished":"2025-05-13T00:25:00+00:00","mainEntityOfPage":{"@id":"https:\/\/www.gaveanews.com\/index.php\/2025\/05\/12\/bahia-a-declaracao-de-ceni-sobre-tabu-contra-o-flamengo\/"},"wordCount":344,"commentCount":0,"image":{"@id":"https:\/\/www.gaveanews.com\/index.php\/2025\/05\/12\/bahia-a-declaracao-de-ceni-sobre-tabu-contra-o-flamengo\/#primaryimage"},"thumbnailUrl":"https:\/\/www.gaveanews.com\/wp-content\/uploads\/Rogerio-Ceni-treino-Bahia.webp","articleSection":["Bahia"],"inLanguage":"pt-BR","potentialAction":[{"@type":"CommentAction","name":"Comment","target":["https:\/\/www.gaveanews.com\/index.php\/2025\/05\/12\/bahia-a-declaracao-de-ceni-sobre-tabu-contra-o-flamengo\/#respond"]}],"copyrightYear":"2025","copyrightHolder":{"@id":"https:\/\/www.gaveanews.com\/#organization"}},{"@type":"WebPage","@id":"https:\/\/www.gaveanews.com\/index.php\/2025\/05\/12\/bahia-a-declaracao-de-ceni-sobre-tabu-contra-o-flamengo\/","url":"https:\/\/www.gaveanews.com\/index.php\/2025\/05\/12\/bahia-a-declaracao-de-ceni-sobre-tabu-contra-o-flamengo\/","name":"Bahia: a declara\u00e7\u00e3o de Ceni sobre tabu contra o Flamengo","isPartOf":{"@id":"https:\/\/www.gaveanews.com\/#website"},"primaryImageOfPage":{"@id":"https:\/\/www.gaveanews.com\/index.php\/2025\/05\/12\/bahia-a-declaracao-de-ceni-sobre-tabu-contra-o-flamengo\/#primaryimage"},"image":{"@id":"https:\/\/www.gaveanews.com\/index.php\/2025\/05\/12\/bahia-a-declaracao-de-ceni-sobre-tabu-contra-o-flamengo\/#primaryimage"},"thumbnailUrl":"https:\/\/www.gaveanews.com\/wp-content\/uploads\/Rogerio-Ceni-treino-Bahia.webp","datePublished":"2025-05-13T00:25:00+00:00","author":{"@id":"https:\/\/www.gaveanews.com\/#\/schema\/person\/daf63eec72e1164eb13dc35096c2b8da"},"breadcrumb":{"@id":"https:\/\/www.gaveanews.com\/index.php\/2025\/05\/12\/bahia-a-declaracao-de-ceni-sobre-tabu-contra-o-flamengo\/#breadcrumb"},"inLanguage":"pt-BR","potentialAction":[{"@type":"ReadAction","target":["https:\/\/www.gaveanews.com\/index.php\/2025\/05\/12\/bahia-a-declaracao-de-ceni-sobre-tabu-contra-o-flamengo\/"]}]},{"@type":"ImageObject","inLanguage":"pt-BR","@id":"https:\/\/www.gaveanews.com\/index.php\/2025\/05\/12\/bahia-a-declaracao-de-ceni-sobre-tabu-contra-o-flamengo\/#primaryimage","url":"https:\/\/www.gaveanews.com\/wp-content\/uploads\/Rogerio-Ceni-treino-Bahia.webp","contentUrl":"https:\/\/www.gaveanews.com\/wp-content\/uploads\/Rogerio-Ceni-treino-Bahia.webp","width":888,"height":538,"caption":"Rog\u00e9rio Ceni treino Bahia (Fotos: Let\u00edcia Martins \/ EC Bahia)"},{"@type":"BreadcrumbList","@id":"https:\/\/www.gaveanews.com\/index.php\/2025\/05\/12\/bahia-a-declaracao-de-ceni-sobre-tabu-contra-o-flamengo\/#breadcrumb","itemListElement":[{"@type":"ListItem","position":1,"name":"Home","item":"https:\/\/www.gaveanews.com\/"},{"@type":"ListItem","position":2,"name":"Bahia: a declara\u00e7\u00e3o de Ceni sobre tabu contra o Flamengo"}]},{"@type":"WebSite","@id":"https:\/\/www.gaveanews.com\/#website","url":"https:\/\/www.gaveanews.com\/","name":"G\u00e1vea News","description":"Veja todas as not\u00edcias sobre o Flamengo: Contrata\u00e7\u00f5es, categorias de base, resultados das partidas, tabela de classifica\u00e7\u00e3o, pr\u00f3ximos jogos!","potentialAction":[{"@type":"SearchAction","target":{"@type":"EntryPoint","urlTemplate":"https:\/\/www.gaveanews.com\/?s={search_term_string}"},"query-input":{"@type":"PropertyValueSpecification","valueRequired":true,"valueName":"search_term_string"}}],"inLanguage":"pt-BR"},{"@type":"Person","@id":"https:\/\/www.gaveanews.com\/#\/schema\/person\/daf63eec72e1164eb13dc35096c2b8da","name":"Paula Silva","image":{"@type":"ImageObject","inLanguage":"pt-BR","@id":"https:\/\/www.gaveanews.com\/#\/schema\/person\/image\/","url":"https:\/\/secure.gravatar.com\/avatar\/eda381c845527cc5d64c13b901833cda29d97500ba040d3e6461f76f51d163bb?s=96&d=mm&r=g","contentUrl":"https:\/\/secure.gravatar.com\/avatar\/eda381c845527cc5d64c13b901833cda29d97500ba040d3e6461f76f51d163bb?s=96&d=mm&r=g","caption":"Paula Silva"}}]}},"_links":{"self":[{"href":"https:\/\/www.gaveanews.com\/index.php\/wp-json\/wp\/v2\/posts\/263072","targetHints":{"allow":["GET"]}}],"collection":[{"href":"https:\/\/www.gaveanews.com\/index.php\/wp-json\/wp\/v2\/posts"}],"about":[{"href":"https:\/\/www.gaveanews.com\/index.php\/wp-json\/wp\/v2\/types\/post"}],"author":[{"embeddable":true,"href":"https:\/\/www.gaveanews.com\/index.php\/wp-json\/wp\/v2\/users\/18"}],"replies":[{"embeddable":true,"href":"https:\/\/www.gaveanews.com\/index.php\/wp-json\/wp\/v2\/comments?post=263072"}],"version-history":[{"count":1,"href":"https:\/\/www.gaveanews.com\/index.php\/wp-json\/wp\/v2\/posts\/263072\/revisions"}],"predecessor-version":[{"id":263074,"href":"https:\/\/www.gaveanews.com\/index.php\/wp-json\/wp\/v2\/posts\/263072\/revisions\/263074"}],"wp:featuredmedia":[{"embeddable":true,"href":"https:\/\/www.gaveanews.com\/index.php\/wp-json\/wp\/v2\/media\/251413"}],"wp:attachment":[{"href":"https:\/\/www.gaveanews.com\/index.php\/wp-json\/wp\/v2\/media?parent=263072"}],"wp:term":[{"taxonomy":"category","embeddable":true,"href":"https:\/\/www.gaveanews.com\/index.php\/wp-json\/wp\/v2\/categories?post=263072"},{"taxonomy":"post_tag","embeddable":true,"href":"https:\/\/www.gaveanews.com\/index.php\/wp-json\/wp\/v2\/tags?post=263072"}],"curies":[{"name":"wp","href":"https:\/\/api.w.org\/{rel}","templated":true}]}}