{"id":263076,"date":"2025-05-12T21:40:00","date_gmt":"2025-05-13T00:40:00","guid":{"rendered":"https:\/\/www.gaveanews.com\/?p=263076"},"modified":"2025-05-12T18:52:55","modified_gmt":"2025-05-12T21:52:55","slug":"botafogo-x-estudiantes-a-declaracao-de-renato-paiva","status":"publish","type":"post","link":"https:\/\/www.gaveanews.com\/index.php\/2025\/05\/12\/botafogo-x-estudiantes-a-declaracao-de-renato-paiva\/","title":{"rendered":"Botafogo x Estudiantes: a declara\u00e7\u00e3o de Renato Paiva"},"content":{"rendered":"\n<p>Na prepara\u00e7\u00e3o para o confronto contra o Estudiantes, pela Libertadores, o t\u00e9cnico Renato Paiva destacou a import\u00e2ncia de manter o foco interno no Botafogo, minimizando as distra\u00e7\u00f5es externas e ressaltando sua dedica\u00e7\u00e3o total ao trabalho. &#8220;Sem querer tirar import\u00e2ncia do externo, o grande segredo \u00e9 fecharmos no interno. N\u00f3s sabemos quem somos, com quem trabalhamos, os jogadores sabem quem s\u00e3o, eu sei quem sou, n\u00e3o cheguei aqui por acaso&#8221;, afirmou.<\/p>\n\n\n\n<p>A declara\u00e7\u00e3o foi dada enquanto o treinador explicava sua rotina intensa nos dias que antecedem os jogos. Paiva revelou que tem priorizado o estudo dos advers\u00e1rios e a prepara\u00e7\u00e3o das atividades com anteced\u00eancia. &#8220;Mesmo que eu quisesse olhar para o externo, n\u00e3o conseguiria. A minha rotina no dia de jogo, hoje eu fa\u00e7o as palestras de manh\u00e3, almo\u00e7o e vou ver o Estudiantes&#8221;, contou. Segundo ele, o planejamento j\u00e1 envolve treinos focados no rival argentino e at\u00e9 no Flamengo, advers\u00e1rio posterior.<\/p>\n\n\n\n<p>O duelo contra o Estudiantes acontece na quarta-feira (14), \u00e0s 21h30 (hor\u00e1rio de Bras\u00edlia), no Nilton Santos. O t\u00e9cnico destacou que a an\u00e1lise antecipada do advers\u00e1rio foi fundamental para estruturar os treinos de segunda e ter\u00e7a-feira. &#8220;Depois j\u00e1 tenho que saber do Flamengo. N\u00e3o temos tempo nem para dormir, durmo cinco a seis horas por dia&#8221;, completou.<\/p>\n\n\n\n<p>A partida \u00e9 v\u00e1lida pela quinta rodada da fase de grupos da Conmebol Libertadores. Os ingressos est\u00e3o sendo vendidos de forma online e tamb\u00e9m nos pontos f\u00edsicos, localizados no Est\u00e1dio Nilton Santos e em General Severiano, nos dias 12 e 13 de maio. No dia da partida, n\u00e3o haver\u00e1 venda presencial.<\/p>\n\n\n\n<p>Os setores dispon\u00edveis s\u00e3o Leste Inferior, Leste Superior, Norte, Oeste Inferior e Sul (visitante), com pre\u00e7os que variam conforme o plano de s\u00f3cio. A biometria facial ser\u00e1 obrigat\u00f3ria para acesso a grande parte das arquibancadas.<\/p>\n\n\n\n<p>O Botafogo tamb\u00e9m oferece espa\u00e7os premium para os torcedores alvinegros, com op\u00e7\u00f5es como os camarotes Firezone e Star Arena Kids. Al\u00e9m disso, o estacionamento Norte 1 est\u00e1 com venda antecipada liberada via aplicativo.<\/p>\n","protected":false},"excerpt":{"rendered":"<p>Na prepara\u00e7\u00e3o para o confronto contra o Estudiantes, pela Libertadores, o t\u00e9cnico Renato Paiva destacou a import\u00e2ncia de manter o foco interno no Botafogo, minimizando as distra\u00e7\u00f5es externas e ressaltando sua dedica\u00e7\u00e3o total ao trabalho. &#8220;Sem querer tirar import\u00e2ncia do externo, o grande segredo \u00e9 fecharmos no interno. N\u00f3s sabemos quem somos, com quem trabalhamos, [&hellip;]<\/p>\n","protected":false},"author":18,"featured_media":250814,"comment_status":"open","ping_status":"closed","sticky":false,"template":"","format":"standard","meta":{"footnotes":""},"categories":[138],"tags":[],"class_list":["post-263076","post","type-post","status-publish","format-standard","has-post-thumbnail","hentry","category-botafogo"],"yoast_head":"<!-- This site is optimized with the Yoast SEO Premium plugin v24.2 (Yoast SEO v26.9) - https:\/\/yoast.com\/product\/yoast-seo-premium-wordpress\/ -->\n<title>Botafogo x Estudiantes: a declara\u00e7\u00e3o de Renato Paiva<\/title>\n<meta name=\"robots\" content=\"index, follow, max-snippet:-1, max-image-preview:large, max-video-preview:-1\" \/>\n<link rel=\"canonical\" href=\"https:\/\/www.gaveanews.com\/index.php\/2025\/05\/12\/botafogo-x-estudiantes-a-declaracao-de-renato-paiva\/\" \/>\n<meta property=\"og:locale\" content=\"pt_BR\" \/>\n<meta property=\"og:type\" content=\"article\" \/>\n<meta property=\"og:title\" content=\"Botafogo x Estudiantes: a declara\u00e7\u00e3o de Renato Paiva\" \/>\n<meta property=\"og:description\" content=\"Na prepara\u00e7\u00e3o para o confronto contra o Estudiantes, pela Libertadores, o t\u00e9cnico Renato Paiva destacou a import\u00e2ncia de manter o foco interno no Botafogo, minimizando as distra\u00e7\u00f5es externas e ressaltando sua dedica\u00e7\u00e3o total ao trabalho. &#8220;Sem querer tirar import\u00e2ncia do externo, o grande segredo \u00e9 fecharmos no interno. N\u00f3s sabemos quem somos, com quem trabalhamos, [&hellip;]\" \/>\n<meta property=\"og:url\" content=\"https:\/\/www.gaveanews.com\/index.php\/2025\/05\/12\/botafogo-x-estudiantes-a-declaracao-de-renato-paiva\/\" \/>\n<meta property=\"og:site_name\" content=\"G\u00e1vea News\" \/>\n<meta property=\"article:publisher\" content=\"https:\/\/facebook.com\/gaveaNews\/\" \/>\n<meta property=\"article:published_time\" content=\"2025-05-13T00:40:00+00:00\" \/>\n<meta property=\"og:image\" content=\"https:\/\/www.gaveanews.com\/wp-content\/uploads\/Renato-Paiva-pelo-Botafogo-1.webp\" \/>\n\t<meta property=\"og:image:width\" content=\"742\" \/>\n\t<meta property=\"og:image:height\" content=\"519\" \/>\n\t<meta property=\"og:image:type\" content=\"image\/jpeg\" \/>\n<meta name=\"author\" content=\"Paula Silva\" \/>\n<meta name=\"twitter:card\" content=\"summary_large_image\" \/>\n<meta name=\"twitter:label1\" content=\"Escrito por\" \/>\n\t<meta name=\"twitter:data1\" content=\"Paula Silva\" \/>\n\t<meta name=\"twitter:label2\" content=\"Est. tempo de leitura\" \/>\n\t<meta name=\"twitter:data2\" content=\"3 minutos\" \/>\n<script type=\"application\/ld+json\" class=\"yoast-schema-graph\">{\"@context\":\"https:\/\/schema.org\",\"@graph\":[{\"@type\":\"NewsArticle\",\"@id\":\"https:\/\/www.gaveanews.com\/index.php\/2025\/05\/12\/botafogo-x-estudiantes-a-declaracao-de-renato-paiva\/#article\",\"isPartOf\":{\"@id\":\"https:\/\/www.gaveanews.com\/index.php\/2025\/05\/12\/botafogo-x-estudiantes-a-declaracao-de-renato-paiva\/\"},\"author\":{\"name\":\"Paula Silva\",\"@id\":\"https:\/\/www.gaveanews.com\/#\/schema\/person\/daf63eec72e1164eb13dc35096c2b8da\"},\"headline\":\"Botafogo x Estudiantes: a declara\u00e7\u00e3o de Renato Paiva\",\"datePublished\":\"2025-05-13T00:40:00+00:00\",\"mainEntityOfPage\":{\"@id\":\"https:\/\/www.gaveanews.com\/index.php\/2025\/05\/12\/botafogo-x-estudiantes-a-declaracao-de-renato-paiva\/\"},\"wordCount\":369,\"commentCount\":0,\"image\":{\"@id\":\"https:\/\/www.gaveanews.com\/index.php\/2025\/05\/12\/botafogo-x-estudiantes-a-declaracao-de-renato-paiva\/#primaryimage\"},\"thumbnailUrl\":\"https:\/\/www.gaveanews.com\/wp-content\/uploads\/Renato-Paiva-pelo-Botafogo-1.webp\",\"articleSection\":[\"Botafogo\"],\"inLanguage\":\"pt-BR\",\"potentialAction\":[{\"@type\":\"CommentAction\",\"name\":\"Comment\",\"target\":[\"https:\/\/www.gaveanews.com\/index.php\/2025\/05\/12\/botafogo-x-estudiantes-a-declaracao-de-renato-paiva\/#respond\"]}],\"copyrightYear\":\"2025\",\"copyrightHolder\":{\"@id\":\"https:\/\/www.gaveanews.com\/#organization\"}},{\"@type\":\"WebPage\",\"@id\":\"https:\/\/www.gaveanews.com\/index.php\/2025\/05\/12\/botafogo-x-estudiantes-a-declaracao-de-renato-paiva\/\",\"url\":\"https:\/\/www.gaveanews.com\/index.php\/2025\/05\/12\/botafogo-x-estudiantes-a-declaracao-de-renato-paiva\/\",\"name\":\"Botafogo x Estudiantes: a declara\u00e7\u00e3o de Renato Paiva\",\"isPartOf\":{\"@id\":\"https:\/\/www.gaveanews.com\/#website\"},\"primaryImageOfPage\":{\"@id\":\"https:\/\/www.gaveanews.com\/index.php\/2025\/05\/12\/botafogo-x-estudiantes-a-declaracao-de-renato-paiva\/#primaryimage\"},\"image\":{\"@id\":\"https:\/\/www.gaveanews.com\/index.php\/2025\/05\/12\/botafogo-x-estudiantes-a-declaracao-de-renato-paiva\/#primaryimage\"},\"thumbnailUrl\":\"https:\/\/www.gaveanews.com\/wp-content\/uploads\/Renato-Paiva-pelo-Botafogo-1.webp\",\"datePublished\":\"2025-05-13T00:40:00+00:00\",\"author\":{\"@id\":\"https:\/\/www.gaveanews.com\/#\/schema\/person\/daf63eec72e1164eb13dc35096c2b8da\"},\"breadcrumb\":{\"@id\":\"https:\/\/www.gaveanews.com\/index.php\/2025\/05\/12\/botafogo-x-estudiantes-a-declaracao-de-renato-paiva\/#breadcrumb\"},\"inLanguage\":\"pt-BR\",\"potentialAction\":[{\"@type\":\"ReadAction\",\"target\":[\"https:\/\/www.gaveanews.com\/index.php\/2025\/05\/12\/botafogo-x-estudiantes-a-declaracao-de-renato-paiva\/\"]}]},{\"@type\":\"ImageObject\",\"inLanguage\":\"pt-BR\",\"@id\":\"https:\/\/www.gaveanews.com\/index.php\/2025\/05\/12\/botafogo-x-estudiantes-a-declaracao-de-renato-paiva\/#primaryimage\",\"url\":\"https:\/\/www.gaveanews.com\/wp-content\/uploads\/Renato-Paiva-pelo-Botafogo-1.webp\",\"contentUrl\":\"https:\/\/www.gaveanews.com\/wp-content\/uploads\/Renato-Paiva-pelo-Botafogo-1.webp\",\"width\":742,\"height\":519,\"caption\":\"Renato Paiva pelo Botafogo (Foto: V\u00edtor Silva\/Botafogo)\"},{\"@type\":\"BreadcrumbList\",\"@id\":\"https:\/\/www.gaveanews.com\/index.php\/2025\/05\/12\/botafogo-x-estudiantes-a-declaracao-de-renato-paiva\/#breadcrumb\",\"itemListElement\":[{\"@type\":\"ListItem\",\"position\":1,\"name\":\"Home\",\"item\":\"https:\/\/www.gaveanews.com\/\"},{\"@type\":\"ListItem\",\"position\":2,\"name\":\"Botafogo x Estudiantes: a declara\u00e7\u00e3o de Renato Paiva\"}]},{\"@type\":\"WebSite\",\"@id\":\"https:\/\/www.gaveanews.com\/#website\",\"url\":\"https:\/\/www.gaveanews.com\/\",\"name\":\"G\u00e1vea News\",\"description\":\"Veja todas as not\u00edcias sobre o Flamengo: Contrata\u00e7\u00f5es, categorias de base, resultados das partidas, tabela de classifica\u00e7\u00e3o, pr\u00f3ximos jogos!\",\"potentialAction\":[{\"@type\":\"SearchAction\",\"target\":{\"@type\":\"EntryPoint\",\"urlTemplate\":\"https:\/\/www.gaveanews.com\/?s={search_term_string}\"},\"query-input\":{\"@type\":\"PropertyValueSpecification\",\"valueRequired\":true,\"valueName\":\"search_term_string\"}}],\"inLanguage\":\"pt-BR\"},{\"@type\":\"Person\",\"@id\":\"https:\/\/www.gaveanews.com\/#\/schema\/person\/daf63eec72e1164eb13dc35096c2b8da\",\"name\":\"Paula Silva\",\"image\":{\"@type\":\"ImageObject\",\"inLanguage\":\"pt-BR\",\"@id\":\"https:\/\/www.gaveanews.com\/#\/schema\/person\/image\/\",\"url\":\"https:\/\/secure.gravatar.com\/avatar\/eda381c845527cc5d64c13b901833cda29d97500ba040d3e6461f76f51d163bb?s=96&d=mm&r=g\",\"contentUrl\":\"https:\/\/secure.gravatar.com\/avatar\/eda381c845527cc5d64c13b901833cda29d97500ba040d3e6461f76f51d163bb?s=96&d=mm&r=g\",\"caption\":\"Paula Silva\"}}]}<\/script>\n<!-- \/ Yoast SEO Premium plugin. -->","yoast_head_json":{"title":"Botafogo x Estudiantes: a declara\u00e7\u00e3o de Renato Paiva","robots":{"index":"index","follow":"follow","max-snippet":"max-snippet:-1","max-image-preview":"max-image-preview:large","max-video-preview":"max-video-preview:-1"},"canonical":"https:\/\/www.gaveanews.com\/index.php\/2025\/05\/12\/botafogo-x-estudiantes-a-declaracao-de-renato-paiva\/","og_locale":"pt_BR","og_type":"article","og_title":"Botafogo x Estudiantes: a declara\u00e7\u00e3o de Renato Paiva","og_description":"Na prepara\u00e7\u00e3o para o confronto contra o Estudiantes, pela Libertadores, o t\u00e9cnico Renato Paiva destacou a import\u00e2ncia de manter o foco interno no Botafogo, minimizando as distra\u00e7\u00f5es externas e ressaltando sua dedica\u00e7\u00e3o total ao trabalho. &#8220;Sem querer tirar import\u00e2ncia do externo, o grande segredo \u00e9 fecharmos no interno. N\u00f3s sabemos quem somos, com quem trabalhamos, [&hellip;]","og_url":"https:\/\/www.gaveanews.com\/index.php\/2025\/05\/12\/botafogo-x-estudiantes-a-declaracao-de-renato-paiva\/","og_site_name":"G\u00e1vea News","article_publisher":"https:\/\/facebook.com\/gaveaNews\/","article_published_time":"2025-05-13T00:40:00+00:00","og_image":[{"width":742,"height":519,"url":"https:\/\/www.gaveanews.com\/wp-content\/uploads\/Renato-Paiva-pelo-Botafogo-1.webp","type":"image\/jpeg"}],"author":"Paula Silva","twitter_card":"summary_large_image","twitter_misc":{"Escrito por":"Paula Silva","Est. tempo de leitura":"3 minutos"},"schema":{"@context":"https:\/\/schema.org","@graph":[{"@type":"NewsArticle","@id":"https:\/\/www.gaveanews.com\/index.php\/2025\/05\/12\/botafogo-x-estudiantes-a-declaracao-de-renato-paiva\/#article","isPartOf":{"@id":"https:\/\/www.gaveanews.com\/index.php\/2025\/05\/12\/botafogo-x-estudiantes-a-declaracao-de-renato-paiva\/"},"author":{"name":"Paula Silva","@id":"https:\/\/www.gaveanews.com\/#\/schema\/person\/daf63eec72e1164eb13dc35096c2b8da"},"headline":"Botafogo x Estudiantes: a declara\u00e7\u00e3o de Renato Paiva","datePublished":"2025-05-13T00:40:00+00:00","mainEntityOfPage":{"@id":"https:\/\/www.gaveanews.com\/index.php\/2025\/05\/12\/botafogo-x-estudiantes-a-declaracao-de-renato-paiva\/"},"wordCount":369,"commentCount":0,"image":{"@id":"https:\/\/www.gaveanews.com\/index.php\/2025\/05\/12\/botafogo-x-estudiantes-a-declaracao-de-renato-paiva\/#primaryimage"},"thumbnailUrl":"https:\/\/www.gaveanews.com\/wp-content\/uploads\/Renato-Paiva-pelo-Botafogo-1.webp","articleSection":["Botafogo"],"inLanguage":"pt-BR","potentialAction":[{"@type":"CommentAction","name":"Comment","target":["https:\/\/www.gaveanews.com\/index.php\/2025\/05\/12\/botafogo-x-estudiantes-a-declaracao-de-renato-paiva\/#respond"]}],"copyrightYear":"2025","copyrightHolder":{"@id":"https:\/\/www.gaveanews.com\/#organization"}},{"@type":"WebPage","@id":"https:\/\/www.gaveanews.com\/index.php\/2025\/05\/12\/botafogo-x-estudiantes-a-declaracao-de-renato-paiva\/","url":"https:\/\/www.gaveanews.com\/index.php\/2025\/05\/12\/botafogo-x-estudiantes-a-declaracao-de-renato-paiva\/","name":"Botafogo x Estudiantes: a declara\u00e7\u00e3o de Renato Paiva","isPartOf":{"@id":"https:\/\/www.gaveanews.com\/#website"},"primaryImageOfPage":{"@id":"https:\/\/www.gaveanews.com\/index.php\/2025\/05\/12\/botafogo-x-estudiantes-a-declaracao-de-renato-paiva\/#primaryimage"},"image":{"@id":"https:\/\/www.gaveanews.com\/index.php\/2025\/05\/12\/botafogo-x-estudiantes-a-declaracao-de-renato-paiva\/#primaryimage"},"thumbnailUrl":"https:\/\/www.gaveanews.com\/wp-content\/uploads\/Renato-Paiva-pelo-Botafogo-1.webp","datePublished":"2025-05-13T00:40:00+00:00","author":{"@id":"https:\/\/www.gaveanews.com\/#\/schema\/person\/daf63eec72e1164eb13dc35096c2b8da"},"breadcrumb":{"@id":"https:\/\/www.gaveanews.com\/index.php\/2025\/05\/12\/botafogo-x-estudiantes-a-declaracao-de-renato-paiva\/#breadcrumb"},"inLanguage":"pt-BR","potentialAction":[{"@type":"ReadAction","target":["https:\/\/www.gaveanews.com\/index.php\/2025\/05\/12\/botafogo-x-estudiantes-a-declaracao-de-renato-paiva\/"]}]},{"@type":"ImageObject","inLanguage":"pt-BR","@id":"https:\/\/www.gaveanews.com\/index.php\/2025\/05\/12\/botafogo-x-estudiantes-a-declaracao-de-renato-paiva\/#primaryimage","url":"https:\/\/www.gaveanews.com\/wp-content\/uploads\/Renato-Paiva-pelo-Botafogo-1.webp","contentUrl":"https:\/\/www.gaveanews.com\/wp-content\/uploads\/Renato-Paiva-pelo-Botafogo-1.webp","width":742,"height":519,"caption":"Renato Paiva pelo Botafogo (Foto: V\u00edtor Silva\/Botafogo)"},{"@type":"BreadcrumbList","@id":"https:\/\/www.gaveanews.com\/index.php\/2025\/05\/12\/botafogo-x-estudiantes-a-declaracao-de-renato-paiva\/#breadcrumb","itemListElement":[{"@type":"ListItem","position":1,"name":"Home","item":"https:\/\/www.gaveanews.com\/"},{"@type":"ListItem","position":2,"name":"Botafogo x Estudiantes: a declara\u00e7\u00e3o de Renato Paiva"}]},{"@type":"WebSite","@id":"https:\/\/www.gaveanews.com\/#website","url":"https:\/\/www.gaveanews.com\/","name":"G\u00e1vea News","description":"Veja todas as not\u00edcias sobre o Flamengo: Contrata\u00e7\u00f5es, categorias de base, resultados das partidas, tabela de classifica\u00e7\u00e3o, pr\u00f3ximos jogos!","potentialAction":[{"@type":"SearchAction","target":{"@type":"EntryPoint","urlTemplate":"https:\/\/www.gaveanews.com\/?s={search_term_string}"},"query-input":{"@type":"PropertyValueSpecification","valueRequired":true,"valueName":"search_term_string"}}],"inLanguage":"pt-BR"},{"@type":"Person","@id":"https:\/\/www.gaveanews.com\/#\/schema\/person\/daf63eec72e1164eb13dc35096c2b8da","name":"Paula Silva","image":{"@type":"ImageObject","inLanguage":"pt-BR","@id":"https:\/\/www.gaveanews.com\/#\/schema\/person\/image\/","url":"https:\/\/secure.gravatar.com\/avatar\/eda381c845527cc5d64c13b901833cda29d97500ba040d3e6461f76f51d163bb?s=96&d=mm&r=g","contentUrl":"https:\/\/secure.gravatar.com\/avatar\/eda381c845527cc5d64c13b901833cda29d97500ba040d3e6461f76f51d163bb?s=96&d=mm&r=g","caption":"Paula Silva"}}]}},"_links":{"self":[{"href":"https:\/\/www.gaveanews.com\/index.php\/wp-json\/wp\/v2\/posts\/263076","targetHints":{"allow":["GET"]}}],"collection":[{"href":"https:\/\/www.gaveanews.com\/index.php\/wp-json\/wp\/v2\/posts"}],"about":[{"href":"https:\/\/www.gaveanews.com\/index.php\/wp-json\/wp\/v2\/types\/post"}],"author":[{"embeddable":true,"href":"https:\/\/www.gaveanews.com\/index.php\/wp-json\/wp\/v2\/users\/18"}],"replies":[{"embeddable":true,"href":"https:\/\/www.gaveanews.com\/index.php\/wp-json\/wp\/v2\/comments?post=263076"}],"version-history":[{"count":1,"href":"https:\/\/www.gaveanews.com\/index.php\/wp-json\/wp\/v2\/posts\/263076\/revisions"}],"predecessor-version":[{"id":263080,"href":"https:\/\/www.gaveanews.com\/index.php\/wp-json\/wp\/v2\/posts\/263076\/revisions\/263080"}],"wp:featuredmedia":[{"embeddable":true,"href":"https:\/\/www.gaveanews.com\/index.php\/wp-json\/wp\/v2\/media\/250814"}],"wp:attachment":[{"href":"https:\/\/www.gaveanews.com\/index.php\/wp-json\/wp\/v2\/media?parent=263076"}],"wp:term":[{"taxonomy":"category","embeddable":true,"href":"https:\/\/www.gaveanews.com\/index.php\/wp-json\/wp\/v2\/categories?post=263076"},{"taxonomy":"post_tag","embeddable":true,"href":"https:\/\/www.gaveanews.com\/index.php\/wp-json\/wp\/v2\/tags?post=263076"}],"curies":[{"name":"wp","href":"https:\/\/api.w.org\/{rel}","templated":true}]}}